{"id":23567,"date":"2017-09-20T10:14:49","date_gmt":"2017-09-20T15:14:49","guid":{"rendered":"http:\/\/www.oscarhumbertogomez.com\/?p=23567"},"modified":"2025-03-20T20:51:41","modified_gmt":"2025-03-21T01:51:41","slug":"el-sanedrin-de-caifas-por-oscar-humberto-gomez-gomez-miembro-del-colegio-nacional-de-periodistas","status":"publish","type":"post","link":"https:\/\/oscarhumbertogomez.com\/?p=23567","title":{"rendered":"EL SANEDR\u00cdN DE CAIF\u00c1S. Por \u00d3scar Humberto G\u00f3mez G\u00f3mez, Miembro del Colegio Nacional de Periodistas"},"content":{"rendered":"<div id=\"attachment_22947\" style=\"width: 650px\" class=\"wp-caption aligncenter\"><img loading=\"lazy\" decoding=\"async\" aria-describedby=\"caption-attachment-22947\" class=\"size-large wp-image-22947\" src=\"https:\/\/oscarhumbertogomez.com\/wp-content\/uploads\/2017\/07\/20170401-170514-678x1024.jpg\" alt=\"\" width=\"640\" height=\"967\" srcset=\"https:\/\/oscarhumbertogomez.com\/wp-content\/uploads\/2017\/07\/20170401-170514-678x1024.jpg 678w, https:\/\/oscarhumbertogomez.com\/wp-content\/uploads\/2017\/07\/20170401-170514-199x300.jpg 199w, https:\/\/oscarhumbertogomez.com\/wp-content\/uploads\/2017\/07\/20170401-170514-768x1160.jpg 768w\" sizes=\"auto, (max-width: 640px) 100vw, 640px\" \/><p id=\"caption-attachment-22947\" class=\"wp-caption-text\">\u00d3SCAR HUMBERTO G\u00d3MEZ G\u00d3MEZ [Fotograf\u00eda: Fernando Rueda Villamizar]<\/p><\/div>\n<p>&nbsp;<\/p>\n<p>Tem\u00edstocles Ortega, el magistrado de la Sala Disciplinaria del Consejo Superior de la Judicatura que salt\u00f3 a la pol\u00edtica y lleg\u00f3 a ser elegido Gobernador del Cauca era antes, cuando todav\u00eda los fiscales colombianos pod\u00edan directamente -esto es, sin la intervenci\u00f3n de un juez- mandar personas a la c\u00e1rcel, un fiscal contra cuyas decisiones arbitrarias hab\u00eda abogados que osaban rebelarse haciendo gala de eso que antes -cuando tal cosa exist\u00eda- llamaban valor civil, y en ejercicio de eso que antes -cuando tal cosa exist\u00eda-, es decir, en los tiempos de Jorge Eli\u00e9cer Gait\u00e1n, de Jos\u00e9 Camacho Carre\u00f1o, de Manuel Serrano Blanco, de Jos\u00e9 Mar\u00eda Rojas Garrido, de Antonio Jos\u00e9 Restrepo, de Carlos Lozano y Lozano, de Guillermo Valencia (que no era abogado), o de Laureano G\u00f3mez (que tampoco lo era) se llamaba elocuencia.<\/p>\n<p>Uno de aquellos valerosos abogados -de quien solo recuerdo que se apellidaba P\u00e1jaro- demostr\u00f3, ante el superior jer\u00e1rquico de Tem\u00edstocles, lo abiertamente ilegal de una decisi\u00f3n tomada por \u00e9l contra los intereses de un hombre inocente.<\/p>\n<p>Y era que Tem\u00edstocles, quien debi\u00f3 declararse impedido para conocer de aquel caso, porque ya antes hab\u00eda emitido opiniones en contra del procesado, por lo cual su criterio ya no era imparcial, no lo hizo. Entonces, el colega lo recus\u00f3 y, aunque Tem\u00edstocles no acept\u00f3 tampoco la recusaci\u00f3n, su superior jer\u00e1rquico s\u00ed la encontr\u00f3 plenamente procedente y, en efecto, la declar\u00f3 fundada y lo separ\u00f3 del caso, como se dice popularmente &#8220;a la brava&#8221;. La investigaci\u00f3n penal contra el procesado al que defend\u00eda el doctor P\u00e1jaro -ya en manos de otro fiscal distinto de Tem\u00edstocles- termin\u00f3 con preclusi\u00f3n de la investigaci\u00f3n a su favor, vale decir, que le fue reconocida su inocencia.<\/p>\n<p>Empero,  Tesm\u00edstocles ya hab\u00eda dispuesto, desde antes de aquel contundente triunfo judicial del colega, la consabida compulsa de copias para que se le investigara disciplinariamente. Como era obvio que sucediera, la Sala Disciplinaria del Consejo Superior de la Judicatura -de la que ya para entonces formaba parte Tem\u00edstocles- sancion\u00f3 al abogado, mientras que, en cambio, no hubo una sola palabra de reproche contra el arbitrario fiscal, y ahora compa\u00f1ero suyo de Sala, quien, obligado a separarse de un caso, en actitud desafiante se neg\u00f3 a hacerlo. Y es que aqu\u00ed rige aquello que hace muchos a\u00f1os cantaban las Hermanas Padilla de que &#8220;<em>Jalisco nunca pierde y cuando pierde arrebata<\/em>&#8220;. (Hagamos una refrescante pausa musical y recordemos esa vieja canci\u00f3n, aprendida por m\u00ed del extenso repertorio que cantaba en nuestra casa mi mam\u00e1).<\/p>\n<p>&nbsp;<\/p>\n<p><iframe loading=\"lazy\" width=\"560\" height=\"315\" src=\"https:\/\/www.youtube-nocookie.com\/embed\/qBgx6b3FNGI?controls=0\" frameborder=\"0\" allow=\"accelerometer; autoplay; encrypted-media; gyroscope; picture-in-picture\" allowfullscreen=\"\"><\/iframe><\/p>\n<p>&nbsp;<\/p>\n<p>Continuemos:<\/p>\n<p>El abogado sancionado por los camaradas de Tem\u00edstocles acudi\u00f3, entonces, a la acci\u00f3n de tutela.<\/p>\n<p>La tutela, como tambi\u00e9n era obvio que sucediera, le fue denegada en primera y en segunda instancia, con el consabido argumento de que contra providencias judiciales la tutela no era procedente. En realidad, la cosa ten\u00eda m\u00e1s fondo: de acuerdo con una absurda norma dictada en el a\u00f1o 2000, y que a pesar de haber sido declarada inconstitucional sigui\u00f3 -y sigue- rigiendo en Colombia, las tutelas contra la Sala Disciplinaria del Consejo Superior de la Judicatura las conoce, tramita y decide <strong>la misma Sala Disciplinaria del Consejo Superior de la Judicatura<\/strong>.<\/p>\n<p>&nbsp;<\/p>\n<p><img loading=\"lazy\" decoding=\"async\" class=\"aligncenter size-large wp-image-23716\" src=\"https:\/\/lapiedrafilosofal.com\/wp-content\/uploads\/2017\/09\/juez-y-parte-1024x536.jpg\" alt=\"\" width=\"640\" height=\"335\" srcset=\"https:\/\/oscarhumbertogomez.com\/wp-content\/uploads\/2017\/09\/juez-y-parte.jpg 1024w, https:\/\/oscarhumbertogomez.com\/wp-content\/uploads\/2017\/09\/juez-y-parte-300x157.jpg 300w, https:\/\/oscarhumbertogomez.com\/wp-content\/uploads\/2017\/09\/juez-y-parte-768x402.jpg 768w\" sizes=\"auto, (max-width: 640px) 100vw, 640px\" \/><\/p>\n<p>&nbsp;<\/p>\n<p>Sucedi\u00f3, sin embargo, que la Corte Constitucional &#8211; como cosa rara &#8211; la seleccion\u00f3 para revisi\u00f3n. Ello, como era obvio, le hizo suponer al valeroso colega, a su familia y a sus amigos, que la inicua sanci\u00f3n impuesta por los camaradas de Tem\u00edstocles contra quien hab\u00eda osado decirle un par de verdades ser\u00eda estudiada a fondo y, seguramente, dejada sin efecto.<\/p>\n<p>M\u00e1s esperanza debi\u00f3 haberles producido el saber que dentro de la Corte Constitucional le hab\u00eda correspondido redactar la ponencia nada m\u00e1s ni nada menos que al expresidente de esa corporaci\u00f3n Nilson Pinilla Pinilla. S\u00ed: al santandereano (de Barrancabermeja) que hab\u00eda salido a los medios de comunicaci\u00f3n a denunciar p\u00fablicamente que la susodicha Sala Disciplinaria del Consejo Superior de la Judicatura (o sea, la de Tem\u00edstocles Ortega y su combo; es decir, la que hab\u00eda sancionado al valiente jurista) era un &#8220;organismo descompuesto&#8221; donde se estaban produciendo decisiones &#8220;muy preocupantes&#8221;.<\/p>\n<p>Pero m\u00e1s esperanzador debi\u00f3 ser para aquel digno abogado, que lo \u00fanico que hab\u00eda hecho era ejercer la libertad de expresi\u00f3n dentro de un pa\u00eds democr\u00e1tico, el saber que, antes de estudiar su caso, esa misma Corte Constitucional que ahora decidir\u00eda sobre su tutela, al resolver la que otro abogado -del que apenas recuerdo que se apellidaba De la Ossa- interpuso contra la susodicha Sala Disciplinaria del Consejo Superior de la Judicatura, hab\u00eda dejado en claro c\u00f3mo, al igual que en el sanedr\u00edn jud\u00edo presidido por el hip\u00f3crita y teatral Caif\u00e1s, en el omnipotente sanedr\u00edn de la Sala Disciplinaria colombiana se rasgaban las vestiduras y se escandalizaban sus miembros por conductas de abogados que, simplemente, no hicieron jam\u00e1s otra cosa que ce\u00f1irse a lo que dispon\u00edan las normas que el mism\u00edsimo Ministerio de Justicia dict\u00f3, como lo era la Resoluci\u00f3n No. 20 del 20 de enero de 1992 por medio de la cual se aprobaron las tarifas profesionales para el Colegio Nacional de Abogados.<\/p>\n<p>&nbsp;<\/p>\n<p><img loading=\"lazy\" decoding=\"async\" class=\"aligncenter size-full wp-image-23775\" src=\"https:\/\/lapiedrafilosofal.com\/wp-content\/uploads\/2017\/09\/caifas.jpg\" alt=\"\" width=\"600\" height=\"282\" srcset=\"https:\/\/oscarhumbertogomez.com\/wp-content\/uploads\/2017\/09\/caifas.jpg 600w, https:\/\/oscarhumbertogomez.com\/wp-content\/uploads\/2017\/09\/caifas-300x141.jpg 300w\" sizes=\"auto, (max-width: 600px) 100vw, 600px\" \/><\/p>\n<p>&nbsp;<\/p>\n<p>En efecto, el sanedr\u00edn de Tem\u00edstocles Ortega, de Ovidio Claros Claros (por estos d\u00edas candidato a la C\u00e1mara de Representantes por el partido Cambio Radical, luego de haberse visto involucrado en el vergonzoso esc\u00e1ndalo del &#8220;carrusel de las pensiones&#8221;), de Henry Villarraga Oliveros (quien tuvo que renunciar, envuelto en un esc\u00e1ndalo nacional por corrupci\u00f3n y cuya &#8220;chiamata del correo&#8221; o delaci\u00f3n del c\u00f3mplice, hecha en elocuente y oportuno salvamento de voto, casualmente en un caso m\u00edo, me desnud\u00f3 la gran verdad de que en la Sala Disciplinaria del Consejo Superior de la Judicatura de Colombia eso de ponerse a estudiar a fondo las quejas de los abogados contra los jueces y magistrados no era cosa en la que se pusieran a perder el tiempo) y, en fin, de los togados a quienes la revista <em>Semana<\/em> denunci\u00f3, a escala nacional y con car\u00e1tula incluida, como incursos en el tristemente c\u00e9lebre &#8220;carrusel&#8221; con el que ven\u00edan tumbando al Estado a punta de &#8220;palomitas&#8221;,&nbsp;hab\u00eda sancionado al abogado De la Ossa por haberle cobrado a una alcald\u00eda municipal, concretamente a la de Tol\u00fa, a t\u00edtulo de honorarios profesionales, el porcentaje que, sobre los eventuales resultados favorables del pleito (una reclamaci\u00f3n por regal\u00edas), hab\u00edan pactado previamente alcald\u00eda y abogado, en contrato que ten\u00eda r\u00fabricas y sellos notariales, <strong>porcentaje aquel que estaba dentro del rango legalmente permitido, esto es, dentro del rango permitido por la Resoluci\u00f3n No. 20 del 20 de enero de 1992<\/strong>. Pero adem\u00e1s -dijo la todopoderosa Sala Disciplinaria- lo sancionaba por haberse negado el colega a acceder a las exigencias del alcalde contratante seg\u00fan las cuales el letrado <strong>ten\u00eda que haberle rebajado los honorarios por obligaci\u00f3n, ya que dentro del proceso se hab\u00eda llegado a un acuerdo conciliatorio<\/strong>.<\/p>\n<p>En s\u00edntesis, la Sala Disciplinaria hab\u00eda sancionado al colega De la Ossa por dizque haber cobrado por su trabajo profesional unos honorarios &#8220;desproporcionados&#8221;.<\/p>\n<p>La Corte Constitucional hab\u00eda dejado <strong>sin efecto<\/strong> aquella &#8220;ejemplarizante&#8221; sanci\u00f3n con dos argumentos contundentes: en primer lugar, el de que, antes por el contrario, <strong>el abogado pudo haber cobrado mucho m\u00e1s, pues el rango establecido en la resoluci\u00f3n se lo permit\u00eda<\/strong>; y, en segundo lugar, <strong>en ninguna parte de dicha resoluci\u00f3n dec\u00eda que el abogado estuviera obligado a rebajar los honorarios por el hecho de que se llegara a un acuerdo conciliatorio<\/strong>.<\/p>\n<p>Ese, como digo, era el antecedente que demostraba que la arbitrariedad rondaba dentro del Palacio de Justicia de Bogot\u00e1, por los pasillos de la Sala Disciplinaria del Consejo Superior de la Judicatura.<\/p>\n<p>Sin embargo, en la nueva oportunidad, es decir, en la oportunidad del jurista sancionado por decirle a Tem\u00edstocles lo que Tem\u00edstocles hab\u00eda hecho, la Corte Constitucional ya no se puso de parte del abogado litigante; por el contrario, el magistrado Pinilla y su cohorte se fueron de parte de Tem\u00edstocles. Dijeron que si bien era evidente que el fiscal Ortega hab\u00eda torcido el recto entendimiento de la ley al proferir la decisi\u00f3n que el abogado le cuestion\u00f3, este ha debido, simplemente, <strong>limitarse a impugnar la providencia absteni\u00e9ndose de criticar la conducta del fiscal<\/strong>.<\/p>\n<p>Es decir, dijo la Corte que el abogado hab\u00eda criticado la criticable conducta del fiscal y eso -criticar lo criticable- le estaba permitido en Colombia a todo el mundo, <strong>menos a los abogados.<\/strong><\/p>\n<p>&nbsp;<\/p>\n<p><img loading=\"lazy\" decoding=\"async\" class=\"aligncenter size-large wp-image-12084\" src=\"https:\/\/lapiedrafilosofal.com\/wp-content\/uploads\/2014\/05\/CARICATURA-CENSURA-257x1024.jpg\" alt=\"\" width=\"257\" height=\"1024\" srcset=\"https:\/\/oscarhumbertogomez.com\/wp-content\/uploads\/2014\/05\/CARICATURA-CENSURA-257x1024.jpg 257w, https:\/\/oscarhumbertogomez.com\/wp-content\/uploads\/2014\/05\/CARICATURA-CENSURA-75x300.jpg 75w, https:\/\/oscarhumbertogomez.com\/wp-content\/uploads\/2014\/05\/CARICATURA-CENSURA.jpg 1463w\" sizes=\"auto, (max-width: 257px) 100vw, 257px\" \/><\/p>\n<p>&nbsp;<\/p>\n<p>En otras palabras, seg\u00fan el locuaz magistrado Pinilla, y seg\u00fan la Corte Constitucional -que le dio pleno respaldo a su ponencia a favor de Tem\u00edstocles-, <strong>en este pa\u00eds los \u00fanicos que, ante los errores garrafales, los abusos y las tropel\u00edas de los jueces, los magistrados, los fiscales y dem\u00e1s servidores p\u00fablicos, carecen de libertad de expresi\u00f3n son los abogados<\/strong>. O sea, que si un abogado hubiese sido el de la publicitada frase del magistrado Pinilla seg\u00fan la cual la Sala Disciplinaria del Consejo Superior de la Judicatura era &#8220;un organismo descompuesto&#8221; donde se estaban profiriendo &#8220;decisiones preocupantes&#8221;, le deber\u00eda haber ca\u00eddo todo el peso del garrote disciplinario del Estado por &#8220;irrespetuoso&#8221;.<\/p>\n<p>&nbsp;<\/p>\n<p><img loading=\"lazy\" decoding=\"async\" class=\"aligncenter size-full wp-image-23767\" src=\"https:\/\/lapiedrafilosofal.com\/wp-content\/uploads\/2017\/09\/mafaldamordaza.jpg\" alt=\"\" width=\"455\" height=\"504\" srcset=\"https:\/\/oscarhumbertogomez.com\/wp-content\/uploads\/2017\/09\/mafaldamordaza.jpg 455w, https:\/\/oscarhumbertogomez.com\/wp-content\/uploads\/2017\/09\/mafaldamordaza-271x300.jpg 271w\" sizes=\"auto, (max-width: 455px) 100vw, 455px\" \/><\/p>\n<p>&nbsp;<\/p>\n<p>Ni el m\u00e1s m\u00ednimo reproche hubo por parte de la Corte Constitucional -como no lo hab\u00eda habido por parte del Consejo Superior de la Judicatura- a la reprobable actitud del fiscal Tem\u00edstocles. Actitud que, dicho sea de paso, es la misma de muchos funcionarios judiciales, que se niegan a declararse impedidos, ni tampoco aceptan las recusaciones, y luego se desquitan de quien os\u00f3 recusarlos, convirtiendo los procesos, no en el canal de expresi\u00f3n de la justicia, sino en el instrumento id\u00f3neo para cobrarse antipat\u00edas personales.<\/p>\n<p>Pues bien: a juzgar por lo que se est\u00e1 divulgando en estos d\u00edas, ni aquel abogado sancionado a instancias de \u00e9l es el \u00fanico que ha cuestionado la conducta oficial de Tem\u00edstocles, ni aquella reprobable actuaci\u00f3n suya como fiscal, la misma que le tumb\u00f3 estruendosamente su superior jer\u00e1rquico por ser abiertamente violatoria de la ley, es el \u00fanico proceder censurable en que ha ocurrido este incansable servidor de la Patria.<\/p>\n<p>Y es que hoy, a\u00f1os despu\u00e9s de aquel impune abuso de autoridad, de aquella encerrona consumada por los m\u00e1s poderosos contra el m\u00e1s fr\u00e1gil, de aquel &#8220;operativo envolvente&#8221; contra un abogado solitario, de aquella imp\u00fadica censura a la libertad de expresi\u00f3n contra alguien que, simplemente, ejerci\u00f3 su derecho a la elocuencia, a escribir con agudeza, a llamar pan al pan y vino al vino, vuelve otra vez a sonar el nombre de Tem\u00edstocles.<\/p>\n<p>Y no precisamente porque por estos d\u00edas se est\u00e9 distinguiendo como merecedor de la Cruz de Boyac\u00e1.<\/p>\n<p>(Aunque, la verdad sea dicha, debemos irnos preparando para el d\u00eda en que se la otorguen, pues en este pa\u00eds de&#8230; (\u00bfc\u00f3mo fue que lo llam\u00f3 C\u00e9sar Augusto Londo\u00f1o?) ya nada debe extra\u00f1arnos.<\/p>\n<p>Por ahora, den clic izquierdo encima del enlace.<\/p>\n<p><a href=\"http:\/\/www.semana.com\/opinion\/articulo\/maria-jimena-duzan-bustos-el-apoderado\/539458\">http:\/\/www.semana.com\/opinion\/articulo\/maria-jimena-duzan-bustos-el-apoderado\/539458<\/a><\/p>\n<p>&nbsp;<\/p>\n","protected":false},"excerpt":{"rendered":"<p>&nbsp; Tem\u00edstocles Ortega, el magistrado de la Sala Disciplinaria del Consejo Superior de la Judicatura que salt\u00f3 a la pol\u00edtica y lleg\u00f3 a ser elegido Gobernador del Cauca era antes, cuando todav\u00eda los fiscales colombianos pod\u00edan directamente -esto es, sin &hellip; <a href=\"https:\/\/oscarhumbertogomez.com\/?p=23567\">Sigue leyendo <span class=\"meta-nav\">&rarr;<\/span><\/a><\/p>\n<div class='heateorSssClear'><\/div><div  class='heateor_sss_sharing_container heateor_sss_horizontal_sharing' heateor-sss-data-href='https:\/\/oscarhumbertogomez.com\/?p=23567'><div class='heateor_sss_sharing_title' style=\"font-weight:bold\" >\u00a1Gracias por compartirla!<\/div><ul class=\"heateor_sss_sharing_ul\"><li class=\"heateorSssSharingRound\"><i style=\"width:35px;height:35px;border-radius:999px;\" alt=\"Facebook\" Title=\"Facebook\" class=\"heateorSssSharing heateorSssFacebookBackground\" onclick='heateorSssPopup(\"https:\/\/www.facebook.com\/sharer\/sharer.php?u=https%3A%2F%2Foscarhumbertogomez.com%2Findex.php%3Frest_route%3D%252Fwp%252Fv2%252Fposts%252F23567\")'><ss style=\"display:block;border-radius:999px;\" class=\"heateorSssSharingSvg heateorSssFacebookSvg\"><\/ss><\/i><\/li><li class=\"heateorSssSharingRound\"><i style=\"width:35px;height:35px;border-radius:999px;\" alt=\"Twitter\" Title=\"Twitter\" class=\"heateorSssSharing heateorSssTwitterBackground\" onclick='heateorSssPopup(\"http:\/\/twitter.com\/intent\/tweet?text=EL%20SANEDR%C3%8DN%20DE%20CAIF%C3%81S.%20Por%20%C3%93scar%20Humberto%20G%C3%B3mez%20G%C3%B3mez%2C%20Miembro%20del%20Colegio%20Nacional%20de%20Periodistas&url=https%3A%2F%2Foscarhumbertogomez.com%2Findex.php%3Frest_route%3D%252Fwp%252Fv2%252Fposts%252F23567\")'><ss style=\"display:block;border-radius:999px;\" class=\"heateorSssSharingSvg heateorSssTwitterSvg\"><\/ss><\/i><\/li><li class=\"heateorSssSharingRound\"><i style=\"width:35px;height:35px;border-radius:999px;\" alt=\"Whatsapp\" Title=\"Whatsapp\" class=\"heateorSssSharing heateorSssWhatsappBackground\" onclick='heateorSssPopup(\"https:\/\/web.whatsapp.com\/send?text=EL%20SANEDR%C3%8DN%20DE%20CAIF%C3%81S.%20Por%20%C3%93scar%20Humberto%20G%C3%B3mez%20G%C3%B3mez%2C%20Miembro%20del%20Colegio%20Nacional%20de%20Periodistas https%3A%2F%2Foscarhumbertogomez.com%2Findex.php%3Frest_route%3D%252Fwp%252Fv2%252Fposts%252F23567\")'><ss style=\"display:block\" class=\"heateorSssSharingSvg heateorSssWhatsappSvg\"><\/ss><\/i><\/li><li class=\"heateorSssSharingRound\"><i style=\"width:35px;height:35px;border-radius:999px;\" alt=\"Pinterest\" Title=\"Pinterest\" class=\"heateorSssSharing heateorSssPinterestBackground\" onclick=\"javascript:void( (function() {var e=document.createElement('script' );e.setAttribute('type','text\/javascript' );e.setAttribute('charset','UTF-8' );e.setAttribute('src','\/\/assets.pinterest.com\/js\/pinmarklet.js?r='+Math.random()*99999999);document.body.appendChild(e)})());\"><ss style=\"display:block;border-radius:999px;\" class=\"heateorSssSharingSvg heateorSssPinterestSvg\"><\/ss><\/i><\/li><li class=\"heateorSssSharingRound\"><i style=\"width:35px;height:35px;border-radius:999px;\" alt=\"Google Gmail\" Title=\"Google Gmail\" class=\"heateorSssSharing heateorSssGoogleGmailBackground\" onclick='heateorSssPopup(\"https:\/\/mail.google.com\/mail\/?ui=2&view=cm&fs=1&tf=1&su=EL%20SANEDR%C3%8DN%20DE%20CAIF%C3%81S.%20Por%20%C3%93scar%20Humberto%20G%C3%B3mez%20G%C3%B3mez%2C%20Miembro%20del%20Colegio%20Nacional%20de%20Periodistas&body=Link:https%3A%2F%2Foscarhumbertogomez.com%2Findex.php%3Frest_route%3D%252Fwp%252Fv2%252Fposts%252F23567\")'><ss style=\"display:block;border-radius:999px;\" class=\"heateorSssSharingSvg heateorSssGoogleGmailSvg\"><\/ss><\/i><\/li><li class=\"heateorSssSharingRound\"><i style=\"width:35px;height:35px;border-radius:999px;\" title=\"More\" alt=\"More\" class=\"heateorSssSharing heateorSssMoreBackground\" onclick=\"heateorSssMoreSharingPopup(this, 'https:\/\/oscarhumbertogomez.com\/index.php?rest_route=%2Fwp%2Fv2%2Fposts%2F23567', 'EL%20SANEDR%C3%8DN%20DE%20CAIF%C3%81S.%20Por%20%C3%93scar%20Humberto%20G%C3%B3mez%20G%C3%B3mez%2C%20Miembro%20del%20Colegio%20Nacional%20de%20Periodistas', '' )\" ><ss style=\"display:block\" class=\"heateorSssSharingSvg heateorSssMoreSvg\"><\/ss><\/i><\/li><\/ul><div class=\"heateorSssClear\"><\/div><\/div><div class='heateorSssClear'><\/div>","protected":false},"author":2,"featured_media":0,"comment_status":"closed","ping_status":"closed","sticky":false,"template":"","format":"standard","meta":{"spay_email":"","footnotes":""},"categories":[60,11],"tags":[],"class_list":["post-23567","post","type-post","status-publish","format-standard","hentry","category-tribuna-de-opinion","category-periodismo"],"jetpack_featured_media_url":"","jetpack_shortlink":"https:\/\/wp.me\/p1FYrr-687","_links":{"self":[{"href":"https:\/\/oscarhumbertogomez.com\/index.php?rest_route=\/wp\/v2\/posts\/23567","targetHints":{"allow":["GET"]}}],"collection":[{"href":"https:\/\/oscarhumbertogomez.com\/index.php?rest_route=\/wp\/v2\/posts"}],"about":[{"href":"https:\/\/oscarhumbertogomez.com\/index.php?rest_route=\/wp\/v2\/types\/post"}],"author":[{"embeddable":true,"href":"https:\/\/oscarhumbertogomez.com\/index.php?rest_route=\/wp\/v2\/users\/2"}],"replies":[{"embeddable":true,"href":"https:\/\/oscarhumbertogomez.com\/index.php?rest_route=%2Fwp%2Fv2%2Fcomments&post=23567"}],"version-history":[{"count":5,"href":"https:\/\/oscarhumbertogomez.com\/index.php?rest_route=\/wp\/v2\/posts\/23567\/revisions"}],"predecessor-version":[{"id":52629,"href":"https:\/\/oscarhumbertogomez.com\/index.php?rest_route=\/wp\/v2\/posts\/23567\/revisions\/52629"}],"wp:attachment":[{"href":"https:\/\/oscarhumbertogomez.com\/index.php?rest_route=%2Fwp%2Fv2%2Fmedia&parent=23567"}],"wp:term":[{"taxonomy":"category","embeddable":true,"href":"https:\/\/oscarhumbertogomez.com\/index.php?rest_route=%2Fwp%2Fv2%2Fcategories&post=23567"},{"taxonomy":"post_tag","embeddable":true,"href":"https:\/\/oscarhumbertogomez.com\/index.php?rest_route=%2Fwp%2Fv2%2Ftags&post=23567"}],"curies":[{"name":"wp","href":"https:\/\/api.w.org\/{rel}","templated":true}]}}