{"id":23612,"date":"2017-09-19T06:56:56","date_gmt":"2017-09-19T11:56:56","guid":{"rendered":"http:\/\/www.oscarhumbertogomez.com\/?p=23612"},"modified":"2025-03-20T20:49:51","modified_gmt":"2025-03-21T01:49:51","slug":"investigacion-a-todo-el-poder-judicial-colombiano-un-clamor-nacional-que-crece-por-oscar-humberto-gomez-gomez-miembro-del-colegio-nacional-de-periodistas","status":"publish","type":"post","link":"https:\/\/oscarhumbertogomez.com\/?p=23612","title":{"rendered":"INVESTIGACI\u00d3N A TODO EL PODER JUDICIAL COLOMBIANO: UN CLAMOR NACIONAL QUE CRECE. Por \u00d3scar Humberto G\u00f3mez G\u00f3mez, Miembro del Colegio Nacional de Periodistas"},"content":{"rendered":"<div id=\"attachment_22947\" style=\"width: 650px\" class=\"wp-caption aligncenter\"><img loading=\"lazy\" decoding=\"async\" aria-describedby=\"caption-attachment-22947\" class=\"size-large wp-image-22947\" src=\"https:\/\/oscarhumbertogomez.com\/wp-content\/uploads\/2017\/07\/20170401-170514-678x1024.jpg\" alt=\"\" width=\"640\" height=\"967\" srcset=\"https:\/\/oscarhumbertogomez.com\/wp-content\/uploads\/2017\/07\/20170401-170514-678x1024.jpg 678w, https:\/\/oscarhumbertogomez.com\/wp-content\/uploads\/2017\/07\/20170401-170514-199x300.jpg 199w, https:\/\/oscarhumbertogomez.com\/wp-content\/uploads\/2017\/07\/20170401-170514-768x1160.jpg 768w\" sizes=\"auto, (max-width: 640px) 100vw, 640px\" \/><p id=\"caption-attachment-22947\" class=\"wp-caption-text\">\u00d3SCAR HUMBERTO G\u00d3MEZ G\u00d3MEZ [Fotograf\u00eda: Fernando Rueda Villamizar]<\/p><\/div>\n<p>&nbsp;<\/p>\n<p>Numerosas personas se est\u00e1n dirigiendo por estos d\u00edas, directamente o a trav\u00e9s de los medios de comunicaci\u00f3n, al Fiscal General de la Naci\u00f3n N\u00e9stor Humberto Mart\u00ednez Neira, para solicitarle que la anunciada exigencia de las declaraciones de renta no se circunscriba a la Corte Suprema de Justicia, mucho menos a su Sala de Casaci\u00f3n Penal, y ni siquiera a las tres restantes Altas Cortes, esto es, al Consejo de Estado, al Consejo Superior de la Judicatura (Sala Administrativa y Sala Jurisdiccional &#8211; Disciplinaria) y a la Corte Constitucional, sino que se extienda a todos los tribunales y juzgados del pa\u00eds, es decir, a todos los tribunales superiores de distrito judicial, a todos los tribunales administrativos, a todos los juzgados penales, a todos los juzgados civiles, a todos los juzgados laborales, a todos los juzgados de familia, y, en fin, a cuanta autoridad judicial exista en la Rep\u00fablica de Colombia.<\/p>\n<p>Pero tambi\u00e9n exigen que las indagaciones averig\u00fcen a fondo si en todos estos a\u00f1os ha habido dentro del Poder Judicial de Colombia fen\u00f3menos como el enriquecimiento il\u00edcito, la venta de decisiones judiciales, la desviaci\u00f3n del recto criterio, la negativa a declararse impedidos los jueces cuando hab\u00eda causales que los obligaban a hacerlo, u otras irregularidades en la delicada tarea que cumplen sus funcionarios.<\/p>\n<p>Pero tampoco para ah\u00ed la creciente exigencia ciudadana. En efecto, tambi\u00e9n se est\u00e1 exigiendo que se investigue a los empleados subalternos en su totalidad, es decir, que la gran pesquisa no se circunscriba a los magistrados y jueces, porque, por ejemplo, lo que hasta hoy se sabe de corrupci\u00f3n en el Tribunal Administrativo de Cundinamarca involucra directamente al Secretario.<\/p>\n<p>Y no se detiene tampoco ah\u00ed el clamor nacional. Se est\u00e1 exigiendo tambi\u00e9n una extensa y profunda investigaci\u00f3n que, en tiempo breve, determine qui\u00e9nes est\u00e1n detr\u00e1s de la creaci\u00f3n de las roscas que se apoderaron de la Rama Judicial, as\u00ed como tambi\u00e9n c\u00f3mo operan las estructuras de poder que, igualmente, ciertos poderosos lograron armar dentro de ella, pues dicen que resulta extremadamente grave lo que vino a saberse que estaba sucediendo con la hija del magistrado Malo, de la Corte Suprema de Justicia, quien, seg\u00fan la Fiscal\u00eda General de la Naci\u00f3n, era la encargada de recaudar el producto de las extorsiones de las que eran v\u00edctimas quienes a su pap\u00e1 le deb\u00edan el puesto. Ha trascendido que por conservar el cargo, les tocaba pagar el 10% del sueldo.<\/p>\n<p>Pues bien: adherimos a la b\u00fasqueda sin miramientos de todos los culpables de prevaricato, concusi\u00f3n y dem\u00e1s delitos que se hayan consumado por parte de magistrados, jueces y empleados judiciales deshonestos.  Empero, hay que tener mucho cuidado con caer en una cacer\u00eda de brujas. Una buena parte  de los funcionarios del Poder Judicial colombiano son personas diligentes, responsables, decentes y de conducta intachable.<\/p>\n<p>Por supuesto, adherimos tambi\u00e9n a la decisi\u00f3n de detectar y desbaratar, de una vez por todas y sin contemplaciones, las detestables roscas y las estructuras de poder existentes dentro de la Rama Judicial.<\/p>\n<p>Una recta administraci\u00f3n de justicia descansa sobre un principio inquebrantable: el de la INDEPENDENCIA del juez. Ese principio significa que el juez pueda fallar sin tener que pagarle favores, ni tener que sentir miedo ante nadie. Las roscas y las estructuras de poder son la negaci\u00f3n misma de la independencia judicial. Mientras existan roscas y estructuras de poder dentro del Poder Judicial del Estado, todos, absolutamente todos, estamos en peligro.<\/p>\n<p>&nbsp;<\/p>\n","protected":false},"excerpt":{"rendered":"<p>&nbsp; Numerosas personas se est\u00e1n dirigiendo por estos d\u00edas, directamente o a trav\u00e9s de los medios de comunicaci\u00f3n, al Fiscal General de la Naci\u00f3n N\u00e9stor Humberto Mart\u00ednez Neira, para solicitarle que la anunciada exigencia de las declaraciones de renta no &hellip; <a href=\"https:\/\/oscarhumbertogomez.com\/?p=23612\">Sigue leyendo <span class=\"meta-nav\">&rarr;<\/span><\/a><\/p>\n<div class='heateorSssClear'><\/div><div  class='heateor_sss_sharing_container heateor_sss_horizontal_sharing' heateor-sss-data-href='https:\/\/oscarhumbertogomez.com\/?p=23612'><div class='heateor_sss_sharing_title' style=\"font-weight:bold\" >\u00a1Gracias por compartirla!<\/div><ul class=\"heateor_sss_sharing_ul\"><li class=\"heateorSssSharingRound\"><i style=\"width:35px;height:35px;border-radius:999px;\" alt=\"Facebook\" Title=\"Facebook\" class=\"heateorSssSharing heateorSssFacebookBackground\" onclick='heateorSssPopup(\"https:\/\/www.facebook.com\/sharer\/sharer.php?u=https%3A%2F%2Foscarhumbertogomez.com%2Findex.php%3Frest_route%3D%252Fwp%252Fv2%252Fposts%252F23612\")'><ss style=\"display:block;border-radius:999px;\" class=\"heateorSssSharingSvg heateorSssFacebookSvg\"><\/ss><\/i><\/li><li class=\"heateorSssSharingRound\"><i style=\"width:35px;height:35px;border-radius:999px;\" alt=\"Twitter\" Title=\"Twitter\" class=\"heateorSssSharing heateorSssTwitterBackground\" onclick='heateorSssPopup(\"http:\/\/twitter.com\/intent\/tweet?text=INVESTIGACI%C3%93N%20A%20TODO%20EL%20PODER%20JUDICIAL%20COLOMBIANO%3A%20UN%20CLAMOR%20NACIONAL%20QUE%20CRECE.%20Por%20%C3%93scar%20Humberto%20G%C3%B3mez%20G%C3%B3mez%2C%20Miembro%20del%20Colegio%20Nacional%20de%20Periodistas&url=https%3A%2F%2Foscarhumbertogomez.com%2Findex.php%3Frest_route%3D%252Fwp%252Fv2%252Fposts%252F23612\")'><ss style=\"display:block;border-radius:999px;\" class=\"heateorSssSharingSvg heateorSssTwitterSvg\"><\/ss><\/i><\/li><li class=\"heateorSssSharingRound\"><i style=\"width:35px;height:35px;border-radius:999px;\" alt=\"Whatsapp\" Title=\"Whatsapp\" class=\"heateorSssSharing heateorSssWhatsappBackground\" onclick='heateorSssPopup(\"https:\/\/web.whatsapp.com\/send?text=INVESTIGACI%C3%93N%20A%20TODO%20EL%20PODER%20JUDICIAL%20COLOMBIANO%3A%20UN%20CLAMOR%20NACIONAL%20QUE%20CRECE.%20Por%20%C3%93scar%20Humberto%20G%C3%B3mez%20G%C3%B3mez%2C%20Miembro%20del%20Colegio%20Nacional%20de%20Periodistas https%3A%2F%2Foscarhumbertogomez.com%2Findex.php%3Frest_route%3D%252Fwp%252Fv2%252Fposts%252F23612\")'><ss style=\"display:block\" class=\"heateorSssSharingSvg heateorSssWhatsappSvg\"><\/ss><\/i><\/li><li class=\"heateorSssSharingRound\"><i style=\"width:35px;height:35px;border-radius:999px;\" alt=\"Pinterest\" Title=\"Pinterest\" class=\"heateorSssSharing heateorSssPinterestBackground\" onclick=\"javascript:void( (function() {var e=document.createElement('script' );e.setAttribute('type','text\/javascript' );e.setAttribute('charset','UTF-8' );e.setAttribute('src','\/\/assets.pinterest.com\/js\/pinmarklet.js?r='+Math.random()*99999999);document.body.appendChild(e)})());\"><ss style=\"display:block;border-radius:999px;\" class=\"heateorSssSharingSvg heateorSssPinterestSvg\"><\/ss><\/i><\/li><li class=\"heateorSssSharingRound\"><i style=\"width:35px;height:35px;border-radius:999px;\" alt=\"Google Gmail\" Title=\"Google Gmail\" class=\"heateorSssSharing heateorSssGoogleGmailBackground\" onclick='heateorSssPopup(\"https:\/\/mail.google.com\/mail\/?ui=2&view=cm&fs=1&tf=1&su=INVESTIGACI%C3%93N%20A%20TODO%20EL%20PODER%20JUDICIAL%20COLOMBIANO%3A%20UN%20CLAMOR%20NACIONAL%20QUE%20CRECE.%20Por%20%C3%93scar%20Humberto%20G%C3%B3mez%20G%C3%B3mez%2C%20Miembro%20del%20Colegio%20Nacional%20de%20Periodistas&body=Link:https%3A%2F%2Foscarhumbertogomez.com%2Findex.php%3Frest_route%3D%252Fwp%252Fv2%252Fposts%252F23612\")'><ss style=\"display:block;border-radius:999px;\" class=\"heateorSssSharingSvg heateorSssGoogleGmailSvg\"><\/ss><\/i><\/li><li class=\"heateorSssSharingRound\"><i style=\"width:35px;height:35px;border-radius:999px;\" title=\"More\" alt=\"More\" class=\"heateorSssSharing heateorSssMoreBackground\" onclick=\"heateorSssMoreSharingPopup(this, 'https:\/\/oscarhumbertogomez.com\/index.php?rest_route=%2Fwp%2Fv2%2Fposts%2F23612', 'INVESTIGACI%C3%93N%20A%20TODO%20EL%20PODER%20JUDICIAL%20COLOMBIANO%3A%20UN%20CLAMOR%20NACIONAL%20QUE%20CRECE.%20Por%20%C3%93scar%20Humberto%20G%C3%B3mez%20G%C3%B3mez%2C%20Miembro%20del%20Colegio%20Nacional%20de%20Periodistas', '' )\" ><ss style=\"display:block\" class=\"heateorSssSharingSvg heateorSssMoreSvg\"><\/ss><\/i><\/li><\/ul><div class=\"heateorSssClear\"><\/div><\/div><div class='heateorSssClear'><\/div>","protected":false},"author":2,"featured_media":0,"comment_status":"closed","ping_status":"closed","sticky":false,"template":"","format":"standard","meta":{"spay_email":"","footnotes":""},"categories":[60,11],"tags":[],"class_list":["post-23612","post","type-post","status-publish","format-standard","hentry","category-tribuna-de-opinion","category-periodismo"],"jetpack_featured_media_url":"","jetpack_shortlink":"https:\/\/wp.me\/p1FYrr-68Q","_links":{"self":[{"href":"https:\/\/oscarhumbertogomez.com\/index.php?rest_route=\/wp\/v2\/posts\/23612","targetHints":{"allow":["GET"]}}],"collection":[{"href":"https:\/\/oscarhumbertogomez.com\/index.php?rest_route=\/wp\/v2\/posts"}],"about":[{"href":"https:\/\/oscarhumbertogomez.com\/index.php?rest_route=\/wp\/v2\/types\/post"}],"author":[{"embeddable":true,"href":"https:\/\/oscarhumbertogomez.com\/index.php?rest_route=\/wp\/v2\/users\/2"}],"replies":[{"embeddable":true,"href":"https:\/\/oscarhumbertogomez.com\/index.php?rest_route=%2Fwp%2Fv2%2Fcomments&post=23612"}],"version-history":[{"count":5,"href":"https:\/\/oscarhumbertogomez.com\/index.php?rest_route=\/wp\/v2\/posts\/23612\/revisions"}],"predecessor-version":[{"id":52628,"href":"https:\/\/oscarhumbertogomez.com\/index.php?rest_route=\/wp\/v2\/posts\/23612\/revisions\/52628"}],"wp:attachment":[{"href":"https:\/\/oscarhumbertogomez.com\/index.php?rest_route=%2Fwp%2Fv2%2Fmedia&parent=23612"}],"wp:term":[{"taxonomy":"category","embeddable":true,"href":"https:\/\/oscarhumbertogomez.com\/index.php?rest_route=%2Fwp%2Fv2%2Fcategories&post=23612"},{"taxonomy":"post_tag","embeddable":true,"href":"https:\/\/oscarhumbertogomez.com\/index.php?rest_route=%2Fwp%2Fv2%2Ftags&post=23612"}],"curies":[{"name":"wp","href":"https:\/\/api.w.org\/{rel}","templated":true}]}}