{"id":23679,"date":"2017-09-20T22:06:15","date_gmt":"2017-09-21T03:06:15","guid":{"rendered":"http:\/\/www.oscarhumbertogomez.com\/?p=23679"},"modified":"2025-02-09T19:11:28","modified_gmt":"2025-02-10T00:11:28","slug":"murio-el-coplero-santandereano-alberto-florez-florez-por-oscar-humberto-gomez-gomez-miembro-del-colegio-nacional-de-periodistas","status":"publish","type":"post","link":"https:\/\/oscarhumbertogomez.com\/?p=23679","title":{"rendered":"MURI\u00d3 EL COPLERO SANTANDEREANO ALBERTO FL\u00d3REZ FL\u00d3REZ. Por \u00d3scar Humberto G\u00f3mez G\u00f3mez, Miembro del Colegio Nacional de Periodistas."},"content":{"rendered":"<p><img decoding=\"async\" class=\"aligncenter size-full wp-image-14979\" title=\"ALBERTO-FL\u00d3REZ-FL\u00d3REZ-IV\" src=\"https:\/\/lapiedrafilosofal.com\/wp-content\/uploads\/2015\/01\/ALBERTO-FL\u00d3REZ-FL\u00d3REZ-IV2.jpg\" alt=\"\" width=\"480\" srcset=\"https:\/\/oscarhumbertogomez.com\/wp-content\/uploads\/2015\/01\/ALBERTO-FL\u00d3REZ-FL\u00d3REZ-IV2.jpg 240w, https:\/\/oscarhumbertogomez.com\/wp-content\/uploads\/2015\/01\/ALBERTO-FL\u00d3REZ-FL\u00d3REZ-IV2-225x300.jpg 225w\" sizes=\"(max-width: 240px) 100vw, 240px\" \/><\/p>\n<p>&nbsp;<\/p>\n<p>El arquitecto Alberto Montoya Puyana, gobernador de Santander, lo nombr\u00f3 alcalde de Tona y seg\u00fan cuenta Puno Ardila el decreto se lo fueron a llevar al restaurante.<\/p>\n<p>En efecto, Alberto Fl\u00f3rez Fl\u00f3rez fue el fundador del restaurante La Brasa, el que ol\u00eda a carne asada desde la puerta, como lo rememor\u00f3 C\u00e9sar Almeida (Kekar) en alguna de las notas que nos alcanz\u00f3 a escribir antes de que, notoriamente molesto, anunciara que dejar\u00eda de hacerlo porque siempre se le complicaba el env\u00edo.<\/p>\n<p>Me llamaba la atenci\u00f3n en aquel entonces, cuando me sentaba a almorzar o a comer all\u00e1, en aquella esquina donde hoy en d\u00eda queda El Viejo Chiflas, el detalle de que en las mesas todo se anunciaba con coplas.<\/p>\n<p>Tambi\u00e9n, que hab\u00eda una pintura de Segundo Agelvis. Era un payaso sentado afuera del circo con l\u00e1grimas en los ojos y una carta en la mano: hab\u00eda recibido una mala noticia.<\/p>\n<p>S\u00f3lo mucho despu\u00e9s vine a saber que el due\u00f1o de La Brasa era un campesino autodidacta y culto. De hecho, titulaba sus escritos con el nombre de &#8220;Coplas culturales&#8221;.<\/p>\n<p>Un d\u00eda fue a mi oficina a contarme sus proyectos. Me cont\u00f3 que el trago le hab\u00eda afectado mucho la vida, que su paso por la alcald\u00eda le hab\u00eda demostrado que a uno le sobra gente que lo invita a tomar, siempre a tomar, pero jam\u00e1s a comer. Lo not\u00e9 cansado y triste. Aun as\u00ed, sin embargo, hablaba con entusiasmo de que &#8220;yo ahora estoy en lo m\u00edo&#8221;, para referirse a que se hallaba dedicado al noble oficio de escribir.<\/p>\n<p>La noche en que present\u00f3 su libro &#8220;Coplas por Colombia&#8221; fui a saludarlo a la Casa del Libro Total. \u00c9l me agradeci\u00f3 despu\u00e9s, como era de esperarse, con coplas.<\/p>\n<p>Tal y como lo rememor\u00e9 en la nota de presentaci\u00f3n con que lo recib\u00ed cuando decidi\u00f3 colaborar con este portal, no ten\u00eda \u00f3bice alguno en donar su sueldo de alcalde para que no dejaran de ejecutarse obras que se requer\u00edan en su municipio con urgencia.<\/p>\n<p>Fue el ex\u00f3tico caso de un pol\u00edtico que jam\u00e1s vivi\u00f3 de la pol\u00edtica, mucho menos de apropiarse de los dineros del erario en beneficio propio, como por desgracia suele ocurrir en este pa\u00eds sobrecargado de inmoralidad administrativa. Si todos los funcionarios tuvieran la honradez de Alberto Fl\u00f3rez Fl\u00f3rez, este pa\u00eds ya habr\u00eda solucionado, como m\u00ednimo, el ochenta por ciento de sus problemas.<\/p>\n<p>Despu\u00e9s de aquella alcald\u00eda por designaci\u00f3n, lo eligieron alcalde. Empero, seg\u00fan habr\u00eda de comentar con amargura, no pudo gobernar porque se lo impidi\u00f3 la dif\u00edcil situaci\u00f3n de orden p\u00fablico que entonces se viv\u00eda en su tierra.<\/p>\n<p>El pasado viernes 15 de septiembre, Alberto Fl\u00f3rez Fl\u00f3rez dej\u00f3 de hacer coplas para siempre.<\/p>\n<p>Para quienes admiramos a la gente sencilla, inteligente y, sobre todo, honesta, constituye un honor haber conocido a don Alberto Fl\u00f3rez Fl\u00f3rez, un hombre \u00edntegro, un santandereano de pura cepa que, en el cenit de su existencia, se apeg\u00f3 a una de las m\u00e1s aut\u00e9nticas tradiciones de nuestro departamento para sobrellevar los embates de la soledad y la nostalgia.<\/p>\n<p>Cerramos esta nota, insertando las primeras coplas que nos regal\u00f3 y con las notas del minuto de silencio.<\/p>\n<p>\u00a1Hasta siempre, don Alberto, y que nuestro buen Dios lo tenga por siempre en su gloria!<\/p>\n<p>&nbsp;<\/p>\n<p><img decoding=\"async\" class=\"aligncenter size-full wp-image-14979\" title=\"ALBERTO-FL\u00d3REZ-FL\u00d3REZ-IV\" src=\"https:\/\/lapiedrafilosofal.com\/wp-content\/uploads\/2015\/01\/ALBERTO-FL\u00d3REZ-FL\u00d3REZ-IV2.jpg\" alt=\"\" width=\"480\" srcset=\"https:\/\/oscarhumbertogomez.com\/wp-content\/uploads\/2015\/01\/ALBERTO-FL\u00d3REZ-FL\u00d3REZ-IV2.jpg 240w, https:\/\/oscarhumbertogomez.com\/wp-content\/uploads\/2015\/01\/ALBERTO-FL\u00d3REZ-FL\u00d3REZ-IV2-225x300.jpg 225w\" sizes=\"(max-width: 240px) 100vw, 240px\" \/><\/p>\n<p>&nbsp;<\/p>\n<p>Desde mi aula de clases,<br \/>\ndonde recibo lecciones,<br \/>\na Usted Doctor G\u00f3mez G\u00f3mez<br \/>\ngracias le doy por sus bases.<\/p>\n<p>Agradec\u00ed su presencia<br \/>\nall\u00e1 en &#8220;El Libro Total &#8221;<br \/>\ncuando lanc\u00e9 mi experiencia<br \/>\nde coplas en lo social.<\/p>\n<p>Era mi segundo libro,<br \/>\nfueron Coplas por Colombia,<br \/>\nsu presencia, gran motivo<br \/>\npara despejar mi sombra.<\/p>\n<p>Emp\u00edrico, autodidacta,<br \/>\nmis coplas sigo escribiendo,<br \/>\ny hoy con &#8220;LA PLUMA AJENA&#8221;<br \/>\nme he seguido instruyendo.<\/p>\n<p>Mil gracias por ayudar<br \/>\nal coplero del ancestro,<br \/>\nDios a Usted ha de pagar<br \/>\ngran servidor, gran maestro.<\/p>\n<p>&nbsp;<\/p>\n<p><img decoding=\"async\" class=\"aligncenter size-full wp-image-14979\" title=\"ALBERTO-FL\u00d3REZ-FL\u00d3REZ-IV\" src=\"https:\/\/lapiedrafilosofal.com\/wp-content\/uploads\/2015\/01\/ALBERTO-FL\u00d3REZ-FL\u00d3REZ-IV2.jpg\" alt=\"\" width=\"480\" srcset=\"https:\/\/oscarhumbertogomez.com\/wp-content\/uploads\/2015\/01\/ALBERTO-FL\u00d3REZ-FL\u00d3REZ-IV2.jpg 240w, https:\/\/oscarhumbertogomez.com\/wp-content\/uploads\/2015\/01\/ALBERTO-FL\u00d3REZ-FL\u00d3REZ-IV2-225x300.jpg 225w\" sizes=\"(max-width: 240px) 100vw, 240px\" \/><\/p>\n<p>&nbsp;<\/p>\n<p><iframe loading=\"lazy\" src=\"https:\/\/www.youtube-nocookie.com\/embed\/dL3nNRvd2N0?rel=0&amp;controls=0&amp;showinfo=0\" width=\"560\" height=\"315\" frameborder=\"0\" allowfullscreen=\"allowfullscreen\"><\/iframe><\/p>\n<p>&nbsp;<\/p>\n","protected":false},"excerpt":{"rendered":"<p>&nbsp; El arquitecto Alberto Montoya Puyana, gobernador de Santander, lo nombr\u00f3 alcalde de Tona y seg\u00fan cuenta Puno Ardila el decreto se lo fueron a llevar al restaurante. En efecto, Alberto Fl\u00f3rez Fl\u00f3rez fue el fundador del restaurante La Brasa, &hellip; <a href=\"https:\/\/oscarhumbertogomez.com\/?p=23679\">Sigue leyendo <span class=\"meta-nav\">&rarr;<\/span><\/a><\/p>\n<div class='heateorSssClear'><\/div><div  class='heateor_sss_sharing_container heateor_sss_horizontal_sharing' heateor-sss-data-href='https:\/\/oscarhumbertogomez.com\/?p=23679'><div class='heateor_sss_sharing_title' style=\"font-weight:bold\" >\u00a1Gracias por compartirla!<\/div><ul class=\"heateor_sss_sharing_ul\"><li class=\"heateorSssSharingRound\"><i style=\"width:35px;height:35px;border-radius:999px;\" alt=\"Facebook\" Title=\"Facebook\" class=\"heateorSssSharing heateorSssFacebookBackground\" onclick='heateorSssPopup(\"https:\/\/www.facebook.com\/sharer\/sharer.php?u=https%3A%2F%2Foscarhumbertogomez.com%2Findex.php%3Frest_route%3D%252Fwp%252Fv2%252Fposts%252F23679\")'><ss style=\"display:block;border-radius:999px;\" class=\"heateorSssSharingSvg heateorSssFacebookSvg\"><\/ss><\/i><\/li><li class=\"heateorSssSharingRound\"><i style=\"width:35px;height:35px;border-radius:999px;\" alt=\"Twitter\" Title=\"Twitter\" class=\"heateorSssSharing heateorSssTwitterBackground\" onclick='heateorSssPopup(\"http:\/\/twitter.com\/intent\/tweet?text=MURI%C3%93%20EL%20COPLERO%20SANTANDEREANO%20ALBERTO%20FL%C3%93REZ%20FL%C3%93REZ.%20Por%20%C3%93scar%20Humberto%20G%C3%B3mez%20G%C3%B3mez%2C%20Miembro%20del%20Colegio%20Nacional%20de%20Periodistas.&url=https%3A%2F%2Foscarhumbertogomez.com%2Findex.php%3Frest_route%3D%252Fwp%252Fv2%252Fposts%252F23679\")'><ss style=\"display:block;border-radius:999px;\" class=\"heateorSssSharingSvg heateorSssTwitterSvg\"><\/ss><\/i><\/li><li class=\"heateorSssSharingRound\"><i style=\"width:35px;height:35px;border-radius:999px;\" alt=\"Whatsapp\" Title=\"Whatsapp\" class=\"heateorSssSharing heateorSssWhatsappBackground\" onclick='heateorSssPopup(\"https:\/\/web.whatsapp.com\/send?text=MURI%C3%93%20EL%20COPLERO%20SANTANDEREANO%20ALBERTO%20FL%C3%93REZ%20FL%C3%93REZ.%20Por%20%C3%93scar%20Humberto%20G%C3%B3mez%20G%C3%B3mez%2C%20Miembro%20del%20Colegio%20Nacional%20de%20Periodistas. https%3A%2F%2Foscarhumbertogomez.com%2Findex.php%3Frest_route%3D%252Fwp%252Fv2%252Fposts%252F23679\")'><ss style=\"display:block\" class=\"heateorSssSharingSvg heateorSssWhatsappSvg\"><\/ss><\/i><\/li><li class=\"heateorSssSharingRound\"><i style=\"width:35px;height:35px;border-radius:999px;\" alt=\"Pinterest\" Title=\"Pinterest\" class=\"heateorSssSharing heateorSssPinterestBackground\" onclick=\"javascript:void( (function() {var e=document.createElement('script' );e.setAttribute('type','text\/javascript' );e.setAttribute('charset','UTF-8' );e.setAttribute('src','\/\/assets.pinterest.com\/js\/pinmarklet.js?r='+Math.random()*99999999);document.body.appendChild(e)})());\"><ss style=\"display:block;border-radius:999px;\" class=\"heateorSssSharingSvg heateorSssPinterestSvg\"><\/ss><\/i><\/li><li class=\"heateorSssSharingRound\"><i style=\"width:35px;height:35px;border-radius:999px;\" alt=\"Google Gmail\" Title=\"Google Gmail\" class=\"heateorSssSharing heateorSssGoogleGmailBackground\" onclick='heateorSssPopup(\"https:\/\/mail.google.com\/mail\/?ui=2&view=cm&fs=1&tf=1&su=MURI%C3%93%20EL%20COPLERO%20SANTANDEREANO%20ALBERTO%20FL%C3%93REZ%20FL%C3%93REZ.%20Por%20%C3%93scar%20Humberto%20G%C3%B3mez%20G%C3%B3mez%2C%20Miembro%20del%20Colegio%20Nacional%20de%20Periodistas.&body=Link:https%3A%2F%2Foscarhumbertogomez.com%2Findex.php%3Frest_route%3D%252Fwp%252Fv2%252Fposts%252F23679\")'><ss style=\"display:block;border-radius:999px;\" class=\"heateorSssSharingSvg heateorSssGoogleGmailSvg\"><\/ss><\/i><\/li><li class=\"heateorSssSharingRound\"><i style=\"width:35px;height:35px;border-radius:999px;\" title=\"More\" alt=\"More\" class=\"heateorSssSharing heateorSssMoreBackground\" onclick=\"heateorSssMoreSharingPopup(this, 'https:\/\/oscarhumbertogomez.com\/index.php?rest_route=%2Fwp%2Fv2%2Fposts%2F23679', 'MURI%C3%93%20EL%20COPLERO%20SANTANDEREANO%20ALBERTO%20FL%C3%93REZ%20FL%C3%93REZ.%20Por%20%C3%93scar%20Humberto%20G%C3%B3mez%20G%C3%B3mez%2C%20Miembro%20del%20Colegio%20Nacional%20de%20Periodistas.', '' )\" ><ss style=\"display:block\" class=\"heateorSssSharingSvg heateorSssMoreSvg\"><\/ss><\/i><\/li><\/ul><div class=\"heateorSssClear\"><\/div><\/div><div class='heateorSssClear'><\/div>","protected":false},"author":2,"featured_media":0,"comment_status":"open","ping_status":"open","sticky":false,"template":"","format":"standard","meta":{"spay_email":"","footnotes":""},"categories":[1],"tags":[],"class_list":["post-23679","post","type-post","status-publish","format-standard","hentry","category-blog"],"jetpack_featured_media_url":"","jetpack_shortlink":"https:\/\/wp.me\/p1FYrr-69V","_links":{"self":[{"href":"https:\/\/oscarhumbertogomez.com\/index.php?rest_route=\/wp\/v2\/posts\/23679","targetHints":{"allow":["GET"]}}],"collection":[{"href":"https:\/\/oscarhumbertogomez.com\/index.php?rest_route=\/wp\/v2\/posts"}],"about":[{"href":"https:\/\/oscarhumbertogomez.com\/index.php?rest_route=\/wp\/v2\/types\/post"}],"author":[{"embeddable":true,"href":"https:\/\/oscarhumbertogomez.com\/index.php?rest_route=\/wp\/v2\/users\/2"}],"replies":[{"embeddable":true,"href":"https:\/\/oscarhumbertogomez.com\/index.php?rest_route=%2Fwp%2Fv2%2Fcomments&post=23679"}],"version-history":[{"count":6,"href":"https:\/\/oscarhumbertogomez.com\/index.php?rest_route=\/wp\/v2\/posts\/23679\/revisions"}],"predecessor-version":[{"id":50558,"href":"https:\/\/oscarhumbertogomez.com\/index.php?rest_route=\/wp\/v2\/posts\/23679\/revisions\/50558"}],"wp:attachment":[{"href":"https:\/\/oscarhumbertogomez.com\/index.php?rest_route=%2Fwp%2Fv2%2Fmedia&parent=23679"}],"wp:term":[{"taxonomy":"category","embeddable":true,"href":"https:\/\/oscarhumbertogomez.com\/index.php?rest_route=%2Fwp%2Fv2%2Fcategories&post=23679"},{"taxonomy":"post_tag","embeddable":true,"href":"https:\/\/oscarhumbertogomez.com\/index.php?rest_route=%2Fwp%2Fv2%2Ftags&post=23679"}],"curies":[{"name":"wp","href":"https:\/\/api.w.org\/{rel}","templated":true}]}}