{"id":23727,"date":"2017-09-25T20:58:32","date_gmt":"2017-09-26T01:58:32","guid":{"rendered":"http:\/\/www.oscarhumbertogomez.com\/?p=23727"},"modified":"2025-03-11T17:09:03","modified_gmt":"2025-03-11T22:09:03","slug":"el-jueves-26-de-octubre-a-las-630-p-m-continuara-la-conferencia-las-vicisitudes-de-la-arquitectura-nacional-en-la-convulsionada-historia-de-colombia","status":"publish","type":"post","link":"https:\/\/oscarhumbertogomez.com\/?p=23727","title":{"rendered":"PLENA ACOGIDA ENTRE LOS ESTUDIANTES DE ARQUITECTURA TUVO LA CONFERENCIA &#8220;LAS VICISITUDES DE LA ARQUITECTURA NACIONAL EN LA CONVULSIONADA HISTORIA DE COLOMBIA&#8221; dictada en la Academia de Historia de Santander por \u00d3scar Humberto G\u00f3mez G\u00f3mez"},"content":{"rendered":"<div id=\"attachment_23483\" style=\"width: 810px\" class=\"wp-caption aligncenter\"><img loading=\"lazy\" decoding=\"async\" aria-describedby=\"caption-attachment-23483\" class=\"size-full wp-image-23483\" src=\"https:\/\/lapiedrafilosofal.com\/wp-content\/uploads\/2017\/09\/CASA-DE-BOLIVAR-.jpg\" alt=\"\" width=\"800\" height=\"532\" srcset=\"https:\/\/oscarhumbertogomez.com\/wp-content\/uploads\/2017\/09\/CASA-DE-BOLIVAR-.jpg 800w, https:\/\/oscarhumbertogomez.com\/wp-content\/uploads\/2017\/09\/CASA-DE-BOLIVAR--300x200.jpg 300w, https:\/\/oscarhumbertogomez.com\/wp-content\/uploads\/2017\/09\/CASA-DE-BOLIVAR--768x511.jpg 768w\" sizes=\"auto, (max-width: 800px) 100vw, 800px\" \/><p id=\"caption-attachment-23483\" class=\"wp-caption-text\">CASA DE BOLIVAR EN BUCARAMANGA, SEDE DE LA PRESIDENCIA DE LA REP\u00daBLICA DE COLOMBIA (Venezuela, Nueva Granada y Quito, hoy Venezuela, Colombia y Ecuador) EN 1828. ACTUALMENTE, SEDE DE LA ACADEMIA DE HISTORIA DE SANTANDER.<\/p><\/div>\n<p>&nbsp;<\/p>\n<p>Con la presencia del Presidente de la Sociedad Colombiana de Arquitectos Regional Santander, Augusto Ballen Rey; del profesor de <em>Historia de la Arquitectura Colombiana<\/em> de la Facultad de Arquitectura de la Universidad Santo Tom\u00e1s de Aquino, Seccional Bucaramanga, y exPresidente de la Sociedad Colombiana de Arquitectos Regional Santander, David Alberto Arias Mantilla; y de catedr\u00e1ticos y alumnos de la Facultad de Arquitectura de esa <em>alma mater<\/em>; de estudiantes de la Facultad de Arquitectura de la Universidad Antonio Nari\u00f1o, de Bucaramanga; as\u00ed como de otros directivos de la Sociedad Colombiana de Arquitectos Regional Santander, como el vocal de esa entidad Sergio G\u00f3mez, arquitecto de la Universidad de los Andes, de Bogot\u00e1, y quien inicia su ejercicio profesional al frente de su firma SG ARQUITECTURA, empresa de dise\u00f1o, renderizaci\u00f3n y construcci\u00f3n con asiento en Bucaramanga, y de arquitectos constructores como Eduardo Noriega, se llev\u00f3 a cabo el pasado jueves 21 de septiembre, a partir de las 6:30 de la tarde, en la Casa de Bol\u00edvar, sede de la Academia de Historia de Santander, la conferencia &#8220;LAS VICISITUDES DE LA ARQUITECTURA NACIONAL EN LA CONVULSIONADA HISTORIA DE COLOMBIA&#8221;, que el director de este portal tuvo el honor de dictar, en su condici\u00f3n de Miembro Correspondiente de la Academia.<\/p>\n<p>La sesi\u00f3n fue abierta por el presidente de la instituci\u00f3n, don Miguel Jos\u00e9 Pinilla Guti\u00e9rrez, ex rector de la Universidad Industrial de Santander (UIS) y ex rector de la Universidad Manuela Beltr\u00e1n, y como secretario fungi\u00f3 el historiador don Juvenal Fonseca Moreno, Miembro de N\u00famero de la entidad.<\/p>\n<p>En representaci\u00f3n de la membres\u00eda de la Academia estuvieron presentes el historiador y catedr\u00e1tico de la Facultad de Derecho de la Universidad Aut\u00f3noma de Bucaramanga (UNAB) don Gustavo Galvis Arenas, Miembro de N\u00famero de la corporaci\u00f3n; el nuevo Miembro Correspondiente de la Academia, educador e historiador don Humberto Ortega Moreno; y el historiador y Miembro de N\u00famero de la entidad don Efra\u00edn Mantilla Azula.<\/p>\n<p>&nbsp;<\/p>\n","protected":false},"excerpt":{"rendered":"<p>&nbsp; Con la presencia del Presidente de la Sociedad Colombiana de Arquitectos Regional Santander, Augusto Ballen Rey; del profesor de Historia de la Arquitectura Colombiana de la Facultad de Arquitectura de la Universidad Santo Tom\u00e1s de Aquino, Seccional Bucaramanga, y &hellip; <a href=\"https:\/\/oscarhumbertogomez.com\/?p=23727\">Sigue leyendo <span class=\"meta-nav\">&rarr;<\/span><\/a><\/p>\n<div class='heateorSssClear'><\/div><div  class='heateor_sss_sharing_container heateor_sss_horizontal_sharing' heateor-sss-data-href='https:\/\/oscarhumbertogomez.com\/?p=23727'><div class='heateor_sss_sharing_title' style=\"font-weight:bold\" >\u00a1Gracias por compartirla!<\/div><ul class=\"heateor_sss_sharing_ul\"><li class=\"heateorSssSharingRound\"><i style=\"width:35px;height:35px;border-radius:999px;\" alt=\"Facebook\" Title=\"Facebook\" class=\"heateorSssSharing heateorSssFacebookBackground\" onclick='heateorSssPopup(\"https:\/\/www.facebook.com\/sharer\/sharer.php?u=https%3A%2F%2Foscarhumbertogomez.com%2Findex.php%3Frest_route%3D%252Fwp%252Fv2%252Fposts%252F23727\")'><ss style=\"display:block;border-radius:999px;\" class=\"heateorSssSharingSvg heateorSssFacebookSvg\"><\/ss><\/i><\/li><li class=\"heateorSssSharingRound\"><i style=\"width:35px;height:35px;border-radius:999px;\" alt=\"Twitter\" Title=\"Twitter\" class=\"heateorSssSharing heateorSssTwitterBackground\" onclick='heateorSssPopup(\"http:\/\/twitter.com\/intent\/tweet?text=PLENA%20ACOGIDA%20ENTRE%20LOS%20ESTUDIANTES%20DE%20ARQUITECTURA%20TUVO%20LA%20CONFERENCIA%20%22LAS%20VICISITUDES%20DE%20LA%20ARQUITECTURA%20NACIONAL%20EN%20LA%20CONVULSIONADA%20HISTORIA%20DE%20COLOMBIA%22%20dictada%20en%20la%20Academia%20de%20Historia%20de%20Santander%20por%20%C3%93scar%20Humberto%20G%C3%B3mez%20G%C3%B3mez&url=https%3A%2F%2Foscarhumbertogomez.com%2Findex.php%3Frest_route%3D%252Fwp%252Fv2%252Fposts%252F23727\")'><ss style=\"display:block;border-radius:999px;\" class=\"heateorSssSharingSvg heateorSssTwitterSvg\"><\/ss><\/i><\/li><li class=\"heateorSssSharingRound\"><i style=\"width:35px;height:35px;border-radius:999px;\" alt=\"Whatsapp\" Title=\"Whatsapp\" class=\"heateorSssSharing heateorSssWhatsappBackground\" onclick='heateorSssPopup(\"https:\/\/web.whatsapp.com\/send?text=PLENA%20ACOGIDA%20ENTRE%20LOS%20ESTUDIANTES%20DE%20ARQUITECTURA%20TUVO%20LA%20CONFERENCIA%20%22LAS%20VICISITUDES%20DE%20LA%20ARQUITECTURA%20NACIONAL%20EN%20LA%20CONVULSIONADA%20HISTORIA%20DE%20COLOMBIA%22%20dictada%20en%20la%20Academia%20de%20Historia%20de%20Santander%20por%20%C3%93scar%20Humberto%20G%C3%B3mez%20G%C3%B3mez https%3A%2F%2Foscarhumbertogomez.com%2Findex.php%3Frest_route%3D%252Fwp%252Fv2%252Fposts%252F23727\")'><ss style=\"display:block\" class=\"heateorSssSharingSvg heateorSssWhatsappSvg\"><\/ss><\/i><\/li><li class=\"heateorSssSharingRound\"><i style=\"width:35px;height:35px;border-radius:999px;\" alt=\"Pinterest\" Title=\"Pinterest\" class=\"heateorSssSharing heateorSssPinterestBackground\" onclick=\"javascript:void( (function() {var e=document.createElement('script' );e.setAttribute('type','text\/javascript' );e.setAttribute('charset','UTF-8' );e.setAttribute('src','\/\/assets.pinterest.com\/js\/pinmarklet.js?r='+Math.random()*99999999);document.body.appendChild(e)})());\"><ss style=\"display:block;border-radius:999px;\" class=\"heateorSssSharingSvg heateorSssPinterestSvg\"><\/ss><\/i><\/li><li class=\"heateorSssSharingRound\"><i style=\"width:35px;height:35px;border-radius:999px;\" alt=\"Google Gmail\" Title=\"Google Gmail\" class=\"heateorSssSharing heateorSssGoogleGmailBackground\" onclick='heateorSssPopup(\"https:\/\/mail.google.com\/mail\/?ui=2&view=cm&fs=1&tf=1&su=PLENA%20ACOGIDA%20ENTRE%20LOS%20ESTUDIANTES%20DE%20ARQUITECTURA%20TUVO%20LA%20CONFERENCIA%20%22LAS%20VICISITUDES%20DE%20LA%20ARQUITECTURA%20NACIONAL%20EN%20LA%20CONVULSIONADA%20HISTORIA%20DE%20COLOMBIA%22%20dictada%20en%20la%20Academia%20de%20Historia%20de%20Santander%20por%20%C3%93scar%20Humberto%20G%C3%B3mez%20G%C3%B3mez&body=Link:https%3A%2F%2Foscarhumbertogomez.com%2Findex.php%3Frest_route%3D%252Fwp%252Fv2%252Fposts%252F23727\")'><ss style=\"display:block;border-radius:999px;\" class=\"heateorSssSharingSvg heateorSssGoogleGmailSvg\"><\/ss><\/i><\/li><li class=\"heateorSssSharingRound\"><i style=\"width:35px;height:35px;border-radius:999px;\" title=\"More\" alt=\"More\" class=\"heateorSssSharing heateorSssMoreBackground\" onclick=\"heateorSssMoreSharingPopup(this, 'https:\/\/oscarhumbertogomez.com\/index.php?rest_route=%2Fwp%2Fv2%2Fposts%2F23727', 'PLENA%20ACOGIDA%20ENTRE%20LOS%20ESTUDIANTES%20DE%20ARQUITECTURA%20TUVO%20LA%20CONFERENCIA%20%22LAS%20VICISITUDES%20DE%20LA%20ARQUITECTURA%20NACIONAL%20EN%20LA%20CONVULSIONADA%20HISTORIA%20DE%20COLOMBIA%22%20dictada%20en%20la%20Academia%20de%20Historia%20de%20Santander%20por%20%C3%93scar%20Humberto%20G%C3%B3mez%20G%C3%B3mez', '' )\" ><ss style=\"display:block\" class=\"heateorSssSharingSvg heateorSssMoreSvg\"><\/ss><\/i><\/li><\/ul><div class=\"heateorSssClear\"><\/div><\/div><div class='heateorSssClear'><\/div>","protected":false},"author":2,"featured_media":0,"comment_status":"closed","ping_status":"closed","sticky":false,"template":"","format":"standard","meta":{"spay_email":"","footnotes":""},"categories":[64,12],"tags":[],"class_list":["post-23727","post","type-post","status-publish","format-standard","hentry","category-arquitectura","category-historia"],"jetpack_featured_media_url":"","jetpack_shortlink":"https:\/\/wp.me\/p1FYrr-6aH","_links":{"self":[{"href":"https:\/\/oscarhumbertogomez.com\/index.php?rest_route=\/wp\/v2\/posts\/23727","targetHints":{"allow":["GET"]}}],"collection":[{"href":"https:\/\/oscarhumbertogomez.com\/index.php?rest_route=\/wp\/v2\/posts"}],"about":[{"href":"https:\/\/oscarhumbertogomez.com\/index.php?rest_route=\/wp\/v2\/types\/post"}],"author":[{"embeddable":true,"href":"https:\/\/oscarhumbertogomez.com\/index.php?rest_route=\/wp\/v2\/users\/2"}],"replies":[{"embeddable":true,"href":"https:\/\/oscarhumbertogomez.com\/index.php?rest_route=%2Fwp%2Fv2%2Fcomments&post=23727"}],"version-history":[{"count":5,"href":"https:\/\/oscarhumbertogomez.com\/index.php?rest_route=\/wp\/v2\/posts\/23727\/revisions"}],"predecessor-version":[{"id":52303,"href":"https:\/\/oscarhumbertogomez.com\/index.php?rest_route=\/wp\/v2\/posts\/23727\/revisions\/52303"}],"wp:attachment":[{"href":"https:\/\/oscarhumbertogomez.com\/index.php?rest_route=%2Fwp%2Fv2%2Fmedia&parent=23727"}],"wp:term":[{"taxonomy":"category","embeddable":true,"href":"https:\/\/oscarhumbertogomez.com\/index.php?rest_route=%2Fwp%2Fv2%2Fcategories&post=23727"},{"taxonomy":"post_tag","embeddable":true,"href":"https:\/\/oscarhumbertogomez.com\/index.php?rest_route=%2Fwp%2Fv2%2Ftags&post=23727"}],"curies":[{"name":"wp","href":"https:\/\/api.w.org\/{rel}","templated":true}]}}