{"id":24002,"date":"2017-11-06T11:31:20","date_gmt":"2017-11-06T16:31:20","guid":{"rendered":"http:\/\/www.oscarhumbertogomez.com\/?p=24002"},"modified":"2025-02-22T14:59:35","modified_gmt":"2025-02-22T19:59:35","slug":"hasta-siempre-maestro-jaime-llano-gonzalez","status":"publish","type":"post","link":"https:\/\/oscarhumbertogomez.com\/?p=24002","title":{"rendered":"\u00a1HASTA SIEMPRE, MAESTRO JAIME LLANO GONZ\u00c1LEZ! Por \u00d3scar Humberto G\u00f3mez G\u00f3mez"},"content":{"rendered":"<p><img loading=\"lazy\" decoding=\"async\" class=\"aligncenter size-full wp-image-24003\" src=\"https:\/\/lapiedrafilosofal.com\/wp-content\/uploads\/2017\/11\/JAIME-LLANO-GONZALEZ.jpeg\" alt=\"\" width=\"385\" height=\"613\" srcset=\"https:\/\/oscarhumbertogomez.com\/wp-content\/uploads\/2017\/11\/JAIME-LLANO-GONZALEZ.jpeg 385w, https:\/\/oscarhumbertogomez.com\/wp-content\/uploads\/2017\/11\/JAIME-LLANO-GONZALEZ-188x300.jpeg 188w\" sizes=\"auto, (max-width: 385px) 100vw, 385px\" \/><\/p>\n<p>&nbsp;<\/p>\n<p>Jaime Llano Gonz\u00e1lez, maestro por excelencia de la m\u00fasica nacional de Colombia, acaba de fallecer en la ciudad de Bogot\u00e1.<\/p>\n<p>&nbsp;<\/p>\n<p>Oriundo del municipio antioque\u00f1o de Titirib\u00ed, a su pueblo le compuso una de sus pocas canciones instrumentales (sin letra) el maestro santandereano Jos\u00e9 A. Morales, con quien lo uni\u00f3 una estrecha amistad.<\/p>\n<p>&nbsp;<\/p>\n<p><img loading=\"lazy\" decoding=\"async\" src=\"https:\/\/lapiedrafilosofal.com\/wp-content\/uploads\/2017\/11\/JAIME-LLANO-Y-JOSE-A-MORALES.jpg\" alt=\"\" width=\"480\" height=\"360\" class=\"aligncenter size-full wp-image-24014\" srcset=\"https:\/\/oscarhumbertogomez.com\/wp-content\/uploads\/2017\/11\/JAIME-LLANO-Y-JOSE-A-MORALES.jpg 480w, https:\/\/oscarhumbertogomez.com\/wp-content\/uploads\/2017\/11\/JAIME-LLANO-Y-JOSE-A-MORALES-300x225.jpg 300w\" sizes=\"auto, (max-width: 480px) 100vw, 480px\" \/><\/p>\n<p>&nbsp;<\/p>\n<p>Hab\u00eda nacido Jaime Llano Gonz\u00e1lez en aquella peque\u00f1a poblaci\u00f3n antioque\u00f1a el d\u00eda 5 de junio de 1932.<\/p>\n<p>Ex estudiante de Medicina y ex probador de instrumentos musicales de la desaparecida firma J. Glottmann, jam\u00e1s estudi\u00f3 en conservatorio y su aprendizaje fue el t\u00edpico de un autodidacta.<\/p>\n<p>Acompa\u00f1\u00f3 al \u00f3rgano (instrumento introducido por \u00e9l a la interpretaci\u00f3n de la m\u00fasica andina colombiana, en medio de una gran controversia) al legendario dueto <em>Garz\u00f3n y Collazos<\/em>, y a otros renombrados artistas.<\/p>\n<p>A diferencia de los artistas coste\u00f1os, que jam\u00e1s tocan una canci\u00f3n andina, el maestro Jaime Llano Gonz\u00e1lez produjo varios \u00e1lbumes con temas del folclor de la Costa Atl\u00e1ntica, as\u00ed como tambi\u00e9n grab\u00f3 temas del folclor llanero, d\u00e1ndole a su obra discogr\u00e1fica una verdadera dimensi\u00f3n nacional.<\/p>\n<p>&nbsp;<\/p>\n<p><img loading=\"lazy\" decoding=\"async\" class=\"aligncenter size-full wp-image-24003\" src=\"https:\/\/lapiedrafilosofal.com\/wp-content\/uploads\/2017\/11\/JAIME-LLANO-GONZALEZ.jpeg\" alt=\"\" width=\"385\" height=\"613\" srcset=\"https:\/\/oscarhumbertogomez.com\/wp-content\/uploads\/2017\/11\/JAIME-LLANO-GONZALEZ.jpeg 385w, https:\/\/oscarhumbertogomez.com\/wp-content\/uploads\/2017\/11\/JAIME-LLANO-GONZALEZ-188x300.jpeg 188w\" sizes=\"auto, (max-width: 385px) 100vw, 385px\" \/><\/p>\n<p>&nbsp;<\/p>\n<p>Tuve el honor de conocerlo en el auditorio de la Universidad Manuela Beltr\u00e1n, ubicado en la Ciudadela Real de Minas, una noche en la que fui a escuchar la presentaci\u00f3n de artistas nuestros a quienes \u00e9l hab\u00eda venido a acompa\u00f1ar en el \u00f3rgano, como el dueto <em>Mann\u00e1<\/em>. Me lo presentaron Carlos Manrique, integrante del dueto, y V\u00edctor Su\u00e1rez, el maestro de ceremonias. Estaba vestido de esmoquin negro, fue muy c\u00e1lido y amable, me felicit\u00f3 por mis canciones y se lament\u00f3 de que las emisoras no apoyaran la m\u00fasica andina del pa\u00eds. Me sent\u00ed, por supuesto, parado frente a una instituci\u00f3n de la cultura nacional de Colombia. Esa noche record\u00e9 la tarde en que conoc\u00ed al maestro Jos\u00e9 A. Morales, el sastre que dise\u00f1aba, cortaba y confeccionaba sus elegantes trajes, como el que luc\u00eda aquel d\u00eda de 1978 en que lo vi por primera y \u00fanica vez en el edificio de la Gobernaci\u00f3n de Santander.<\/p>\n<p>&nbsp;<\/p>\n<p><img loading=\"lazy\" decoding=\"async\" src=\"https:\/\/lapiedrafilosofal.com\/wp-content\/uploads\/2017\/11\/JAIME-LLANO-Y-JOSE-A-MORALES.jpg\" alt=\"\" width=\"480\" height=\"360\" class=\"aligncenter size-full wp-image-24014\" srcset=\"https:\/\/oscarhumbertogomez.com\/wp-content\/uploads\/2017\/11\/JAIME-LLANO-Y-JOSE-A-MORALES.jpg 480w, https:\/\/oscarhumbertogomez.com\/wp-content\/uploads\/2017\/11\/JAIME-LLANO-Y-JOSE-A-MORALES-300x225.jpg 300w\" sizes=\"auto, (max-width: 480px) 100vw, 480px\" \/><\/p>\n<p>&nbsp;<\/p>\n<p>Con Jaime Llano Gonz\u00e1lez se nos va uno de los \u00faltimos sobrevivientes de esa generaci\u00f3n fruct\u00edfera que nos leg\u00f3 las canciones m\u00e1s inmortales del folclor andino colombiano y a la que pertenecieron, entre otros, Dar\u00edo Garz\u00f3n, Eduardo Collazos, Jorge Villamil, Oriol Rangel, Manuel J. Bernal, Berenice Ch\u00e1vez, Jaime Mart\u00ednez y Mario Mart\u00ednez, para no citar sino a los que en este momento se me vienen a la memoria.<\/p>\n<p>&nbsp;<\/p>\n<p><img loading=\"lazy\" decoding=\"async\" class=\"aligncenter size-full wp-image-24003\" src=\"https:\/\/lapiedrafilosofal.com\/wp-content\/uploads\/2017\/11\/JAIME-LLANO-GONZALEZ.jpeg\" alt=\"\" width=\"385\" height=\"613\" srcset=\"https:\/\/oscarhumbertogomez.com\/wp-content\/uploads\/2017\/11\/JAIME-LLANO-GONZALEZ.jpeg 385w, https:\/\/oscarhumbertogomez.com\/wp-content\/uploads\/2017\/11\/JAIME-LLANO-GONZALEZ-188x300.jpeg 188w\" sizes=\"auto, (max-width: 385px) 100vw, 385px\" \/><\/p>\n<p>&nbsp;<\/p>\n<p>Es inevitable: a los artistas solo se les puede despedir con sus obras; a los m\u00fasicos, con su m\u00fasica; a Jaime Llano Gonz\u00e1lez, con su \u00f3rgano, el nuevo s\u00edmbolo hist\u00f3rico de la canci\u00f3n colombiana, que hoy ingresa a la inmortalidad.<\/p>\n<p>\u00a1Buen tiempo y buena mar, maestro, en el viaje que ha emprendido hacia la gloria!<\/p>\n<p>&nbsp;<\/p>\n<p><iframe loading=\"lazy\" src=\"https:\/\/www.youtube-nocookie.com\/embed\/uNjKaTesqn0?rel=0&amp;controls=0&amp;showinfo=0\" width=\"560\" height=\"315\" frameborder=\"0\" allowfullscreen=\"allowfullscreen\"><\/iframe><br \/>\n&nbsp;<\/p>\n<p>&nbsp;<\/p>\n","protected":false},"excerpt":{"rendered":"<p>&nbsp; Jaime Llano Gonz\u00e1lez, maestro por excelencia de la m\u00fasica nacional de Colombia, acaba de fallecer en la ciudad de Bogot\u00e1. &nbsp; Oriundo del municipio antioque\u00f1o de Titirib\u00ed, a su pueblo le compuso una de sus pocas canciones instrumentales (sin &hellip; <a href=\"https:\/\/oscarhumbertogomez.com\/?p=24002\">Sigue leyendo <span class=\"meta-nav\">&rarr;<\/span><\/a><\/p>\n<div class='heateorSssClear'><\/div><div  class='heateor_sss_sharing_container heateor_sss_horizontal_sharing' heateor-sss-data-href='https:\/\/oscarhumbertogomez.com\/?p=24002'><div class='heateor_sss_sharing_title' style=\"font-weight:bold\" >\u00a1Gracias por compartirla!<\/div><ul class=\"heateor_sss_sharing_ul\"><li class=\"heateorSssSharingRound\"><i style=\"width:35px;height:35px;border-radius:999px;\" alt=\"Facebook\" Title=\"Facebook\" class=\"heateorSssSharing heateorSssFacebookBackground\" onclick='heateorSssPopup(\"https:\/\/www.facebook.com\/sharer\/sharer.php?u=https%3A%2F%2Foscarhumbertogomez.com%2Findex.php%3Frest_route%3D%252Fwp%252Fv2%252Fposts%252F24002\")'><ss style=\"display:block;border-radius:999px;\" class=\"heateorSssSharingSvg heateorSssFacebookSvg\"><\/ss><\/i><\/li><li class=\"heateorSssSharingRound\"><i style=\"width:35px;height:35px;border-radius:999px;\" alt=\"Twitter\" Title=\"Twitter\" class=\"heateorSssSharing heateorSssTwitterBackground\" onclick='heateorSssPopup(\"http:\/\/twitter.com\/intent\/tweet?text=%C2%A1HASTA%20SIEMPRE%2C%20MAESTRO%20JAIME%20LLANO%20GONZ%C3%81LEZ%21%20Por%20%C3%93scar%20Humberto%20G%C3%B3mez%20G%C3%B3mez&url=https%3A%2F%2Foscarhumbertogomez.com%2Findex.php%3Frest_route%3D%252Fwp%252Fv2%252Fposts%252F24002\")'><ss style=\"display:block;border-radius:999px;\" class=\"heateorSssSharingSvg heateorSssTwitterSvg\"><\/ss><\/i><\/li><li class=\"heateorSssSharingRound\"><i style=\"width:35px;height:35px;border-radius:999px;\" alt=\"Whatsapp\" Title=\"Whatsapp\" class=\"heateorSssSharing heateorSssWhatsappBackground\" onclick='heateorSssPopup(\"https:\/\/web.whatsapp.com\/send?text=%C2%A1HASTA%20SIEMPRE%2C%20MAESTRO%20JAIME%20LLANO%20GONZ%C3%81LEZ%21%20Por%20%C3%93scar%20Humberto%20G%C3%B3mez%20G%C3%B3mez https%3A%2F%2Foscarhumbertogomez.com%2Findex.php%3Frest_route%3D%252Fwp%252Fv2%252Fposts%252F24002\")'><ss style=\"display:block\" class=\"heateorSssSharingSvg heateorSssWhatsappSvg\"><\/ss><\/i><\/li><li class=\"heateorSssSharingRound\"><i style=\"width:35px;height:35px;border-radius:999px;\" alt=\"Pinterest\" Title=\"Pinterest\" class=\"heateorSssSharing heateorSssPinterestBackground\" onclick=\"javascript:void( (function() {var e=document.createElement('script' );e.setAttribute('type','text\/javascript' );e.setAttribute('charset','UTF-8' );e.setAttribute('src','\/\/assets.pinterest.com\/js\/pinmarklet.js?r='+Math.random()*99999999);document.body.appendChild(e)})());\"><ss style=\"display:block;border-radius:999px;\" class=\"heateorSssSharingSvg heateorSssPinterestSvg\"><\/ss><\/i><\/li><li class=\"heateorSssSharingRound\"><i style=\"width:35px;height:35px;border-radius:999px;\" alt=\"Google Gmail\" Title=\"Google Gmail\" class=\"heateorSssSharing heateorSssGoogleGmailBackground\" onclick='heateorSssPopup(\"https:\/\/mail.google.com\/mail\/?ui=2&view=cm&fs=1&tf=1&su=%C2%A1HASTA%20SIEMPRE%2C%20MAESTRO%20JAIME%20LLANO%20GONZ%C3%81LEZ%21%20Por%20%C3%93scar%20Humberto%20G%C3%B3mez%20G%C3%B3mez&body=Link:https%3A%2F%2Foscarhumbertogomez.com%2Findex.php%3Frest_route%3D%252Fwp%252Fv2%252Fposts%252F24002\")'><ss style=\"display:block;border-radius:999px;\" class=\"heateorSssSharingSvg heateorSssGoogleGmailSvg\"><\/ss><\/i><\/li><li class=\"heateorSssSharingRound\"><i style=\"width:35px;height:35px;border-radius:999px;\" title=\"More\" alt=\"More\" class=\"heateorSssSharing heateorSssMoreBackground\" onclick=\"heateorSssMoreSharingPopup(this, 'https:\/\/oscarhumbertogomez.com\/index.php?rest_route=%2Fwp%2Fv2%2Fposts%2F24002', '%C2%A1HASTA%20SIEMPRE%2C%20MAESTRO%20JAIME%20LLANO%20GONZ%C3%81LEZ%21%20Por%20%C3%93scar%20Humberto%20G%C3%B3mez%20G%C3%B3mez', '' )\" ><ss style=\"display:block\" class=\"heateorSssSharingSvg heateorSssMoreSvg\"><\/ss><\/i><\/li><\/ul><div class=\"heateorSssClear\"><\/div><\/div><div class='heateorSssClear'><\/div>","protected":false},"author":2,"featured_media":0,"comment_status":"open","ping_status":"open","sticky":false,"template":"","format":"standard","meta":{"spay_email":"","footnotes":""},"categories":[8],"tags":[],"class_list":["post-24002","post","type-post","status-publish","format-standard","hentry","category-musica"],"jetpack_featured_media_url":"","jetpack_shortlink":"https:\/\/wp.me\/p1FYrr-6f8","_links":{"self":[{"href":"https:\/\/oscarhumbertogomez.com\/index.php?rest_route=\/wp\/v2\/posts\/24002","targetHints":{"allow":["GET"]}}],"collection":[{"href":"https:\/\/oscarhumbertogomez.com\/index.php?rest_route=\/wp\/v2\/posts"}],"about":[{"href":"https:\/\/oscarhumbertogomez.com\/index.php?rest_route=\/wp\/v2\/types\/post"}],"author":[{"embeddable":true,"href":"https:\/\/oscarhumbertogomez.com\/index.php?rest_route=\/wp\/v2\/users\/2"}],"replies":[{"embeddable":true,"href":"https:\/\/oscarhumbertogomez.com\/index.php?rest_route=%2Fwp%2Fv2%2Fcomments&post=24002"}],"version-history":[{"count":5,"href":"https:\/\/oscarhumbertogomez.com\/index.php?rest_route=\/wp\/v2\/posts\/24002\/revisions"}],"predecessor-version":[{"id":51130,"href":"https:\/\/oscarhumbertogomez.com\/index.php?rest_route=\/wp\/v2\/posts\/24002\/revisions\/51130"}],"wp:attachment":[{"href":"https:\/\/oscarhumbertogomez.com\/index.php?rest_route=%2Fwp%2Fv2%2Fmedia&parent=24002"}],"wp:term":[{"taxonomy":"category","embeddable":true,"href":"https:\/\/oscarhumbertogomez.com\/index.php?rest_route=%2Fwp%2Fv2%2Fcategories&post=24002"},{"taxonomy":"post_tag","embeddable":true,"href":"https:\/\/oscarhumbertogomez.com\/index.php?rest_route=%2Fwp%2Fv2%2Ftags&post=24002"}],"curies":[{"name":"wp","href":"https:\/\/api.w.org\/{rel}","templated":true}]}}