{"id":2403,"date":"2012-03-30T23:41:38","date_gmt":"2012-03-31T04:41:38","guid":{"rendered":"http:\/\/www.oscarhumbertogomez.com\/?p=2403"},"modified":"2025-04-01T16:30:40","modified_gmt":"2025-04-01T21:30:40","slug":"la-ineficacia-de-los-correos-en-colombia-y-la-carta-a-garcia-en-los-tiempos-de-hoy","status":"publish","type":"post","link":"https:\/\/oscarhumbertogomez.com\/?p=2403","title":{"rendered":"La ineficacia de los correos en Colombia y &#8220;La carta a Garc\u00eda&#8221; en los tiempos de hoy. Por \u00d3scar Humberto G\u00f3mez G\u00f3mez"},"content":{"rendered":"<div id=\"attachment_49906\" style=\"width: 650px\" class=\"wp-caption aligncenter\"><img loading=\"lazy\" decoding=\"async\" aria-describedby=\"caption-attachment-49906\" class=\"size-large wp-image-49906\" src=\"https:\/\/oscarhumbertogomez.com\/wp-content\/uploads\/2011\/06\/WhatsApp-Image-2025-01-19-at-16.33.19-1024x690.jpeg\" alt=\"\" width=\"640\" height=\"431\" srcset=\"https:\/\/oscarhumbertogomez.com\/wp-content\/uploads\/2011\/06\/WhatsApp-Image-2025-01-19-at-16.33.19-1024x690.jpeg 1024w, https:\/\/oscarhumbertogomez.com\/wp-content\/uploads\/2011\/06\/WhatsApp-Image-2025-01-19-at-16.33.19-300x202.jpeg 300w, https:\/\/oscarhumbertogomez.com\/wp-content\/uploads\/2011\/06\/WhatsApp-Image-2025-01-19-at-16.33.19-768x517.jpeg 768w, https:\/\/oscarhumbertogomez.com\/wp-content\/uploads\/2011\/06\/WhatsApp-Image-2025-01-19-at-16.33.19.jpeg 1280w\" sizes=\"auto, (max-width: 640px) 100vw, 640px\" \/><p id=\"caption-attachment-49906\" class=\"wp-caption-text\">\u00d3SCAR HUMBERTO G\u00d3MEZ G\u00d3MEZ. Fotograf\u00eda de Nylse Blackburn. 2009<\/p><\/div>\n<p>&nbsp;<\/p>\n<p>Definitivamente, la ineficacia, la pereza y la falta de iniciativa se est\u00e1n apoderando de nuestros correos. Y esa lamentable realidad conduce, inexorablemente, a otra: la flagrante violaci\u00f3n del derecho de las personas a comunicarse. Y esta, a otra m\u00e1s: al sacrificio de los derechos de las personas por culpa del correo.<\/p>\n<p>Y es que el mensajero que no entrega el correo talvez ignora que esa omisi\u00f3n puede significar el que una viuda y unos hu\u00e9rfanos o una persona mutilada se queden sin indemnizaci\u00f3n, o que un preso deba resignarse a permanecer en la c\u00e1rcel porque su apelaci\u00f3n fue tard\u00eda.<\/p>\n<p>&nbsp;<\/p>\n<p><img decoding=\"async\" class=\"aligncenter size-full wp-image-2408\" title=\"Carta a Garc\u00eda.\" src=\"https:\/\/lapiedrafilosofal.com\/wp-content\/uploads\/2011\/12\/Carta-a-Garc\u00eda..jpg\" alt=\"\" width=\"500\" height=\"\" srcset=\"https:\/\/oscarhumbertogomez.com\/wp-content\/uploads\/2011\/12\/Carta-a-Garc\u00eda..jpg 337w, https:\/\/oscarhumbertogomez.com\/wp-content\/uploads\/2011\/12\/Carta-a-Garc\u00eda.-186x300.jpg 186w\" sizes=\"(max-width: 337px) 100vw, 337px\" \/><\/p>\n<p>&nbsp;<\/p>\n<p>Las empresas 472, Avianca Deprisa y Servientrega han venido gener\u00e1ndonos una profunda preocupaci\u00f3n. No es admisible que, por ejemplo, nos haya sido devuelto sin entregar un sobre dirigido al Tribunal Administrativo de Cundinamarca Secci\u00f3n Tercera Subsecci\u00f3n A. Secretar\u00eda, pese a haberse anotado en el sobre, adem\u00e1s de lo que se acaba de describir, la direcci\u00f3n exacta del edificio donde queda dicho tribunal, el nombre completo del magistrado a cargo del proceso, los datos de \u00e9ste, vale decir, su n\u00famero de radicaci\u00f3n, la clase de proceso y las partes, s\u00f3lo porque no pudimos dar el n\u00famero exacto de la oficina donde est\u00e1 ubicada la secretar\u00eda o donde funciona el despacho del magistrado dentro de aquel edificio, dato que ignor\u00e1bamos y seguimos ignorando. Y que, estamos seguros, ignora todo el mundo.<\/p>\n<p>&nbsp;<\/p>\n<div id=\"attachment_2409\" style=\"width: 260px\" class=\"wp-caption aligncenter\"><img decoding=\"async\" aria-describedby=\"caption-attachment-2409\" class=\"size-full wp-image-2409\" title=\"CARTERO cantinflas\" src=\"https:\/\/lapiedrafilosofal.com\/wp-content\/uploads\/2011\/12\/CARTERO-cantinflas.jpg\" alt=\"\" width=\"500\" height=\"\" srcset=\"https:\/\/oscarhumbertogomez.com\/wp-content\/uploads\/2011\/12\/CARTERO-cantinflas.jpg 250w, https:\/\/oscarhumbertogomez.com\/wp-content\/uploads\/2011\/12\/CARTERO-cantinflas-225x300.jpg 225w\" sizes=\"(max-width: 250px) 100vw, 250px\" \/><p id=\"caption-attachment-2409\" class=\"wp-caption-text\">DENTRO DE LOS PERSONAJES QUE INTERPRET\u00d3 EN SUS PEL\u00cdCULAS, MARIO MORENO &#8220;CANTINFLAS&#8221; EXALT\u00d3 AL CARTERO MEXICANO EN EL FILME &#8220;ENTREGA INMEDIATA&#8221;<\/p><\/div>\n<p>&nbsp;<\/p>\n<p>Tampoco es aceptable que haya sido regresado sin entregar un sobre dirigido a uno de nuestros clientes, residente en el barrio Entrerr\u00edos de Bogot\u00e1, a pesar de haberse anotado su nombre y su direcci\u00f3n exacta, solamente porque a la empleada de la empresa de correos que aqu\u00ed llen\u00f3 los datos le dio por &#8220;interpretar&#8221; la reconocida expresi\u00f3n &#8220;AC&#8221; (Avenida Calle) como &#8220;Avenida Caracas&#8221;.<\/p>\n<p>&nbsp;<\/p>\n<div id=\"attachment_2410\" style=\"width: 510px\" class=\"wp-caption aligncenter\"><img loading=\"lazy\" decoding=\"async\" aria-describedby=\"caption-attachment-2410\" class=\"size-full wp-image-2410\" title=\"CARTERO jaimito-el-cartero\" src=\"https:\/\/lapiedrafilosofal.com\/wp-content\/uploads\/2011\/12\/CARTERO-jaimito-el-cartero.jpg\" alt=\"\" width=\"500\" height=\"377\" srcset=\"https:\/\/oscarhumbertogomez.com\/wp-content\/uploads\/2011\/12\/CARTERO-jaimito-el-cartero.jpg 500w, https:\/\/oscarhumbertogomez.com\/wp-content\/uploads\/2011\/12\/CARTERO-jaimito-el-cartero-300x226.jpg 300w\" sizes=\"auto, (max-width: 500px) 100vw, 500px\" \/><p id=\"caption-attachment-2410\" class=\"wp-caption-text\">EL ACTOR MEXICANO RA\u00daL &#8220;CHATO&#8221; PADILLA INTERPRETANDO AL PERSONAJE &#8220;JAIMITO EL CARTERO&#8221; EN LA SERIE DE TELEVISI\u00d3N &#8220;EL CHAVO DEL OCHO&#8221;. A SU LADO, EL ACTOR Y LIBRETISTA ROBERTO G\u00d3MEZ BOLA\u00d1OS COMO &#8220;EL CHAVO&#8221;<\/p><\/div>\n<p>&nbsp;<\/p>\n<p>Lo obvio era que, en el primer caso, el inepto mensajero se molestara en preguntarles a los vigilantes o porteros del edificio d\u00f3nde quedaba la oficina de ese magistrado o d\u00f3nde la secretar\u00eda, y en el segundo caso el incapaz mensajero concluyera que si en la avenida Caracas no aparec\u00eda esa nomenclatura, era porque podr\u00eda referirse a la &#8220;Avenida Calle&#8221;. Eran razonamientos inherentes a su trabajo cotidiano.<\/p>\n<p>Ninguno de los dos sobres, pues, lleg\u00f3 a manos de su destinatario. En el primer caso, un mensajero que no se digna abrir la boca para hacer una pregunta. En el segundo, una confluencia de ineptitudes: a la ineptitud de la empleada que llena los datos aqu\u00ed se une la del mensajero que debe entregar el sobre all\u00e1. \u00a1Ineptitud por todas partes! Ambos sobres solamente fueron de Bucaramanga a Bogot\u00e1 de paseo.<\/p>\n<p>&nbsp;<\/p>\n<div id=\"attachment_2411\" style=\"width: 330px\" class=\"wp-caption aligncenter\"><img decoding=\"async\" aria-describedby=\"caption-attachment-2411\" class=\"size-full wp-image-2411\" title=\"Carta a Garc\u00eda. Fotograf\u00eda de su autor, Elbert Hubbard\" src=\"https:\/\/lapiedrafilosofal.com\/wp-content\/uploads\/2011\/12\/Carta-a-Garc\u00eda.-Fotograf\u00eda-de-su-autor-Elbert-Hubbard.jpg\" alt=\"\" width=\"500\" height=\"\" srcset=\"https:\/\/oscarhumbertogomez.com\/wp-content\/uploads\/2011\/12\/Carta-a-Garc\u00eda.-Fotograf\u00eda-de-su-autor-Elbert-Hubbard.jpg 320w, https:\/\/oscarhumbertogomez.com\/wp-content\/uploads\/2011\/12\/Carta-a-Garc\u00eda.-Fotograf\u00eda-de-su-autor-Elbert-Hubbard-240x300.jpg 240w\" sizes=\"(max-width: 320px) 100vw, 320px\" \/><p id=\"caption-attachment-2411\" class=\"wp-caption-text\">ELBERT HUBBARD, AUTOR DE &#8220;LA CARTA A GARC\u00cdA&#8221;<\/p><\/div>\n<p>&nbsp;<\/p>\n<p>Perm\u00edtannos a\u00f1adir una situaci\u00f3n anecd\u00f3tica adicional que est\u00e1 teniendo ocurrencia en el Centro Empresarial Chicamocha de Bucaramanga, sede de nuestras oficinas. Resulta que como en nuestras oficinas hay aire acondicionado, la puerta de ingreso a ellas permanece cerrada. Hay una placa que indica el horario de atenci\u00f3n al p\u00fablico y existe un cit\u00f3fono que permite timbrar y hablar a trav\u00e9s de \u00e9l con la persona que contesta dentro de la oficina. Sin embargo, el mensajero que reparte la correspondencia tan pronto observa que est\u00e1 cerrado pasa de largo. En alguna ocasi\u00f3n logramos pillarlo cuando ya se alejaba, lo llamamos, le hicimos el reclamo y fue entonces cuando nos dio la explicaci\u00f3n sobre el por qu\u00e9 se estaba retirando: &#8220;Como vi cerrado, yo pens\u00e9 que no hab\u00eda nadie&#8221;, nos argument\u00f3. Dado que, a pesar de nuestras amables advertencias el problema continu\u00f3, optamos por colocar un aviso dirigido a \u00e9l felicit\u00e1ndolo por su tarea y exhort\u00e1ndolo a que cuando encuentre cerrado -que ser\u00e1 siempre- se digne oprimir el timbre del cit\u00f3fono. A\u00fan no sabemos si esta idea tendr\u00e1 \u00e9xito.<\/p>\n<p>&nbsp;<\/p>\n<p><span style=\"color: #ff6600;\"><strong><img loading=\"lazy\" decoding=\"async\" class=\"aligncenter size-full wp-image-3480\" title=\"BURRO\" src=\"https:\/\/lapiedrafilosofal.com\/wp-content\/uploads\/2012\/03\/BURRO.jpg\" alt=\"\" width=\"500\" height=\"375\" srcset=\"https:\/\/oscarhumbertogomez.com\/wp-content\/uploads\/2012\/03\/BURRO.jpg 500w, https:\/\/oscarhumbertogomez.com\/wp-content\/uploads\/2012\/03\/BURRO-300x225.jpg 300w\" sizes=\"auto, (max-width: 500px) 100vw, 500px\" \/><img loading=\"lazy\" decoding=\"async\" class=\"aligncenter size-full wp-image-3481\" title=\"Avianca A380 b\" src=\"https:\/\/lapiedrafilosofal.com\/wp-content\/uploads\/2012\/03\/Avianca-A380-b.jpg\" alt=\"\" width=\"640\" height=\"380\" srcset=\"https:\/\/oscarhumbertogomez.com\/wp-content\/uploads\/2012\/03\/Avianca-A380-b.jpg 640w, https:\/\/oscarhumbertogomez.com\/wp-content\/uploads\/2012\/03\/Avianca-A380-b-300x178.jpg 300w\" sizes=\"auto, (max-width: 640px) 100vw, 640px\" \/><\/strong><\/span><\/p>\n<p>&nbsp;<\/p>\n<p>Para no extendernos m\u00e1s en esta entrada, reservamos para otra lo acaecido en instituciones como el Banco Agrario, el Hospital Universitario Ram\u00f3n Gonz\u00e1lez Valencia, la Fiscal\u00eda General de la Naci\u00f3n, el Ministerio de Transporte y, por supuesto, nuestra Administraci\u00f3n de Justicia, entre otras. As\u00ed veremos que esta abulia insoportable no es exclusiva de los correos, sino que nos estamos sumergiendo desde a\u00f1os atr\u00e1s en las honduras de una preocupante mediocridad. Acaso eso explique nuestro inmemorial atraso y, en buena parte, la irascibilidad y el estr\u00e9s que nos agobian.<\/p>\n<p>&nbsp;<\/p>\n<p><img loading=\"lazy\" decoding=\"async\" class=\"aligncenter size-full wp-image-2385\" title=\"pluma_tintero_violeta1\" src=\"https:\/\/lapiedrafilosofal.com\/wp-content\/uploads\/2011\/06\/pluma_tintero_violeta1.png\" alt=\"\" width=\"568\" height=\"420\" srcset=\"https:\/\/oscarhumbertogomez.com\/wp-content\/uploads\/2011\/06\/pluma_tintero_violeta1.png 568w, https:\/\/oscarhumbertogomez.com\/wp-content\/uploads\/2011\/06\/pluma_tintero_violeta1-300x221.png 300w\" sizes=\"auto, (max-width: 568px) 100vw, 568px\" \/><\/p>\n<p>&nbsp;<\/p>\n<p>Pues bien:<\/p>\n<p>Las amargas experiencias que hemos vivido con los correos de hoy en d\u00eda nos han tra\u00eddo a la memoria un viejo texto literario, una especie de libro breve, o de art\u00edculo largo, o de folleto (no sabr\u00edamos exactamente qu\u00e9 nombre darle), el cual, en todo caso, le\u00edmos en la cartilla <em>Lecturas escolares de \u00c1lvaro Mar\u00edn <\/em>por all\u00e1 en el a\u00f1o 1965 cuando curs\u00e1bamos 4o. de primaria en la Concentraci\u00f3n Escolar de Varones Jos\u00e9 Camacho Carre\u00f1o. &nbsp;Esa obra diminuta se llama LA CARTA A GARC\u00cdA y se refiere a un episodio decisivo en la guerra de Independencia que Cuba libraba frente a Espa\u00f1a.<\/p>\n<p>&nbsp;<\/p>\n<p><img decoding=\"async\" class=\"aligncenter size-full wp-image-2407\" title=\"CARTA A GARC\u00cdA\" src=\"https:\/\/lapiedrafilosofal.com\/wp-content\/uploads\/2011\/12\/CARTA-A-GARC\u00cdA.jpg\" alt=\"\" width=\"500\" height=\"\" srcset=\"https:\/\/oscarhumbertogomez.com\/wp-content\/uploads\/2011\/12\/CARTA-A-GARC\u00cdA.jpg 320w, https:\/\/oscarhumbertogomez.com\/wp-content\/uploads\/2011\/12\/CARTA-A-GARC\u00cdA-300x236.jpg 300w\" sizes=\"(max-width: 320px) 100vw, 320px\" \/><\/p>\n<p>&nbsp;<\/p>\n<p>Ocurri\u00f3 que al presidente de los Estados Unidos le urg\u00eda enviarle una carta al general Calixto Garc\u00eda, oficial cubano cuyo paradero se desconoc\u00eda por completo. El mensaje era de tal importancia, que definir\u00eda nada menos que la guerra. La carta estaba lista, pero la gran pregunta era: \u00bfc\u00f3mo hac\u00e9rsela llegar a su destinatario? Alguien le sugiri\u00f3 al Jefe de Estado que enviara, a llevar la carta, a un tal Rowan, de quien sab\u00eda que era un hombre diligente. A Rowan le entregaron la misiva dici\u00e9ndole, simplemente: &#8220;Ll\u00e9vele esta carta a Garc\u00eda&#8221;, y \u00e9l, sin hacer en ese momento ninguna pregunta acerca de qui\u00e9n diablos era Garc\u00eda, ni sobre la ubicaci\u00f3n, al menos aproximada, del desconocido destinatario, ni solicitar alg\u00fan dato adicional que le facilitara la b\u00fasqueda, se fue a llevar el sobre y, efectivamente, luego de investigar en torno a la persona a la que le deb\u00eda entregar la carta, de embarcarse en un puerto norteamericano, de navegar hasta Cuba, de internarse en el desconocido pa\u00eds y de varios d\u00edas de averiguaciones, viajes, penalidades, extrav\u00edos, peligros, adversidades y aventuras, termin\u00f3 entreg\u00e1ndole personalmente la carta al general Garc\u00eda. A partir de este hecho hist\u00f3rico, el escritor norteamericano Elbert Hubbard, y gracias a un sorpresivo y atinado comentario que hace su hijo, con quien est\u00e1 departiendo mientras toman el t\u00e9, opta por escribir, en apenas una hora, LA CARTA A GARC\u00cdA, que pronto, para su inmensa sorpresa, se convierte en un <em>best-seller<\/em>, no s\u00f3lo dentro de Norteam\u00e9rica, sino a lo largo y ancho del mundo, donde es traducida a los m\u00e1s diversos idiomas y en poco tiempo alcanza la bicoca de cuarenta millones de ejemplares.<\/p>\n<p>&nbsp;<\/p>\n<div id=\"attachment_2441\" style=\"width: 310px\" class=\"wp-caption aligncenter\"><a href=\"https:\/\/lapiedrafilosofal.com\/wp-content\/uploads\/2011\/12\/MCKINLEY-WILLIAM.jpg\"><img decoding=\"async\" aria-describedby=\"caption-attachment-2441\" class=\"size-medium wp-image-2441\" title=\"MCKINLEY, WILLIAM\" src=\"https:\/\/lapiedrafilosofal.com\/wp-content\/uploads\/2011\/12\/MCKINLEY-WILLIAM-300x200.jpg\" alt=\"\" width=\"500\" height=\"\" srcset=\"https:\/\/oscarhumbertogomez.com\/wp-content\/uploads\/2011\/12\/MCKINLEY-WILLIAM-300x200.jpg 300w, https:\/\/oscarhumbertogomez.com\/wp-content\/uploads\/2011\/12\/MCKINLEY-WILLIAM.jpg 600w\" sizes=\"(max-width: 300px) 100vw, 300px\" \/><\/a><p id=\"caption-attachment-2441\" class=\"wp-caption-text\">PRESIDENTE WILLIAM MCKINLEY, REMITENTE DE LA CARTA A GARC\u00cdA<\/p><\/div>\n<p>&nbsp;<\/p>\n<div id=\"attachment_2437\" style=\"width: 410px\" class=\"wp-caption aligncenter\"><img decoding=\"async\" aria-describedby=\"caption-attachment-2437\" class=\"size-full wp-image-2437\" title=\"CalixtoGarcia\" src=\"https:\/\/lapiedrafilosofal.com\/wp-content\/uploads\/2011\/12\/CalixtoGarcia.jpg\" alt=\"\" width=\"500\" height=\"\" srcset=\"https:\/\/oscarhumbertogomez.com\/wp-content\/uploads\/2011\/12\/CalixtoGarcia.jpg 400w, https:\/\/oscarhumbertogomez.com\/wp-content\/uploads\/2011\/12\/CalixtoGarcia-300x285.jpg 300w\" sizes=\"(max-width: 400px) 100vw, 400px\" \/><p id=\"caption-attachment-2437\" class=\"wp-caption-text\">GENERAL CALIXTO GARC\u00cdA (DE BIGOTE BLANCO Y BOTAS)<\/p><\/div>\n<p>&nbsp;<\/p>\n<div id=\"attachment_2438\" style=\"width: 278px\" class=\"wp-caption aligncenter\"><img decoding=\"async\" aria-describedby=\"caption-attachment-2438\" class=\"size-full wp-image-2438\" title=\"calixto2\" src=\"https:\/\/lapiedrafilosofal.com\/wp-content\/uploads\/2011\/12\/calixto2.jpg\" alt=\"\" width=\"500\" height=\"\" srcset=\"https:\/\/oscarhumbertogomez.com\/wp-content\/uploads\/2011\/12\/calixto2.jpg 268w, https:\/\/oscarhumbertogomez.com\/wp-content\/uploads\/2011\/12\/calixto2-252x300.jpg 252w\" sizes=\"(max-width: 268px) 100vw, 268px\" \/><p id=\"caption-attachment-2438\" class=\"wp-caption-text\">GENERAL CALIXTO GARC\u00cdA (AL FRENTE)<\/p><\/div>\n<p>&nbsp;<\/p>\n<div id=\"attachment_2442\" style=\"width: 310px\" class=\"wp-caption aligncenter\"><img decoding=\"async\" aria-describedby=\"caption-attachment-2442\" class=\"size-medium wp-image-2442\" title=\"Carta a Garc\u00eda. Elbert Hubbard, el autor, tomando car\u00e9 y t\u00e9 con la fot\u00f3grafa norteamericana Frances Benjamin Johnston y un caballero no identificado. Washington. 1900.\" src=\"https:\/\/lapiedrafilosofal.com\/wp-content\/uploads\/2011\/12\/Carta-a-Garc\u00eda.-Elbert-Hubbard-el-autor-tomando-car\u00e9-y-t\u00e9-con-la-fot\u00f3grafa-norteamericana-Frances-Benjamin-Johnston-y-un-caballero-no-identificado.-Washington.-1900.--300x240.jpg\" alt=\"\" width=\"500\" height=\"\" srcset=\"https:\/\/oscarhumbertogomez.com\/wp-content\/uploads\/2011\/12\/Carta-a-Garc\u00eda.-Elbert-Hubbard-el-autor-tomando-car\u00e9-y-t\u00e9-con-la-fot\u00f3grafa-norteamericana-Frances-Benjamin-Johnston-y-un-caballero-no-identificado.-Washington.-1900.--300x240.jpg 300w, https:\/\/oscarhumbertogomez.com\/wp-content\/uploads\/2011\/12\/Carta-a-Garc\u00eda.-Elbert-Hubbard-el-autor-tomando-car\u00e9-y-t\u00e9-con-la-fot\u00f3grafa-norteamericana-Frances-Benjamin-Johnston-y-un-caballero-no-identificado.-Washington.-1900.-.jpg 865w\" sizes=\"(max-width: 300px) 100vw, 300px\" \/><p id=\"caption-attachment-2442\" class=\"wp-caption-text\">ELBERT HUBBARD, AUTOR DE &#8220;LA CARTA A GARC\u00cdA&#8221;, EN EL ESTUDIO DE LA FOT\u00d3GRAFA NORTEAMERICANA FRANCES BENJAMIN JOHNSTON. SE IGNORA LA IDENTIDAD DE LA PERSONA DEL MEDIO<\/p><\/div>\n<p>&nbsp;<\/p>\n\n\n<p><a class=\"rank-math-link\" href=\"https:\/\/es.slideshare.net\/slideshow\/libro-virtual-la-carta-a-garca-35447454\/35447454\">https:\/\/es.slideshare.net\/slideshow\/libro-virtual-la-carta-a-garca-35447454\/35447454<\/a><\/p>\n\n\n<p>&nbsp;<\/p>","protected":false},"excerpt":{"rendered":"<p>&nbsp; Definitivamente, la ineficacia, la pereza y la falta de iniciativa se est\u00e1n apoderando de nuestros correos. Y esa lamentable realidad conduce, inexorablemente, a otra: la flagrante violaci\u00f3n del derecho de las personas a comunicarse. Y esta, a otra m\u00e1s: &hellip; <a href=\"https:\/\/oscarhumbertogomez.com\/?p=2403\">Sigue leyendo <span class=\"meta-nav\">&rarr;<\/span><\/a><\/p>\n<div class='heateorSssClear'><\/div><div  class='heateor_sss_sharing_container heateor_sss_horizontal_sharing' heateor-sss-data-href='https:\/\/oscarhumbertogomez.com\/?p=2403'><div class='heateor_sss_sharing_title' style=\"font-weight:bold\" >\u00a1Gracias por compartirla!<\/div><ul class=\"heateor_sss_sharing_ul\"><li class=\"heateorSssSharingRound\"><i style=\"width:35px;height:35px;border-radius:999px;\" alt=\"Facebook\" Title=\"Facebook\" class=\"heateorSssSharing heateorSssFacebookBackground\" onclick='heateorSssPopup(\"https:\/\/www.facebook.com\/sharer\/sharer.php?u=https%3A%2F%2Foscarhumbertogomez.com%2Findex.php%3Frest_route%3D%252Fwp%252Fv2%252Fposts%252F2403\")'><ss style=\"display:block;border-radius:999px;\" class=\"heateorSssSharingSvg heateorSssFacebookSvg\"><\/ss><\/i><\/li><li class=\"heateorSssSharingRound\"><i style=\"width:35px;height:35px;border-radius:999px;\" alt=\"Twitter\" Title=\"Twitter\" class=\"heateorSssSharing heateorSssTwitterBackground\" onclick='heateorSssPopup(\"http:\/\/twitter.com\/intent\/tweet?text=La%20ineficacia%20de%20los%20correos%20en%20Colombia%20y%20%22La%20carta%20a%20Garc%C3%ADa%22%20en%20los%20tiempos%20de%20hoy.%20Por%20%C3%93scar%20Humberto%20G%C3%B3mez%20G%C3%B3mez&url=https%3A%2F%2Foscarhumbertogomez.com%2Findex.php%3Frest_route%3D%252Fwp%252Fv2%252Fposts%252F2403\")'><ss style=\"display:block;border-radius:999px;\" class=\"heateorSssSharingSvg heateorSssTwitterSvg\"><\/ss><\/i><\/li><li class=\"heateorSssSharingRound\"><i style=\"width:35px;height:35px;border-radius:999px;\" alt=\"Whatsapp\" Title=\"Whatsapp\" class=\"heateorSssSharing heateorSssWhatsappBackground\" onclick='heateorSssPopup(\"https:\/\/web.whatsapp.com\/send?text=La%20ineficacia%20de%20los%20correos%20en%20Colombia%20y%20%22La%20carta%20a%20Garc%C3%ADa%22%20en%20los%20tiempos%20de%20hoy.%20Por%20%C3%93scar%20Humberto%20G%C3%B3mez%20G%C3%B3mez https%3A%2F%2Foscarhumbertogomez.com%2Findex.php%3Frest_route%3D%252Fwp%252Fv2%252Fposts%252F2403\")'><ss style=\"display:block\" class=\"heateorSssSharingSvg heateorSssWhatsappSvg\"><\/ss><\/i><\/li><li class=\"heateorSssSharingRound\"><i style=\"width:35px;height:35px;border-radius:999px;\" alt=\"Pinterest\" Title=\"Pinterest\" class=\"heateorSssSharing heateorSssPinterestBackground\" onclick=\"javascript:void( (function() {var e=document.createElement('script' );e.setAttribute('type','text\/javascript' );e.setAttribute('charset','UTF-8' );e.setAttribute('src','\/\/assets.pinterest.com\/js\/pinmarklet.js?r='+Math.random()*99999999);document.body.appendChild(e)})());\"><ss style=\"display:block;border-radius:999px;\" class=\"heateorSssSharingSvg heateorSssPinterestSvg\"><\/ss><\/i><\/li><li class=\"heateorSssSharingRound\"><i style=\"width:35px;height:35px;border-radius:999px;\" alt=\"Google Gmail\" Title=\"Google Gmail\" class=\"heateorSssSharing heateorSssGoogleGmailBackground\" onclick='heateorSssPopup(\"https:\/\/mail.google.com\/mail\/?ui=2&view=cm&fs=1&tf=1&su=La%20ineficacia%20de%20los%20correos%20en%20Colombia%20y%20%22La%20carta%20a%20Garc%C3%ADa%22%20en%20los%20tiempos%20de%20hoy.%20Por%20%C3%93scar%20Humberto%20G%C3%B3mez%20G%C3%B3mez&body=Link:https%3A%2F%2Foscarhumbertogomez.com%2Findex.php%3Frest_route%3D%252Fwp%252Fv2%252Fposts%252F2403\")'><ss style=\"display:block;border-radius:999px;\" class=\"heateorSssSharingSvg heateorSssGoogleGmailSvg\"><\/ss><\/i><\/li><li class=\"heateorSssSharingRound\"><i style=\"width:35px;height:35px;border-radius:999px;\" title=\"More\" alt=\"More\" class=\"heateorSssSharing heateorSssMoreBackground\" onclick=\"heateorSssMoreSharingPopup(this, 'https:\/\/oscarhumbertogomez.com\/index.php?rest_route=%2Fwp%2Fv2%2Fposts%2F2403', 'La%20ineficacia%20de%20los%20correos%20en%20Colombia%20y%20%22La%20carta%20a%20Garc%C3%ADa%22%20en%20los%20tiempos%20de%20hoy.%20Por%20%C3%93scar%20Humberto%20G%C3%B3mez%20G%C3%B3mez', '' )\" ><ss style=\"display:block\" class=\"heateorSssSharingSvg heateorSssMoreSvg\"><\/ss><\/i><\/li><\/ul><div class=\"heateorSssClear\"><\/div><\/div><div class='heateorSssClear'><\/div>","protected":false},"author":2,"featured_media":0,"comment_status":"closed","ping_status":"closed","sticky":false,"template":"","format":"standard","meta":{"spay_email":"","footnotes":""},"categories":[1],"tags":[],"class_list":["post-2403","post","type-post","status-publish","format-standard","hentry","category-blog"],"jetpack_featured_media_url":"","jetpack_shortlink":"https:\/\/wp.me\/p1FYrr-CL","_links":{"self":[{"href":"https:\/\/oscarhumbertogomez.com\/index.php?rest_route=\/wp\/v2\/posts\/2403","targetHints":{"allow":["GET"]}}],"collection":[{"href":"https:\/\/oscarhumbertogomez.com\/index.php?rest_route=\/wp\/v2\/posts"}],"about":[{"href":"https:\/\/oscarhumbertogomez.com\/index.php?rest_route=\/wp\/v2\/types\/post"}],"author":[{"embeddable":true,"href":"https:\/\/oscarhumbertogomez.com\/index.php?rest_route=\/wp\/v2\/users\/2"}],"replies":[{"embeddable":true,"href":"https:\/\/oscarhumbertogomez.com\/index.php?rest_route=%2Fwp%2Fv2%2Fcomments&post=2403"}],"version-history":[{"count":4,"href":"https:\/\/oscarhumbertogomez.com\/index.php?rest_route=\/wp\/v2\/posts\/2403\/revisions"}],"predecessor-version":[{"id":53398,"href":"https:\/\/oscarhumbertogomez.com\/index.php?rest_route=\/wp\/v2\/posts\/2403\/revisions\/53398"}],"wp:attachment":[{"href":"https:\/\/oscarhumbertogomez.com\/index.php?rest_route=%2Fwp%2Fv2%2Fmedia&parent=2403"}],"wp:term":[{"taxonomy":"category","embeddable":true,"href":"https:\/\/oscarhumbertogomez.com\/index.php?rest_route=%2Fwp%2Fv2%2Fcategories&post=2403"},{"taxonomy":"post_tag","embeddable":true,"href":"https:\/\/oscarhumbertogomez.com\/index.php?rest_route=%2Fwp%2Fv2%2Ftags&post=2403"}],"curies":[{"name":"wp","href":"https:\/\/api.w.org\/{rel}","templated":true}]}}