{"id":24132,"date":"2017-11-25T11:21:46","date_gmt":"2017-11-25T16:21:46","guid":{"rendered":"http:\/\/www.oscarhumbertogomez.com\/?p=24132"},"modified":"2024-02-18T11:13:36","modified_gmt":"2024-02-18T16:13:36","slug":"los-paramos-no-se-tocan-por-jaime-forero-gomez","status":"publish","type":"post","link":"https:\/\/oscarhumbertogomez.com\/?p=24132","title":{"rendered":"LOS P\u00c1RAMOS NO SE TOCAN. Por: Dr. Jaime Forero G\u00f3mez, M.D. especialiado en Pediatr\u00eda y Cuidados Intensivos"},"content":{"rendered":"<p><strong>&nbsp;<\/strong><\/p>\n<p><img loading=\"lazy\" decoding=\"async\" src=\"https:\/\/lapiedrafilosofal.com\/wp-content\/uploads\/2017\/11\/JAIME-FORERO-GOMEZ.jpg\" alt=\"\" width=\"300\" height=\"300\" class=\"aligncenter size-full wp-image-24136\" srcset=\"https:\/\/oscarhumbertogomez.com\/wp-content\/uploads\/2017\/11\/JAIME-FORERO-GOMEZ.jpg 300w, https:\/\/oscarhumbertogomez.com\/wp-content\/uploads\/2017\/11\/JAIME-FORERO-GOMEZ-150x150.jpg 150w\" sizes=\"auto, (max-width: 300px) 100vw, 300px\" \/><\/p>\n<p><strong>&nbsp;<\/strong><\/p>\n<p><strong><em><span style=\"color: #ff0000;\"><strong>NOTA DEL PORTAL:<\/strong><\/span> El doctor Jaime Forero G\u00f3mez, prominente m\u00e9dico santandereano, especialista en Pediatr\u00eda y, adem\u00e1s, en Cuidados Intensivos, quien desde hace largos a\u00f1os goza de amplio reconocimiento profesional en nuestra tierra, y quien, en lo personal, nos honra con su amistad, public\u00f3 en su columna habitual del diario <em>Vanguardia Liberal<\/em> una serie titulada &#8220;Los p\u00e1ramos no se tocan&#8221;, en la que trat\u00f3 el tema de la explotaci\u00f3n aur\u00edfera a gran escala a la que se pretende someter el P\u00e1ramo de Santurb\u00e1n, ubicado en nuestro territorio. Con la venia de Vanguardia Liberal y de su autor, reproducimos los tres art\u00edculos, dado el inter\u00e9s que el asunto tiene para los santandereanos, incluidos, por supuesto, nuestros amigos. Nos gustar\u00eda conocer los argumentos cient\u00edficos, t\u00e9cnicos, hist\u00f3ricos, sociol\u00f3gicos y econ\u00f3micos de alguien <strong>que defienda la explotaci\u00f3n minera en aquel sector de nuestra geograf\u00eda<\/strong>, para extraer conclusiones claras, concretas y fundadas acerca de la espinosa cuesti\u00f3n. Ello, porque es evidente que aqu\u00ed se enfrenta la inviolabilidad de nuestros recursos naturales, especialmente de nuestros p\u00e1ramos, y la defensa de las fuentes de agua que surten a Bucaramanga, con la dependencia econ\u00f3mica de los pueblos de la subprovincia de Soto Norte respecto de la explotaci\u00f3n minera y lo que pareciera ser su decidido apoyo a Minesa y dem\u00e1s empresas aur\u00edferas extranjeras que se han venido, o pretenden venirse, a explotar el p\u00e1ramo para llevarse nuestro oro a cambio de lo que promete ser un alt\u00edsimo ingreso a favor de la Naci\u00f3n y una bonanza socioecon\u00f3mica para los pueblos de Soto Norte.<\/em><\/strong><\/p>\n<p><strong>&nbsp;<\/strong><\/p>\n<p><img loading=\"lazy\" decoding=\"async\" src=\"https:\/\/lapiedrafilosofal.com\/wp-content\/uploads\/2017\/11\/JAIME-FORERO-GOMEZ.jpg\" alt=\"\" width=\"300\" height=\"300\" class=\"aligncenter size-full wp-image-24136\" srcset=\"https:\/\/oscarhumbertogomez.com\/wp-content\/uploads\/2017\/11\/JAIME-FORERO-GOMEZ.jpg 300w, https:\/\/oscarhumbertogomez.com\/wp-content\/uploads\/2017\/11\/JAIME-FORERO-GOMEZ-150x150.jpg 150w\" sizes=\"auto, (max-width: 300px) 100vw, 300px\" \/><\/p>\n<p><strong>&nbsp;<\/strong><\/p>\n<p>[I]<\/p>\n<p>En 1992, la Conferencia de las Naciones Unidas sobre el Medio Ambiente y el Desarrollo (CNUMAD) emiti\u00f3 un documento, el cap\u00edtulo 13, denominado \u201cOrdenaci\u00f3n de ecosistemas fr\u00e1giles: desarrollo sostenible de las zonas de monta\u00f1a\u201d buscando mejorar la calidad ambiental global. Colombia hace parte de un importante n\u00famero de tratados, convenciones y protocolos que la obligan, entre otros, a proteger los p\u00e1ramos y humedales.<\/p>\n<p>\u00bfQu\u00e9 es un p\u00e1ramo y por qu\u00e9 en un mundo racional, no se tocan? El p\u00e1ramo es un ecosistema donde elementos como la vegetaci\u00f3n, el suelo y las rocas subterr\u00e1neas interceptan, producen y almacenan el agua. El p\u00e1ramo la almacena, al regular los flujos h\u00eddricos (acu\u00edferos) superficiales y subterr\u00e1neos. El 98% del agua dulce del mundo se encuentra almacenada en las rocas subterr\u00e1neas. Adem\u00e1s, los p\u00e1ramos albergan una rica fauna y flora end\u00e9mica. En las plazas de mercado y sitios donde se venden plantas medicinales, casi 243 especies de medicinales y arom\u00e1ticas se obtienen de los p\u00e1ramos, especialmente los localizados en la cordillera oriental; es decir, Santurb\u00e1n. As\u00ed nuestro objetivo gobierno no lo acepte, casi 30% de nuestra abandonada poblaci\u00f3n rural se \u201ccura\u201d con plantas medicinales. Intervenir un p\u00e1ramo significa mayor evaporaci\u00f3n del agua, aumento de la temperatura (Santurb\u00e1n es el aire acondicionado de Bucaramanga y alrededores), cambios biol\u00f3gicos de las plantas, modificaci\u00f3n de las migraciones de aves e insectos, disminuci\u00f3n de la polinizaci\u00f3n y desaparici\u00f3n y desertificaci\u00f3n de los bosques al ser reemplazados por ecosistemas m\u00e1s fr\u00e1giles y degradados. En los p\u00e1ramos de Los Andes, los pajonales que tanto se desprecian presentan la mayor reserva de carbono del universo, protegi\u00e9ndonos del cambio clim\u00e1tico; ni pensar qu\u00e9 significa para el mundo intervenir los p\u00e1ramos de nuestra cordillera. La forma de las plantas y estructura de las hojas de las rosetas gigantes de espeletia (planta) resisten el flujo de gas carb\u00f3nico y de calor, favoreciendo la fotos\u00edntesis y controlando el efecto invernadero. Romper las rocas subterr\u00e1neas del p\u00e1ramo, significa acabar la flora y fauna.<\/p>\n<p><strong>&nbsp;<\/strong><br \/>\n____________<\/p>\n<p><strong>&nbsp;<\/strong><\/p>\n<p><img loading=\"lazy\" decoding=\"async\" src=\"https:\/\/lapiedrafilosofal.com\/wp-content\/uploads\/2017\/11\/JAIME-FORERO-GOMEZ.jpg\" alt=\"\" width=\"300\" height=\"300\" class=\"aligncenter size-full wp-image-24136\" srcset=\"https:\/\/oscarhumbertogomez.com\/wp-content\/uploads\/2017\/11\/JAIME-FORERO-GOMEZ.jpg 300w, https:\/\/oscarhumbertogomez.com\/wp-content\/uploads\/2017\/11\/JAIME-FORERO-GOMEZ-150x150.jpg 150w\" sizes=\"auto, (max-width: 300px) 100vw, 300px\" \/><\/p>\n<p>[II]<\/p>\n<p>Despu\u00e9s de o\u00edr en d\u00edas pasados a los concejales ya conocidos opinando cosas absurdas sobre Santurb\u00e1n, demostrando ignorancia y negando la importancia que tiene el p\u00e1ramo para la sociedad y calidad de vida del humano, influyendo en el crecimiento y desarrollo de ni\u00f1os de \u00e1reas distantes como los Llanos Orientales, da tristeza pensar en la clase dirigente que nos orienta, que opina y decide sin analizar o estudiar un tema, vital para la vida humana futura.<\/p>\n<p>Duele ver c\u00f3mo nos manipulan y polarizan para poder destruir el p\u00e1ramo. \u00bfPor qu\u00e9 en pa\u00edses como Finlandia se ha prohibido la miner\u00eda a gran escala? \u00bfPor qu\u00e9 en Europa se han ido clausurando y prohibiendo las minas subterr\u00e1neas y a gran escala? La definici\u00f3n social y pol\u00edtica de p\u00e1ramo es una y la geogr\u00e1fica otra. La definici\u00f3n utilizada con fines pol\u00edticos y sociales lo conceptualiza como el territorio entre los bosques superiores y las nieves perpetuas. La definici\u00f3n geogr\u00e1fica estructural y ambiental, refiere que el \u00e1rea de p\u00e1ramos en una cordillera como Los Andes, nace en la base de la cordillera, hecho que para el caso de Santurb\u00e1n no se ha definido. Las monta\u00f1as donde hay p\u00e1ramos act\u00faan como esponjas que se comprimen y dilatan cuando hay invierno o verano proporcion\u00e1ndonos en todo momento agua, clima y humedad para vivir como un todo. La \u201cesponja\u201d deja de funcionar si la rellenan de concreto.<\/p>\n<p>Los p\u00e1ramos son el 1.7% del territorio colombiano pero aportan el 70% al consumo de agua. Simulaciones han demostrado que intervenir un p\u00e1ramo aumenta la temperatura de la regi\u00f3n en 1 a 2 grados cent\u00edgrados. Este incremento de temperatura en Bucaramanga aumentar\u00eda la incidencia de enfermedad respiratoria en ni\u00f1os en un 40% e impedir\u00eda la limpieza del aire que fen\u00f3menos como el sereno realizan cuando llega la noche. Esto significa mayor concentraci\u00f3n de PM2.5 que junto con el incremento de los metales pesados y ars\u00e9nico, aumentar\u00e1 la cifra de leucemia y otros c\u00e1nceres en ni\u00f1os. Me olvidaba, est\u00e1 confirmado que los quistes de seno, ovario y la endometriosis son tambi\u00e9n producidos por contaminantes.<\/p>\n<p><strong>&nbsp;<\/strong><br \/>\n____________<\/p>\n<p><strong>&nbsp;<\/strong><\/p>\n<p><img loading=\"lazy\" decoding=\"async\" src=\"https:\/\/lapiedrafilosofal.com\/wp-content\/uploads\/2017\/11\/JAIME-FORERO-GOMEZ.jpg\" alt=\"\" width=\"300\" height=\"300\" class=\"aligncenter size-full wp-image-24136\" srcset=\"https:\/\/oscarhumbertogomez.com\/wp-content\/uploads\/2017\/11\/JAIME-FORERO-GOMEZ.jpg 300w, https:\/\/oscarhumbertogomez.com\/wp-content\/uploads\/2017\/11\/JAIME-FORERO-GOMEZ-150x150.jpg 150w\" sizes=\"auto, (max-width: 300px) 100vw, 300px\" \/><\/p>\n<p><strong>&nbsp;<\/strong><\/p>\n<p>[III]<\/p>\n<p>La informaci\u00f3n que se comenta, siempre est\u00e1 estudiada y resumida de las revistas cient\u00edficas de salud m\u00e1s importantes del mundo. Como algunas personas ponen en duda estas notas, los invito a escribirme y con gusto les env\u00edo los art\u00edculos completos para que analicen cada tema con fundamento cient\u00edfico. Una cosa es miner\u00eda en llanuras, desiertos y otra en p\u00e1ramos. Desconfiar de esta informaci\u00f3n para confundir, es la mayor canallada que se le hace a la poblaci\u00f3n que nos lee, buscando desinformar sobre el da\u00f1o irreversible que se producir\u00e1 y que afectar\u00e1 m\u00e1s a la salud de sus hijos y nietos e incluso a las personas mayores.<\/p>\n<p>Adem\u00e1s, quien tenga informaci\u00f3n sobre el tema, la recibo con gran aprecio. El problema es que no me han entregado un solo art\u00edculo diferente a c\u00f3mo se abren huecos en la tierra y se rellenan con concreto, lo que no impide la filtraci\u00f3n del ars\u00e9nico. De lo \u00fanico que creo puedo hablar con alg\u00fan fundamento, es de salud y prevenci\u00f3n de enfermedad y como lo manifiesto desde la primera columna, no tengo intereses de ninguna clase ni recibo salarios ni comisiones de nadie. Por actuar as\u00ed me ha tocado retirarme de diversas instituciones donde no comparto conductas que vayan en contra de la \u00e9tica m\u00e9dica.<\/p>\n<p>Es triste c\u00f3mo esa \u201cpropaganda negra\u201d radial pretende manipular las conciencias de gente humilde, distorsionando las mentes como sucede hace cientos de a\u00f1os. La destrucci\u00f3n de Santurb\u00e1n y cordillera Oriental va a ser total. La salud humana y animal se deteriorar\u00e1 en proporciones descomunales. No pueden seguir mintiendo sobre el da\u00f1o severo en la regi\u00f3n. No pueden negar que el valle de la quebrada Caneyes y alrededores ser\u00e1 sepultado por piedras y concreto desertific\u00e1ndolo. La zona es s\u00edsmica. El riesgo de otro Armero es total pudiendo en cualquier movimiento s\u00edsmico desaparecer a Surat\u00e1 y alrededores destruyendo los municipios de agua abajo en la cuenca del mismo nombre. Finalmente, \u00bfqui\u00e9n pagar\u00e1 a perpetuidad, el mantenimiento de los drenajes de los dep\u00f3sitos? Gobernantes, no olvidemos las pol\u00edticas p\u00fablicas sociales: el turismo es el futuro.<\/p>\n<p><strong>&nbsp;<\/strong><\/p>\n","protected":false},"excerpt":{"rendered":"<p>&nbsp; &nbsp; NOTA DEL PORTAL: El doctor Jaime Forero G\u00f3mez, prominente m\u00e9dico santandereano, especialista en Pediatr\u00eda y, adem\u00e1s, en Cuidados Intensivos, quien desde hace largos a\u00f1os goza de amplio reconocimiento profesional en nuestra tierra, y quien, en lo personal, nos &hellip; <a href=\"https:\/\/oscarhumbertogomez.com\/?p=24132\">Sigue leyendo <span class=\"meta-nav\">&rarr;<\/span><\/a><\/p>\n<div class='heateorSssClear'><\/div><div  class='heateor_sss_sharing_container heateor_sss_horizontal_sharing' heateor-sss-data-href='https:\/\/oscarhumbertogomez.com\/?p=24132'><div class='heateor_sss_sharing_title' style=\"font-weight:bold\" >\u00a1Gracias por compartirla!<\/div><ul class=\"heateor_sss_sharing_ul\"><li class=\"heateorSssSharingRound\"><i style=\"width:35px;height:35px;border-radius:999px;\" alt=\"Facebook\" Title=\"Facebook\" class=\"heateorSssSharing heateorSssFacebookBackground\" onclick='heateorSssPopup(\"https:\/\/www.facebook.com\/sharer\/sharer.php?u=https%3A%2F%2Foscarhumbertogomez.com%2Findex.php%3Frest_route%3D%252Fwp%252Fv2%252Fposts%252F24132\")'><ss style=\"display:block;border-radius:999px;\" class=\"heateorSssSharingSvg heateorSssFacebookSvg\"><\/ss><\/i><\/li><li class=\"heateorSssSharingRound\"><i style=\"width:35px;height:35px;border-radius:999px;\" alt=\"Twitter\" Title=\"Twitter\" class=\"heateorSssSharing heateorSssTwitterBackground\" onclick='heateorSssPopup(\"http:\/\/twitter.com\/intent\/tweet?text=LOS%20P%C3%81RAMOS%20NO%20SE%20TOCAN.%20Por%3A%20Dr.%20Jaime%20Forero%20G%C3%B3mez%2C%20M.D.%20especialiado%20en%20Pediatr%C3%ADa%20y%20Cuidados%20Intensivos&url=https%3A%2F%2Foscarhumbertogomez.com%2Findex.php%3Frest_route%3D%252Fwp%252Fv2%252Fposts%252F24132\")'><ss style=\"display:block;border-radius:999px;\" class=\"heateorSssSharingSvg heateorSssTwitterSvg\"><\/ss><\/i><\/li><li class=\"heateorSssSharingRound\"><i style=\"width:35px;height:35px;border-radius:999px;\" alt=\"Whatsapp\" Title=\"Whatsapp\" class=\"heateorSssSharing heateorSssWhatsappBackground\" onclick='heateorSssPopup(\"https:\/\/web.whatsapp.com\/send?text=LOS%20P%C3%81RAMOS%20NO%20SE%20TOCAN.%20Por%3A%20Dr.%20Jaime%20Forero%20G%C3%B3mez%2C%20M.D.%20especialiado%20en%20Pediatr%C3%ADa%20y%20Cuidados%20Intensivos https%3A%2F%2Foscarhumbertogomez.com%2Findex.php%3Frest_route%3D%252Fwp%252Fv2%252Fposts%252F24132\")'><ss style=\"display:block\" class=\"heateorSssSharingSvg heateorSssWhatsappSvg\"><\/ss><\/i><\/li><li class=\"heateorSssSharingRound\"><i style=\"width:35px;height:35px;border-radius:999px;\" alt=\"Pinterest\" Title=\"Pinterest\" class=\"heateorSssSharing heateorSssPinterestBackground\" onclick=\"javascript:void( (function() {var e=document.createElement('script' );e.setAttribute('type','text\/javascript' );e.setAttribute('charset','UTF-8' );e.setAttribute('src','\/\/assets.pinterest.com\/js\/pinmarklet.js?r='+Math.random()*99999999);document.body.appendChild(e)})());\"><ss style=\"display:block;border-radius:999px;\" class=\"heateorSssSharingSvg heateorSssPinterestSvg\"><\/ss><\/i><\/li><li class=\"heateorSssSharingRound\"><i style=\"width:35px;height:35px;border-radius:999px;\" alt=\"Google Gmail\" Title=\"Google Gmail\" class=\"heateorSssSharing heateorSssGoogleGmailBackground\" onclick='heateorSssPopup(\"https:\/\/mail.google.com\/mail\/?ui=2&view=cm&fs=1&tf=1&su=LOS%20P%C3%81RAMOS%20NO%20SE%20TOCAN.%20Por%3A%20Dr.%20Jaime%20Forero%20G%C3%B3mez%2C%20M.D.%20especialiado%20en%20Pediatr%C3%ADa%20y%20Cuidados%20Intensivos&body=Link:https%3A%2F%2Foscarhumbertogomez.com%2Findex.php%3Frest_route%3D%252Fwp%252Fv2%252Fposts%252F24132\")'><ss style=\"display:block;border-radius:999px;\" class=\"heateorSssSharingSvg heateorSssGoogleGmailSvg\"><\/ss><\/i><\/li><li class=\"heateorSssSharingRound\"><i style=\"width:35px;height:35px;border-radius:999px;\" title=\"More\" alt=\"More\" class=\"heateorSssSharing heateorSssMoreBackground\" onclick=\"heateorSssMoreSharingPopup(this, 'https:\/\/oscarhumbertogomez.com\/index.php?rest_route=%2Fwp%2Fv2%2Fposts%2F24132', 'LOS%20P%C3%81RAMOS%20NO%20SE%20TOCAN.%20Por%3A%20Dr.%20Jaime%20Forero%20G%C3%B3mez%2C%20M.D.%20especialiado%20en%20Pediatr%C3%ADa%20y%20Cuidados%20Intensivos', '' )\" ><ss style=\"display:block\" class=\"heateorSssSharingSvg heateorSssMoreSvg\"><\/ss><\/i><\/li><\/ul><div class=\"heateorSssClear\"><\/div><\/div><div class='heateorSssClear'><\/div>","protected":false},"author":2,"featured_media":0,"comment_status":"closed","ping_status":"closed","sticky":false,"template":"","format":"standard","meta":{"spay_email":"","footnotes":""},"categories":[18],"tags":[],"class_list":["post-24132","post","type-post","status-publish","format-standard","hentry","category-ecologia"],"jetpack_featured_media_url":"","jetpack_shortlink":"https:\/\/wp.me\/p1FYrr-6he","_links":{"self":[{"href":"https:\/\/oscarhumbertogomez.com\/index.php?rest_route=\/wp\/v2\/posts\/24132","targetHints":{"allow":["GET"]}}],"collection":[{"href":"https:\/\/oscarhumbertogomez.com\/index.php?rest_route=\/wp\/v2\/posts"}],"about":[{"href":"https:\/\/oscarhumbertogomez.com\/index.php?rest_route=\/wp\/v2\/types\/post"}],"author":[{"embeddable":true,"href":"https:\/\/oscarhumbertogomez.com\/index.php?rest_route=\/wp\/v2\/users\/2"}],"replies":[{"embeddable":true,"href":"https:\/\/oscarhumbertogomez.com\/index.php?rest_route=%2Fwp%2Fv2%2Fcomments&post=24132"}],"version-history":[{"count":5,"href":"https:\/\/oscarhumbertogomez.com\/index.php?rest_route=\/wp\/v2\/posts\/24132\/revisions"}],"predecessor-version":[{"id":46760,"href":"https:\/\/oscarhumbertogomez.com\/index.php?rest_route=\/wp\/v2\/posts\/24132\/revisions\/46760"}],"wp:attachment":[{"href":"https:\/\/oscarhumbertogomez.com\/index.php?rest_route=%2Fwp%2Fv2%2Fmedia&parent=24132"}],"wp:term":[{"taxonomy":"category","embeddable":true,"href":"https:\/\/oscarhumbertogomez.com\/index.php?rest_route=%2Fwp%2Fv2%2Fcategories&post=24132"},{"taxonomy":"post_tag","embeddable":true,"href":"https:\/\/oscarhumbertogomez.com\/index.php?rest_route=%2Fwp%2Fv2%2Ftags&post=24132"}],"curies":[{"name":"wp","href":"https:\/\/api.w.org\/{rel}","templated":true}]}}