{"id":24148,"date":"2017-11-25T16:49:59","date_gmt":"2017-11-25T21:49:59","guid":{"rendered":"http:\/\/www.oscarhumbertogomez.com\/?p=24148"},"modified":"2025-03-11T17:10:01","modified_gmt":"2025-03-11T22:10:01","slug":"puno-ardila-amaya-diserto-en-la-academia-de-historia-de-santander-acerca-de-la-vida-y-la-obra-del-maestro-jose-a-morales","status":"publish","type":"post","link":"https:\/\/oscarhumbertogomez.com\/?p=24148","title":{"rendered":"JOS\u00c9 A. MORALES NACI\u00d3 EN LA HACIENDA SAN ROQUE, MUNICIPIO DEL SOCORRO (SANTANDER) \/\/ IMPORTANTE DISERTACI\u00d3N DICT\u00d3 PUNO ARDILA AMAYA EN LA ACADEMIA DE HISTORIA DE SANTANDER. Por \u00d3scar Humberto G\u00f3mez G\u00f3mez"},"content":{"rendered":"<div id=\"attachment_24165\" style=\"width: 650px\" class=\"wp-caption aligncenter\"><img loading=\"lazy\" decoding=\"async\" aria-describedby=\"caption-attachment-24165\" class=\"size-large wp-image-24165\" src=\"https:\/\/lapiedrafilosofal.com\/wp-content\/uploads\/2017\/11\/JOSE-A.-MORALES-834x1024.jpg\" alt=\"\" width=\"640\" height=\"786\" srcset=\"https:\/\/oscarhumbertogomez.com\/wp-content\/uploads\/2017\/11\/JOSE-A.-MORALES-834x1024.jpg 834w, https:\/\/oscarhumbertogomez.com\/wp-content\/uploads\/2017\/11\/JOSE-A.-MORALES-244x300.jpg 244w, https:\/\/oscarhumbertogomez.com\/wp-content\/uploads\/2017\/11\/JOSE-A.-MORALES-768x943.jpg 768w, https:\/\/oscarhumbertogomez.com\/wp-content\/uploads\/2017\/11\/JOSE-A.-MORALES.jpg 960w\" sizes=\"auto, (max-width: 640px) 100vw, 640px\" \/><p id=\"caption-attachment-24165\" class=\"wp-caption-text\">JOS\u00c9 A. MORALES, ILUSTRE COMPOSITOR SANTANDEREANO (SOCORRO, 1913 &#8211; BOGOT\u00c1, 1978).<\/p><\/div>\n<p>En homenaje especial celebrado en la Casa de Bol\u00edvar, sede de la Academia de Historia de Santander, el pasado martes 21 de noviembre a partir de las 6:30 p.m., el distinguido comunicador social de la Universidad Aut\u00f3noma de Bucaramanga (UNAB), cofundador y director de la agrupaci\u00f3n musical Los Muchos, Director Cultural de la Universidad Industrial de Santander (UIS) y columnista de Vanguardia Liberal Puno Ardila Amaya llev\u00f3 a cabo una importante disertaci\u00f3n sobre la vida y la obra del maestro Jos\u00e9 A. Morales.<\/p>\n<p>El expositor dio a conocer los resultados de la investigaci\u00f3n que realiz\u00f3 acerca de los primeros a\u00f1os de la vida del excelso compositor santandereano y puso de presente su nacimiento en la hacienda San Roque, del Socorro, cuyas im\u00e1genes mostr\u00f3 a trav\u00e9s del <em>video-beam<\/em>, manejado en esta oportunidad por el propio presidente de la Academia, don Miguel Jos\u00e9 Pinilla Guti\u00e9rrez. All\u00ed, en aquel lugar, ubicado entre el casco urbano del Socorro y la vecina poblaci\u00f3n de Palmas del Socorro, cerca del balneario de la quebrada La Honda, fue dado a luz por su se\u00f1ora madre, do\u00f1a Dolores L\u00f3pez, empleada de su padre, el reconocido abogado penalista y acaudalado hacendado socorrano Esp\u00edritu Santo Morales, propietario de aquel fundo, hombre casado con una dama de alcurnia y a quien, por lo tanto, no le conven\u00eda que trascendiera su relaci\u00f3n extramatrimonial en la sociedad socorrana de entonces, misma que mucho menos pod\u00eda ser reconocida por la Iglesia Cat\u00f3lica.<\/p>\n<div id=\"attachment_24170\" style=\"width: 660px\" class=\"wp-caption aligncenter\"><img loading=\"lazy\" decoding=\"async\" aria-describedby=\"caption-attachment-24170\" class=\"size-full wp-image-24170\" src=\"https:\/\/lapiedrafilosofal.com\/wp-content\/uploads\/2017\/11\/CASA-DE-LA-HACIENDA-DONDE-NACIO-JOSE-A.-MORALES.jpg\" alt=\"\" width=\"650\" height=\"433\" srcset=\"https:\/\/oscarhumbertogomez.com\/wp-content\/uploads\/2017\/11\/CASA-DE-LA-HACIENDA-DONDE-NACIO-JOSE-A.-MORALES.jpg 650w, https:\/\/oscarhumbertogomez.com\/wp-content\/uploads\/2017\/11\/CASA-DE-LA-HACIENDA-DONDE-NACIO-JOSE-A.-MORALES-300x200.jpg 300w\" sizes=\"auto, (max-width: 650px) 100vw, 650px\" \/><p id=\"caption-attachment-24170\" class=\"wp-caption-text\">HACIENDA SAN ROQUE, EN EL SOCORRO (SANTANDER), DONDE NACI\u00d3 JOS\u00c9 A. MORALES<\/p><\/div>\n<div id=\"attachment_24171\" style=\"width: 660px\" class=\"wp-caption aligncenter\"><img loading=\"lazy\" decoding=\"async\" aria-describedby=\"caption-attachment-24171\" class=\"size-full wp-image-24171\" src=\"https:\/\/lapiedrafilosofal.com\/wp-content\/uploads\/2017\/11\/ENTRADA-A-LA-CASA-DE-LA-HACIENDA-DONDE-NACIO-JOSE-A.-MORALES.jpg\" alt=\"\" width=\"650\" height=\"433\" srcset=\"https:\/\/oscarhumbertogomez.com\/wp-content\/uploads\/2017\/11\/ENTRADA-A-LA-CASA-DE-LA-HACIENDA-DONDE-NACIO-JOSE-A.-MORALES.jpg 650w, https:\/\/oscarhumbertogomez.com\/wp-content\/uploads\/2017\/11\/ENTRADA-A-LA-CASA-DE-LA-HACIENDA-DONDE-NACIO-JOSE-A.-MORALES-300x200.jpg 300w\" sizes=\"auto, (max-width: 650px) 100vw, 650px\" \/><p id=\"caption-attachment-24171\" class=\"wp-caption-text\">HACIENDA SAN ROQUE, EN EL SOCORRO (SANTANDER), DONDE NACI\u00d3 JOSE A. MORALES<\/p><\/div>\n<div id=\"attachment_24175\" style=\"width: 660px\" class=\"wp-caption aligncenter\"><img loading=\"lazy\" decoding=\"async\" aria-describedby=\"caption-attachment-24175\" class=\"size-full wp-image-24175\" src=\"https:\/\/lapiedrafilosofal.com\/wp-content\/uploads\/2017\/11\/HACIENDA-SAN-ROQUE.jpg\" alt=\"\" width=\"650\" height=\"433\" srcset=\"https:\/\/oscarhumbertogomez.com\/wp-content\/uploads\/2017\/11\/HACIENDA-SAN-ROQUE.jpg 650w, https:\/\/oscarhumbertogomez.com\/wp-content\/uploads\/2017\/11\/HACIENDA-SAN-ROQUE-300x200.jpg 300w\" sizes=\"auto, (max-width: 650px) 100vw, 650px\" \/><p id=\"caption-attachment-24175\" class=\"wp-caption-text\">HACIENDA SAN ROQUE, EN EL SOCORRO (SANTANDER), DONDE NACI\u00d3 JOS\u00c9 A. MORALES<\/p><\/div>\n<p>Mi madre, do\u00f1a Matilde G\u00f3mez S\u00e1nchez, de 92 a\u00f1os de edad, -quien estuvo presente en la conferencia y es oriunda del Socorro, y quien conoci\u00f3 a Jos\u00e9 A. Morales cuando este a\u00fan era un joven sastre y desconocido m\u00fasico, pues frecuentaba su casa y era amigo de su se\u00f1ora madre, mi nona Adela S\u00e1nchez v. de G\u00f3mez- nos cont\u00f3, durante el regreso a casa, que &#8220;all\u00e1 en el pueblo todo el mundo sab\u00eda y dec\u00eda que era hijo del doctor Esp\u00edritu Morales&#8221; (as\u00ed, sin el &#8220;Santo&#8221;) y que a este ella lo conoci\u00f3 personalmente, lo mismo que a su esposa.<\/p>\n<div id=\"attachment_24183\" style=\"width: 660px\" class=\"wp-caption aligncenter\"><img loading=\"lazy\" decoding=\"async\" aria-describedby=\"caption-attachment-24183\" class=\"size-full wp-image-24183\" src=\"https:\/\/lapiedrafilosofal.com\/wp-content\/uploads\/2017\/11\/ESPIRITU-SANTO-MORALES.jpg\" alt=\"\" width=\"650\" height=\"433\" srcset=\"https:\/\/oscarhumbertogomez.com\/wp-content\/uploads\/2017\/11\/ESPIRITU-SANTO-MORALES.jpg 650w, https:\/\/oscarhumbertogomez.com\/wp-content\/uploads\/2017\/11\/ESPIRITU-SANTO-MORALES-300x200.jpg 300w\" sizes=\"auto, (max-width: 650px) 100vw, 650px\" \/><p id=\"caption-attachment-24183\" class=\"wp-caption-text\">ESP\u00cdRITU SANTO MORALES, PADRE DE JOS\u00c9 A. MORALES.<\/p><\/div>\n<div id=\"attachment_24153\" style=\"width: 650px\" class=\"wp-caption aligncenter\"><img loading=\"lazy\" decoding=\"async\" aria-describedby=\"caption-attachment-24153\" class=\"size-large wp-image-24153\" src=\"https:\/\/lapiedrafilosofal.com\/wp-content\/uploads\/2017\/11\/socorrosantander-1024x685.jpg\" alt=\"\" width=\"640\" height=\"428\" srcset=\"https:\/\/oscarhumbertogomez.com\/wp-content\/uploads\/2017\/11\/socorrosantander-1024x685.jpg 1024w, https:\/\/oscarhumbertogomez.com\/wp-content\/uploads\/2017\/11\/socorrosantander-300x201.jpg 300w, https:\/\/oscarhumbertogomez.com\/wp-content\/uploads\/2017\/11\/socorrosantander-768x514.jpg 768w, https:\/\/oscarhumbertogomez.com\/wp-content\/uploads\/2017\/11\/socorrosantander.jpg 1100w\" sizes=\"auto, (max-width: 640px) 100vw, 640px\" \/><p id=\"caption-attachment-24153\" class=\"wp-caption-text\">SOCORRO, PUEBLO NATAL DEL COMPOSITOR COLOMBIANO JOS\u00c9 A. MORALES.<\/p><\/div>\n<p>El conferencista hizo un recuento sobre la infancia del connotado m\u00fasico y mostr\u00f3 las im\u00e1genes de la diminuta casita donde vivi\u00f3, ya en el casco urbano del Socorro, vivienda que -denunci\u00f3- va a ser demolida por su actual propietario para construir &#8220;uno de esos edificios de cinco pisos de los que se est\u00e1 llenando el Socorro&#8221;.<\/p>\n<p>Qued\u00f3 perfectamente claro que Jos\u00e9 A. Morales era sastre, que vest\u00eda siempre con elegancia, que \u00e9l mismo dise\u00f1aba y confeccionaba sus trajes, y que, definitivamente, fue iletrado, es decir, que a duras penas aprendi\u00f3 a leer y a escribir. Esta fue, desde luego, \u2014en nuestro sentir personal\u2014 una limitaci\u00f3n que le imposibilit\u00f3 haber llegado m\u00e1s lejos como compositor.<\/p>\n<div id=\"attachment_24169\" style=\"width: 660px\" class=\"wp-caption aligncenter\"><img loading=\"lazy\" decoding=\"async\" aria-describedby=\"caption-attachment-24169\" class=\"size-full wp-image-24169\" src=\"https:\/\/lapiedrafilosofal.com\/wp-content\/uploads\/2017\/11\/CASITA-DONDE-NACIO-JOSE-A.-MORALES.jpg\" alt=\"\" width=\"650\" height=\"433\" srcset=\"https:\/\/oscarhumbertogomez.com\/wp-content\/uploads\/2017\/11\/CASITA-DONDE-NACIO-JOSE-A.-MORALES.jpg 650w, https:\/\/oscarhumbertogomez.com\/wp-content\/uploads\/2017\/11\/CASITA-DONDE-NACIO-JOSE-A.-MORALES-300x200.jpg 300w\" sizes=\"auto, (max-width: 650px) 100vw, 650px\" \/><p id=\"caption-attachment-24169\" class=\"wp-caption-text\">CASITA DONDE VIVI\u00d3 E INICI\u00d3 SU VIDA COMO COMPOSITOR JOS\u00c9 A. MORALES<\/p><\/div>\n<p>Igualmente, el conferenciante record\u00f3 los or\u00edgenes de algunas de sus canciones.<\/p>\n<p>Luego de la interesante exposici\u00f3n, el Secretario de la Academia, don Juvenal Fonseca Moreno, intervino para traer a colaci\u00f3n dos memorables piezas producidas en 1978 por destacados personajes colombianos a prop\u00f3sito de la reci\u00e9n ocurrida muerte del sensible compositor. Una, escrita por el poeta antioque\u00f1o Jorge Robledo Ortiz; la otra, emergida de la pluma del humorista bumangu\u00e9s Humberto Mart\u00ednez Salcedo.<\/p>\n<p>Finalmente, vino la presentaci\u00f3n del grupo Los Muchos, que interpret\u00f3 varias de las canciones legadas al folclor de Colombia por el insigne artista desaparecido.<\/p>\n<div id=\"attachment_24149\" style=\"width: 660px\" class=\"wp-caption aligncenter\"><img loading=\"lazy\" decoding=\"async\" aria-describedby=\"caption-attachment-24149\" class=\"size-full wp-image-24149\" src=\"https:\/\/lapiedrafilosofal.com\/wp-content\/uploads\/2017\/11\/los-muchos.png\" alt=\"\" width=\"650\" height=\"282\" srcset=\"https:\/\/oscarhumbertogomez.com\/wp-content\/uploads\/2017\/11\/los-muchos.png 650w, https:\/\/oscarhumbertogomez.com\/wp-content\/uploads\/2017\/11\/los-muchos-300x130.png 300w\" sizes=\"auto, (max-width: 650px) 100vw, 650px\" \/><p id=\"caption-attachment-24149\" class=\"wp-caption-text\">LOS MUCHOS, AGRUPACI\u00d3N MUSICAL DIRIGIDA POR PUNO ARDILA AMAYA, PRIMERO A LA IZQUIERDA.<\/p><\/div>\n<p>Como remate, todos los asistentes cantaron el inmortal vals <em>Pueblito viejo<\/em>.<\/p>\n<p>\u00a1Muchas gracias a Puno Ardila Amaya y a Los Muchos por este hermoso regalo cultural e hist\u00f3rico!<\/p>\n<p>Y de nuevo, \u00a1Muchas gracias, maestro Jos\u00e9 A. Morales por el imperecedero legado que nos dej\u00f3 a los hijos de esta tierra, que fue la suya!<\/p>\n","protected":false},"excerpt":{"rendered":"<p>En homenaje especial celebrado en la Casa de Bol\u00edvar, sede de la Academia de Historia de Santander, el pasado martes 21 de noviembre a partir de las 6:30 p.m., el distinguido comunicador social de la Universidad Aut\u00f3noma de Bucaramanga (UNAB), &hellip; <a href=\"https:\/\/oscarhumbertogomez.com\/?p=24148\">Sigue leyendo <span class=\"meta-nav\">&rarr;<\/span><\/a><\/p>\n<div class='heateorSssClear'><\/div><div  class='heateor_sss_sharing_container heateor_sss_horizontal_sharing' heateor-sss-data-href='https:\/\/oscarhumbertogomez.com\/?p=24148'><div class='heateor_sss_sharing_title' style=\"font-weight:bold\" >\u00a1Gracias por compartirla!<\/div><ul class=\"heateor_sss_sharing_ul\"><li class=\"heateorSssSharingRound\"><i style=\"width:35px;height:35px;border-radius:999px;\" alt=\"Facebook\" Title=\"Facebook\" class=\"heateorSssSharing heateorSssFacebookBackground\" onclick='heateorSssPopup(\"https:\/\/www.facebook.com\/sharer\/sharer.php?u=https%3A%2F%2Foscarhumbertogomez.com%2Findex.php%3Frest_route%3D%252Fwp%252Fv2%252Fposts%252F24148\")'><ss style=\"display:block;border-radius:999px;\" class=\"heateorSssSharingSvg heateorSssFacebookSvg\"><\/ss><\/i><\/li><li class=\"heateorSssSharingRound\"><i style=\"width:35px;height:35px;border-radius:999px;\" alt=\"Twitter\" Title=\"Twitter\" class=\"heateorSssSharing heateorSssTwitterBackground\" onclick='heateorSssPopup(\"http:\/\/twitter.com\/intent\/tweet?text=JOS%C3%89%20A.%20MORALES%20NACI%C3%93%20EN%20LA%20HACIENDA%20SAN%20ROQUE%2C%20MUNICIPIO%20DEL%20SOCORRO%20%28SANTANDER%29%20%2F%2F%20IMPORTANTE%20DISERTACI%C3%93N%20DICT%C3%93%20PUNO%20ARDILA%20AMAYA%20EN%20LA%20ACADEMIA%20DE%20HISTORIA%20DE%20SANTANDER.%20Por%20%C3%93scar%20Humberto%20G%C3%B3mez%20G%C3%B3mez&url=https%3A%2F%2Foscarhumbertogomez.com%2Findex.php%3Frest_route%3D%252Fwp%252Fv2%252Fposts%252F24148\")'><ss style=\"display:block;border-radius:999px;\" class=\"heateorSssSharingSvg heateorSssTwitterSvg\"><\/ss><\/i><\/li><li class=\"heateorSssSharingRound\"><i style=\"width:35px;height:35px;border-radius:999px;\" alt=\"Whatsapp\" Title=\"Whatsapp\" class=\"heateorSssSharing heateorSssWhatsappBackground\" onclick='heateorSssPopup(\"https:\/\/web.whatsapp.com\/send?text=JOS%C3%89%20A.%20MORALES%20NACI%C3%93%20EN%20LA%20HACIENDA%20SAN%20ROQUE%2C%20MUNICIPIO%20DEL%20SOCORRO%20%28SANTANDER%29%20%2F%2F%20IMPORTANTE%20DISERTACI%C3%93N%20DICT%C3%93%20PUNO%20ARDILA%20AMAYA%20EN%20LA%20ACADEMIA%20DE%20HISTORIA%20DE%20SANTANDER.%20Por%20%C3%93scar%20Humberto%20G%C3%B3mez%20G%C3%B3mez https%3A%2F%2Foscarhumbertogomez.com%2Findex.php%3Frest_route%3D%252Fwp%252Fv2%252Fposts%252F24148\")'><ss style=\"display:block\" class=\"heateorSssSharingSvg heateorSssWhatsappSvg\"><\/ss><\/i><\/li><li class=\"heateorSssSharingRound\"><i style=\"width:35px;height:35px;border-radius:999px;\" alt=\"Pinterest\" Title=\"Pinterest\" class=\"heateorSssSharing heateorSssPinterestBackground\" onclick=\"javascript:void( (function() {var e=document.createElement('script' );e.setAttribute('type','text\/javascript' );e.setAttribute('charset','UTF-8' );e.setAttribute('src','\/\/assets.pinterest.com\/js\/pinmarklet.js?r='+Math.random()*99999999);document.body.appendChild(e)})());\"><ss style=\"display:block;border-radius:999px;\" class=\"heateorSssSharingSvg heateorSssPinterestSvg\"><\/ss><\/i><\/li><li class=\"heateorSssSharingRound\"><i style=\"width:35px;height:35px;border-radius:999px;\" alt=\"Google Gmail\" Title=\"Google Gmail\" class=\"heateorSssSharing heateorSssGoogleGmailBackground\" onclick='heateorSssPopup(\"https:\/\/mail.google.com\/mail\/?ui=2&view=cm&fs=1&tf=1&su=JOS%C3%89%20A.%20MORALES%20NACI%C3%93%20EN%20LA%20HACIENDA%20SAN%20ROQUE%2C%20MUNICIPIO%20DEL%20SOCORRO%20%28SANTANDER%29%20%2F%2F%20IMPORTANTE%20DISERTACI%C3%93N%20DICT%C3%93%20PUNO%20ARDILA%20AMAYA%20EN%20LA%20ACADEMIA%20DE%20HISTORIA%20DE%20SANTANDER.%20Por%20%C3%93scar%20Humberto%20G%C3%B3mez%20G%C3%B3mez&body=Link:https%3A%2F%2Foscarhumbertogomez.com%2Findex.php%3Frest_route%3D%252Fwp%252Fv2%252Fposts%252F24148\")'><ss style=\"display:block;border-radius:999px;\" class=\"heateorSssSharingSvg heateorSssGoogleGmailSvg\"><\/ss><\/i><\/li><li class=\"heateorSssSharingRound\"><i style=\"width:35px;height:35px;border-radius:999px;\" title=\"More\" alt=\"More\" class=\"heateorSssSharing heateorSssMoreBackground\" onclick=\"heateorSssMoreSharingPopup(this, 'https:\/\/oscarhumbertogomez.com\/index.php?rest_route=%2Fwp%2Fv2%2Fposts%2F24148', 'JOS%C3%89%20A.%20MORALES%20NACI%C3%93%20EN%20LA%20HACIENDA%20SAN%20ROQUE%2C%20MUNICIPIO%20DEL%20SOCORRO%20%28SANTANDER%29%20%2F%2F%20IMPORTANTE%20DISERTACI%C3%93N%20DICT%C3%93%20PUNO%20ARDILA%20AMAYA%20EN%20LA%20ACADEMIA%20DE%20HISTORIA%20DE%20SANTANDER.%20Por%20%C3%93scar%20Humberto%20G%C3%B3mez%20G%C3%B3mez', '' )\" ><ss style=\"display:block\" class=\"heateorSssSharingSvg heateorSssMoreSvg\"><\/ss><\/i><\/li><\/ul><div class=\"heateorSssClear\"><\/div><\/div><div class='heateorSssClear'><\/div>","protected":false},"author":2,"featured_media":0,"comment_status":"open","ping_status":"open","sticky":false,"template":"","format":"standard","meta":{"spay_email":"","footnotes":""},"categories":[12],"tags":[],"class_list":["post-24148","post","type-post","status-publish","format-standard","hentry","category-historia"],"jetpack_featured_media_url":"","jetpack_shortlink":"https:\/\/wp.me\/p1FYrr-6hu","_links":{"self":[{"href":"https:\/\/oscarhumbertogomez.com\/index.php?rest_route=\/wp\/v2\/posts\/24148","targetHints":{"allow":["GET"]}}],"collection":[{"href":"https:\/\/oscarhumbertogomez.com\/index.php?rest_route=\/wp\/v2\/posts"}],"about":[{"href":"https:\/\/oscarhumbertogomez.com\/index.php?rest_route=\/wp\/v2\/types\/post"}],"author":[{"embeddable":true,"href":"https:\/\/oscarhumbertogomez.com\/index.php?rest_route=\/wp\/v2\/users\/2"}],"replies":[{"embeddable":true,"href":"https:\/\/oscarhumbertogomez.com\/index.php?rest_route=%2Fwp%2Fv2%2Fcomments&post=24148"}],"version-history":[{"count":5,"href":"https:\/\/oscarhumbertogomez.com\/index.php?rest_route=\/wp\/v2\/posts\/24148\/revisions"}],"predecessor-version":[{"id":52304,"href":"https:\/\/oscarhumbertogomez.com\/index.php?rest_route=\/wp\/v2\/posts\/24148\/revisions\/52304"}],"wp:attachment":[{"href":"https:\/\/oscarhumbertogomez.com\/index.php?rest_route=%2Fwp%2Fv2%2Fmedia&parent=24148"}],"wp:term":[{"taxonomy":"category","embeddable":true,"href":"https:\/\/oscarhumbertogomez.com\/index.php?rest_route=%2Fwp%2Fv2%2Fcategories&post=24148"},{"taxonomy":"post_tag","embeddable":true,"href":"https:\/\/oscarhumbertogomez.com\/index.php?rest_route=%2Fwp%2Fv2%2Ftags&post=24148"}],"curies":[{"name":"wp","href":"https:\/\/api.w.org\/{rel}","templated":true}]}}