{"id":24919,"date":"2018-02-08T22:28:24","date_gmt":"2018-02-09T03:28:24","guid":{"rendered":"http:\/\/www.oscarhumbertogomez.com\/?p=24919"},"modified":"2025-03-12T10:40:37","modified_gmt":"2025-03-12T15:40:37","slug":"las-mujeres-en-la-filosofia-capitulo-iii-teano-de-crotona-por-oscar-humberto-gomez-gomez-miembro-de-la-academia-de-historia-de-santander-y-del-colegio-nacional-de-periodistas-seccional-santander","status":"publish","type":"post","link":"https:\/\/oscarhumbertogomez.com\/?p=24919","title":{"rendered":"LAS MUJERES EN LA FILOSOF\u00cdA. Cap\u00edtulo III: T\u00c9ANO DE CROTONA. Por \u00d3scar Humberto G\u00f3mez G\u00f3mez, Miembro Correspondiente de la Academia de Historia de Santander y Miembro del Colegio Nacional de Periodistas"},"content":{"rendered":"<div id=\"attachment_24924\" style=\"width: 509px\" class=\"wp-caption alignnone\"><a href=\"https:\/\/lapiedrafilosofal.com\/wp-content\/uploads\/2018\/02\/TEANO.jpg\"><img loading=\"lazy\" decoding=\"async\" aria-describedby=\"caption-attachment-24924\" class=\"size-full wp-image-24924\" src=\"https:\/\/lapiedrafilosofal.com\/wp-content\/uploads\/2018\/02\/TEANO.jpg\" alt=\"\" width=\"499\" height=\"750\" srcset=\"https:\/\/oscarhumbertogomez.com\/wp-content\/uploads\/2018\/02\/TEANO.jpg 499w, https:\/\/oscarhumbertogomez.com\/wp-content\/uploads\/2018\/02\/TEANO-200x300.jpg 200w\" sizes=\"auto, (max-width: 499px) 100vw, 499px\" \/><\/a><p id=\"caption-attachment-24924\" class=\"wp-caption-text\">T\u00c9ANO DE CROTONA<\/p><\/div>\n<p>&nbsp;<\/p>\n<p>Cualquier estudiante de bachillerato ha o\u00eddo mencionar a Pit\u00e1goras.<\/p>\n<p>O Pit\u00e1goras de Samos.<\/p>\n<p>Pr\u00e1cticamente ninguno, en cambio, tiene idea acerca de qui\u00e9n fue T\u00e9ano.<\/p>\n<p>O <strong>T\u00e9ano de Crotona<\/strong>.<\/p>\n<p>O Teano \u2014sin tilde\u2014, seg\u00fan algunos.<\/p>\n<p>Pues bien: T\u00e9ano \u2014como preferimos llamarla\u2014 era la esposa de Pit\u00e1goras.<\/p>\n<p>(Aunque algunos despistados afirman que era su hija y a T\u00e9ano le atribuyen ser la esposa de otro. La confusi\u00f3n se origina en la considerable diferencia de edades entre Pit\u00e1goras y T\u00e9ano).<\/p>\n<p>&nbsp;<\/p>\n<div id=\"attachment_24934\" style=\"width: 810px\" class=\"wp-caption alignnone\"><a href=\"https:\/\/lapiedrafilosofal.com\/wp-content\/uploads\/2018\/02\/PITAGORAS.-MUSEOS-CAPITOLINOS.-FORO-ROMANO..jpg\"><img loading=\"lazy\" decoding=\"async\" aria-describedby=\"caption-attachment-24934\" class=\"size-full wp-image-24934\" src=\"https:\/\/lapiedrafilosofal.com\/wp-content\/uploads\/2018\/02\/PITAGORAS.-MUSEOS-CAPITOLINOS.-FORO-ROMANO..jpg\" alt=\"\" width=\"800\" height=\"1157\" srcset=\"https:\/\/oscarhumbertogomez.com\/wp-content\/uploads\/2018\/02\/PITAGORAS.-MUSEOS-CAPITOLINOS.-FORO-ROMANO..jpg 800w, https:\/\/oscarhumbertogomez.com\/wp-content\/uploads\/2018\/02\/PITAGORAS.-MUSEOS-CAPITOLINOS.-FORO-ROMANO.-207x300.jpg 207w, https:\/\/oscarhumbertogomez.com\/wp-content\/uploads\/2018\/02\/PITAGORAS.-MUSEOS-CAPITOLINOS.-FORO-ROMANO.-768x1111.jpg 768w, https:\/\/oscarhumbertogomez.com\/wp-content\/uploads\/2018\/02\/PITAGORAS.-MUSEOS-CAPITOLINOS.-FORO-ROMANO.-708x1024.jpg 708w\" sizes=\"auto, (max-width: 800px) 100vw, 800px\" \/><\/a><p id=\"caption-attachment-24934\" class=\"wp-caption-text\">PIT\u00c1GORAS o PIT\u00c1GORAS DE SAMOS \/\/ Escultura de yeso \/\/ Museos Capitolinos. Foro Romano \/\/ Siglo II o I a. C.<\/p><\/div>\n<p>&nbsp;<\/p>\n<p>Pit\u00e1goras \u2014el del c\u00e9lebre teorema\u2014 no solo era un gran matem\u00e1tico, sino tambi\u00e9n un fil\u00f3sofo no menos grande.<\/p>\n<p>Para \u00e9l, el principio fundamental del universo era el N\u00famero.<\/p>\n<p>Pues bien: el pensador griego fund\u00f3 en Crotona una escuela filos\u00f3fica que recibi\u00f3 el nombre \u2014apenas obvio\u2014 de <em>Los pitag\u00f3ricos.<\/em><\/p>\n<p>Empero, Pit\u00e1goras no era solo un gran matem\u00e1tico y un gran fil\u00f3sofo, sino que pose\u00eda un esp\u00edritu contestatario frente a las rigideces de la mis\u00f3gina y machista sociedad de entonces, que lo llev\u00f3 a permitir mujeres en su escuela.<\/p>\n<p>As\u00ed fue como nacieron <em>Las pitag\u00f3ricas<\/em>.<\/p>\n<p>T\u00e9ano de Crotona fue la m\u00e1s sobresaliente de <em>Las pitag\u00f3ricas<\/em>, esto es, de las mujeres pertenecientes a la herm\u00e9tica escuela que fund\u00f3 y dirigi\u00f3 el gran fil\u00f3sofo y matem\u00e1tico griego casi hasta su muerte.<\/p>\n<p>&nbsp;<\/p>\n<div id=\"attachment_28511\" style=\"width: 1118px\" class=\"wp-caption alignnone\"><a href=\"https:\/\/lapiedrafilosofal.com\/wp-content\/uploads\/2018\/02\/LOS-PITAGORICOS-.gif\"><img loading=\"lazy\" decoding=\"async\" aria-describedby=\"caption-attachment-28511\" class=\"size-full wp-image-28511\" src=\"https:\/\/lapiedrafilosofal.com\/wp-content\/uploads\/2018\/02\/LOS-PITAGORICOS-.gif\" alt=\"\" width=\"1108\" height=\"739\"><\/a><p id=\"caption-attachment-28511\" class=\"wp-caption-text\">Los pitag\u00f3ricos. En la ilustraci\u00f3n, cuyo autor desconocemos, aparece Pit\u00e1goras ense\u00f1ando a sus disc\u00edpulos. T\u00e9ano de Crotona era una de ellos y continu\u00f3 si\u00e9ndolo despu\u00e9s de que se cas\u00f3 con Pit\u00e1goras. La imagen aparece en el libro &#8220;The story of greek people&#8221; de Eva March Tappan (1909), y fue reproducida por Ra\u00fal Ib\u00e1\u00f1ez en su art\u00edculo &#8220;El asesinato de Pit\u00e1goras, historia y matem\u00e1ticas&#8221;. Ib\u00e1\u00f1ez se refiere a la novela &#8220;El asesinato de Pit\u00e1goras&#8221; de Marcos Chicot, que narra los que fueron los \u00faltimos meses de la escuela en Crotona y el proceso de desaparici\u00f3n de la hermandad.<\/p><\/div>\n<p>&nbsp;<\/p>\n<p>Hab\u00eda nacido en Crotona, como su nombre pareciera indicarlo.<\/p>\n<p>Y decimos que &#8220;pareciera indicarlo&#8221;, no que lo indique a secas, porque se conocen casos como el de San Agust\u00edn de Hipona, que no reflejan d\u00f3nde naci\u00f3 el personaje, sino d\u00f3nde vivi\u00f3, o d\u00f3nde ense\u00f1\u00f3, o d\u00f3nde despleg\u00f3 sus actividades.<\/p>\n<p>De hecho, algunos sostienen que T\u00e9ano de Crotona no naci\u00f3 en Crotona, sino en otro lugar.<\/p>\n<p>La historiograf\u00eda moderna reconoce que a su talento se deben no pocos de los conceptos filos\u00f3ficos y matem\u00e1ticos atribuidos a su ilustre esposo y maestro, incluido el famoso teorema. Empero, no ha sido f\u00e1cil desentra\u00f1ar cu\u00e1les exactamente fueron sus aportes, pues la forma como funcionaba la escuela obligaba al total hermetismo y la autor\u00eda de las contribuciones intelectuales de los pitag\u00f3ricos y las pitag\u00f3ricas le pertenec\u00edan a la escuela.<\/p>\n<p>&nbsp;<\/p>\n<div id=\"attachment_28512\" style=\"width: 1930px\" class=\"wp-caption alignnone\"><a href=\"https:\/\/lapiedrafilosofal.com\/wp-content\/uploads\/2018\/02\/Grupo-de-pitago\u0301ricos-celebrando-la-salida-del-sol.-Fyodor-Bronnikov..jpg\"><img loading=\"lazy\" decoding=\"async\" aria-describedby=\"caption-attachment-28512\" class=\"size-full wp-image-28512\" src=\"https:\/\/lapiedrafilosofal.com\/wp-content\/uploads\/2018\/02\/Grupo-de-pitago\u0301ricos-celebrando-la-salida-del-sol.-Fyodor-Bronnikov..jpg\" alt=\"\" width=\"1920\" height=\"1182\" srcset=\"https:\/\/oscarhumbertogomez.com\/wp-content\/uploads\/2018\/02\/Grupo-de-pitago\u0301ricos-celebrando-la-salida-del-sol.-Fyodor-Bronnikov..jpg 1920w, https:\/\/oscarhumbertogomez.com\/wp-content\/uploads\/2018\/02\/Grupo-de-pitago\u0301ricos-celebrando-la-salida-del-sol.-Fyodor-Bronnikov.-300x185.jpg 300w, https:\/\/oscarhumbertogomez.com\/wp-content\/uploads\/2018\/02\/Grupo-de-pitago\u0301ricos-celebrando-la-salida-del-sol.-Fyodor-Bronnikov.-768x473.jpg 768w, https:\/\/oscarhumbertogomez.com\/wp-content\/uploads\/2018\/02\/Grupo-de-pitago\u0301ricos-celebrando-la-salida-del-sol.-Fyodor-Bronnikov.-1024x630.jpg 1024w\" sizes=\"auto, (max-width: 1920px) 100vw, 1920px\" \/><\/a><p id=\"caption-attachment-28512\" class=\"wp-caption-text\">Grupo de pitag\u00f3ricos celebrando la salida del sol. Fyodor Bronnikov.<\/p><\/div>\n<p>&nbsp;<\/p>\n<p>Las sospechas oficiales sobre a qu\u00e9 exactamente se estaban dedicando aquellos hombres y aquellas mujeres en su cerrado hermetismo, y el hecho de que hubiesen terminado ascendiendo a los cargos p\u00fablicos y, por ese camino, hubiese surgido la posibilidad de que se tomaran el poder, desencaden\u00f3 una violenta reacci\u00f3n en su contra, liderada por un oscuro arist\u00f3crata que hab\u00eda sido rechazado por Pit\u00e1goras cuando pretendi\u00f3 ingresar a su escuela. Esa agresi\u00f3n signific\u00f3 la toma de sus instalaciones, su destrucci\u00f3n, su incendio, el asesinato de sus maestros, el exilio de Pit\u00e1goras en Metaponto (peque\u00f1a ciudad perteneciente hoy en d\u00eda a Italia) y su muerte, seg\u00fan algunos de hambre voluntaria y en se\u00f1al de protesta.<\/p>\n<p>A la muerte de Pit\u00e1goras, T\u00e9ano de Crotona asumi\u00f3 la reapertura y direcci\u00f3n de la entonces cerrada escuela. Su desafiante actitud condujo a que fuese arrestada, encarcelada y torturada con el prop\u00f3sito de arrancarle la confesi\u00f3n sobre los secretos de la escuela y los supuestos planes de conspiraci\u00f3n que desde su interior se pudiesen estar tejiendo. T\u00e9ano, sin embargo, se mantuvo fiel al hermetismo propio de la escuela filos\u00f3fica a la que pertenec\u00eda y las autoridades no obtuvieron lo que buscaban.<\/p>\n<p>Acerca de la muerte de la ilustre intelectual griega no se conoce nada.<\/p>\n<p>Aunque se sabe que escribi\u00f3 sobre matem\u00e1ticas, f\u00edsica y medicina, y que tambi\u00e9n cultiv\u00f3 la astronom\u00eda, lo que queda sobreviviendo de sus escritos son tan solo fragmentos de su obra <em>Sobre la piedad<\/em>.<\/p>\n<p>&#8220;He o\u00eddo decir \u2014 escribe T\u00e9ano en dicha obra salvada del desastre\u2014 que los griegos pensaban que Pit\u00e1goras hab\u00eda dicho que todo hab\u00eda sido engendrado por el N\u00famero. Pero esta afirmaci\u00f3n nos perturba: \u00bfc\u00f3mo nos podemos imaginar cosas que no existen y que pueden engendrar? \u00c9l dijo no que todas las cosas nac\u00edan del N\u00famero, sino que todo estaba formado de acuerdo con el N\u00famero, ya que en el N\u00famero reside el orden esencial, y las mismas cosas pueden ser nombradas primeras, segundas, y as\u00ed sucesivamente, s\u00f3lo cuando participan de este orden&#8221;.<\/p>\n<p>T\u00e9ano de Crotona es considerada por la Historia la primera mujer matem\u00e1tica del mundo.<\/p>\n<p>&nbsp;<\/p>\n<p><em>[CONTINUAR\u00c1]<\/em><\/p>\n<p>&nbsp;<\/p>\n","protected":false},"excerpt":{"rendered":"<p>&nbsp; Cualquier estudiante de bachillerato ha o\u00eddo mencionar a Pit\u00e1goras. O Pit\u00e1goras de Samos. Pr\u00e1cticamente ninguno, en cambio, tiene idea acerca de qui\u00e9n fue T\u00e9ano. O T\u00e9ano de Crotona. O Teano \u2014sin tilde\u2014, seg\u00fan algunos. Pues bien: T\u00e9ano \u2014como preferimos &hellip; <a href=\"https:\/\/oscarhumbertogomez.com\/?p=24919\">Sigue leyendo <span class=\"meta-nav\">&rarr;<\/span><\/a><\/p>\n<div class='heateorSssClear'><\/div><div  class='heateor_sss_sharing_container heateor_sss_horizontal_sharing' heateor-sss-data-href='https:\/\/oscarhumbertogomez.com\/?p=24919'><div class='heateor_sss_sharing_title' style=\"font-weight:bold\" >\u00a1Gracias por compartirla!<\/div><ul class=\"heateor_sss_sharing_ul\"><li class=\"heateorSssSharingRound\"><i style=\"width:35px;height:35px;border-radius:999px;\" alt=\"Facebook\" Title=\"Facebook\" class=\"heateorSssSharing heateorSssFacebookBackground\" onclick='heateorSssPopup(\"https:\/\/www.facebook.com\/sharer\/sharer.php?u=https%3A%2F%2Foscarhumbertogomez.com%2Findex.php%3Frest_route%3D%252Fwp%252Fv2%252Fposts%252F24919\")'><ss style=\"display:block;border-radius:999px;\" class=\"heateorSssSharingSvg heateorSssFacebookSvg\"><\/ss><\/i><\/li><li class=\"heateorSssSharingRound\"><i style=\"width:35px;height:35px;border-radius:999px;\" alt=\"Twitter\" Title=\"Twitter\" class=\"heateorSssSharing heateorSssTwitterBackground\" onclick='heateorSssPopup(\"http:\/\/twitter.com\/intent\/tweet?text=LAS%20MUJERES%20EN%20LA%20FILOSOF%C3%8DA.%20Cap%C3%ADtulo%20III%3A%20T%C3%89ANO%20DE%20CROTONA.%20Por%20%C3%93scar%20Humberto%20G%C3%B3mez%20G%C3%B3mez%2C%20Miembro%20Correspondiente%20de%20la%20Academia%20de%20Historia%20de%20Santander%20y%20Miembro%20del%20Colegio%20Nacional%20de%20Periodistas&url=https%3A%2F%2Foscarhumbertogomez.com%2Findex.php%3Frest_route%3D%252Fwp%252Fv2%252Fposts%252F24919\")'><ss style=\"display:block;border-radius:999px;\" class=\"heateorSssSharingSvg heateorSssTwitterSvg\"><\/ss><\/i><\/li><li class=\"heateorSssSharingRound\"><i style=\"width:35px;height:35px;border-radius:999px;\" alt=\"Whatsapp\" Title=\"Whatsapp\" class=\"heateorSssSharing heateorSssWhatsappBackground\" onclick='heateorSssPopup(\"https:\/\/web.whatsapp.com\/send?text=LAS%20MUJERES%20EN%20LA%20FILOSOF%C3%8DA.%20Cap%C3%ADtulo%20III%3A%20T%C3%89ANO%20DE%20CROTONA.%20Por%20%C3%93scar%20Humberto%20G%C3%B3mez%20G%C3%B3mez%2C%20Miembro%20Correspondiente%20de%20la%20Academia%20de%20Historia%20de%20Santander%20y%20Miembro%20del%20Colegio%20Nacional%20de%20Periodistas https%3A%2F%2Foscarhumbertogomez.com%2Findex.php%3Frest_route%3D%252Fwp%252Fv2%252Fposts%252F24919\")'><ss style=\"display:block\" class=\"heateorSssSharingSvg heateorSssWhatsappSvg\"><\/ss><\/i><\/li><li class=\"heateorSssSharingRound\"><i style=\"width:35px;height:35px;border-radius:999px;\" alt=\"Pinterest\" Title=\"Pinterest\" class=\"heateorSssSharing heateorSssPinterestBackground\" onclick=\"javascript:void( (function() {var e=document.createElement('script' );e.setAttribute('type','text\/javascript' );e.setAttribute('charset','UTF-8' );e.setAttribute('src','\/\/assets.pinterest.com\/js\/pinmarklet.js?r='+Math.random()*99999999);document.body.appendChild(e)})());\"><ss style=\"display:block;border-radius:999px;\" class=\"heateorSssSharingSvg heateorSssPinterestSvg\"><\/ss><\/i><\/li><li class=\"heateorSssSharingRound\"><i style=\"width:35px;height:35px;border-radius:999px;\" alt=\"Google Gmail\" Title=\"Google Gmail\" class=\"heateorSssSharing heateorSssGoogleGmailBackground\" onclick='heateorSssPopup(\"https:\/\/mail.google.com\/mail\/?ui=2&view=cm&fs=1&tf=1&su=LAS%20MUJERES%20EN%20LA%20FILOSOF%C3%8DA.%20Cap%C3%ADtulo%20III%3A%20T%C3%89ANO%20DE%20CROTONA.%20Por%20%C3%93scar%20Humberto%20G%C3%B3mez%20G%C3%B3mez%2C%20Miembro%20Correspondiente%20de%20la%20Academia%20de%20Historia%20de%20Santander%20y%20Miembro%20del%20Colegio%20Nacional%20de%20Periodistas&body=Link:https%3A%2F%2Foscarhumbertogomez.com%2Findex.php%3Frest_route%3D%252Fwp%252Fv2%252Fposts%252F24919\")'><ss style=\"display:block;border-radius:999px;\" class=\"heateorSssSharingSvg heateorSssGoogleGmailSvg\"><\/ss><\/i><\/li><li class=\"heateorSssSharingRound\"><i style=\"width:35px;height:35px;border-radius:999px;\" title=\"More\" alt=\"More\" class=\"heateorSssSharing heateorSssMoreBackground\" onclick=\"heateorSssMoreSharingPopup(this, 'https:\/\/oscarhumbertogomez.com\/index.php?rest_route=%2Fwp%2Fv2%2Fposts%2F24919', 'LAS%20MUJERES%20EN%20LA%20FILOSOF%C3%8DA.%20Cap%C3%ADtulo%20III%3A%20T%C3%89ANO%20DE%20CROTONA.%20Por%20%C3%93scar%20Humberto%20G%C3%B3mez%20G%C3%B3mez%2C%20Miembro%20Correspondiente%20de%20la%20Academia%20de%20Historia%20de%20Santander%20y%20Miembro%20del%20Colegio%20Nacional%20de%20Periodistas', '' )\" ><ss style=\"display:block\" class=\"heateorSssSharingSvg heateorSssMoreSvg\"><\/ss><\/i><\/li><\/ul><div class=\"heateorSssClear\"><\/div><\/div><div class='heateorSssClear'><\/div>","protected":false},"author":2,"featured_media":0,"comment_status":"closed","ping_status":"closed","sticky":false,"template":"","format":"standard","meta":{"spay_email":"","footnotes":""},"categories":[58,12,11],"tags":[],"class_list":["post-24919","post","type-post","status-publish","format-standard","hentry","category-filosofia","category-historia","category-periodismo"],"jetpack_featured_media_url":"","jetpack_shortlink":"https:\/\/wp.me\/p1FYrr-6tV","_links":{"self":[{"href":"https:\/\/oscarhumbertogomez.com\/index.php?rest_route=\/wp\/v2\/posts\/24919","targetHints":{"allow":["GET"]}}],"collection":[{"href":"https:\/\/oscarhumbertogomez.com\/index.php?rest_route=\/wp\/v2\/posts"}],"about":[{"href":"https:\/\/oscarhumbertogomez.com\/index.php?rest_route=\/wp\/v2\/types\/post"}],"author":[{"embeddable":true,"href":"https:\/\/oscarhumbertogomez.com\/index.php?rest_route=\/wp\/v2\/users\/2"}],"replies":[{"embeddable":true,"href":"https:\/\/oscarhumbertogomez.com\/index.php?rest_route=%2Fwp%2Fv2%2Fcomments&post=24919"}],"version-history":[{"count":5,"href":"https:\/\/oscarhumbertogomez.com\/index.php?rest_route=\/wp\/v2\/posts\/24919\/revisions"}],"predecessor-version":[{"id":52317,"href":"https:\/\/oscarhumbertogomez.com\/index.php?rest_route=\/wp\/v2\/posts\/24919\/revisions\/52317"}],"wp:attachment":[{"href":"https:\/\/oscarhumbertogomez.com\/index.php?rest_route=%2Fwp%2Fv2%2Fmedia&parent=24919"}],"wp:term":[{"taxonomy":"category","embeddable":true,"href":"https:\/\/oscarhumbertogomez.com\/index.php?rest_route=%2Fwp%2Fv2%2Fcategories&post=24919"},{"taxonomy":"post_tag","embeddable":true,"href":"https:\/\/oscarhumbertogomez.com\/index.php?rest_route=%2Fwp%2Fv2%2Ftags&post=24919"}],"curies":[{"name":"wp","href":"https:\/\/api.w.org\/{rel}","templated":true}]}}