{"id":2493,"date":"2012-01-05T15:49:33","date_gmt":"2012-01-05T20:49:33","guid":{"rendered":"http:\/\/www.oscarhumbertogomez.com\/?p=2493"},"modified":"2025-03-24T13:53:12","modified_gmt":"2025-03-24T18:53:12","slug":"tres-poetas-santandereanos","status":"publish","type":"post","link":"https:\/\/oscarhumbertogomez.com\/?p=2493","title":{"rendered":"TRES POETAS SANTANDEREANOS. Por \u00d3scar Humberto G\u00f3mez G\u00f3mez"},"content":{"rendered":"<p><img loading=\"lazy\" decoding=\"async\" class=\"aligncenter size-full wp-image-2575\" title=\"Escritor-escribir-con-pluma-y-una-vela\" src=\"https:\/\/lapiedrafilosofal.com\/wp-content\/uploads\/2012\/01\/Escritor-escribir-con-pluma-y-una-vela1.jpg\" alt=\"\" width=\"276\" height=\"400\" srcset=\"https:\/\/oscarhumbertogomez.com\/wp-content\/uploads\/2012\/01\/Escritor-escribir-con-pluma-y-una-vela1.jpg 276w, https:\/\/oscarhumbertogomez.com\/wp-content\/uploads\/2012\/01\/Escritor-escribir-con-pluma-y-una-vela1-207x300.jpg 207w\" sizes=\"auto, (max-width: 276px) 100vw, 276px\" \/><\/p>\n<p>&nbsp;<\/p>\n<p><span style=\"color: #008080;\"><span style=\"color: #000000;\"><strong>NOTAS DEL PORTAL: <\/strong><\/span><\/span><\/p>\n<p>&nbsp;<\/p>\n<p>Amantes de la Poes\u00eda, pero tambi\u00e9n respetuosos de las diferencias ideol\u00f3gicas de nuestros paisanos, exaltamos en esta ocasi\u00f3n a tres magn\u00edficos poetas de Santander. &nbsp;Son ellos: el poeta&nbsp;<strong>Rafael Ortiz Gonz\u00e1lez<\/strong>, prominente miembro del Partido Conservador; el poeta&nbsp;<strong>Gustavo Cote Uribe<\/strong>, destacada figura del Partido Liberal, y el poeta&nbsp;<strong>Pablo Zogoibi<\/strong>, distinguido militante del Partido Comunista, todos ellos ya fallecidos.<\/p>\n<p>Desde ideolog\u00edas pol\u00edticas tan dis\u00edmiles, pero con el com\u00fan denominador de la exquisitez en el manejo de la pluma, los tres rapsodas contribuyeron al engrandecimiento de las letras santandereanas y de la cultura de nuestro solar nativo.<\/p>\n<p>Del maestro Rafael Ortiz Gonz\u00e1lez hemos escogido&nbsp;<strong><em>Gracias te doy, Se\u00f1or<\/em><\/strong>, poema escrito durante su enfermedad como sorprendente muestra de resignaci\u00f3n cristiana, pero tambi\u00e9n de entereza frente a la adversidad. &nbsp;<\/p>\n<p>Del maestro Gustavo Cote Uribe, seleccionamos dos de los diez sonetos que compuso en memoria de su hija Martha Rosal\u00eda, fallecida cuando apenas era una ni\u00f1a, y los cuales integran la obra&nbsp;<strong><em>Diez sonetos y una eleg\u00eda<\/em><\/strong>.<\/p>\n<p>Y del maestro Pablo Zogoibi, tomamos su poema&nbsp;<strong><em>A Juan XXIII<\/em><\/strong>, sorprendente homenaje de un bardo de izquierda a una de las figuras m\u00e1s excelsas de la cristiandad.<\/p>\n<p>Aqu\u00ed est\u00e1n, pues, tres poemas emergidos de estas bre\u00f1as, en las que, dicho sea de paso, deber\u00e1n volverse a cultivar la Poes\u00eda y dem\u00e1s manifestaciones del esp\u00edritu si queremos evitar que el turbi\u00f3n del progreso mal entendido arrase para siempre con los \u00faltimos vestigios de lo que fuimos como pueblo.<\/p>\n<p>&nbsp;<\/p>\n<p><strong>Rafael Ortiz Gonz\u00e1lez<\/strong><\/p>\n<p><span style=\"color: #0000ff;\"><strong>GRACIAS TE DOY, SE\u00d1OR<\/strong><\/span><\/p>\n<p>&nbsp;<\/p>\n<p><img loading=\"lazy\" decoding=\"async\" class=\"aligncenter size-full wp-image-2497\" title=\"Rosa azul\" src=\"https:\/\/lapiedrafilosofal.com\/wp-content\/uploads\/2012\/01\/Rosa-azul.jpg\" alt=\"\" width=\"470\" height=\"353\" srcset=\"https:\/\/oscarhumbertogomez.com\/wp-content\/uploads\/2012\/01\/Rosa-azul.jpg 470w, https:\/\/oscarhumbertogomez.com\/wp-content\/uploads\/2012\/01\/Rosa-azul-300x225.jpg 300w\" sizes=\"auto, (max-width: 470px) 100vw, 470px\" \/><\/p>\n<p>&nbsp;<\/p>\n<p>Gracias te doy, Se\u00f1or, por estos males<\/p>\n<p>en que tal vez para mi bien me tienes.<\/p>\n<p>Qui\u00e9n sabe si estas penas y vaivenes<\/p>\n<p>y este dolor sean bienes celestiales.<\/p>\n<p>&nbsp;<\/p>\n<p>Qui\u00e9n sabe si estos males infernales<\/p>\n<p>ser\u00e1n ma\u00f1ana m\u00edsticos edenes,<\/p>\n<p>y si esta roja espina de mis sienes<\/p>\n<p>sea un \u00edndice blanco de rosales.<\/p>\n<p>&nbsp;<\/p>\n<p>Gracias te doy, Se\u00f1or, por los desdenes<\/p>\n<p>con que el mundo pag\u00f3 mis ideales<\/p>\n<p>y por este dolor que me mantienes.<\/p>\n<p>&nbsp;<\/p>\n<p>S\u00f3lo t\u00fa puedes leer en los cristales<\/p>\n<p>del coraz\u00f3n mis sinos inmortales<\/p>\n<p>y el libro de mis males y mis bienes.<\/p>\n<p>&nbsp;<\/p>\n<p><strong>Gustavo Cote Uribe<\/strong><\/p>\n<p><span style=\"color: #ff0000;\"><strong>DIEZ SONETOS Y UNA ELEG\u00cdA.&nbsp;<\/strong><\/span><\/p>\n<p><strong>SONETO I: SOLEDAD DE MARTHA ROSAL\u00cdA<\/strong><\/p>\n<p>&nbsp;<\/p>\n<p><img loading=\"lazy\" decoding=\"async\" class=\"aligncenter size-full wp-image-2498\" title=\"soledad\" src=\"https:\/\/lapiedrafilosofal.com\/wp-content\/uploads\/2012\/01\/soledad.jpg\" alt=\"\" width=\"400\" height=\"320\" srcset=\"https:\/\/oscarhumbertogomez.com\/wp-content\/uploads\/2012\/01\/soledad.jpg 400w, https:\/\/oscarhumbertogomez.com\/wp-content\/uploads\/2012\/01\/soledad-300x240.jpg 300w\" sizes=\"auto, (max-width: 400px) 100vw, 400px\" \/><\/p>\n<p>&nbsp;<\/p>\n<p>\u00a1Esta es la soledad! Que su bandera<\/p>\n<p>no empa\u00f1e desamor ni leve olvido.<\/p>\n<p>Por dulce y bien hallado lo perdido<\/p>\n<p>florezca soledad en primavera.<\/p>\n<p>&nbsp;<\/p>\n<p>No conozca otra ruta verdadera<\/p>\n<p>el coraz\u00f3n, por siempre bien herido,<\/p>\n<p>como esta soledad de mi latido<\/p>\n<p>que trenza fiel su voz de enredadera.<\/p>\n<p>&nbsp;<\/p>\n<p>Jam\u00e1s sea tristeza entristeciendo<\/p>\n<p>de este dolor su luz de medio d\u00eda.<\/p>\n<p>Emerja de su huella eterneciendo<\/p>\n<p>&nbsp;<\/p>\n<p>s\u00f3lo la soledad: nuestra alegr\u00eda,<\/p>\n<p>y en duelo azul por ella renaciendo<\/p>\n<p>perdure el coraz\u00f3n en su agon\u00eda.<\/p>\n<p>&nbsp;<\/p>\n<p><strong>SONETO IX: SAUDADE DE MARTHA ROSAL\u00cdA<\/strong><\/p>\n<p>&nbsp;<\/p>\n<p><img loading=\"lazy\" decoding=\"async\" class=\"aligncenter size-full wp-image-2500\" title=\"muneca-de-trapo\" src=\"https:\/\/lapiedrafilosofal.com\/wp-content\/uploads\/2012\/01\/muneca-de-trapo.jpg\" alt=\"\" width=\"320\" height=\"238\" srcset=\"https:\/\/oscarhumbertogomez.com\/wp-content\/uploads\/2012\/01\/muneca-de-trapo.jpg 320w, https:\/\/oscarhumbertogomez.com\/wp-content\/uploads\/2012\/01\/muneca-de-trapo-300x223.jpg 300w\" sizes=\"auto, (max-width: 320px) 100vw, 320px\" \/><\/p>\n<p>&nbsp;<\/p>\n<p>\u00bfD\u00f3nde su anhelo, su ilusi\u00f3n dorada,<\/p>\n<p>sus manos de paloma en la ternura,<\/p>\n<p>su piadosa mirada, la dulzura<\/p>\n<p>de su presencia en sue\u00f1os no so\u00f1ada?<\/p>\n<p>&nbsp;<\/p>\n<p>\u00bfD\u00f3nde la fiel comarca iluminada<\/p>\n<p>de lirio y \u00e1ngel y de azul y albura<\/p>\n<p>circundando su paso y su figura,<\/p>\n<p>por el amor del polvo rescatada&#8230;?<\/p>\n<p>&nbsp;<\/p>\n<p>\u00bfEn d\u00f3nde ahora el mundo de su risa<\/p>\n<p>que poblaron mu\u00f1eca y gnomo alado?<\/p>\n<p>\u00bfD\u00f3nde est\u00e1 su contento y en qu\u00e9 brisa<\/p>\n<p>&nbsp;<\/p>\n<p>florece el eco de su voz sellado?<\/p>\n<p>C\u00e1llelo el coraz\u00f3n que lo eterniza<\/p>\n<p>mientras acrece el duelo lo callado!<\/p>\n<p>&nbsp;<\/p>\n<p><strong>Pablo Zogoibi<\/strong><\/p>\n<p><span style=\"color: #008000;\"><strong>A JUAN XXIII<\/strong><\/span><\/p>\n<p>&nbsp;<\/p>\n<p><img loading=\"lazy\" decoding=\"async\" class=\"aligncenter size-full wp-image-2501\" title=\"juan-xxiii\" src=\"https:\/\/lapiedrafilosofal.com\/wp-content\/uploads\/2012\/01\/juan-xxiii.jpg\" alt=\"\" width=\"239\" height=\"300\"><\/p>\n<p>&nbsp;<\/p>\n<p>\u00a1Domador de mundiales tempestades,<\/p>\n<p>padre de terciopelos y de flores,<\/p>\n<p>te bendicen los ni\u00f1os y las madres,<\/p>\n<p>y te saludan f\u00falgidos los soles!<\/p>\n<p>&nbsp;<\/p>\n<p>Has olvidado la palabra &#8220;nada&#8221;.<\/p>\n<p>Es tu ideal el universo, el todo.<\/p>\n<p>M\u00e1s que Rolando, pudo tu mirada<\/p>\n<p>matar la muerte de perfecto modo.<\/p>\n<p>&nbsp;<\/p>\n<p>Pi\u00e9lagos de irisadas mariposas<\/p>\n<p>vense volar de tus cabellos canos.<\/p>\n<p>Te pueden perfumar todas las rosas<\/p>\n<p>y juntarse por ti todas las manos.<\/p>\n<p>&nbsp;<\/p>\n<p>Qui\u00e9n como t\u00fa que amando la pobreza<\/p>\n<p>m\u00e1s rico fuiste que Aladino y Creso,<\/p>\n<p>y el pan espiritual sobre tu mesa<\/p>\n<p>diste a todos los hombres con un beso.<\/p>\n<p>&nbsp;<\/p>\n<p>\u00bfQu\u00e9 guerrero gan\u00f3 tantas batallas<\/p>\n<p>como t\u00fa, sin espada y sin ca\u00f1ones?<\/p>\n<p>\u00bfQui\u00e9n constel\u00f3 su pecho de medallas<\/p>\n<p>y fue m\u00e1s grande que los Napoleones?<\/p>\n<p>&nbsp;<\/p>\n<p>T\u00fa, genial, el pac\u00edfico, el sublime,<\/p>\n<p>&#8220;ante quien mudo se postr\u00f3 la Tierra&#8221;.<\/p>\n<p>\u00a1Tan s\u00f3lo con un gesto soberano<\/p>\n<p>domaste los dragones de la guerra!<\/p>\n<p>&nbsp;<\/p>\n","protected":false},"excerpt":{"rendered":"<p>&nbsp; NOTAS DEL PORTAL: &nbsp; Amantes de la Poes\u00eda, pero tambi\u00e9n respetuosos de las diferencias ideol\u00f3gicas de nuestros paisanos, exaltamos en esta ocasi\u00f3n a tres magn\u00edficos poetas de Santander. &nbsp;Son ellos: el poeta&nbsp;Rafael Ortiz Gonz\u00e1lez, prominente miembro del Partido Conservador; &hellip; <a href=\"https:\/\/oscarhumbertogomez.com\/?p=2493\">Sigue leyendo <span class=\"meta-nav\">&rarr;<\/span><\/a><\/p>\n<div class='heateorSssClear'><\/div><div  class='heateor_sss_sharing_container heateor_sss_horizontal_sharing' heateor-sss-data-href='https:\/\/oscarhumbertogomez.com\/?p=2493'><div class='heateor_sss_sharing_title' style=\"font-weight:bold\" >\u00a1Gracias por compartirla!<\/div><ul class=\"heateor_sss_sharing_ul\"><li class=\"heateorSssSharingRound\"><i style=\"width:35px;height:35px;border-radius:999px;\" alt=\"Facebook\" Title=\"Facebook\" class=\"heateorSssSharing heateorSssFacebookBackground\" onclick='heateorSssPopup(\"https:\/\/www.facebook.com\/sharer\/sharer.php?u=https%3A%2F%2Foscarhumbertogomez.com%2Findex.php%3Frest_route%3D%252Fwp%252Fv2%252Fposts%252F2493\")'><ss style=\"display:block;border-radius:999px;\" class=\"heateorSssSharingSvg heateorSssFacebookSvg\"><\/ss><\/i><\/li><li class=\"heateorSssSharingRound\"><i style=\"width:35px;height:35px;border-radius:999px;\" alt=\"Twitter\" Title=\"Twitter\" class=\"heateorSssSharing heateorSssTwitterBackground\" onclick='heateorSssPopup(\"http:\/\/twitter.com\/intent\/tweet?text=TRES%20POETAS%20SANTANDEREANOS.%20Por%20%C3%93scar%20Humberto%20G%C3%B3mez%20G%C3%B3mez&url=https%3A%2F%2Foscarhumbertogomez.com%2Findex.php%3Frest_route%3D%252Fwp%252Fv2%252Fposts%252F2493\")'><ss style=\"display:block;border-radius:999px;\" class=\"heateorSssSharingSvg heateorSssTwitterSvg\"><\/ss><\/i><\/li><li class=\"heateorSssSharingRound\"><i style=\"width:35px;height:35px;border-radius:999px;\" alt=\"Whatsapp\" Title=\"Whatsapp\" class=\"heateorSssSharing heateorSssWhatsappBackground\" onclick='heateorSssPopup(\"https:\/\/web.whatsapp.com\/send?text=TRES%20POETAS%20SANTANDEREANOS.%20Por%20%C3%93scar%20Humberto%20G%C3%B3mez%20G%C3%B3mez https%3A%2F%2Foscarhumbertogomez.com%2Findex.php%3Frest_route%3D%252Fwp%252Fv2%252Fposts%252F2493\")'><ss style=\"display:block\" class=\"heateorSssSharingSvg heateorSssWhatsappSvg\"><\/ss><\/i><\/li><li class=\"heateorSssSharingRound\"><i style=\"width:35px;height:35px;border-radius:999px;\" alt=\"Pinterest\" Title=\"Pinterest\" class=\"heateorSssSharing heateorSssPinterestBackground\" onclick=\"javascript:void( (function() {var e=document.createElement('script' );e.setAttribute('type','text\/javascript' );e.setAttribute('charset','UTF-8' );e.setAttribute('src','\/\/assets.pinterest.com\/js\/pinmarklet.js?r='+Math.random()*99999999);document.body.appendChild(e)})());\"><ss style=\"display:block;border-radius:999px;\" class=\"heateorSssSharingSvg heateorSssPinterestSvg\"><\/ss><\/i><\/li><li class=\"heateorSssSharingRound\"><i style=\"width:35px;height:35px;border-radius:999px;\" alt=\"Google Gmail\" Title=\"Google Gmail\" class=\"heateorSssSharing heateorSssGoogleGmailBackground\" onclick='heateorSssPopup(\"https:\/\/mail.google.com\/mail\/?ui=2&view=cm&fs=1&tf=1&su=TRES%20POETAS%20SANTANDEREANOS.%20Por%20%C3%93scar%20Humberto%20G%C3%B3mez%20G%C3%B3mez&body=Link:https%3A%2F%2Foscarhumbertogomez.com%2Findex.php%3Frest_route%3D%252Fwp%252Fv2%252Fposts%252F2493\")'><ss style=\"display:block;border-radius:999px;\" class=\"heateorSssSharingSvg heateorSssGoogleGmailSvg\"><\/ss><\/i><\/li><li class=\"heateorSssSharingRound\"><i style=\"width:35px;height:35px;border-radius:999px;\" title=\"More\" alt=\"More\" class=\"heateorSssSharing heateorSssMoreBackground\" onclick=\"heateorSssMoreSharingPopup(this, 'https:\/\/oscarhumbertogomez.com\/index.php?rest_route=%2Fwp%2Fv2%2Fposts%2F2493', 'TRES%20POETAS%20SANTANDEREANOS.%20Por%20%C3%93scar%20Humberto%20G%C3%B3mez%20G%C3%B3mez', '' )\" ><ss style=\"display:block\" class=\"heateorSssSharingSvg heateorSssMoreSvg\"><\/ss><\/i><\/li><\/ul><div class=\"heateorSssClear\"><\/div><\/div><div class='heateorSssClear'><\/div>","protected":false},"author":2,"featured_media":0,"comment_status":"open","ping_status":"open","sticky":false,"template":"","format":"standard","meta":{"spay_email":"","footnotes":""},"categories":[6,7],"tags":[],"class_list":["post-2493","post","type-post","status-publish","format-standard","hentry","category-la-pluma-ajena","category-poesia"],"jetpack_featured_media_url":"","jetpack_shortlink":"https:\/\/wp.me\/p1FYrr-Ed","_links":{"self":[{"href":"https:\/\/oscarhumbertogomez.com\/index.php?rest_route=\/wp\/v2\/posts\/2493","targetHints":{"allow":["GET"]}}],"collection":[{"href":"https:\/\/oscarhumbertogomez.com\/index.php?rest_route=\/wp\/v2\/posts"}],"about":[{"href":"https:\/\/oscarhumbertogomez.com\/index.php?rest_route=\/wp\/v2\/types\/post"}],"author":[{"embeddable":true,"href":"https:\/\/oscarhumbertogomez.com\/index.php?rest_route=\/wp\/v2\/users\/2"}],"replies":[{"embeddable":true,"href":"https:\/\/oscarhumbertogomez.com\/index.php?rest_route=%2Fwp%2Fv2%2Fcomments&post=2493"}],"version-history":[{"count":4,"href":"https:\/\/oscarhumbertogomez.com\/index.php?rest_route=\/wp\/v2\/posts\/2493\/revisions"}],"predecessor-version":[{"id":52788,"href":"https:\/\/oscarhumbertogomez.com\/index.php?rest_route=\/wp\/v2\/posts\/2493\/revisions\/52788"}],"wp:attachment":[{"href":"https:\/\/oscarhumbertogomez.com\/index.php?rest_route=%2Fwp%2Fv2%2Fmedia&parent=2493"}],"wp:term":[{"taxonomy":"category","embeddable":true,"href":"https:\/\/oscarhumbertogomez.com\/index.php?rest_route=%2Fwp%2Fv2%2Fcategories&post=2493"},{"taxonomy":"post_tag","embeddable":true,"href":"https:\/\/oscarhumbertogomez.com\/index.php?rest_route=%2Fwp%2Fv2%2Ftags&post=2493"}],"curies":[{"name":"wp","href":"https:\/\/api.w.org\/{rel}","templated":true}]}}