{"id":24965,"date":"2018-02-16T11:39:57","date_gmt":"2018-02-16T16:39:57","guid":{"rendered":"http:\/\/www.oscarhumbertogomez.com\/?p=24965"},"modified":"2025-03-12T10:37:28","modified_gmt":"2025-03-12T15:37:28","slug":"las-mujeres-en-la-filosofia-capitulo-v-themista-de-lampsaco-por-oscar-humberto-gomez-gomez-miembro-de-la-academia-de-historia-de-santander-y-del-colegio-nacional-de-periodistas-seccional-santander","status":"publish","type":"post","link":"https:\/\/oscarhumbertogomez.com\/?p=24965","title":{"rendered":"LAS MUJERES EN LA FILOSOF\u00cdA. Cap\u00edtulo V: THEMISTA DE L\u00c1MPSACO. Por \u00d3scar Humberto G\u00f3mez G\u00f3mez, Miembro Correspondiente de la Academia de Historia de Santander y Miembro del Colegio Nacional de Periodistas"},"content":{"rendered":"<div id=\"attachment_24971\" style=\"width: 498px\" class=\"wp-caption alignnone\"><a href=\"https:\/\/lapiedrafilosofal.com\/wp-content\/uploads\/2018\/02\/THEMISTA-.jpg\"><img loading=\"lazy\" decoding=\"async\" aria-describedby=\"caption-attachment-24971\" class=\"size-full wp-image-24971\" src=\"https:\/\/lapiedrafilosofal.com\/wp-content\/uploads\/2018\/02\/THEMISTA-.jpg\" alt=\"\" width=\"488\" height=\"650\" srcset=\"https:\/\/oscarhumbertogomez.com\/wp-content\/uploads\/2018\/02\/THEMISTA-.jpg 488w, https:\/\/oscarhumbertogomez.com\/wp-content\/uploads\/2018\/02\/THEMISTA--225x300.jpg 225w\" sizes=\"auto, (max-width: 488px) 100vw, 488px\" \/><\/a><p id=\"caption-attachment-24971\" class=\"wp-caption-text\">THEMISTA DE L\u00c1MPSACO. Museo del Louvre. Par\u00eds \/ Francia].<\/p><\/div>\n<p>&nbsp;<\/p>\n<p>Cuando se habla de las diferentes escuelas filos\u00f3ficas, siempre se menciona a los varones, pr\u00e1cticamente nunca a las mujeres, a pesar de que cada vez es m\u00e1s claro que ellas tambi\u00e9n tomaron parte en la creaci\u00f3n y desarrollo de estas, y aportaron sus luces personales, que terminaron absorbidas por el hombre que era la cabeza de la escuela o, en el mejor de los casos, por la escuela misma, a la que acabaron atribuy\u00e9ndosele los aportes de las damas integrantes de la correspondiente escuela, doctrina o corriente de la Filosof\u00eda.<\/p>\n<p>Es el caso de <strong>Themista de L\u00e1mpsaco<\/strong>, la \u00fanica fil\u00f3sofa mujer citada por el antiguo gram\u00e1tico y fil\u00f3logo egipcio D\u00eddimo de Alejandr\u00eda, y la \u00fanica mujer citada como fil\u00f3sofa por&nbsp;Lactancio.<\/p>\n<p>Y es que Themista de L\u00e1mpsaco fue una de las cabezas principales de la escuela filos\u00f3fica de los epic\u00fareos, fundada por Epicuro. O Epicuro de Samos.<\/p>\n<p>En efecto, a las afueras de Atenas, en un predio de su propiedad, Epicuro (nacido en Samos en el a\u00f1o 341 A.C.) fund\u00f3 su escuela filos\u00f3fica, a la cual se le denomin\u00f3 El Jard\u00edn, en referencia al entorno buc\u00f3lico del lugar donde comenz\u00f3 a funcionar.<\/p>\n<p>Esta congregaci\u00f3n, secta o hermandad de Epicuro se caracteriz\u00f3 por aceptar esclavos y admitir mujeres.<\/p>\n<p>Y dentro de las mujeres que ingresaron a ella se destac\u00f3 Themista de L\u00e1mpsaco.<\/p>\n<p>&nbsp;<\/p>\n<div id=\"attachment_28582\" style=\"width: 1930px\" class=\"wp-caption alignnone\"><a href=\"https:\/\/lapiedrafilosofal.com\/wp-content\/uploads\/2018\/02\/La-escuela-de-Atenas.jpg\"><img loading=\"lazy\" decoding=\"async\" aria-describedby=\"caption-attachment-28582\" class=\"size-full wp-image-28582\" src=\"https:\/\/lapiedrafilosofal.com\/wp-content\/uploads\/2018\/02\/La-escuela-de-Atenas.jpg\" alt=\"\" width=\"1920\" height=\"1368\" srcset=\"https:\/\/oscarhumbertogomez.com\/wp-content\/uploads\/2018\/02\/La-escuela-de-Atenas.jpg 1920w, https:\/\/oscarhumbertogomez.com\/wp-content\/uploads\/2018\/02\/La-escuela-de-Atenas-300x214.jpg 300w, https:\/\/oscarhumbertogomez.com\/wp-content\/uploads\/2018\/02\/La-escuela-de-Atenas-768x547.jpg 768w, https:\/\/oscarhumbertogomez.com\/wp-content\/uploads\/2018\/02\/La-escuela-de-Atenas-1024x730.jpg 1024w\" sizes=\"auto, (max-width: 1920px) 100vw, 1920px\" \/><\/a><p id=\"caption-attachment-28582\" class=\"wp-caption-text\">&#8220;La escuela de Atenas&#8221;. Rafael. Museos Vaticanos. (Se cree que el fil\u00f3sofo de traje celeste que lee y escribe de pie y apoyado sobre una columna es Epicuro de Samos).<\/p><\/div>\n<p>&nbsp;<\/p>\n<p>Los epic\u00fareos tuvieron como centro de su filosof\u00eda la amistad. El Jard\u00edn era, pues, m\u00e1s que cualquier otra cosa, una fraternidad de amigos que hab\u00edan decidido vivir juntos, y estudiar juntos, y compartir juntos, y asumir juntos la b\u00fasqueda de la felicidad. Es decir, en la concepci\u00f3n filos\u00f3fica de los epic\u00fareos, el fin de la vida es la felicidad y el camino para alcanzar esta es la amistad.<\/p>\n<p>No exist\u00eda dentro de los epic\u00fareos comunidad de bienes, pues consideraban que ello traer\u00eda consigo la desconfianza y se constituir\u00eda en fuente de conflictos.<\/p>\n<p>Al ingreso, se ten\u00eda que hacer un juramento sacramental de lealtad a Epicuro, cuya vida era el ejemplo a ser imitado y cuya filosof\u00eda era la que deb\u00eda ser aprendida y puesta en pr\u00e1ctica.<\/p>\n<p>Era, por ello, muy dif\u00edcil que alguien distinto a \u00e9l surgiera como pensador aut\u00f3nomo.<\/p>\n<p>Ello no significaba que Epicuro fuese un dictador o algo por el estilo, pues, al contrario, est\u00e1 documentado su esp\u00edritu paternal y amable hacia sus disc\u00edpulos, y que no hab\u00eda una l\u00ednea de mando r\u00edgida, sino una relaci\u00f3n fraterna entre los integrantes de la escuela.<\/p>\n<p>&nbsp;<\/p>\n<div id=\"attachment_28584\" style=\"width: 1671px\" class=\"wp-caption alignnone\"><a href=\"https:\/\/lapiedrafilosofal.com\/wp-content\/uploads\/2018\/02\/ACROPOLIS-Antigua-Atenas.-Christophe-Meneboeut-.jpg\"><img loading=\"lazy\" decoding=\"async\" aria-describedby=\"caption-attachment-28584\" class=\"size-full wp-image-28584\" src=\"https:\/\/lapiedrafilosofal.com\/wp-content\/uploads\/2018\/02\/ACROPOLIS-Antigua-Atenas.-Christophe-Meneboeut-.jpg\" alt=\"\" width=\"1661\" height=\"794\" srcset=\"https:\/\/oscarhumbertogomez.com\/wp-content\/uploads\/2018\/02\/ACROPOLIS-Antigua-Atenas.-Christophe-Meneboeut-.jpg 1661w, https:\/\/oscarhumbertogomez.com\/wp-content\/uploads\/2018\/02\/ACROPOLIS-Antigua-Atenas.-Christophe-Meneboeut--300x143.jpg 300w, https:\/\/oscarhumbertogomez.com\/wp-content\/uploads\/2018\/02\/ACROPOLIS-Antigua-Atenas.-Christophe-Meneboeut--768x367.jpg 768w, https:\/\/oscarhumbertogomez.com\/wp-content\/uploads\/2018\/02\/ACROPOLIS-Antigua-Atenas.-Christophe-Meneboeut--1024x489.jpg 1024w\" sizes=\"auto, (max-width: 1661px) 100vw, 1661px\" \/><\/a><p id=\"caption-attachment-28584\" class=\"wp-caption-text\">Ruinas de la antigua Atenas. Acr\u00f3polis. Fotograf\u00eda de Christophe Meneboeuf.<\/p><\/div>\n<p>&nbsp;<\/p>\n<p>La felicidad, en la filosof\u00eda epic\u00farea, consiste en la ausencia de dolor en el cuerpo y de perturbaci\u00f3n en el alma.<\/p>\n<p>&#8220;El mayor placer est\u00e1 en beber agua cuando se tiene sed y comer pan cuando se tiene hambre&#8221;, dice textualmente Epicuro.<\/p>\n<p>El placer es el fin de la vida. Pero no el placer entendido como el abuso de la sensualidad, ni el llevar una vida disoluta o viciosa.<\/p>\n<p>A diferencia de los cirenaicos, los epic\u00fareos privilegian el placer espiritual sobre el placer corporal.<\/p>\n<p>El placer mayor de la vida es la tranquilidad del alma.<\/p>\n<p>&nbsp;<\/p>\n<div id=\"attachment_28575\" style=\"width: 667px\" class=\"wp-caption alignnone\"><a href=\"https:\/\/lapiedrafilosofal.com\/wp-content\/uploads\/2018\/02\/RUINAS-DE-ATENAS.-ACROPOLIS-EL-PARTENON.jpg\"><img loading=\"lazy\" decoding=\"async\" aria-describedby=\"caption-attachment-28575\" class=\"size-full wp-image-28575\" src=\"https:\/\/lapiedrafilosofal.com\/wp-content\/uploads\/2018\/02\/RUINAS-DE-ATENAS.-ACROPOLIS-EL-PARTENON.jpg\" alt=\"\" width=\"657\" height=\"383\" srcset=\"https:\/\/oscarhumbertogomez.com\/wp-content\/uploads\/2018\/02\/RUINAS-DE-ATENAS.-ACROPOLIS-EL-PARTENON.jpg 657w, https:\/\/oscarhumbertogomez.com\/wp-content\/uploads\/2018\/02\/RUINAS-DE-ATENAS.-ACROPOLIS-EL-PARTENON-300x175.jpg 300w\" sizes=\"auto, (max-width: 657px) 100vw, 657px\" \/><\/a><p id=\"caption-attachment-28575\" class=\"wp-caption-text\">Ruinas de la Atenas antigua. Acr\u00f3polis. El Parten\u00f3n.<\/p><\/div>\n<p>&nbsp;<\/p>\n<p>El doctor Javier Antol\u00edn S\u00e1nchez en su obra <em>Influencias \u00e9ticas y sociopol\u00edticas del epicure\u00edsmo en el cristianismo primitivo<\/em> (Universidad de Valladolid, Espa\u00f1a, 2000. Tesis de doctorado) ilustra con amplitud la filosof\u00eda de Epicuro y los epic\u00fareos.<\/p>\n<p>Destaca de dicha filosof\u00eda, entre otros aportes, que &#8220;La mayor riqueza para el hombre consiste en vivir contento con poco, pues de lo poco jam\u00e1s existe escasez&#8221;.<\/p>\n<p>Para conseguir la vida feliz es necesario practicar la virtud; ni el deshonesto, ni el injusto pueden ser felices.<\/p>\n<p>&nbsp;<\/p>\n<div id=\"attachment_28576\" style=\"width: 1034px\" class=\"wp-caption alignnone\"><a href=\"https:\/\/lapiedrafilosofal.com\/wp-content\/uploads\/2018\/02\/RUINAS-DE-ATENAS-.-ACROPOLIS.-El-teatro-griego.-.jpg\"><img loading=\"lazy\" decoding=\"async\" aria-describedby=\"caption-attachment-28576\" class=\"size-full wp-image-28576\" src=\"https:\/\/lapiedrafilosofal.com\/wp-content\/uploads\/2018\/02\/RUINAS-DE-ATENAS-.-ACROPOLIS.-El-teatro-griego.-.jpg\" alt=\"\" width=\"1024\" height=\"705\" srcset=\"https:\/\/oscarhumbertogomez.com\/wp-content\/uploads\/2018\/02\/RUINAS-DE-ATENAS-.-ACROPOLIS.-El-teatro-griego.-.jpg 1024w, https:\/\/oscarhumbertogomez.com\/wp-content\/uploads\/2018\/02\/RUINAS-DE-ATENAS-.-ACROPOLIS.-El-teatro-griego.--300x207.jpg 300w, https:\/\/oscarhumbertogomez.com\/wp-content\/uploads\/2018\/02\/RUINAS-DE-ATENAS-.-ACROPOLIS.-El-teatro-griego.--768x529.jpg 768w\" sizes=\"auto, (max-width: 1024px) 100vw, 1024px\" \/><\/a><p id=\"caption-attachment-28576\" class=\"wp-caption-text\">Ruinas de la antigua Atenas. Acr\u00f3polis. El teatro griego.<\/p><\/div>\n<p>&nbsp;<\/p>\n<p>A la luz de la Historia, el hecho de que dentro de la escuela de los epic\u00fareos no se discriminara a nadie, hizo que el epicure\u00edsmo tuviese una enorme acogida dentro de los pueblos de entonces y que se mantuviera vigente en el tiempo durante siglos enteros. Fue as\u00ed como mientras Epicuro mor\u00eda en Atenas en el a\u00f1o 270 A.C., a los 71 a\u00f1os de edad, todav\u00eda San Pablo, en pleno siglo I D.C., estaba previniendo a los cristianos sobre los peligros de su doctrina.<\/p>\n<p>Y es que sus posturas de car\u00e1cter religioso seg\u00fan las cuales no existe un principio creador y ordenador del universo (\u00c1lvaro Alonso. <em>&#8220;Cristianismo y epicure\u00edsmo:Fray Alonso de Cartagena y el Libro de la vida bienaventurada<\/em>) condujeron a que con el advenimiento del cristianismo la filosof\u00eda epic\u00farea fuese objeto de fuerte oposici\u00f3n dentro de la nueva concepci\u00f3n religiosa.<\/p>\n<p>Pero ni Epicuro, ni los epic\u00fareos \u2014entre ellos Themista de L\u00e1mpsaco\u2014 eran ateos. Por el contrario, cre\u00edan en la existencia de los dioses y que estos viv\u00edan en el mundo con figura humana y guardaban entre s\u00ed una perfecta armon\u00eda. Lo que no aceptaban, en cambio, era que las cosas que suced\u00edan en la tierra ocurriesen debido a la intervenci\u00f3n divina. En otras palabras, no exist\u00eda para ellos &#8220;la divina providencia&#8221;.&nbsp;(<em>Epicure\u00edsmo y cristianismo primitivo<\/em>. En: cienciarazonyfe.com).<\/p>\n<p>&nbsp;<\/p>\n<div id=\"attachment_24976\" style=\"width: 810px\" class=\"wp-caption alignnone\"><a href=\"https:\/\/lapiedrafilosofal.com\/wp-content\/uploads\/2018\/02\/EPICURO-.jpg\"><img loading=\"lazy\" decoding=\"async\" aria-describedby=\"caption-attachment-24976\" class=\"size-full wp-image-24976\" src=\"https:\/\/lapiedrafilosofal.com\/wp-content\/uploads\/2018\/02\/EPICURO-.jpg\" alt=\"\" width=\"800\" height=\"1200\" srcset=\"https:\/\/oscarhumbertogomez.com\/wp-content\/uploads\/2018\/02\/EPICURO-.jpg 800w, https:\/\/oscarhumbertogomez.com\/wp-content\/uploads\/2018\/02\/EPICURO--200x300.jpg 200w, https:\/\/oscarhumbertogomez.com\/wp-content\/uploads\/2018\/02\/EPICURO--768x1152.jpg 768w, https:\/\/oscarhumbertogomez.com\/wp-content\/uploads\/2018\/02\/EPICURO--683x1024.jpg 683w\" sizes=\"auto, (max-width: 800px) 100vw, 800px\" \/><\/a><p id=\"caption-attachment-24976\" class=\"wp-caption-text\">EPICURO DE SAMOS. Museo Metropolitano de Arte. Fotograf\u00eda: Marie-Lan Nguyen (2011).<\/p><\/div>\n<p>&nbsp;<\/p>\n<p>Se ignora qu\u00e9 pas\u00f3 con El Jard\u00edn, cu\u00e1ndo desapareci\u00f3 y qu\u00e9 circunstancias rodearon su cierre o el cese de sus actividades.<\/p>\n<p>En cuanto a la filosof\u00eda epic\u00farea como tal, el advenimiento de la Edad Media y el inmenso poder adquirido por la Iglesia terminaron por propiciar su final definitivo.<\/p>\n<p>&nbsp;<\/p>\n<p>Es evidente que Themista de L\u00e1mpsaco lleg\u00f3 a El Jard\u00edn no solo como aspirante por s\u00ed sola a ser alumna de Epicuro, sino que tambi\u00e9n hubo de ser decisivo el que fuera la esposa de un fil\u00f3sofo llamado Leonteo, igualmente alumno de aquella escuela filos\u00f3fica.<\/p>\n<p>En todo caso, hubo de ser figura importante de la escuela porque el historiador de la filosof\u00eda griega antigua Di\u00f3genes Laercio (quien probablemente vivi\u00f3 en el siglo III D. C. y muri\u00f3 en el 240 D.C. a la edad de 60 a\u00f1os) dej\u00f3 la constancia hist\u00f3rica de que uno de los libros de Epicuro se titul\u00f3 <em>A Themista<\/em>.<\/p>\n<p>&nbsp;<\/p>\n<div id=\"attachment_28572\" style=\"width: 409px\" class=\"wp-caption alignnone\"><a href=\"https:\/\/lapiedrafilosofal.com\/wp-content\/uploads\/2018\/02\/DIOGENES-LAERCIO-.jpg\"><img loading=\"lazy\" decoding=\"async\" aria-describedby=\"caption-attachment-28572\" class=\"size-full wp-image-28572\" src=\"https:\/\/lapiedrafilosofal.com\/wp-content\/uploads\/2018\/02\/DIOGENES-LAERCIO-.jpg\" alt=\"\" width=\"399\" height=\"517\" srcset=\"https:\/\/oscarhumbertogomez.com\/wp-content\/uploads\/2018\/02\/DIOGENES-LAERCIO-.jpg 399w, https:\/\/oscarhumbertogomez.com\/wp-content\/uploads\/2018\/02\/DIOGENES-LAERCIO--232x300.jpg 232w\" sizes=\"auto, (max-width: 399px) 100vw, 399px\" \/><\/a><p id=\"caption-attachment-28572\" class=\"wp-caption-text\">Di\u00f3genes Laercio. Edward Brewster. 1688.<\/p><\/div>\n<p>&nbsp;<\/p>\n<p>__________<\/p>\n<p>&nbsp;<\/p>\n<p><em>[CONTINUAR\u00c1]<\/em><\/p>\n<p>&nbsp;<\/p>\n","protected":false},"excerpt":{"rendered":"<p>&nbsp; Cuando se habla de las diferentes escuelas filos\u00f3ficas, siempre se menciona a los varones, pr\u00e1cticamente nunca a las mujeres, a pesar de que cada vez es m\u00e1s claro que ellas tambi\u00e9n tomaron parte en la creaci\u00f3n y desarrollo de &hellip; <a href=\"https:\/\/oscarhumbertogomez.com\/?p=24965\">Sigue leyendo <span class=\"meta-nav\">&rarr;<\/span><\/a><\/p>\n<div class='heateorSssClear'><\/div><div  class='heateor_sss_sharing_container heateor_sss_horizontal_sharing' heateor-sss-data-href='https:\/\/oscarhumbertogomez.com\/?p=24965'><div class='heateor_sss_sharing_title' style=\"font-weight:bold\" >\u00a1Gracias por compartirla!<\/div><ul class=\"heateor_sss_sharing_ul\"><li class=\"heateorSssSharingRound\"><i style=\"width:35px;height:35px;border-radius:999px;\" alt=\"Facebook\" Title=\"Facebook\" class=\"heateorSssSharing heateorSssFacebookBackground\" onclick='heateorSssPopup(\"https:\/\/www.facebook.com\/sharer\/sharer.php?u=https%3A%2F%2Foscarhumbertogomez.com%2Findex.php%3Frest_route%3D%252Fwp%252Fv2%252Fposts%252F24965\")'><ss style=\"display:block;border-radius:999px;\" class=\"heateorSssSharingSvg heateorSssFacebookSvg\"><\/ss><\/i><\/li><li class=\"heateorSssSharingRound\"><i style=\"width:35px;height:35px;border-radius:999px;\" alt=\"Twitter\" Title=\"Twitter\" class=\"heateorSssSharing heateorSssTwitterBackground\" onclick='heateorSssPopup(\"http:\/\/twitter.com\/intent\/tweet?text=LAS%20MUJERES%20EN%20LA%20FILOSOF%C3%8DA.%20Cap%C3%ADtulo%20V%3A%20THEMISTA%20DE%20L%C3%81MPSACO.%20Por%20%C3%93scar%20Humberto%20G%C3%B3mez%20G%C3%B3mez%2C%20Miembro%20Correspondiente%20de%20la%20Academia%20de%20Historia%20de%20Santander%20y%20Miembro%20del%20Colegio%20Nacional%20de%20Periodistas&url=https%3A%2F%2Foscarhumbertogomez.com%2Findex.php%3Frest_route%3D%252Fwp%252Fv2%252Fposts%252F24965\")'><ss style=\"display:block;border-radius:999px;\" class=\"heateorSssSharingSvg heateorSssTwitterSvg\"><\/ss><\/i><\/li><li class=\"heateorSssSharingRound\"><i style=\"width:35px;height:35px;border-radius:999px;\" alt=\"Whatsapp\" Title=\"Whatsapp\" class=\"heateorSssSharing heateorSssWhatsappBackground\" onclick='heateorSssPopup(\"https:\/\/web.whatsapp.com\/send?text=LAS%20MUJERES%20EN%20LA%20FILOSOF%C3%8DA.%20Cap%C3%ADtulo%20V%3A%20THEMISTA%20DE%20L%C3%81MPSACO.%20Por%20%C3%93scar%20Humberto%20G%C3%B3mez%20G%C3%B3mez%2C%20Miembro%20Correspondiente%20de%20la%20Academia%20de%20Historia%20de%20Santander%20y%20Miembro%20del%20Colegio%20Nacional%20de%20Periodistas https%3A%2F%2Foscarhumbertogomez.com%2Findex.php%3Frest_route%3D%252Fwp%252Fv2%252Fposts%252F24965\")'><ss style=\"display:block\" class=\"heateorSssSharingSvg heateorSssWhatsappSvg\"><\/ss><\/i><\/li><li class=\"heateorSssSharingRound\"><i style=\"width:35px;height:35px;border-radius:999px;\" alt=\"Pinterest\" Title=\"Pinterest\" class=\"heateorSssSharing heateorSssPinterestBackground\" onclick=\"javascript:void( (function() {var e=document.createElement('script' );e.setAttribute('type','text\/javascript' );e.setAttribute('charset','UTF-8' );e.setAttribute('src','\/\/assets.pinterest.com\/js\/pinmarklet.js?r='+Math.random()*99999999);document.body.appendChild(e)})());\"><ss style=\"display:block;border-radius:999px;\" class=\"heateorSssSharingSvg heateorSssPinterestSvg\"><\/ss><\/i><\/li><li class=\"heateorSssSharingRound\"><i style=\"width:35px;height:35px;border-radius:999px;\" alt=\"Google Gmail\" Title=\"Google Gmail\" class=\"heateorSssSharing heateorSssGoogleGmailBackground\" onclick='heateorSssPopup(\"https:\/\/mail.google.com\/mail\/?ui=2&view=cm&fs=1&tf=1&su=LAS%20MUJERES%20EN%20LA%20FILOSOF%C3%8DA.%20Cap%C3%ADtulo%20V%3A%20THEMISTA%20DE%20L%C3%81MPSACO.%20Por%20%C3%93scar%20Humberto%20G%C3%B3mez%20G%C3%B3mez%2C%20Miembro%20Correspondiente%20de%20la%20Academia%20de%20Historia%20de%20Santander%20y%20Miembro%20del%20Colegio%20Nacional%20de%20Periodistas&body=Link:https%3A%2F%2Foscarhumbertogomez.com%2Findex.php%3Frest_route%3D%252Fwp%252Fv2%252Fposts%252F24965\")'><ss style=\"display:block;border-radius:999px;\" class=\"heateorSssSharingSvg heateorSssGoogleGmailSvg\"><\/ss><\/i><\/li><li class=\"heateorSssSharingRound\"><i style=\"width:35px;height:35px;border-radius:999px;\" title=\"More\" alt=\"More\" class=\"heateorSssSharing heateorSssMoreBackground\" onclick=\"heateorSssMoreSharingPopup(this, 'https:\/\/oscarhumbertogomez.com\/index.php?rest_route=%2Fwp%2Fv2%2Fposts%2F24965', 'LAS%20MUJERES%20EN%20LA%20FILOSOF%C3%8DA.%20Cap%C3%ADtulo%20V%3A%20THEMISTA%20DE%20L%C3%81MPSACO.%20Por%20%C3%93scar%20Humberto%20G%C3%B3mez%20G%C3%B3mez%2C%20Miembro%20Correspondiente%20de%20la%20Academia%20de%20Historia%20de%20Santander%20y%20Miembro%20del%20Colegio%20Nacional%20de%20Periodistas', '' )\" ><ss style=\"display:block\" class=\"heateorSssSharingSvg heateorSssMoreSvg\"><\/ss><\/i><\/li><\/ul><div class=\"heateorSssClear\"><\/div><\/div><div class='heateorSssClear'><\/div>","protected":false},"author":2,"featured_media":0,"comment_status":"closed","ping_status":"closed","sticky":false,"template":"","format":"standard","meta":{"spay_email":"","footnotes":""},"categories":[58,12,11],"tags":[],"class_list":["post-24965","post","type-post","status-publish","format-standard","hentry","category-filosofia","category-historia","category-periodismo"],"jetpack_featured_media_url":"","jetpack_shortlink":"https:\/\/wp.me\/p1FYrr-6uF","_links":{"self":[{"href":"https:\/\/oscarhumbertogomez.com\/index.php?rest_route=\/wp\/v2\/posts\/24965","targetHints":{"allow":["GET"]}}],"collection":[{"href":"https:\/\/oscarhumbertogomez.com\/index.php?rest_route=\/wp\/v2\/posts"}],"about":[{"href":"https:\/\/oscarhumbertogomez.com\/index.php?rest_route=\/wp\/v2\/types\/post"}],"author":[{"embeddable":true,"href":"https:\/\/oscarhumbertogomez.com\/index.php?rest_route=\/wp\/v2\/users\/2"}],"replies":[{"embeddable":true,"href":"https:\/\/oscarhumbertogomez.com\/index.php?rest_route=%2Fwp%2Fv2%2Fcomments&post=24965"}],"version-history":[{"count":5,"href":"https:\/\/oscarhumbertogomez.com\/index.php?rest_route=\/wp\/v2\/posts\/24965\/revisions"}],"predecessor-version":[{"id":52313,"href":"https:\/\/oscarhumbertogomez.com\/index.php?rest_route=\/wp\/v2\/posts\/24965\/revisions\/52313"}],"wp:attachment":[{"href":"https:\/\/oscarhumbertogomez.com\/index.php?rest_route=%2Fwp%2Fv2%2Fmedia&parent=24965"}],"wp:term":[{"taxonomy":"category","embeddable":true,"href":"https:\/\/oscarhumbertogomez.com\/index.php?rest_route=%2Fwp%2Fv2%2Fcategories&post=24965"},{"taxonomy":"post_tag","embeddable":true,"href":"https:\/\/oscarhumbertogomez.com\/index.php?rest_route=%2Fwp%2Fv2%2Ftags&post=24965"}],"curies":[{"name":"wp","href":"https:\/\/api.w.org\/{rel}","templated":true}]}}