{"id":25008,"date":"2018-02-17T18:39:52","date_gmt":"2018-02-17T23:39:52","guid":{"rendered":"http:\/\/www.oscarhumbertogomez.com\/?p=25008"},"modified":"2025-03-12T10:48:21","modified_gmt":"2025-03-12T15:48:21","slug":"las-mujeres-en-la-filosofia-capitulo-v-hiparquia-de-maronea-por-oscar-humberto-gomez-gomez-miembro-de-la-academia-de-historia-de-santander-y-del-colegio-nacional-de-periodistas-seccional-santander","status":"publish","type":"post","link":"https:\/\/oscarhumbertogomez.com\/?p=25008","title":{"rendered":"LAS MUJERES EN LA FILOSOF\u00cdA. Cap\u00edtulo VI: HIPARQUIA DE MARONEA. Por \u00d3scar Humberto G\u00f3mez G\u00f3mez, Miembro Correspondiente de la Academia de Historia de Santander y Miembro del Colegio Nacional de Periodistas"},"content":{"rendered":"<div id=\"attachment_28599\" style=\"width: 670px\" class=\"wp-caption alignnone\"><a href=\"https:\/\/lapiedrafilosofal.com\/wp-content\/uploads\/2018\/02\/HIPARQUIA-DE-MARONEA.jpg\"><img loading=\"lazy\" decoding=\"async\" aria-describedby=\"caption-attachment-28599\" class=\"size-full wp-image-28599\" src=\"https:\/\/lapiedrafilosofal.com\/wp-content\/uploads\/2018\/02\/HIPARQUIA-DE-MARONEA.jpg\" alt=\"\" width=\"660\" height=\"890\" srcset=\"https:\/\/oscarhumbertogomez.com\/wp-content\/uploads\/2018\/02\/HIPARQUIA-DE-MARONEA.jpg 660w, https:\/\/oscarhumbertogomez.com\/wp-content\/uploads\/2018\/02\/HIPARQUIA-DE-MARONEA-222x300.jpg 222w\" sizes=\"auto, (max-width: 660px) 100vw, 660px\" \/><\/a><p id=\"caption-attachment-28599\" class=\"wp-caption-text\">HIPARQUIA DE MARONEA. Lienzo del siglo I. Autor an\u00f3nimo. Museo de los Ba\u00f1os. Roma, Italia.<\/p><\/div>\n<p>&nbsp;<\/p>\n<p>Alejandro Magno, el hombre m\u00e1s poderoso del mundo, atra\u00eddo por la fama de un fil\u00f3sofo del que dicen que vive semidesnudo dentro de un tonel, en las m\u00e1s extremas condiciones de pobreza, y que viene arremetiendo con gran agudeza y c\u00e1ustico sarcasmo en contra de los convencionalismos sociales y de los poderosos, de los acaudalados y de los hip\u00f3critas, mientras defiende el retorno a una vida sencilla y acorde con la naturaleza, ha cabalgado junto con su numeroso s\u00e9quito de oficiales, escoltas y seguidores hasta el lugar donde aquel hombre vive dentro del tonel.<\/p>\n<p>Alejandro y el gent\u00edo que lo sigue se ha detenido expectante frente a aquel hombre solitario y fr\u00e1gil con aspecto de indigente. Entonces, se inicia uno de los di\u00e1logos m\u00e1s breves y c\u00e9lebres de la Historia. El poderoso emperador del gran Imperio Greco &#8211; Macedonio desciende de su imponente cabalgadura, se acerca al tonel y le pregunta a su ocupante: &#8220;\u00bfSabes qui\u00e9n soy?&#8221;; el fil\u00f3sofo lo mira sin el menor inter\u00e9s y dando a entender que no tiene idea, ni le importa; entonces, en medio de una gran tensi\u00f3n general, el monarca se le presenta: &#8220;Soy Alejandro&#8221;. El fil\u00f3sofo le responde: &#8220;Y yo soy Di\u00f3genes, el Perro&#8221;. La expectativa aumenta ante el desparpajo con el que aquel sujeto con pinta de pordiosero le est\u00e1 hablando al pol\u00edtico y militar m\u00e1s temido de la tierra. Alejandro le pregunta por qu\u00e9 se llama a s\u00ed mismo perro. El fil\u00f3sofo le contesta: &#8220;Porque alabo a los que dan, desecho a los que no dan y a los malos los muerdo&#8221;. La tensi\u00f3n ha llegado a su punto m\u00e1s alto. El soberano le dice: &#8220;He o\u00eddo hablar de ti, Di\u00f3genes, y te admiro. P\u00eddeme lo que quieras, cualquier cosa, que lo que me pidas te lo conceder\u00e9&#8221;. Y el fil\u00f3sofo le responde: &#8220;Lo \u00fanico que te pido es que te hagas a un lado porque me est\u00e1s tapando el sol&#8221;.&nbsp;Alejandro, desconcertado, da por concluida la inusual visita, vuelve a subir a su caballo y ordena el retiro. Entonces, en medio del murmullo, de toda suerte de comentarios que se hacen sobre lo que acaba de suceder, el poderoso rey procede a retirarse del lugar junto con su tropa y los circunstantes que lo acompa\u00f1an. Nadie sale del asombro frente a lo que acaban de presenciar: c\u00f3mo un hombre que acaba de tener la oportunidad de tenerlo todo, ha decidido seguir sin tener nada.&nbsp;Alejandro Magno habr\u00eda de decir despu\u00e9s: &#8220;Si yo no fuera Alejandro, querr\u00eda ser Di\u00f3genes&#8221;.<\/p>\n<p>Este episodio \u2014que ha sido narrado mil veces y de diferentes formas\u2014 es el que mejor ha retratado para la posteridad la inmensa fragilidad de la inteligencia y su dignidad insobornable ante el abrumador poder\u00edo y la fastuosa riqueza del fuerte, y ha puesto de presente que, aunque parezca parad\u00f3jico, la debilidad constituye la mayor fortaleza del d\u00e9bil.<\/p>\n<p>&nbsp;<\/p>\n<div id=\"attachment_25019\" style=\"width: 746px\" class=\"wp-caption alignnone\"><a href=\"https:\/\/lapiedrafilosofal.com\/wp-content\/uploads\/2018\/02\/DIOGENES-Y-ALEJANDRO.jpg\"><img loading=\"lazy\" decoding=\"async\" aria-describedby=\"caption-attachment-25019\" class=\"size-full wp-image-25019\" src=\"https:\/\/lapiedrafilosofal.com\/wp-content\/uploads\/2018\/02\/DIOGENES-Y-ALEJANDRO.jpg\" alt=\"\" width=\"736\" height=\"582\" srcset=\"https:\/\/oscarhumbertogomez.com\/wp-content\/uploads\/2018\/02\/DIOGENES-Y-ALEJANDRO.jpg 736w, https:\/\/oscarhumbertogomez.com\/wp-content\/uploads\/2018\/02\/DIOGENES-Y-ALEJANDRO-300x237.jpg 300w\" sizes=\"auto, (max-width: 736px) 100vw, 736px\" \/><\/a><p id=\"caption-attachment-25019\" class=\"wp-caption-text\">DI\u00d3GENES Y ALEJANDRO \/ Jacques Gamelin.<\/p><\/div>\n<p>&nbsp;<\/p>\n<p>Pero, \u00bfy qui\u00e9n es este humilde y fr\u00e1gil personaje al que no logr\u00f3 conquistar ni siquiera el m\u00e1s grande conquistador del mundo?<\/p>\n<p>Para ubicarnos en el tiempo, retrocedamos un poco.<\/p>\n<p>&nbsp;<\/p>\n<p>Uno de los disc\u00edpulos de S\u00f3crates fue Ant\u00edstenes.<\/p>\n<p>&nbsp;<\/p>\n<p>Plat\u00f3n narra que cuando S\u00f3crates ya se preparaba para morir \u2014cumpliendo con la condena que se le hab\u00eda impuesto de beber la cicuta\u2014, Ant\u00edstenes lo acompa\u00f1\u00f3 hasta el final.<\/p>\n<p>&nbsp;<\/p>\n<div id=\"attachment_28604\" style=\"width: 1930px\" class=\"wp-caption alignnone\"><a href=\"https:\/\/lapiedrafilosofal.com\/wp-content\/uploads\/2018\/02\/La-muerte-de-So\u0301crates.-Jacques-Louis-David.-.jpg\"><img loading=\"lazy\" decoding=\"async\" aria-describedby=\"caption-attachment-28604\" class=\"size-full wp-image-28604\" src=\"https:\/\/lapiedrafilosofal.com\/wp-content\/uploads\/2018\/02\/La-muerte-de-So\u0301crates.-Jacques-Louis-David.-.jpg\" alt=\"\" width=\"1920\" height=\"1273\" srcset=\"https:\/\/oscarhumbertogomez.com\/wp-content\/uploads\/2018\/02\/La-muerte-de-So\u0301crates.-Jacques-Louis-David.-.jpg 1920w, https:\/\/oscarhumbertogomez.com\/wp-content\/uploads\/2018\/02\/La-muerte-de-So\u0301crates.-Jacques-Louis-David.--300x199.jpg 300w, https:\/\/oscarhumbertogomez.com\/wp-content\/uploads\/2018\/02\/La-muerte-de-So\u0301crates.-Jacques-Louis-David.--768x509.jpg 768w, https:\/\/oscarhumbertogomez.com\/wp-content\/uploads\/2018\/02\/La-muerte-de-So\u0301crates.-Jacques-Louis-David.--1024x679.jpg 1024w\" sizes=\"auto, (max-width: 1920px) 100vw, 1920px\" \/><\/a><p id=\"caption-attachment-28604\" class=\"wp-caption-text\">La muerte de S\u00f3crates, Jacques-Louis David.<\/p><\/div>\n<p>&nbsp;<\/p>\n<p>Fue Ant\u00edstenes, en efecto, uno de los disc\u00edpulos que estuvieron en el instante en que el ilustre condenado bebi\u00f3 el letal veneno y que acompa\u00f1aron el cuerpo ya sin vida del gran fil\u00f3sofo durante los terribles momentos subsiguientes.<\/p>\n<p>&nbsp;<\/p>\n<div id=\"attachment_25014\" style=\"width: 610px\" class=\"wp-caption alignnone\"><a href=\"https:\/\/lapiedrafilosofal.com\/wp-content\/uploads\/2018\/02\/ANTISTENES.jpg\"><img loading=\"lazy\" decoding=\"async\" aria-describedby=\"caption-attachment-25014\" class=\"size-full wp-image-25014\" src=\"https:\/\/lapiedrafilosofal.com\/wp-content\/uploads\/2018\/02\/ANTISTENES.jpg\" alt=\"\" width=\"600\" height=\"909\" srcset=\"https:\/\/oscarhumbertogomez.com\/wp-content\/uploads\/2018\/02\/ANTISTENES.jpg 600w, https:\/\/oscarhumbertogomez.com\/wp-content\/uploads\/2018\/02\/ANTISTENES-198x300.jpg 198w\" sizes=\"auto, (max-width: 600px) 100vw, 600px\" \/><\/a><p id=\"caption-attachment-25014\" class=\"wp-caption-text\">ANT\u00cdSTENES (an\u00f3nimo). Museo de Pushkin, Mosc\u00fa (Rusia).<\/p><\/div>\n<p>&nbsp;<\/p>\n<p>Pues bien: luego de la muerte y el funeral de S\u00f3crates, Ant\u00edstenes habr\u00e1 de fundar una nueva escuela filos\u00f3fica: la de los c\u00ednicos.<\/p>\n<p>Este fil\u00f3sofo dej\u00f3 para la posteridad un legado de an\u00e9cdotas y frases c\u00e9lebres, como tambi\u00e9n numerosos libros, de los cuales infortunadamente solo unos fragmentos han llegado hasta nuestros d\u00edas.<\/p>\n<p>Extractemos algunas de sus ense\u00f1anzas:<\/p>\n<p>&#8220;De reyes es el o\u00edr males habiendo hecho bienes&#8221;<\/p>\n<p>&#8220;Es mejor caer en poder de cuervos que de aduladores, pues aquellos devoran a los muertos, y estos a los vivos&#8221;.<\/p>\n<p>&#8220;Las ciudades se pierden cuando no se pueden discernir los viles de los honestos&#8221;.<\/p>\n<p>&#8220;A uno que le dec\u00eda: &#8220;Muchos te alaban&#8221;, le respondi\u00f3: &#8220;Pero, yo \u00bfqu\u00e9 mal he hecho?&#8221;. (Tra\u00eddo a colaci\u00f3n por Di\u00f3genes Laercio).<\/p>\n<p>&#8220;M\u00e1s \u00fatil es pelear con pocos buenos contra muchos malos, que con muchos malos contra pocos buenos&#8221;.<\/p>\n<p>&#8220;En m\u00e1s se ha de tener un justo que un pariente&#8221;.<\/p>\n<p>&#8220;Conviene precaverse de los enemigos, pues son los primeros en notar nuestros pecados&#8221;.<\/p>\n<p>&#8220;Ten todo lo malo por extra\u00f1o&#8221;.<\/p>\n<p>&#8220;Ser virtuoso es lo mismo que ser noble&#8221;.<\/p>\n<p>&nbsp;<\/p>\n<p>Cuenta Di\u00f3genes Laercio que, preguntado sobre qu\u00e9 provecho hab\u00eda obtenido de la filosof\u00eda, Ant\u00edstenes respondi\u00f3: &#8220;Poder comunicarme conmigo mismo&#8221;.<\/p>\n<p>&nbsp;<\/p>\n<p>Algunos consideran que la c\u00ednica no fue realmente una escuela como tal, sino una tendencia, concepci\u00f3n o doctrina filos\u00f3fica. Di\u00f3genes Laercio la llama una &#8220;secta&#8221;. (&#8220;<em>Vidas, opiniones y sentencias de los fil\u00f3sofos m\u00e1s ilustres<\/em>. Traducci\u00f3n del griego por Jos\u00e9 Ortiz y Sanz). Aunque el mismo autor titula el Libro Sexto de su c\u00e9lebre obra as\u00ed: &#8220;LIBRO SEXTO (ESCUELA C\u00cdNICA)&#8221;. Y luego de llamarla &#8220;secta&#8221; se refiere m\u00e1s adelante a &#8220;la escuela de Ant\u00edstenes&#8221;.<\/p>\n<p>El argumento principal para negarles a los c\u00ednicos la condici\u00f3n de escuela, sin embargo, es esencialmente locativo: el de que, a diferencia de El Jard\u00edn de Aristipo, de la Academia de Plat\u00f3n o de El Liceo de Arist\u00f3teles, no exist\u00eda lugar alguno donde la escuela se hubiese fundado y donde hubiese desplegado sus actividades.<\/p>\n<p>No obstante, aunque no hubiesen tenido una sede propia, s\u00ed se reun\u00edan en un gimnasio conocido como el Cinosargo, &#8220;gimnasio cercano a la ciudad, de donde dicen algunos tom\u00f3 nombre la secta c\u00ednica&#8221;, seg\u00fan lo precisa Di\u00f3genes Laercio.<\/p>\n<p>En todo caso, lo cierto es que de la escuela filos\u00f3fica de los c\u00ednicos se menciona con insistencia a Ant\u00edstenes, su fundador, y, por supuesto, a la figura m\u00e1s pintoresca, controvertida y famosa, Di\u00f3genes de Sinope.<\/p>\n<p>Y es que episodios como el de su b\u00fasqueda de hombres honestos por todas las calles y rincones de Atenas mientras se alumbraba con una l\u00e1mpara o lo sucedido con el hombre m\u00e1s poderoso del mundo en aquel entonces lo inmortalizaron tanto como sus h\u00e1bitos contestatarios: el de vivir en un tonel y haber despreciado todas las cosas materiales por superfluas al punto de conservar solamente su t\u00fanica, un zurr\u00f3n y un bast\u00f3n, porque hasta el vaso y la cucharilla que empleaba para tomar el agua los desech\u00f3 al ver a un ni\u00f1o que tomaba el agua con el cuenco de sus manos.<\/p>\n<p>&nbsp;<\/p>\n<div id=\"attachment_28605\" style=\"width: 642px\" class=\"wp-caption alignnone\"><a href=\"https:\/\/lapiedrafilosofal.com\/wp-content\/uploads\/2018\/02\/Diogenes-buscando-hombres-honestos.-Atribuido-a-J.-H.-W.-Tischbein-aprox.-1780..jpg\"><img loading=\"lazy\" decoding=\"async\" aria-describedby=\"caption-attachment-28605\" class=\"size-full wp-image-28605\" src=\"https:\/\/lapiedrafilosofal.com\/wp-content\/uploads\/2018\/02\/Diogenes-buscando-hombres-honestos.-Atribuido-a-J.-H.-W.-Tischbein-aprox.-1780..jpg\" alt=\"\" width=\"632\" height=\"480\" srcset=\"https:\/\/oscarhumbertogomez.com\/wp-content\/uploads\/2018\/02\/Diogenes-buscando-hombres-honestos.-Atribuido-a-J.-H.-W.-Tischbein-aprox.-1780..jpg 632w, https:\/\/oscarhumbertogomez.com\/wp-content\/uploads\/2018\/02\/Diogenes-buscando-hombres-honestos.-Atribuido-a-J.-H.-W.-Tischbein-aprox.-1780.-300x228.jpg 300w\" sizes=\"auto, (max-width: 632px) 100vw, 632px\" \/><\/a><p id=\"caption-attachment-28605\" class=\"wp-caption-text\">Di\u00f3genes buscando hombres honestos. Atribuido a J. H. W. Tischbein (aprox. 1780).<\/p><\/div>\n<p>&nbsp;<\/p>\n<p>Empero, dentro de los c\u00ednicos hubo otros fil\u00f3sofos tambi\u00e9n brillantes, destacados y cuyas vidas fueron coherentes con las concepciones que predicaban.<\/p>\n<p>Uno de ellos fue Crates de Tebas.<\/p>\n<p>&nbsp;<\/p>\n<div id=\"attachment_25015\" style=\"width: 670px\" class=\"wp-caption alignnone\"><a href=\"https:\/\/lapiedrafilosofal.com\/wp-content\/uploads\/2018\/02\/CRATES.jpg\"><img loading=\"lazy\" decoding=\"async\" aria-describedby=\"caption-attachment-25015\" class=\"size-full wp-image-25015\" src=\"https:\/\/lapiedrafilosofal.com\/wp-content\/uploads\/2018\/02\/CRATES.jpg\" alt=\"\" width=\"660\" height=\"890\" srcset=\"https:\/\/oscarhumbertogomez.com\/wp-content\/uploads\/2018\/02\/CRATES.jpg 660w, https:\/\/oscarhumbertogomez.com\/wp-content\/uploads\/2018\/02\/CRATES-222x300.jpg 222w\" sizes=\"auto, (max-width: 660px) 100vw, 660px\" \/><\/a><p id=\"caption-attachment-25015\" class=\"wp-caption-text\">CRATES DE TEBAS. Lienzo del s. I. Autor an\u00f3nimo. Museo de los Ba\u00f1os. Roma, Italia.<\/p><\/div>\n<p>&nbsp;<\/p>\n<p>Crates fue un hombre acaudalado que un d\u00eda decidi\u00f3 abrazar la escuela filos\u00f3fica de los c\u00ednicos y procedi\u00f3 a vender todo su patrimonio y a distribuir el dinero entre la gente del pueblo.<\/p>\n<p>Se hizo, pues, disc\u00edpulo de Di\u00f3genes de Sinope.<\/p>\n<p>A los parientes suyos que se acercaron a convencerlo de que no siguiera en esa actitud, cuenta Di\u00f3genes Laercio que &#8220;los apaleaba&#8221;.<\/p>\n<p>Atacaba con dureza a los aduladores. &#8220;Los que no tienen otra compa\u00f1\u00eda que los aduladores \u2014dec\u00eda\u2014 est\u00e1n tan solos y abandonados como los ternerillos dejados entre los lobos, pues ni aquellos ni estos son otra cosa que enemigos&#8221;.<\/p>\n<p>Enfatizaba en que errar era parte de la naturaleza humana. Dec\u00eda que &#8220;Es imposible hallar uno que no haya errado&#8221;.<\/p>\n<p>Escrib\u00eda en verso. Uno de sus escritos dice:<\/p>\n<p>&#8220;Cuanto estudi\u00e9 poseo, y cuanto pude<br \/>\naprender con trabajo y con estudio.<br \/>\nLa vanidad fastuosa<br \/>\nse llev\u00f3 las dem\u00e1s felicidades&#8221;.<\/p>\n<p>&nbsp;<\/p>\n<p>Pero, como es obvio, si poco se menciona a la mayor\u00eda de los fil\u00f3sofos c\u00ednicos, mucho menos se exalta a la \u00fanica mujer que tuvo esa escuela filos\u00f3fica.<\/p>\n<p>Se trata de <strong>Hiparquia de Maronea<\/strong> \u2014llamada tambi\u00e9n Hiparqu\u00eda\u2014, la gran fil\u00f3sofa contestataria griega del siglo IV a.C.<\/p>\n<p>&nbsp;<\/p>\n<p>Hiparquia de Maronea era la esposa del fil\u00f3sofo Crates de Tebas.<\/p>\n<p>&nbsp;<\/p>\n<div id=\"attachment_25009\" style=\"width: 1034px\" class=\"wp-caption alignnone\"><a href=\"https:\/\/lapiedrafilosofal.com\/wp-content\/uploads\/2018\/02\/HIPARQUIA-Y-CAJAS.jpg\"><img loading=\"lazy\" decoding=\"async\" aria-describedby=\"caption-attachment-25009\" class=\"size-full wp-image-25009\" src=\"https:\/\/lapiedrafilosofal.com\/wp-content\/uploads\/2018\/02\/HIPARQUIA-Y-CAJAS.jpg\" alt=\"\" width=\"1024\" height=\"737\" srcset=\"https:\/\/oscarhumbertogomez.com\/wp-content\/uploads\/2018\/02\/HIPARQUIA-Y-CAJAS.jpg 1024w, https:\/\/oscarhumbertogomez.com\/wp-content\/uploads\/2018\/02\/HIPARQUIA-Y-CAJAS-300x216.jpg 300w, https:\/\/oscarhumbertogomez.com\/wp-content\/uploads\/2018\/02\/HIPARQUIA-Y-CAJAS-768x553.jpg 768w\" sizes=\"auto, (max-width: 1024px) 100vw, 1024px\" \/><\/a><p id=\"caption-attachment-25009\" class=\"wp-caption-text\">HIPARQUIA DE MARONEA Y CRATES DE TEBAS. Lienzo del siglo I. Autor an\u00f3nimo. Museo de los Ba\u00f1os. Roma, Italia.<\/p><\/div>\n<p>&nbsp;<\/p>\n<p>La joven Hiparquia era una hermosa mujer que hab\u00eda nacido en Maronea, ciudad griega ubicada a orillas del Mar Egeo, en el seno de una familia rica y que gozaba de alta reputaci\u00f3n social. L\u00f3gicamente, ten\u00eda numerosos pretendientes, hombres muy apuestos e igualmente miembros de familias acaudaladas. Sin embargo, la joven conoci\u00f3 a Crates y la sedujo su inteligencia, su elocuencia y su honestidad. Fue as\u00ed que se enamor\u00f3 de \u00e9l, a pesar de que se le describe como un hombre &#8220;de rostro feo&#8221;. Entonces opt\u00f3 por desechar las riquezas y la vida social propia de su clase y le exigi\u00f3 a su desconcertada familia que la casara con \u00e9l. Se dice que no solo su familia, sino hasta el propio fil\u00f3sofo trataron de disuadirla, pero no lo lograron.<\/p>\n<p>Un d\u00eda acontece el episodio que mejor retrata la situaci\u00f3n de la mujer en la antigua Grecia, y el machismo y la misoginia reinantes en aquella sociedad. Fue el enfrentamiento en p\u00fablico entre Hiparquia y el fil\u00f3sofo Teodoro el Ateo \u2014de la escuela de los cirenaicos\u2014 ocurrido cuando este le increp\u00f3, dentro de un banquete, en el cual Hiparquia se atrevi\u00f3 a filosofarle, por qu\u00e9 no se dedicaba, m\u00e1s bien, a las labores propias de su sexo. Teodoro el Ateo, indignado, en vez de responderle, le jal\u00f3 el vestido y le espet\u00f3 su condici\u00f3n de mujer.<\/p>\n<p>&nbsp;<\/p>\n<p>Di\u00f3genes Laercio narra as\u00ed lo acaecido:<\/p>\n<p>&#8220;Hall\u00f3se, pues, (Hiparquia) en un convite que dio Lis\u00edmaco, en que tambi\u00e9n estaba Teodoro, el apellidado Ateo, al cual propuso el argumento siguiente: &#8220;&#8221;Lo que pudo hacer Teodoro sin reprensi\u00f3n de injusto, lo puede hacer Hiparquia sin reprensi\u00f3n de injusta; hiri\u00e9ndose Teodoro a s\u00ed mismo, no obr\u00f3 injustamente; luego tampoco Hiparquia obra injustamente hiriendo a Teodoro&#8221;.<\/p>\n<p>Teodoro el Ateo no le responde nada, sino que procede &#8220;a tirarla de la ropa&#8221; y a increparle: &#8220;\u00bfEres la que dejaste la tela y la lanzadera?&#8221; (La lanzadera es un utensilio que se emplea en los telares y donde va colocado el carrete del hilo. En la Antig\u00fcedad, la mujer estaba confinada a desplegar esa labor y otras tareas dom\u00e9sticas dentro de la intimidad de su hogar).<\/p>\n<p>Y prosigue el relato:<\/p>\n<p>&#8220;(&#8230;) pero ella no se asust\u00f3 ni se turb\u00f3 como mujer, sino que respondi\u00f3:<\/p>\n<p>&#8220;Yo soy, Teodoro. &#8220;\u00bfTe parece, por ventura, que he mirado poco por m\u00ed al darles a las ciencias el tiempo que hab\u00eda de gastar en la tela?&#8221;.<\/p>\n<p>&nbsp;<\/p>\n<p>Lamentablemente, Di\u00f3genes Laercio cierra la parte de su obra en lo concerniente a la pensadora griega con las siguientes palabras:<\/p>\n<p>&#8220;Estas y otras muchas cosas se refieren de esta fil\u00f3sofa&#8221;. (Di\u00f3genes Laercio. <em>&#8220;Vidas, opiniones y sentencias de los fil\u00f3sofos m\u00e1s ilustres&#8221;<\/em>. Traducido del griego por Jos\u00e9 Ortiz y Sanz).<\/p>\n<p>&nbsp;<\/p>\n<p>Como se observa, el historiador se abstuvo de relatar cu\u00e1les eran esas &#8220;otras muchas cosas&#8221; que se refer\u00edan de Hiparquia de Maronea.<\/p>\n<p>&nbsp;<\/p>\n<p>Al igual que con todas las mujeres fil\u00f3sofas de la Antig\u00fcedad \u2014e, incluso, con las modernas\u2014, las informaciones y comentarios despectivos con relaci\u00f3n a Hiparquia de Maronea hay que tomarlos con suma cautela.<\/p>\n<p>No era, ciertamente, Teodoro el Ateo el \u00fanico machista de la \u00e9poca y el \u00fanico interesado en relegarla al anonimato y al olvido.<\/p>\n<p>&nbsp;<\/p>\n<p>Hiparquia de Maronea escribi\u00f3 tres libros titulados <em>Hip\u00f3tesis filos\u00f3ficas<\/em>, <em>Epiqueremas<\/em> y <em>Cuestiones a Teodoro llamado el Ateo<\/em>.<\/p>\n<p>Curiosamente, todos desaparecieron.<\/p>\n<p>&nbsp;<\/p>\n<p>&nbsp;<\/p>\n<p><em>[CONTINUAR\u00c1<\/em>]<\/p>\n<p>&nbsp;<\/p>\n","protected":false},"excerpt":{"rendered":"<p>&nbsp; Alejandro Magno, el hombre m\u00e1s poderoso del mundo, atra\u00eddo por la fama de un fil\u00f3sofo del que dicen que vive semidesnudo dentro de un tonel, en las m\u00e1s extremas condiciones de pobreza, y que viene arremetiendo con gran agudeza &hellip; <a href=\"https:\/\/oscarhumbertogomez.com\/?p=25008\">Sigue leyendo <span class=\"meta-nav\">&rarr;<\/span><\/a><\/p>\n<div class='heateorSssClear'><\/div><div  class='heateor_sss_sharing_container heateor_sss_horizontal_sharing' heateor-sss-data-href='https:\/\/oscarhumbertogomez.com\/?p=25008'><div class='heateor_sss_sharing_title' style=\"font-weight:bold\" >\u00a1Gracias por compartirla!<\/div><ul class=\"heateor_sss_sharing_ul\"><li class=\"heateorSssSharingRound\"><i style=\"width:35px;height:35px;border-radius:999px;\" alt=\"Facebook\" Title=\"Facebook\" class=\"heateorSssSharing heateorSssFacebookBackground\" onclick='heateorSssPopup(\"https:\/\/www.facebook.com\/sharer\/sharer.php?u=https%3A%2F%2Foscarhumbertogomez.com%2Findex.php%3Frest_route%3D%252Fwp%252Fv2%252Fposts%252F25008\")'><ss style=\"display:block;border-radius:999px;\" class=\"heateorSssSharingSvg heateorSssFacebookSvg\"><\/ss><\/i><\/li><li class=\"heateorSssSharingRound\"><i style=\"width:35px;height:35px;border-radius:999px;\" alt=\"Twitter\" Title=\"Twitter\" class=\"heateorSssSharing heateorSssTwitterBackground\" onclick='heateorSssPopup(\"http:\/\/twitter.com\/intent\/tweet?text=LAS%20MUJERES%20EN%20LA%20FILOSOF%C3%8DA.%20Cap%C3%ADtulo%20VI%3A%20HIPARQUIA%20DE%20MARONEA.%20Por%20%C3%93scar%20Humberto%20G%C3%B3mez%20G%C3%B3mez%2C%20Miembro%20Correspondiente%20de%20la%20Academia%20de%20Historia%20de%20Santander%20y%20Miembro%20del%20Colegio%20Nacional%20de%20Periodistas&url=https%3A%2F%2Foscarhumbertogomez.com%2Findex.php%3Frest_route%3D%252Fwp%252Fv2%252Fposts%252F25008\")'><ss style=\"display:block;border-radius:999px;\" class=\"heateorSssSharingSvg heateorSssTwitterSvg\"><\/ss><\/i><\/li><li class=\"heateorSssSharingRound\"><i style=\"width:35px;height:35px;border-radius:999px;\" alt=\"Whatsapp\" Title=\"Whatsapp\" class=\"heateorSssSharing heateorSssWhatsappBackground\" onclick='heateorSssPopup(\"https:\/\/web.whatsapp.com\/send?text=LAS%20MUJERES%20EN%20LA%20FILOSOF%C3%8DA.%20Cap%C3%ADtulo%20VI%3A%20HIPARQUIA%20DE%20MARONEA.%20Por%20%C3%93scar%20Humberto%20G%C3%B3mez%20G%C3%B3mez%2C%20Miembro%20Correspondiente%20de%20la%20Academia%20de%20Historia%20de%20Santander%20y%20Miembro%20del%20Colegio%20Nacional%20de%20Periodistas https%3A%2F%2Foscarhumbertogomez.com%2Findex.php%3Frest_route%3D%252Fwp%252Fv2%252Fposts%252F25008\")'><ss style=\"display:block\" class=\"heateorSssSharingSvg heateorSssWhatsappSvg\"><\/ss><\/i><\/li><li class=\"heateorSssSharingRound\"><i style=\"width:35px;height:35px;border-radius:999px;\" alt=\"Pinterest\" Title=\"Pinterest\" class=\"heateorSssSharing heateorSssPinterestBackground\" onclick=\"javascript:void( (function() {var e=document.createElement('script' );e.setAttribute('type','text\/javascript' );e.setAttribute('charset','UTF-8' );e.setAttribute('src','\/\/assets.pinterest.com\/js\/pinmarklet.js?r='+Math.random()*99999999);document.body.appendChild(e)})());\"><ss style=\"display:block;border-radius:999px;\" class=\"heateorSssSharingSvg heateorSssPinterestSvg\"><\/ss><\/i><\/li><li class=\"heateorSssSharingRound\"><i style=\"width:35px;height:35px;border-radius:999px;\" alt=\"Google Gmail\" Title=\"Google Gmail\" class=\"heateorSssSharing heateorSssGoogleGmailBackground\" onclick='heateorSssPopup(\"https:\/\/mail.google.com\/mail\/?ui=2&view=cm&fs=1&tf=1&su=LAS%20MUJERES%20EN%20LA%20FILOSOF%C3%8DA.%20Cap%C3%ADtulo%20VI%3A%20HIPARQUIA%20DE%20MARONEA.%20Por%20%C3%93scar%20Humberto%20G%C3%B3mez%20G%C3%B3mez%2C%20Miembro%20Correspondiente%20de%20la%20Academia%20de%20Historia%20de%20Santander%20y%20Miembro%20del%20Colegio%20Nacional%20de%20Periodistas&body=Link:https%3A%2F%2Foscarhumbertogomez.com%2Findex.php%3Frest_route%3D%252Fwp%252Fv2%252Fposts%252F25008\")'><ss style=\"display:block;border-radius:999px;\" class=\"heateorSssSharingSvg heateorSssGoogleGmailSvg\"><\/ss><\/i><\/li><li class=\"heateorSssSharingRound\"><i style=\"width:35px;height:35px;border-radius:999px;\" title=\"More\" alt=\"More\" class=\"heateorSssSharing heateorSssMoreBackground\" onclick=\"heateorSssMoreSharingPopup(this, 'https:\/\/oscarhumbertogomez.com\/index.php?rest_route=%2Fwp%2Fv2%2Fposts%2F25008', 'LAS%20MUJERES%20EN%20LA%20FILOSOF%C3%8DA.%20Cap%C3%ADtulo%20VI%3A%20HIPARQUIA%20DE%20MARONEA.%20Por%20%C3%93scar%20Humberto%20G%C3%B3mez%20G%C3%B3mez%2C%20Miembro%20Correspondiente%20de%20la%20Academia%20de%20Historia%20de%20Santander%20y%20Miembro%20del%20Colegio%20Nacional%20de%20Periodistas', '' )\" ><ss style=\"display:block\" class=\"heateorSssSharingSvg heateorSssMoreSvg\"><\/ss><\/i><\/li><\/ul><div class=\"heateorSssClear\"><\/div><\/div><div class='heateorSssClear'><\/div>","protected":false},"author":2,"featured_media":0,"comment_status":"closed","ping_status":"closed","sticky":false,"template":"","format":"standard","meta":{"spay_email":"","footnotes":""},"categories":[58,12,11],"tags":[],"class_list":["post-25008","post","type-post","status-publish","format-standard","hentry","category-filosofia","category-historia","category-periodismo"],"jetpack_featured_media_url":"","jetpack_shortlink":"https:\/\/wp.me\/p1FYrr-6vm","_links":{"self":[{"href":"https:\/\/oscarhumbertogomez.com\/index.php?rest_route=\/wp\/v2\/posts\/25008","targetHints":{"allow":["GET"]}}],"collection":[{"href":"https:\/\/oscarhumbertogomez.com\/index.php?rest_route=\/wp\/v2\/posts"}],"about":[{"href":"https:\/\/oscarhumbertogomez.com\/index.php?rest_route=\/wp\/v2\/types\/post"}],"author":[{"embeddable":true,"href":"https:\/\/oscarhumbertogomez.com\/index.php?rest_route=\/wp\/v2\/users\/2"}],"replies":[{"embeddable":true,"href":"https:\/\/oscarhumbertogomez.com\/index.php?rest_route=%2Fwp%2Fv2%2Fcomments&post=25008"}],"version-history":[{"count":5,"href":"https:\/\/oscarhumbertogomez.com\/index.php?rest_route=\/wp\/v2\/posts\/25008\/revisions"}],"predecessor-version":[{"id":52323,"href":"https:\/\/oscarhumbertogomez.com\/index.php?rest_route=\/wp\/v2\/posts\/25008\/revisions\/52323"}],"wp:attachment":[{"href":"https:\/\/oscarhumbertogomez.com\/index.php?rest_route=%2Fwp%2Fv2%2Fmedia&parent=25008"}],"wp:term":[{"taxonomy":"category","embeddable":true,"href":"https:\/\/oscarhumbertogomez.com\/index.php?rest_route=%2Fwp%2Fv2%2Fcategories&post=25008"},{"taxonomy":"post_tag","embeddable":true,"href":"https:\/\/oscarhumbertogomez.com\/index.php?rest_route=%2Fwp%2Fv2%2Ftags&post=25008"}],"curies":[{"name":"wp","href":"https:\/\/api.w.org\/{rel}","templated":true}]}}