{"id":25027,"date":"2018-02-19T08:37:38","date_gmt":"2018-02-19T13:37:38","guid":{"rendered":"http:\/\/www.oscarhumbertogomez.com\/?p=25027"},"modified":"2025-03-12T10:47:05","modified_gmt":"2025-03-12T15:47:05","slug":"las-mujeres-en-la-filosofia-capitulo-vii-sor-juana-ines-de-la-cruz-por-oscar-humberto-gomez-gomez-miembro-de-la-academia-de-historia-de-santander-y-del-colegio-nacional-de-periodistas-seccional-sa","status":"publish","type":"post","link":"https:\/\/oscarhumbertogomez.com\/?p=25027","title":{"rendered":"LAS MUJERES EN LA FILOSOF\u00cdA. Cap\u00edtulo VII: SOR JUANA IN\u00c9S DE LA CRUZ. Por \u00d3scar Humberto G\u00f3mez G\u00f3mez, Miembro Correspondiente de la Academia de Historia de Santander y Miembro del Colegio Nacional de Periodistas"},"content":{"rendered":"<div id=\"attachment_25030\" style=\"width: 645px\" class=\"wp-caption alignnone\"><a href=\"https:\/\/lapiedrafilosofal.com\/wp-content\/uploads\/2018\/02\/SOR-JUANA-INES-DE-LA-CRUZ-Miguel-Cabrera-.png\"><img loading=\"lazy\" decoding=\"async\" aria-describedby=\"caption-attachment-25030\" class=\"size-full wp-image-25030\" src=\"https:\/\/lapiedrafilosofal.com\/wp-content\/uploads\/2018\/02\/SOR-JUANA-INES-DE-LA-CRUZ-Miguel-Cabrera-.png\" alt=\"\" width=\"635\" height=\"888\" srcset=\"https:\/\/oscarhumbertogomez.com\/wp-content\/uploads\/2018\/02\/SOR-JUANA-INES-DE-LA-CRUZ-Miguel-Cabrera-.png 635w, https:\/\/oscarhumbertogomez.com\/wp-content\/uploads\/2018\/02\/SOR-JUANA-INES-DE-LA-CRUZ-Miguel-Cabrera--215x300.png 215w\" sizes=\"auto, (max-width: 635px) 100vw, 635px\" \/><\/a><p id=\"caption-attachment-25030\" class=\"wp-caption-text\">SOR JUANA IN\u00c9S DE LA CRUZ \/ \u00d3leo sobre lienzo \/ Miguel Cabrera \/ 1750.<\/p><\/div>\n<p>&nbsp;<\/p>\n<p>&#8220;Si de tus m\u00e9ritos nace<br \/>\nesta pasi\u00f3n que me aflige,<br \/>\n\u00bfc\u00f3mo el efecto podr\u00e1<br \/>\ncesar, si la causa existe?&#8221;<\/p>\n<p>&nbsp;<\/p>\n<p>La inmensa poetisa mexicana <strong>Sor Juana In\u00e9s de la Cruz<\/strong> (Juana In\u00e9s de Asbaje y Ram\u00edrez de Santillana), nacida el 12 de noviembre de 1651 y fallecida \u2014v\u00edctima de una epidemia de peste\u2014 el 17 de abril de 1695, es, adem\u00e1s, una valiosa exponente de la Filosof\u00eda femenina (V\u00e9anse, entre otros: Mauricio Beuchot. <em>Sor Juana:<\/em> <em>Una filosof\u00eda barroca<\/em>. Fundaci\u00f3n Biblioteca Virtual Miguel de Cervantes \/\/ Jes\u00fas Garc\u00eda \u00c1lvarez. <em>El pensamiento filos\u00f3fico de sor Juana In\u00e9s de la Cruz<\/em>. Centro de Estudios Filos\u00f3ficos Tom\u00e1s de Aquino. 1997).<\/p>\n<p>En la obra de la preclara monja jer\u00f3nima se destaca la presencia del neoplatonismo, el hermetismo, el modernismo cartesiano, el aristotelismo y, finalmente, el tomismo (V\u00e9ase, entre otros: Frances Amelia Yates. <em>Giordano Bruno y la tradici\u00f3n herm\u00e9tica.<\/em>&nbsp;Barcelona. Ariel. 1983, p. 201).<\/p>\n<p>A continuaci\u00f3n, y gracias al eminente fil\u00f3sofo y sacerdote mexicano Dr. Mauricio Harde Beuchot Puente, a cuya obra remitimos para un mayor y mejor conocimiento del tema, podemos aproximarnos a la exposici\u00f3n \u2014enteramente po\u00e9tica\u2014 del pensamiento filos\u00f3fico de quien ha sido, sin duda, una de las m\u00e1s agudas inteligencias que ha dado este continente a lo largo de su devenir hist\u00f3rico:<\/p>\n<p>&nbsp;<\/p>\n<div id=\"attachment_25054\" style=\"width: 1034px\" class=\"wp-caption alignnone\"><a href=\"https:\/\/lapiedrafilosofal.com\/wp-content\/uploads\/2018\/02\/ARANTZA-RUIZ-COMO-SOR-JUANA-INES-DE-LA-CRUZ.jpg\"><img loading=\"lazy\" decoding=\"async\" aria-describedby=\"caption-attachment-25054\" class=\"size-full wp-image-25054\" src=\"https:\/\/lapiedrafilosofal.com\/wp-content\/uploads\/2018\/02\/ARANTZA-RUIZ-COMO-SOR-JUANA-INES-DE-LA-CRUZ.jpg\" alt=\"\" width=\"1024\" height=\"576\" srcset=\"https:\/\/oscarhumbertogomez.com\/wp-content\/uploads\/2018\/02\/ARANTZA-RUIZ-COMO-SOR-JUANA-INES-DE-LA-CRUZ.jpg 1024w, https:\/\/oscarhumbertogomez.com\/wp-content\/uploads\/2018\/02\/ARANTZA-RUIZ-COMO-SOR-JUANA-INES-DE-LA-CRUZ-300x169.jpg 300w, https:\/\/oscarhumbertogomez.com\/wp-content\/uploads\/2018\/02\/ARANTZA-RUIZ-COMO-SOR-JUANA-INES-DE-LA-CRUZ-768x432.jpg 768w\" sizes=\"auto, (max-width: 1024px) 100vw, 1024px\" \/><\/a><p id=\"caption-attachment-25054\" class=\"wp-caption-text\">La actriz mexicana ARANTZA RUIZ como SOR JUANA IN\u00c9S DE LA CRUZ \u2014joven\u2014 en la hermosa serie televisiva JUANA IN\u00c9S.<\/p><\/div>\n<p>&nbsp;<\/p>\n<p>&#8220;Y argumento en esta forma:<br \/>\nLa luz, primero que el Sol,<br \/>\nfue el primer d\u00eda creada,<br \/>\ny despu\u00e9s fue vinculada<br \/>\na ese luciente Farol:<br \/>\nde modo que su arrebol,<br \/>\ndespu\u00e9s a su ardor unido,<br \/>\nfue un accidente a\u00f1adido,<br \/>\npara que fuese luciente;<br \/>\nluego es esencia lo ardiente,<br \/>\ny accidente lo lucido.<br \/>\nLuego (si su ardor ha sido<br \/>\nsu principal existencia,<br \/>\nen que consiste su esencia),<br \/>\nalumbrar y no encender,<br \/>\nno puede ser&#8221;.<\/p>\n<p>(Versos que pone en labios de Neptuno).<\/p>\n<p>&nbsp;<\/p>\n<p>&#8220;Al Fuego yo no le niego<br \/>\nel ardor (que eso ser\u00eda,<br \/>\ncon necia Filosof\u00eda,<br \/>\nnegarle su esencia al fuego);<br \/>\nmas quiero que notes luego,<br \/>\nque, para haber de quemar,<br \/>\nes preciso aproximar<br \/>\nla materia combustiva,<br \/>\ny la llama m\u00e1s activa<br \/>\nde lejos puede alumbrar&#8221;.<\/p>\n<p>(Versos que pone en labios del Sol).<\/p>\n<p>&nbsp;<\/p>\n<p>&#8220;Destemplado un instrumento,<br \/>\n(aunque tenga la madera<br \/>\nm\u00e1s apta para el sonido;<br \/>\naunque las m\u00e1s finas cuerdas<br \/>\nse le pongan; y en fin, aunque<br \/>\nen la forma y la materia<br \/>\nse apure el primor del Arte),<br \/>\ncomo sin concierto suena,<br \/>\nm\u00e1s que deleita, disgusta;<br \/>\nm\u00e1s que acaricia, atormenta&#8221;.<\/p>\n<p>(La causa eficiente es el buen m\u00fasico)<\/p>\n<p>&nbsp;<\/p>\n<p>&#8220;Ya que de la Primer Causa<br \/>\ndispuso la Omnipotencia<br \/>\nque yo, como su segunda,<br \/>\ndominio absoluto tenga<br \/>\nen las obras naturales<br \/>\n(pues soy la Naturaleza<br \/>\nen com\u00fan, a cuya docta<br \/>\nsiempre operativa idea<br \/>\nse debe la dulce uni\u00f3n<br \/>\nde la forma y la materia),<br \/>\nyo soy quien hago que el Mundo<br \/>\ntenga ser, haciendo, atenta<br \/>\na que las especies vivan,<br \/>\nque los individuos mueran;<br \/>\ny porque a la corrupci\u00f3n<br \/>\nla generaci\u00f3n suceda,<br \/>\nhago corromper las cosas<br \/>\npara que rejuvenezcan&#8221;.<\/p>\n<p>(Versos que pone en labios de la Naturaleza).<\/p>\n<p>&nbsp;<\/p>\n<p>&#8220;\u00bfY t\u00fa, Escuela, c\u00f3mo necia,<br \/>\nde la Devoci\u00f3n te apartas?<br \/>\nPues tus razones, sin ella,<br \/>\nm\u00e1s ser\u00e1n, que doctas, vanas.<br \/>\n\u00bfNo ves que las sutilezas,<br \/>\naunque vuelen remontadas,<br \/>\nsi el calor no las fomenta,<br \/>\nse mueren en las palabras?<br \/>\nPablo dice que la ciencia<br \/>\nensoberbece y levanta;<br \/>\ny el que la Ley ejecuta,<br \/>\nno el que la sabe, se salva.<br \/>\nLa Eterna Sabidur\u00eda<br \/>\nnos amonesta, y declara,<br \/>\nque no entrar\u00e1 la sapiencia,<br \/>\ncuando es mal\u00e9vola el alma&#8221;.<\/p>\n<p>(Versos que pone en labios del Entendimiento).<\/p>\n<p>&nbsp;<\/p>\n<div id=\"attachment_25039\" style=\"width: 1210px\" class=\"wp-caption alignnone\"><a href=\"https:\/\/lapiedrafilosofal.com\/wp-content\/uploads\/2018\/02\/Billete-de-1000-sor-juana-ines-de-la-cruz-1985001-13334-MLM3043014658_082012-F.jpg\"><img loading=\"lazy\" decoding=\"async\" aria-describedby=\"caption-attachment-25039\" class=\"size-full wp-image-25039\" src=\"https:\/\/lapiedrafilosofal.com\/wp-content\/uploads\/2018\/02\/Billete-de-1000-sor-juana-ines-de-la-cruz-1985001-13334-MLM3043014658_082012-F.jpg\" alt=\"\" width=\"1200\" height=\"507\" srcset=\"https:\/\/oscarhumbertogomez.com\/wp-content\/uploads\/2018\/02\/Billete-de-1000-sor-juana-ines-de-la-cruz-1985001-13334-MLM3043014658_082012-F.jpg 1200w, https:\/\/oscarhumbertogomez.com\/wp-content\/uploads\/2018\/02\/Billete-de-1000-sor-juana-ines-de-la-cruz-1985001-13334-MLM3043014658_082012-F-300x127.jpg 300w, https:\/\/oscarhumbertogomez.com\/wp-content\/uploads\/2018\/02\/Billete-de-1000-sor-juana-ines-de-la-cruz-1985001-13334-MLM3043014658_082012-F-768x324.jpg 768w, https:\/\/oscarhumbertogomez.com\/wp-content\/uploads\/2018\/02\/Billete-de-1000-sor-juana-ines-de-la-cruz-1985001-13334-MLM3043014658_082012-F-1024x433.jpg 1024w\" sizes=\"auto, (max-width: 1200px) 100vw, 1200px\" \/><\/a><p id=\"caption-attachment-25039\" class=\"wp-caption-text\">BILLETE MEXICANO CON LA ESTAMPA DE SOR JUANA IN\u00c9S DE LA CRUZ<\/p><\/div>\n<p>&nbsp;<\/p>\n<p>&#8220;Quien vive por vivir s\u00f3lo,<br \/>\nsin buscar m\u00e1s altos fines,<br \/>\nde lo viviente se precia,<br \/>\nde lo racional se exime;<br \/>\ny aun de la vida no goza:<br \/>\npues si bien llega a advertirse,<br \/>\nel que vive lo que sabe,<br \/>\ns\u00f3lo sabe lo que vive&#8221;.<\/p>\n<p>&nbsp;<\/p>\n<p>&#8220;Dicen que las se\u00f1as son<br \/>\nlas que os hacen m\u00e1s patente,<br \/>\ny sin mirar la ilaci\u00f3n,<br \/>\ndejando el antecedente,<br \/>\nle neg\u00e1is la conclusi\u00f3n.<\/p>\n<p>(&#8230;)<\/p>\n<p>Si de una mujer la ciencia<br \/>\ntiene razones precisas,<br \/>\nmirad, Pedro, que es violencia,<br \/>\nconcedidas las premisas,<br \/>\nnegarle la consecuencia.<\/p>\n<p>(..)<\/p>\n<p>Mas ya veo que advertido,<br \/>\nviendo el caso sin remedio,<br \/>\nllor\u00e1is como arrepentido;<br \/>\nque es arte hallar el medio<br \/>\nde no quedar concluido&#8221;.<\/p>\n<p>&nbsp;<\/p>\n<p>&#8220;No s\u00e9 en qu\u00e9 l\u00f3gica cabe<br \/>\nel que tal cuesti\u00f3n se pruebe:<br \/>\nque por \u00e9l lo grave es leve,<br \/>\ny con \u00e9l lo leve es grave&#8221;.<\/p>\n<p>&nbsp;<\/p>\n<p>&#8220;(&#8230;) yo en mi l\u00f3gica vulgar<br \/>\nos pusiera un silogismo<br \/>\nque os hiciera confesar<br \/>\nque \u00e9se fue s\u00f3lo el motivo&#8221;.<\/p>\n<p>&nbsp;<\/p>\n<p>&#8220;(&#8230;) en quien tienen, cuerpo y alma<br \/>\nun tan indeciso pleito,<br \/>\nque de cu\u00e1l vence, se est\u00e1n<br \/>\nen <em>utrum<\/em> los argumentos.<br \/>\nUna Gram\u00e1tica nueva<br \/>\nes su hermosura y talento,<br \/>\ndonde el m\u00e1s se verifica<br \/>\nsin que se suponga el menos.<br \/>\nNo hay L\u00f3gico que se atreva<br \/>\na definir c\u00f3mo, siendo<br \/>\ns\u00f3lo un t\u00e9rmino, en \u00e9l solo<br \/>\nse da relaci\u00f3n y exceso.<br \/>\nNi yo s\u00e9 c\u00f3mo os explique<br \/>\neste enigma; s\u00f3lo entiendo<br \/>\nque aquello parece m\u00e1s,<br \/>\nque se imagina primero.<br \/>\nPorque como a su beldad<br \/>\nes corto el conocimiento,<br \/>\npara comprehenderla toda<br \/>\nva de concepto en concepto&#8221;.<\/p>\n<p>(Argumentaci\u00f3n l\u00f3gica)<\/p>\n<p>&nbsp;<\/p>\n<p>&#8220;Al modo de aquellos que<br \/>\nsutilmente defendieron<br \/>\nque de la nieve los campos<br \/>\nse visten de color negro,<br \/>\nde tu sutileza fue<br \/>\nairoso gal\u00e1n empe\u00f1o,<br \/>\nsof\u00edstica bizarr\u00eda<br \/>\nde tu soberano ingenio.<br \/>\nProbar lo que no es probable,<br \/>\nbien se ve que fue el intento<br \/>\ntuyo; porque lo evidente<br \/>\nprobado se estaba en ello.<br \/>\nAcudistes al partido<br \/>\nque hallastes m\u00e1s indefenso<br \/>\ny a la opini\u00f3n desvalida<br \/>\nayudastes, Caballero.<br \/>\nEste fue tu fin; y as\u00ed,<br \/>\ndebajo de este supuesto,<br \/>\nno es \u00e9sta ni puede ser<br \/>\nr\u00e9plica de tu argumento,<br \/>\nsino s\u00f3lo una obediencia<br \/>\nmandada de gusto ajeno,<br \/>\ncuya insinuaci\u00f3n en m\u00ed<br \/>\ntiene fuerza de precepto&#8221;.<\/p>\n<p>(Argumentaci\u00f3n l\u00f3gica dirigida al poeta Jos\u00e9 Montoro)<\/p>\n<p>&nbsp;<\/p>\n<p><a href=\"https:\/\/lapiedrafilosofal.com\/wp-content\/uploads\/2018\/02\/sorjuana-615x378-1.jpg\"><img loading=\"lazy\" decoding=\"async\" class=\"alignnone size-full wp-image-25040\" src=\"https:\/\/lapiedrafilosofal.com\/wp-content\/uploads\/2018\/02\/sorjuana-615x378-1.jpg\" alt=\"\" width=\"615\" height=\"378\" srcset=\"https:\/\/oscarhumbertogomez.com\/wp-content\/uploads\/2018\/02\/sorjuana-615x378-1.jpg 615w, https:\/\/oscarhumbertogomez.com\/wp-content\/uploads\/2018\/02\/sorjuana-615x378-1-300x184.jpg 300w\" sizes=\"auto, (max-width: 615px) 100vw, 615px\" \/><\/a><\/p>\n<p>&nbsp;<\/p>\n<p>&#8220;Salgan signos a la boca<br \/>\nde lo que en el coraz\u00f3n arde,<br \/>\nque nadie creer\u00e1 el incendio<br \/>\nsi el humo no da se\u00f1ales&#8221;.<\/p>\n<p>(Relaci\u00f3n del &#8220;t\u00e9rmino&#8221; con el &#8220;concepto&#8221;, o &#8220;palabra de la mente&#8221; o &#8220;palabra del coraz\u00f3n&#8221;)<\/p>\n<p>&nbsp;<\/p>\n<p>&#8220;Aquel decirte m\u00e1s<br \/>\ncuando me explico menos,<br \/>\nqueriendo en negaciones<br \/>\nexpresar los conceptos&#8221;.<\/p>\n<p>(Ley de las definiciones)<\/p>\n<p>&nbsp;<\/p>\n<p>&#8220;La confianza ha de ser<br \/>\ncon proporcionado medio:<br \/>\nque deje de ser molesta<br \/>\nsin pasar a ser despego&#8221;.<\/p>\n<p>(Tendencia al justo medio en la \u00e9tica escol\u00e1stica)<\/p>\n<p>&nbsp;<\/p>\n<p>&#8220;El bien es comunicable,<br \/>\ny si llegara a faltar<br \/>\ncon qui\u00e9n, siempre fuera bien,<br \/>\nmas no fuera utilidad&#8221;.<\/p>\n<p>(Acerca del bien \u00fatil y de la comunicabilidad del bien)<\/p>\n<p>&nbsp;<\/p>\n<p>&#8220;Todo el mundo es opiniones<br \/>\nde pareceres tan vanos,<br \/>\nque lo que el uno que es negro,<br \/>\nel otro prueba que es blanco.<\/p>\n<p>[&#8230;]<\/p>\n<p>Los dos fil\u00f3sofos griegos<br \/>\nbien esta verdad probaron:<br \/>\npues lo que en el uno risa,<br \/>\ncausaba en el otro llanto.<\/p>\n<p>[&#8230;]<\/p>\n<p>Para todo se halla prueba<br \/>\ny raz\u00f3n en que fundarlo;<br \/>\ny no hay raz\u00f3n para nada,<br \/>\nde haber raz\u00f3n para tanto&#8221;.<\/p>\n<p>(Versos esc\u00e9pticos. Se refiere a Her\u00e1clito de \u00c9feso y Dem\u00f3crito de Abdera).<\/p>\n<p>&nbsp;<\/p>\n<p>&#8220;Tambi\u00e9n es vicio el saber:<br \/>\nque si no se va atajando,<br \/>\ncuanto menos se conoce<br \/>\nes m\u00e1s nocivo el estrago;<br \/>\ny si el vuelo no le abaten,<br \/>\nen sutilezas cebado,<br \/>\npor cuidar de lo curioso<br \/>\nolvida lo necesario.<\/p>\n<p>[&#8230;]<\/p>\n<p>Este p\u00e9simo ejercicio,<br \/>\neste duro af\u00e1n pesado,<br \/>\na los hijos de los hombres<br \/>\ndio Dios para ejercitarlos.<\/p>\n<p>[&#8230;]<\/p>\n<p>\u00a1Oh, si como hay de saber,<br \/>\nhubiera alg\u00fan seminario<br \/>\no escuela donde a ignorar<br \/>\nse ense\u00f1aran los trabajos&#8221;.<\/p>\n<p>(Saber por padecimiento m\u00e1s que saber por raciocinio)<\/p>\n<p>&nbsp;<\/p>\n<p>&#8220;No hay cosa m\u00e1s libre que<br \/>\nel entendimiento humano;<br \/>\n\u00bfpues lo que Dios no violenta,<br \/>\npor qu\u00e9 yo he de violentarlo?&#8221;.<\/p>\n<p>(Sobre el libre albedr\u00edo)<\/p>\n<p>&nbsp;<\/p>\n<p>&#8220;No hay cualidad que en \u00e9l pueda<br \/>\nimprimir alteraciones,<br \/>\ndel hielo de los desdenes,<br \/>\ndel fuego de los favores.<br \/>\nSu ser es inaccesible<br \/>\nal discurso de los hombres,<br \/>\nque aunque el efecto se sienta<br \/>\nla esencia no se conoce&#8221;.<\/p>\n<p>(La naturaleza del amor, al igual que la de Dios, no es comprensible por el entendimiento humano)<\/p>\n<p>&nbsp;<\/p>\n<p>&#8220;\u00a1Oh cu\u00e1nta fineza, oh cu\u00e1ntos<br \/>\ncari\u00f1os he visto tiernos!<br \/>\nQue amor que se tiene en Dios,<br \/>\nes calidad sin opuestos.<\/p>\n<p>De lo l\u00edcito no puede<br \/>\nhacer contrarios conceptos,<br \/>\ncon que es amor que al olvido<br \/>\nno puede vivir expuesto.<\/p>\n<p>Yo me acuerdo \u00a1oh nunca fuera!,<br \/>\nque he querido en otro tiempo<br \/>\nlo que pas\u00f3 de locura<br \/>\ny lo que excedi\u00f3 de extremo;<\/p>\n<p>mas como era amor bastardo,<br \/>\ny de contrarios compuesto,<br \/>\nfue f\u00e1cil desvanecerse<br \/>\nde achaque de su ser mesmo.<\/p>\n<p>Mas ahora, \u00a1ay de m\u00ed!, est\u00e1<br \/>\ntan en su natural centro,<br \/>\nque la virtud y raz\u00f3n<br \/>\nson quien aviva su incendio.<\/p>\n<p>[&#8230;]<\/p>\n<p>Tan precisa es la apetencia<br \/>\nque a ser amados tenemos,<br \/>\nque, aun sabiendo que no sirve,<br \/>\nnunca dejarla sabemos&#8221;.<\/p>\n<p>(Acerca de la teor\u00eda aristot\u00e9lica de los opuestos. El amor seg\u00fan Dios es una cualidad sin opuesto)<\/p>\n<p>&nbsp;<\/p>\n<p>&#8220;La virtud y la costumbre<br \/>\nen el coraz\u00f3n pelean,<br \/>\ny el coraz\u00f3n agoniza<br \/>\nen tanto que lidian ellas.<br \/>\nY aunque es la virtud tan fuerte,<br \/>\ntemo que tal vez la venzan,<br \/>\nque es muy grande la costumbre<br \/>\ny est\u00e1 la virtud muy tierna&#8221;.<\/p>\n<p>&nbsp;<\/p>\n<p>&#8220;Este que ves, enga\u00f1o colorido,<br \/>\nque del arte ostentando los primores,<br \/>\ncon falsos silogismos de colores<br \/>\nes cauteloso enga\u00f1o del sentido&#8221;.<\/p>\n<p>&nbsp;<\/p>\n<p>&#8220;Y ya que juntos os miro,<br \/>\nnobles Elementos cuatro,<br \/>\ncuya fecunda discordia<br \/>\nes madre de efectos tantos:<br \/>\nvosotros, que variamente<br \/>\ncon paz y guerra luchando,<br \/>\nsois contrarios muy amigos,<br \/>\ny amigos muy encontrados;<br \/>\ny a ti, Cielo, que influyendo<br \/>\nen sus movimientos varios,<br \/>\ndivides hermosamente<br \/>\nen cuatro partes el a\u00f1o,<br \/>\npues todo lo sublunar,<br \/>\na expensas de tu cuidado,<br \/>\nvive a merced de tus lluvias<br \/>\ny al influjo de tus astros&#8221;.<\/p>\n<p>(Versos que pone en labios del Amor refiri\u00e9ndose al aire, la tierra, el aire y el fuego)<\/p>\n<p>&nbsp;<\/p>\n<p>&#8220;El Mundo con tal agrado,<br \/>\nos reverencie, Se\u00f1or,<br \/>\nque a la raz\u00f3n del Amor,<br \/>\nsobre la raz\u00f3n de Estado&#8221;.<\/p>\n<p>(Versos que pone en labios del Amor contra un concepto maquiav\u00e9lico tomado por los poderosos en contra de sus pueblos)<\/p>\n<p>&nbsp;<\/p>\n<p>&#8220;\u00a1Bueno es, Majestad, que quieras<br \/>\nque contra raz\u00f3n se rindan<br \/>\nlos derechos naturales<br \/>\na las leyes positivas!<br \/>\nEl vivir es en el hombre<br \/>\nlo primero; y tan precisa<br \/>\nes en \u00e9l esta elecci\u00f3n,<br \/>\nque escoger, si le brindan<br \/>\ncon una de las dos cosas,<br \/>\nel que m\u00e1s mandar estima,<br \/>\nla Vida sin Majestad,<br \/>\nno la Majestad sin Vida&#8221;.<\/p>\n<p>(La primac\u00eda del derecho natural sobre el derecho positivo. Es c\u00e9lebre al respecto la defensa de Ant\u00edgona)<\/p>\n<p>&nbsp;<\/p>\n<p>&#8220;No en el ser precisa, s\u00f3lo,<br \/>\nfundes el ser preferida;<br \/>\nque no puede hacer las cosas<br \/>\nmejores, el ser precisas.<br \/>\nLa Naturaleza, siempre,<br \/>\nde lo imperfecto camina<br \/>\na lo perfecto, y no habr\u00e1<br \/>\nquien, por eso s\u00f3lo, diga<br \/>\nque es lo imperfecto mejor.<br \/>\nLa materia se anticipa<br \/>\na la forma; y no, por eso,<br \/>\nes por m\u00e1s noble tenida.<br \/>\nDel corporal alimento<br \/>\nvemos que se necesita<br \/>\nm\u00e1s que del discurso; y no hay<br \/>\ntan ciega Filosof\u00eda,<br \/>\nque diga que es mejor, que<br \/>\nla potencia discursiva&#8221;.<\/p>\n<p>(No por ser necesaria una cosa es m\u00e1s perfecta).<\/p>\n<p>&nbsp;<\/p>\n<div id=\"attachment_25038\" style=\"width: 1376px\" class=\"wp-caption alignnone\"><a href=\"https:\/\/lapiedrafilosofal.com\/wp-content\/uploads\/2018\/02\/ARCELIA-RAMIREZ-COMO-SOR-JUANA.jpg\"><img loading=\"lazy\" decoding=\"async\" aria-describedby=\"caption-attachment-25038\" class=\"size-full wp-image-25038\" src=\"https:\/\/lapiedrafilosofal.com\/wp-content\/uploads\/2018\/02\/ARCELIA-RAMIREZ-COMO-SOR-JUANA.jpg\" alt=\"\" width=\"1366\" height=\"768\" srcset=\"https:\/\/oscarhumbertogomez.com\/wp-content\/uploads\/2018\/02\/ARCELIA-RAMIREZ-COMO-SOR-JUANA.jpg 1366w, https:\/\/oscarhumbertogomez.com\/wp-content\/uploads\/2018\/02\/ARCELIA-RAMIREZ-COMO-SOR-JUANA-300x169.jpg 300w, https:\/\/oscarhumbertogomez.com\/wp-content\/uploads\/2018\/02\/ARCELIA-RAMIREZ-COMO-SOR-JUANA-768x432.jpg 768w, https:\/\/oscarhumbertogomez.com\/wp-content\/uploads\/2018\/02\/ARCELIA-RAMIREZ-COMO-SOR-JUANA-1024x576.jpg 1024w\" sizes=\"auto, (max-width: 1366px) 100vw, 1366px\" \/><\/a><p id=\"caption-attachment-25038\" class=\"wp-caption-text\">La actriz mexicana ARCELIA RAM\u00cdREZ como SOR JUANA IN\u00c9S DE LA CRUZ \u2014a la edad en que enferm\u00f3 y muri\u00f3\u2014 en la hermosa serie televisiva JUANA IN\u00c9S. Solo ten\u00eda 43 a\u00f1os.<\/p><\/div>\n<p>&nbsp;<\/p>\n<p>Y, para cerrar, creemos literalmente ineludibles las inmortales redondillas feministas con que plasm\u00f3, de manera magistral, su memorable defensa de la mujer ca\u00edda, haciendo gala de una argumentaci\u00f3n tan preciosa como dura e irrefutable:<\/p>\n<p>&nbsp;<\/p>\n<p>&#8220;Hombres necios que acus\u00e1is<br \/>\na la mujer sin raz\u00f3n,<br \/>\nsin ver que sois la ocasi\u00f3n<br \/>\nde lo mismo que culp\u00e1is:<\/p>\n<p>si con ansia sin igual<br \/>\nsolicit\u00e1is su desd\u00e9n,<br \/>\n\u00bfpor qu\u00e9 quer\u00e9is que obren bien<br \/>\nsi las incit\u00e1is al mal?<\/p>\n<p>Combat\u00eds su resistencia,<br \/>\ny luego con gravedad<br \/>\ndec\u00eds que fue liviandad<br \/>\nlo que hizo la diligencia.<\/p>\n<p>Quer\u00e9is con presunci\u00f3n necia<br \/>\nhallar a la que busc\u00e1is,<br \/>\npara pretendida, Tais, (*)<br \/>\ny en la posesi\u00f3n, Lucrecia. (*)<\/p>\n<p>\u00bfQu\u00e9 humor puede ser m\u00e1s raro<br \/>\nque el que falta de consejo,<br \/>\n\u00e9l mismo empa\u00f1a el espejo<br \/>\ny siente que no est\u00e9 claro?<\/p>\n<p>Con el favor y el desd\u00e9n<br \/>\nten\u00e9is condici\u00f3n igual,<br \/>\nquej\u00e1ndoos, si os tratan mal,<br \/>\nburl\u00e1ndoos, si os quieren bien.<\/p>\n<p>Opini\u00f3n ninguna gana,<br \/>\npues la que m\u00e1s se recata,<br \/>\nsi no os admite, es ingrata<br \/>\ny si os admite, es liviana.<\/p>\n<p>Siempre tan necios and\u00e1is<br \/>\nque con desigual nivel<br \/>\na una culp\u00e1is por cruel<br \/>\ny a otra por f\u00e1cil culp\u00e1is.<\/p>\n<p>\u00bfPues c\u00f3mo ha de estar templada<br \/>\nla que vuestro amor pretende,<br \/>\nsi la que es ingrata ofende<br \/>\ny la que es f\u00e1cil enfada?<\/p>\n<p>Mas entre el enfado y pena<br \/>\nque vuestro gusto refiere,<br \/>\nbien haya la que no os quiere<br \/>\ny quejaos enhorabuena.<\/p>\n<p>Dan vuestras amantes penas<br \/>\na sus libertades alas,<br \/>\ny despu\u00e9s de hacerlas malas<br \/>\nlas quer\u00e9is hallar muy buenas.<\/p>\n<p>\u00bfCu\u00e1l mayor culpa ha tenido<br \/>\nen una pasi\u00f3n errada,<br \/>\nla que cae de rogada<br \/>\no el que ruega de ca\u00eddo?<\/p>\n<p>\u00bfO cu\u00e1l es m\u00e1s de culpar,<br \/>\naunque cualquiera mal haga:<br \/>\nla que peca por la paga<br \/>\no el que paga por pecar?<\/p>\n<p>Pues \u00bfpara qu\u00e9 os espant\u00e1is<br \/>\nde la culpa que ten\u00e9is?<br \/>\nQueredlas cual las hac\u00e9is<br \/>\no hacedlas cual las busc\u00e1is.<\/p>\n<p>Dejad de solicitar<br \/>\ny despu\u00e9s con m\u00e1s raz\u00f3n<br \/>\nacusar\u00e9is la afici\u00f3n<br \/>\nde la que os fuere a rogar.<\/p>\n<p>Bien con muchas armas fundo<br \/>\nque lidia vuestra arrogancia,<br \/>\npues en promesa e instancia<br \/>\njunt\u00e1is diablo, carne y mundo&#8221;.<\/p>\n<p>&nbsp;<\/p>\n<p><em>[CONTINUAR\u00c1]<\/em><\/p>\n<p>_________<\/p>\n<p><strong>NOTAS<\/strong>: * <strong>Tais<\/strong>: hetaira, o cortesana, o prostituta distinguida acompa\u00f1ante de Alejandro Magno. Mujer de gran belleza, pos\u00f3 para Fidias, el m\u00e1s grande escultor de la antigua Grecia.<\/p>\n<p>* <strong>Lucrecia<\/strong>: Dama de la antigua Roma, de familia ilustre y que ten\u00eda fama de hacendosa, hermosa y honesta. Fue violada y se suicid\u00f3.<\/p>\n<p>____________<\/p>\n<p>&nbsp;<\/p>\n","protected":false},"excerpt":{"rendered":"<p>&nbsp; &#8220;Si de tus m\u00e9ritos nace esta pasi\u00f3n que me aflige, \u00bfc\u00f3mo el efecto podr\u00e1 cesar, si la causa existe?&#8221; &nbsp; La inmensa poetisa mexicana Sor Juana In\u00e9s de la Cruz (Juana In\u00e9s de Asbaje y Ram\u00edrez de Santillana), nacida &hellip; <a href=\"https:\/\/oscarhumbertogomez.com\/?p=25027\">Sigue leyendo <span class=\"meta-nav\">&rarr;<\/span><\/a><\/p>\n<div class='heateorSssClear'><\/div><div  class='heateor_sss_sharing_container heateor_sss_horizontal_sharing' heateor-sss-data-href='https:\/\/oscarhumbertogomez.com\/?p=25027'><div class='heateor_sss_sharing_title' style=\"font-weight:bold\" >\u00a1Gracias por compartirla!<\/div><ul class=\"heateor_sss_sharing_ul\"><li class=\"heateorSssSharingRound\"><i style=\"width:35px;height:35px;border-radius:999px;\" alt=\"Facebook\" Title=\"Facebook\" class=\"heateorSssSharing heateorSssFacebookBackground\" onclick='heateorSssPopup(\"https:\/\/www.facebook.com\/sharer\/sharer.php?u=https%3A%2F%2Foscarhumbertogomez.com%2Findex.php%3Frest_route%3D%252Fwp%252Fv2%252Fposts%252F25027\")'><ss style=\"display:block;border-radius:999px;\" class=\"heateorSssSharingSvg heateorSssFacebookSvg\"><\/ss><\/i><\/li><li class=\"heateorSssSharingRound\"><i style=\"width:35px;height:35px;border-radius:999px;\" alt=\"Twitter\" Title=\"Twitter\" class=\"heateorSssSharing heateorSssTwitterBackground\" onclick='heateorSssPopup(\"http:\/\/twitter.com\/intent\/tweet?text=LAS%20MUJERES%20EN%20LA%20FILOSOF%C3%8DA.%20Cap%C3%ADtulo%20VII%3A%20SOR%20JUANA%20IN%C3%89S%20DE%20LA%20CRUZ.%20Por%20%C3%93scar%20Humberto%20G%C3%B3mez%20G%C3%B3mez%2C%20Miembro%20Correspondiente%20de%20la%20Academia%20de%20Historia%20de%20Santander%20y%20Miembro%20del%20Colegio%20Nacional%20de%20Periodistas&url=https%3A%2F%2Foscarhumbertogomez.com%2Findex.php%3Frest_route%3D%252Fwp%252Fv2%252Fposts%252F25027\")'><ss style=\"display:block;border-radius:999px;\" class=\"heateorSssSharingSvg heateorSssTwitterSvg\"><\/ss><\/i><\/li><li class=\"heateorSssSharingRound\"><i style=\"width:35px;height:35px;border-radius:999px;\" alt=\"Whatsapp\" Title=\"Whatsapp\" class=\"heateorSssSharing heateorSssWhatsappBackground\" onclick='heateorSssPopup(\"https:\/\/web.whatsapp.com\/send?text=LAS%20MUJERES%20EN%20LA%20FILOSOF%C3%8DA.%20Cap%C3%ADtulo%20VII%3A%20SOR%20JUANA%20IN%C3%89S%20DE%20LA%20CRUZ.%20Por%20%C3%93scar%20Humberto%20G%C3%B3mez%20G%C3%B3mez%2C%20Miembro%20Correspondiente%20de%20la%20Academia%20de%20Historia%20de%20Santander%20y%20Miembro%20del%20Colegio%20Nacional%20de%20Periodistas https%3A%2F%2Foscarhumbertogomez.com%2Findex.php%3Frest_route%3D%252Fwp%252Fv2%252Fposts%252F25027\")'><ss style=\"display:block\" class=\"heateorSssSharingSvg heateorSssWhatsappSvg\"><\/ss><\/i><\/li><li class=\"heateorSssSharingRound\"><i style=\"width:35px;height:35px;border-radius:999px;\" alt=\"Pinterest\" Title=\"Pinterest\" class=\"heateorSssSharing heateorSssPinterestBackground\" onclick=\"javascript:void( (function() {var e=document.createElement('script' );e.setAttribute('type','text\/javascript' );e.setAttribute('charset','UTF-8' );e.setAttribute('src','\/\/assets.pinterest.com\/js\/pinmarklet.js?r='+Math.random()*99999999);document.body.appendChild(e)})());\"><ss style=\"display:block;border-radius:999px;\" class=\"heateorSssSharingSvg heateorSssPinterestSvg\"><\/ss><\/i><\/li><li class=\"heateorSssSharingRound\"><i style=\"width:35px;height:35px;border-radius:999px;\" alt=\"Google Gmail\" Title=\"Google Gmail\" class=\"heateorSssSharing heateorSssGoogleGmailBackground\" onclick='heateorSssPopup(\"https:\/\/mail.google.com\/mail\/?ui=2&view=cm&fs=1&tf=1&su=LAS%20MUJERES%20EN%20LA%20FILOSOF%C3%8DA.%20Cap%C3%ADtulo%20VII%3A%20SOR%20JUANA%20IN%C3%89S%20DE%20LA%20CRUZ.%20Por%20%C3%93scar%20Humberto%20G%C3%B3mez%20G%C3%B3mez%2C%20Miembro%20Correspondiente%20de%20la%20Academia%20de%20Historia%20de%20Santander%20y%20Miembro%20del%20Colegio%20Nacional%20de%20Periodistas&body=Link:https%3A%2F%2Foscarhumbertogomez.com%2Findex.php%3Frest_route%3D%252Fwp%252Fv2%252Fposts%252F25027\")'><ss style=\"display:block;border-radius:999px;\" class=\"heateorSssSharingSvg heateorSssGoogleGmailSvg\"><\/ss><\/i><\/li><li class=\"heateorSssSharingRound\"><i style=\"width:35px;height:35px;border-radius:999px;\" title=\"More\" alt=\"More\" class=\"heateorSssSharing heateorSssMoreBackground\" onclick=\"heateorSssMoreSharingPopup(this, 'https:\/\/oscarhumbertogomez.com\/index.php?rest_route=%2Fwp%2Fv2%2Fposts%2F25027', 'LAS%20MUJERES%20EN%20LA%20FILOSOF%C3%8DA.%20Cap%C3%ADtulo%20VII%3A%20SOR%20JUANA%20IN%C3%89S%20DE%20LA%20CRUZ.%20Por%20%C3%93scar%20Humberto%20G%C3%B3mez%20G%C3%B3mez%2C%20Miembro%20Correspondiente%20de%20la%20Academia%20de%20Historia%20de%20Santander%20y%20Miembro%20del%20Colegio%20Nacional%20de%20Periodistas', '' )\" ><ss style=\"display:block\" class=\"heateorSssSharingSvg heateorSssMoreSvg\"><\/ss><\/i><\/li><\/ul><div class=\"heateorSssClear\"><\/div><\/div><div class='heateorSssClear'><\/div>","protected":false},"author":2,"featured_media":0,"comment_status":"closed","ping_status":"closed","sticky":false,"template":"","format":"standard","meta":{"spay_email":"","footnotes":""},"categories":[58,12,11],"tags":[],"class_list":["post-25027","post","type-post","status-publish","format-standard","hentry","category-filosofia","category-historia","category-periodismo"],"jetpack_featured_media_url":"","jetpack_shortlink":"https:\/\/wp.me\/p1FYrr-6vF","_links":{"self":[{"href":"https:\/\/oscarhumbertogomez.com\/index.php?rest_route=\/wp\/v2\/posts\/25027","targetHints":{"allow":["GET"]}}],"collection":[{"href":"https:\/\/oscarhumbertogomez.com\/index.php?rest_route=\/wp\/v2\/posts"}],"about":[{"href":"https:\/\/oscarhumbertogomez.com\/index.php?rest_route=\/wp\/v2\/types\/post"}],"author":[{"embeddable":true,"href":"https:\/\/oscarhumbertogomez.com\/index.php?rest_route=\/wp\/v2\/users\/2"}],"replies":[{"embeddable":true,"href":"https:\/\/oscarhumbertogomez.com\/index.php?rest_route=%2Fwp%2Fv2%2Fcomments&post=25027"}],"version-history":[{"count":5,"href":"https:\/\/oscarhumbertogomez.com\/index.php?rest_route=\/wp\/v2\/posts\/25027\/revisions"}],"predecessor-version":[{"id":52322,"href":"https:\/\/oscarhumbertogomez.com\/index.php?rest_route=\/wp\/v2\/posts\/25027\/revisions\/52322"}],"wp:attachment":[{"href":"https:\/\/oscarhumbertogomez.com\/index.php?rest_route=%2Fwp%2Fv2%2Fmedia&parent=25027"}],"wp:term":[{"taxonomy":"category","embeddable":true,"href":"https:\/\/oscarhumbertogomez.com\/index.php?rest_route=%2Fwp%2Fv2%2Fcategories&post=25027"},{"taxonomy":"post_tag","embeddable":true,"href":"https:\/\/oscarhumbertogomez.com\/index.php?rest_route=%2Fwp%2Fv2%2Ftags&post=25027"}],"curies":[{"name":"wp","href":"https:\/\/api.w.org\/{rel}","templated":true}]}}