{"id":25130,"date":"2018-02-28T09:54:50","date_gmt":"2018-02-28T14:54:50","guid":{"rendered":"http:\/\/www.oscarhumbertogomez.com\/?p=25130"},"modified":"2025-03-12T10:43:04","modified_gmt":"2025-03-12T15:43:04","slug":"las-mujeres-en-la-filosofia-capitulo-ix-maria-zambrano-por-oscar-humberto-gomez-gomez-miembro-de-la-academia-de-historia-de-santander-y-del-colegio-nacional-de-periodistas-seccional-santander","status":"publish","type":"post","link":"https:\/\/oscarhumbertogomez.com\/?p=25130","title":{"rendered":"LAS MUJERES EN LA FILOSOF\u00cdA. Cap\u00edtulo IX: MAR\u00cdA ZAMBRANO. Por \u00d3scar Humberto G\u00f3mez G\u00f3mez, Miembro Correspondiente de la Academia de Historia de Santander y Miembro del Colegio Nacional de Periodistas"},"content":{"rendered":"<p><a href=\"https:\/\/lapiedrafilosofal.com\/wp-content\/uploads\/2018\/02\/MARIA-ZAMBRANO.jpg\"><img loading=\"lazy\" decoding=\"async\" class=\"alignnone size-large wp-image-25131\" src=\"https:\/\/lapiedrafilosofal.com\/wp-content\/uploads\/2018\/02\/MARIA-ZAMBRANO-777x1024.jpg\" alt=\"\" width=\"640\" height=\"843\" srcset=\"https:\/\/oscarhumbertogomez.com\/wp-content\/uploads\/2018\/02\/MARIA-ZAMBRANO-777x1024.jpg 777w, https:\/\/oscarhumbertogomez.com\/wp-content\/uploads\/2018\/02\/MARIA-ZAMBRANO-228x300.jpg 228w, https:\/\/oscarhumbertogomez.com\/wp-content\/uploads\/2018\/02\/MARIA-ZAMBRANO-768x1012.jpg 768w, https:\/\/oscarhumbertogomez.com\/wp-content\/uploads\/2018\/02\/MARIA-ZAMBRANO.jpg 1400w\" sizes=\"auto, (max-width: 640px) 100vw, 640px\" \/><\/a><\/p>\n<p>&nbsp;<\/p>\n<p>El lunes 24 de abril de 2017, GOOGLE homenajeaba a una mujer que aparec\u00eda en su caja de b\u00fasqueda sentada sobre el alf\u00e9izar de una ventana, leyendo, mientras que atr\u00e1s se observaban s\u00edmbolos del cosmos y del pensamiento.<\/p>\n<p>&nbsp;<\/p>\n<p><a href=\"https:\/\/lapiedrafilosofal.com\/wp-content\/uploads\/2018\/02\/MARIA-ZAMBRANO-GOOGLE.png\"><img loading=\"lazy\" decoding=\"async\" class=\"alignnone size-full wp-image-25134\" src=\"https:\/\/lapiedrafilosofal.com\/wp-content\/uploads\/2018\/02\/MARIA-ZAMBRANO-GOOGLE.png\" alt=\"\" width=\"500\" height=\"200\" srcset=\"https:\/\/oscarhumbertogomez.com\/wp-content\/uploads\/2018\/02\/MARIA-ZAMBRANO-GOOGLE.png 500w, https:\/\/oscarhumbertogomez.com\/wp-content\/uploads\/2018\/02\/MARIA-ZAMBRANO-GOOGLE-300x120.png 300w\" sizes=\"auto, (max-width: 500px) 100vw, 500px\" \/><\/a><\/p>\n<p>&nbsp;<\/p>\n<p>Pocos sab\u00edan, sin embargo, qui\u00e9n era la homenajeada. Se trataba de la fil\u00f3sofa espa\u00f1ola <strong>Mar\u00eda Zambrano<\/strong>, disc\u00edpula brillante de Jos\u00e9 Ortega y Gasset \u2014 de quien, sin embargo, habr\u00eda de terminar distanci\u00e1ndose \u2014.<\/p>\n<p>GOOGLE exaltaba as\u00ed el centenario de su nacimiento.<\/p>\n<p>&nbsp;<\/p>\n<p><a href=\"https:\/\/lapiedrafilosofal.com\/wp-content\/uploads\/2018\/02\/zambrano_maria.jpg\"><img loading=\"lazy\" decoding=\"async\" class=\"alignnone size-full wp-image-25139\" src=\"https:\/\/lapiedrafilosofal.com\/wp-content\/uploads\/2018\/02\/zambrano_maria.jpg\" alt=\"\" width=\"340\" height=\"294\" srcset=\"https:\/\/oscarhumbertogomez.com\/wp-content\/uploads\/2018\/02\/zambrano_maria.jpg 340w, https:\/\/oscarhumbertogomez.com\/wp-content\/uploads\/2018\/02\/zambrano_maria-300x259.jpg 300w\" sizes=\"auto, (max-width: 340px) 100vw, 340px\" \/><\/a><\/p>\n<p>&nbsp;<\/p>\n<p>Mar\u00eda Zambrano nace en 1904 en V\u00e9lez, M\u00e1laga (Espa\u00f1a).<\/p>\n<p>Cuando principia a vivir la temprana d\u00e9cada de sus 20 a\u00f1os \u2014desde 1924 y hasta 1927\u2014 cursa estudios de Filosof\u00eda en la capital espa\u00f1ola. Despu\u00e9s de eso, se va al exterior.<\/p>\n<p>Empero, la Guerra Civil Espa\u00f1ola estalla (1936) y ella decide, entonces, retornar a su pa\u00eds natal y se pone del lado del bando republicano.<\/p>\n<p>&nbsp;<\/p>\n<p><a href=\"https:\/\/lapiedrafilosofal.com\/wp-content\/uploads\/2017\/05\/MADRID-BOMBARDEADO-3.jpg\"><img loading=\"lazy\" decoding=\"async\" class=\"alignnone size-full wp-image-22119\" src=\"https:\/\/lapiedrafilosofal.com\/wp-content\/uploads\/2017\/05\/MADRID-BOMBARDEADO-3.jpg\" alt=\"\" width=\"782\" height=\"1017\" srcset=\"https:\/\/oscarhumbertogomez.com\/wp-content\/uploads\/2017\/05\/MADRID-BOMBARDEADO-3.jpg 782w, https:\/\/oscarhumbertogomez.com\/wp-content\/uploads\/2017\/05\/MADRID-BOMBARDEADO-3-231x300.jpg 231w, https:\/\/oscarhumbertogomez.com\/wp-content\/uploads\/2017\/05\/MADRID-BOMBARDEADO-3-768x999.jpg 768w\" sizes=\"auto, (max-width: 782px) 100vw, 782px\" \/><\/a><\/p>\n<p>&nbsp;<\/p>\n<p>Derrotada la Rep\u00fablica, en 1939, Mar\u00eda parte rumbo al exilio, tal y como lo har\u00e1n numerosos intelectuales espa\u00f1oles.&nbsp;Se instala, finalmente, en M\u00e9xico. All\u00ed, en la Universidad de San Nicol\u00e1s de Hidalgo, de Morelia, asume la c\u00e1tedra&nbsp;de Filosof\u00eda.<\/p>\n<p>&nbsp;<\/p>\n<p><a href=\"https:\/\/lapiedrafilosofal.com\/wp-content\/uploads\/2018\/02\/MARIA-ZAMBRANO-II.jpg\"><img loading=\"lazy\" decoding=\"async\" class=\"alignnone size-full wp-image-25133\" src=\"https:\/\/lapiedrafilosofal.com\/wp-content\/uploads\/2018\/02\/MARIA-ZAMBRANO-II.jpg\" alt=\"\" width=\"900\" height=\"650\" srcset=\"https:\/\/oscarhumbertogomez.com\/wp-content\/uploads\/2018\/02\/MARIA-ZAMBRANO-II.jpg 900w, https:\/\/oscarhumbertogomez.com\/wp-content\/uploads\/2018\/02\/MARIA-ZAMBRANO-II-300x217.jpg 300w, https:\/\/oscarhumbertogomez.com\/wp-content\/uploads\/2018\/02\/MARIA-ZAMBRANO-II-768x555.jpg 768w\" sizes=\"auto, (max-width: 900px) 100vw, 900px\" \/><\/a><\/p>\n<p>&nbsp;<\/p>\n<p>Fue una prol\u00edfica escritora y utiliz\u00f3 tambi\u00e9n la poes\u00eda como medio para expresar su pensamiento filos\u00f3fico. Entre sus obras, podemos citar las siguientes:&nbsp;<em>Filosof\u00eda y poes\u00eda<\/em> (1939), <em>La confesi\u00f3n, g\u00e9nero literario y m\u00e9todo<\/em> (1943), <em>El pensamiento vivo de S\u00e9neca<\/em> (1944), <em>La agon\u00eda de Europa<\/em> (1945), <em>Hacia un saber sobre el alma<\/em> (1950), <em>El hombre y lo divino<\/em> (1955), <em>Espa\u00f1a, sue\u00f1o y verdad<\/em> (1965), <em>El sue\u00f1o creador<\/em> (1965), <em>La tumba de Ant\u00edgona<\/em> (1967), <em>El nacimiento. Dos escritos autobiogr\u00e1ficos<\/em> (1981), <em>De la Aurora<\/em> (1986), <em>Senderos<\/em> (1986), <em>Delirio y destino<\/em> (1988) y L<em>os sue\u00f1os y el tiempo<\/em> (1992).<\/p>\n<p>Acerca de la Filosof\u00eda y la Poes\u00eda, escribi\u00f3 Mar\u00eda Zambrano:<\/p>\n<p>&nbsp;<\/p>\n<p><a href=\"https:\/\/lapiedrafilosofal.com\/wp-content\/uploads\/2018\/02\/maria-zambrano-libro.jpg\"><img loading=\"lazy\" decoding=\"async\" class=\"alignnone size-full wp-image-25143\" src=\"https:\/\/lapiedrafilosofal.com\/wp-content\/uploads\/2018\/02\/maria-zambrano-libro.jpg\" alt=\"\" width=\"638\" height=\"983\" srcset=\"https:\/\/oscarhumbertogomez.com\/wp-content\/uploads\/2018\/02\/maria-zambrano-libro.jpg 638w, https:\/\/oscarhumbertogomez.com\/wp-content\/uploads\/2018\/02\/maria-zambrano-libro-195x300.jpg 195w\" sizes=\"auto, (max-width: 638px) 100vw, 638px\" \/><\/a><\/p>\n<p>&nbsp;<\/p>\n<p>&#8220;Hoy poes\u00eda y pensamiento se nos aparecen como dos formas insuficientes; y se nos antojan dos mitades del hombre: el fil\u00f3sofo y el poeta. No se encuentra el hombre entero en la filosof\u00eda; no se encuentra la totalidad de lo humano en la poes\u00eda. En la poes\u00eda encontramos directamente al hombre concreto, individual. En la filosof\u00eda al hombre en su historia universal, en su querer ser&#8230;<\/p>\n<p>Es en Plat\u00f3n donde encontramos entablada la lucha con todo su vigor, entre las dos formas de la palabra, resuelta triunfalmente para el logos del pensamiento filos\u00f3fico, decidi\u00e9ndose lo que pudi\u00e9ramos llamar &#8220;la condenaci\u00f3n de la poes\u00eda&#8221;&#8230;<\/p>\n<p>Desde que el pensamiento consum\u00f3 su &#8220;toma de poder&#8221;, la poes\u00eda se qued\u00f3 a vivir en los arrabales, arisca y desgarrada diciendo a voz en grito todas las verdades inconvenientes; terriblemente indiscreta y en rebeld\u00eda&#8230;<\/p>\n<p>&#8220;En el principio era el verbo&#8221;, el logos, la palabra creadora y ordenadora, que pone en movimiento y legisla. Con estas palabras, la m\u00e1s pura raz\u00f3n cristiana viene a engarzarse con la raz\u00f3n filos\u00f3fica griega&#8230;<\/p>\n<p>Dir\u00edase que el pensamiento no toma la cosa que ante s\u00ed tiene m\u00e1s que como pretexto y que su primitivo pasmo se ve enseguida negado y qui\u00e9n sabe si traicionado, por esta prisa de lanzarse a otras regiones, que le hacen romper su naciente \u00e9xtasis&#8230;<\/p>\n<p>Y as\u00ed vemos ya m\u00e1s claramente la condici\u00f3n de la filosof\u00eda: admiraci\u00f3n, si, pasmo ante lo inmediato, para arrancarse violentamente de ello y lanzarse a otra cosa, a una cosa que hay que buscar y perseguir, que no se nos da, que no regala su presencia. Y aqu\u00ed empieza ya el afanoso camino, el esfuerzo met\u00f3dico por esta captura de algo que no tenemos, y necesitamos tener&#8230;<\/p>\n<p>Algunos de los que sintieron su vida suspendida, su vista enredada en la hoja o en el agua, no pudieron pasar al segundo momento en que la violencia interior hace cerrar los ojos buscando otra hoja y otra agua m\u00e1s verdadera. No, no todos fueron por el camino de la verdad trabajosa y quedaron aferrados a lo presente e inmediato, a lo que regala su presencia y dona su figura, a lo que tiembla de tan cercano&#8230;<\/p>\n<p>\u00bfCu\u00e1l era esa diferente manera de ver ya la cosa&#8230;? \u00bfCu\u00e1l era este poseer dulce e inquieto que calma y no basta? Sabemos que se llam\u00f3 poes\u00eda&#8230; Y desde entonces el mundo se dividiera, surcado por dos caminos. El camino de la filosof\u00eda, en el que el fil\u00f3sofo impulsado por el violento amor a lo que buscaba abandon\u00f3 la superficie del mundo, la generosa inmediatez de la vida&#8230;<\/p>\n<p>El otro camino es el del poeta. El poeta no renunciaba ni apenas buscaba, porque ten\u00eda. Ten\u00eda por lo pronto lo que ante s\u00ed, ante sus ojos, o\u00eddos y tacto, aparec\u00eda; ten\u00eda lo que miraba y escuchaba, lo que tocaba, pero tambi\u00e9n lo que aparec\u00eda en sus sue\u00f1os, y sus propios fantasmas interiores, mezclados en tal forma con los otros, con los que vagaban fuera, que juntos formaban un mundo abierto donde todo era posible. Los l\u00edmites se alteraban de tal modo que acababa por no haberlos. Los l\u00edmites de lo que descubre el fil\u00f3sofo, en cambio, se van precisando y distinguiendo de tal manera que se ha formado ya un mundo con su orden y perspectiva&#8230;<\/p>\n<p>El camino de la filosof\u00eda es el m\u00e1s claro, el m\u00e1s seguro; la filosof\u00eda ha vencido en el conocimiento pues que ha conquistado algo firme, algo tan verdadero, compacto e independiente que es absoluto, que en nada se apoya y todo viene a apoyarse en \u00e9l&#8230;<\/p>\n<p>Mas tambi\u00e9n es ostensible, que en los pasajes m\u00e1s decisivos (Plat\u00f3n en la Rep\u00fablica, el Banquete, Fed\u00f3n) cuando aparece ya agotado el camino de la dial\u00e9ctica y como un m\u00e1s all\u00e1 de las razones, irrumpe el mito po\u00e9tico&#8230; El que dice que &#8220;la filosof\u00eda es una preparaci\u00f3n para la muerte&#8221; abandona la filosof\u00eda al llegar a sus umbrales ypis\u00e1ndolos ya casi, hace poes\u00eda y burla. \u00bfEs que la verdad era otra? \u00bfTocaba ya una verdad m\u00e1s all\u00e1 de la filosof\u00eda, una verdad que solamente pod\u00eda ser revelada por la belleza po\u00e9tica; una verdad que no puede ser demostrada sino s\u00f3lo sugerida por ese m\u00e1s que expande el misterio de la belleza sobre las razones? &#8230;<\/p>\n<p>En todo caso S\u00f3crates con su misterioso &#8220;demonio&#8221; interior y su clara muerte, y Plat\u00f3n con su filosof\u00eda, parecen sugerir que un pensar puro, sin mezcla po\u00e9tica alguna, no hab\u00eda hecho sino empezar&#8230;<\/p>\n<p>La poes\u00eda persegu\u00eda, entre tanto, la multiplicidad desde\u00f1ada, la menospreciada heterogeneidad. El poeta enamorado de las cosas se apega a ellas, a cada una de ellas y las sigue a trav\u00e9s del laberinto del tiempo, del cambio, sin poder renunciar a nada&#8230;<\/p>\n<p>\u00bfEs que acaso al poeta no le importa la unidad? \u00bfEs que se queda pegado vagabundamente -inmoralmente- a la multiplicidad aparente, por desgana y pereza, por falta de \u00edmpetu asc\u00e9tico para perseguir esa amadadel fil\u00f3sofo: la unidad? &#8230;<\/p>\n<p>Hemos anotado en las l\u00edneas que anteceden, las divergencias del camino al dirigirse el fil\u00f3sofo hacia el ser oculto tras las apariencias, y al quedarse el poeta sumido en estas apariencias&#8230;<\/p>\n<p>Quien ha alcanzado la unidad ha alcanzado tambi\u00e9n todas las cosas que son, pues en cuanto que son participan de ella o en cuanto que son, son unas&#8230;<\/p>\n<p>Hay que salvarse de las apariencias, dice el fil\u00f3sofo, por la unidad, mientras el poeta se queda adherido a ellas, a las seductoras apariencias. \u00bfC\u00f3mo puede, si es hombre, vivir tan disperso?&#8230;<\/p>\n<p>De no tener vuelo el poeta, no habr\u00eda poes\u00eda, no habr\u00eda palabra. Toda palabra requiere un alejamiento de la realidad a la que se refiere; toda palabra es tambi\u00e9n, una liberaci\u00f3n de quien la dice&#8230; Quien habla, aunque sea de la m\u00e1s abigarrada multiplicidad, ya ha alcanzado una suerte de unidad&#8230;<\/p>\n<p>Ya hemos mentado algo af\u00edn, muy af\u00edn de la poes\u00eda, pues que anduvieron mucho tiempo juntas, la m\u00fasica. Y en la m\u00fasica es donde m\u00e1s suavemente resplandece la unidad. Cada pieza de m\u00fasica es una unidad&#8230;<\/p>\n<p>As\u00ed el poeta, en su poema crea una unidad con la palabra, esas palabras que tratan de apresar lo m\u00e1s tenue, lo m\u00e1s alado, lo m\u00e1s distinto de cada cosa, de cada instante&#8230;<\/p>\n<p>Pero hay, por el pronto, una diferencia; as\u00ed como el fil\u00f3sofo si alcanzara la unidad del ser, ser\u00eda una unidad absoluta, sin mezcla de multiplicidad alguna, la unidad lograda del poeta en el poema es siempre incompleta; y el poeta lo sabe y ah\u00ed est\u00e1 su humildad: el conformarse con su fr\u00e1gil unidad lograda&#8230; de ah\u00ed ese espacio abierto que rodea a toda poes\u00eda&#8230;<\/p>\n<p>El fil\u00f3sofo quiere lo uno, porque lo quiere todo&#8230; el poeta quiere una, cada una de las cosas sin restricci\u00f3n, sin abstracci\u00f3n ni renuncia alguna&#8230;<\/p>\n<p>La cosa del poeta no es jam\u00e1s la cosa conceptual del pensamiento, sino la cosa complej\u00edsima y real, la cosa fantasmag\u00f3rica y so\u00f1ada, la inventada, la que hubo y la que no habr\u00e1 jam\u00e1s. Quiere la realidad, pero la realidad po\u00e9tica no es s\u00f3lo la que hay, la que es; sino la que no es; abarca el ser y el no ser&#8230;<\/p>\n<p>El poeta no se afana para que de las cosas que hay, unas sean, y otras no lleguen a este privilegio, sino que trabaja para que todo lo que hay y lo que no hay, llegue a ser. El poeta no teme a la nada&#8230;<\/p>\n<p>El poeta alcanza la unidad en el poema m\u00e1s pronto que el fil\u00f3sofo. La unidad de la poes\u00eda baja enseguida a encarnarse en el poema y por ello se consume aprisa&#8230; el logos de la poes\u00eda es de un consumo inmediato, cotidiano; desciende a diario sobre la vida&#8230; Mientras que el de la filosof\u00eda es inm\u00f3vil, no desciende y s\u00f3lo es asequible a quien puede alcanzarlo por sus pasos&#8230;<\/p>\n<p>&#8220;Todos los hombres tienen por naturaleza deseo de saber&#8221; dice Arist\u00f3teles al comienzo de su Metaf\u00edsica&#8230;<\/p>\n<p>La poes\u00eda no se plante\u00f3 a s\u00ed misma, no se estableci\u00f3 a s\u00ed misma, no comenz\u00f3 diciendo que todos los hombres necesitan de ella. Y es una y es distinta para cada uno&#8230;<\/p>\n<p>Por eso la unidad a la que el poeta aspira est\u00e1 tan lejos de la unidad hacia la que se lanza el fil\u00f3sofo&#8230;<\/p>\n<p>Y es porque el poeta no cree en la verdad, en esa verdad que presupone que hay cosas que son y cosas que no son&#8230; De ah\u00ed que frente a un hombre de pensamiento el poeta produzca la impresi\u00f3n primera de ser un esc\u00e9ptico. Mas, no es as\u00ed: ning\u00fan poeta puede ser esc\u00e9ptico, ama la verdad, mas no la verdad excluyente, no la verdad imperativa, electora, seleccionadora de aquello que va a erigirse en due\u00f1o de todo lo dem\u00e1s&#8230;<\/p>\n<p>La verdad filos\u00f3fica era adquirida paso a paso esforzadamente, de tal manera que al arribar a ella se siente ser uno, uno mismo, quien la ha encontrado. \u00a1Soberbia de la filosof\u00eda! Y la unidad y la gracia que el poeta halla como fuente milagrosa en su camino, son regaladas, descubiertas de pronto y del todo, sin rutas preparatorias, sin pasos ni rodeos&#8230;<\/p>\n<p>\u00bfC\u00f3mo teni\u00e9ndola (la verdad) no ha sido la filosof\u00eda el \u00fanico camino del hombre desde la tierra, hasta ese alto cielo inmutable donde resplandecen las ideas? El camino s\u00ed se hizo, pero hay algo en el hombre que no es raz\u00f3n, ni ser, ni unidad, ni verdad -esa raz\u00f3n, ese ser, esa unidad, esa verdad&#8221;.<\/p>\n<p>&nbsp;<\/p>\n<p><a href=\"https:\/\/lapiedrafilosofal.com\/wp-content\/uploads\/2018\/02\/MARIA-ZAMBRANO-IV.jpg\"><img loading=\"lazy\" decoding=\"async\" class=\"alignnone size-full wp-image-25145\" src=\"https:\/\/lapiedrafilosofal.com\/wp-content\/uploads\/2018\/02\/MARIA-ZAMBRANO-IV.jpg\" alt=\"\" width=\"400\" height=\"311\" srcset=\"https:\/\/oscarhumbertogomez.com\/wp-content\/uploads\/2018\/02\/MARIA-ZAMBRANO-IV.jpg 400w, https:\/\/oscarhumbertogomez.com\/wp-content\/uploads\/2018\/02\/MARIA-ZAMBRANO-IV-300x233.jpg 300w\" sizes=\"auto, (max-width: 400px) 100vw, 400px\" \/><\/a><\/p>\n<p>&nbsp;<\/p>\n<p>De su pluma po\u00e9tico-filos\u00f3fica, traemos a colaci\u00f3n &#8220;<em>El agua ensimismada<\/em>&#8221; y &#8220;<em>La llama<\/em>&#8220;:<\/p>\n<p>&nbsp;<\/p>\n<p>&#8220;<strong>El agua ensimismada<\/strong><\/p>\n<p>&nbsp;<\/p>\n<p>Para Edison Simons<\/p>\n<p>&nbsp;<\/p>\n<p>El agua ensimismada<br \/>\npiensa o sue\u00f1a?<br \/>\nEl \u00e1rbol que se inclina buscando sus ra\u00edces,<br \/>\nel horizonte,<br \/>\nese fuego intocado,<br \/>\n\u00bfse piensan o se sue\u00f1an?<br \/>\nEl m\u00e1rmol fue ave alguna vez;<br \/>\nel oro, llama;<br \/>\nel cristal, aire o l\u00e1grima.<br \/>\n\u00bfLloran su perdido aliento?<br \/>\n\u00bfAcaso son memoria de s\u00ed mismos<br \/>\ny detenidos se contemplan ya para siempre?<br \/>\nSi t\u00fa te miras, \u00bfqu\u00e9 queda?&#8221;<\/p>\n<p>&nbsp;<\/p>\n<p>&#8220;<strong>La llama<\/strong><\/p>\n<p>&nbsp;<\/p>\n<p>Asistida por mi alma antigua, por mi alma primera al fin recobrada, y por tanto tiempo perdida. Ella, la perdidiza, al fin volvi\u00f3 por m\u00ed. Y entonces comprend\u00ed que ella hab\u00eda sido la enamorada. Y yo hab\u00eda pasado por la vida tan s\u00f3lo de paso, lejana de m\u00ed misma .Y de ella ven\u00edan las palabras sin due\u00f1o que todos beb\u00edan sin dejarme apenas nada a cambio. Yo era la voz de esa antigua alma. Y ella, a medida que consumaba su amor, all\u00e1, donde yo no pod\u00eda verla; me iba iniciando a trav\u00e9s del dolor del abandono. Por eso nadie pod\u00eda amarme mientras yo iba sabiendo del amor. Y yo misma tampoco amaba. S\u00f3lo una noche hasta el alba. Y all\u00ed qued\u00e9 esperando. Me despertaba con la aurora, si es que hab\u00eda dormido. Y cre\u00eda que ya hab\u00eda llegado, yo, ella, \u00e9l\u2026 Sal\u00eda el Sol y el d\u00eda ca\u00eda como una condena sobre m\u00ed. No, no todav\u00eda&#8221;.<\/p>\n<p>&nbsp;<\/p>\n<p><a href=\"https:\/\/lapiedrafilosofal.com\/wp-content\/uploads\/2018\/02\/MARIA-ZAMBRANO-III.jpg\"><img loading=\"lazy\" decoding=\"async\" class=\"alignnone size-full wp-image-25140\" src=\"https:\/\/lapiedrafilosofal.com\/wp-content\/uploads\/2018\/02\/MARIA-ZAMBRANO-III.jpg\" alt=\"\" width=\"800\" height=\"577\" srcset=\"https:\/\/oscarhumbertogomez.com\/wp-content\/uploads\/2018\/02\/MARIA-ZAMBRANO-III.jpg 800w, https:\/\/oscarhumbertogomez.com\/wp-content\/uploads\/2018\/02\/MARIA-ZAMBRANO-III-300x216.jpg 300w, https:\/\/oscarhumbertogomez.com\/wp-content\/uploads\/2018\/02\/MARIA-ZAMBRANO-III-768x554.jpg 768w\" sizes=\"auto, (max-width: 800px) 100vw, 800px\" \/><\/a><\/p>\n<p>&nbsp;<\/p>\n<p>&nbsp;<\/p>\n<p>Espa\u00f1a reacciona tard\u00edamente y empieza a darle a Mar\u00eda Zambrano el reconocimiento que merece como fil\u00f3sofa solo cuando ya es una venerable anciana, aquejada adem\u00e1s por quebrantos de salud.&nbsp;Entre otras distinciones, en 1981 se le otorga el Premio Pr\u00edncipe de Asturias y es nombrada D<em>octora Honoris Causa<\/em> por la Universidad de M\u00e1laga. En 1988 el Ministerio de Cultura de Espa\u00f1a le confiere el Premio Miguel de Cervantes de Literatura.<\/p>\n<p>El mi\u00e9rcoles 6 de febrero de 1991, Mar\u00eda Zambrano, la gran fil\u00f3sofa espa\u00f1ola del siglo XX, muere en Madrid.<\/p>\n<p>Hab\u00eda expresado:<\/p>\n<p>&#8220;Escribir es defender la soledad en la que vivo&#8221;.<\/p>\n<p>&nbsp;<\/p>\n<p><a href=\"https:\/\/lapiedrafilosofal.com\/wp-content\/uploads\/2018\/02\/MARIA-ZAMBRANO-2.jpg\"><img loading=\"lazy\" decoding=\"async\" class=\"alignnone size-full wp-image-25132\" src=\"https:\/\/lapiedrafilosofal.com\/wp-content\/uploads\/2018\/02\/MARIA-ZAMBRANO-2.jpg\" alt=\"\" width=\"980\" height=\"599\" srcset=\"https:\/\/oscarhumbertogomez.com\/wp-content\/uploads\/2018\/02\/MARIA-ZAMBRANO-2.jpg 980w, https:\/\/oscarhumbertogomez.com\/wp-content\/uploads\/2018\/02\/MARIA-ZAMBRANO-2-300x183.jpg 300w, https:\/\/oscarhumbertogomez.com\/wp-content\/uploads\/2018\/02\/MARIA-ZAMBRANO-2-768x469.jpg 768w\" sizes=\"auto, (max-width: 980px) 100vw, 980px\" \/><\/a><\/p>\n<p>&nbsp;<\/p>\n<p><em>[CONTINUAR\u00c1]<\/em><\/p>\n<p>&nbsp;<\/p>\n","protected":false},"excerpt":{"rendered":"<p>&nbsp; El lunes 24 de abril de 2017, GOOGLE homenajeaba a una mujer que aparec\u00eda en su caja de b\u00fasqueda sentada sobre el alf\u00e9izar de una ventana, leyendo, mientras que atr\u00e1s se observaban s\u00edmbolos del cosmos y del pensamiento. &nbsp; &hellip; <a href=\"https:\/\/oscarhumbertogomez.com\/?p=25130\">Sigue leyendo <span class=\"meta-nav\">&rarr;<\/span><\/a><\/p>\n<div class='heateorSssClear'><\/div><div  class='heateor_sss_sharing_container heateor_sss_horizontal_sharing' heateor-sss-data-href='https:\/\/oscarhumbertogomez.com\/?p=25130'><div class='heateor_sss_sharing_title' style=\"font-weight:bold\" >\u00a1Gracias por compartirla!<\/div><ul class=\"heateor_sss_sharing_ul\"><li class=\"heateorSssSharingRound\"><i style=\"width:35px;height:35px;border-radius:999px;\" alt=\"Facebook\" Title=\"Facebook\" class=\"heateorSssSharing heateorSssFacebookBackground\" onclick='heateorSssPopup(\"https:\/\/www.facebook.com\/sharer\/sharer.php?u=https%3A%2F%2Foscarhumbertogomez.com%2Findex.php%3Frest_route%3D%252Fwp%252Fv2%252Fposts%252F25130\")'><ss style=\"display:block;border-radius:999px;\" class=\"heateorSssSharingSvg heateorSssFacebookSvg\"><\/ss><\/i><\/li><li class=\"heateorSssSharingRound\"><i style=\"width:35px;height:35px;border-radius:999px;\" alt=\"Twitter\" Title=\"Twitter\" class=\"heateorSssSharing heateorSssTwitterBackground\" onclick='heateorSssPopup(\"http:\/\/twitter.com\/intent\/tweet?text=LAS%20MUJERES%20EN%20LA%20FILOSOF%C3%8DA.%20Cap%C3%ADtulo%20IX%3A%20MAR%C3%8DA%20ZAMBRANO.%20Por%20%C3%93scar%20Humberto%20G%C3%B3mez%20G%C3%B3mez%2C%20Miembro%20Correspondiente%20de%20la%20Academia%20de%20Historia%20de%20Santander%20y%20Miembro%20del%20Colegio%20Nacional%20de%20Periodistas&url=https%3A%2F%2Foscarhumbertogomez.com%2Findex.php%3Frest_route%3D%252Fwp%252Fv2%252Fposts%252F25130\")'><ss style=\"display:block;border-radius:999px;\" class=\"heateorSssSharingSvg heateorSssTwitterSvg\"><\/ss><\/i><\/li><li class=\"heateorSssSharingRound\"><i style=\"width:35px;height:35px;border-radius:999px;\" alt=\"Whatsapp\" Title=\"Whatsapp\" class=\"heateorSssSharing heateorSssWhatsappBackground\" onclick='heateorSssPopup(\"https:\/\/web.whatsapp.com\/send?text=LAS%20MUJERES%20EN%20LA%20FILOSOF%C3%8DA.%20Cap%C3%ADtulo%20IX%3A%20MAR%C3%8DA%20ZAMBRANO.%20Por%20%C3%93scar%20Humberto%20G%C3%B3mez%20G%C3%B3mez%2C%20Miembro%20Correspondiente%20de%20la%20Academia%20de%20Historia%20de%20Santander%20y%20Miembro%20del%20Colegio%20Nacional%20de%20Periodistas https%3A%2F%2Foscarhumbertogomez.com%2Findex.php%3Frest_route%3D%252Fwp%252Fv2%252Fposts%252F25130\")'><ss style=\"display:block\" class=\"heateorSssSharingSvg heateorSssWhatsappSvg\"><\/ss><\/i><\/li><li class=\"heateorSssSharingRound\"><i style=\"width:35px;height:35px;border-radius:999px;\" alt=\"Pinterest\" Title=\"Pinterest\" class=\"heateorSssSharing heateorSssPinterestBackground\" onclick=\"javascript:void( (function() {var e=document.createElement('script' );e.setAttribute('type','text\/javascript' );e.setAttribute('charset','UTF-8' );e.setAttribute('src','\/\/assets.pinterest.com\/js\/pinmarklet.js?r='+Math.random()*99999999);document.body.appendChild(e)})());\"><ss style=\"display:block;border-radius:999px;\" class=\"heateorSssSharingSvg heateorSssPinterestSvg\"><\/ss><\/i><\/li><li class=\"heateorSssSharingRound\"><i style=\"width:35px;height:35px;border-radius:999px;\" alt=\"Google Gmail\" Title=\"Google Gmail\" class=\"heateorSssSharing heateorSssGoogleGmailBackground\" onclick='heateorSssPopup(\"https:\/\/mail.google.com\/mail\/?ui=2&view=cm&fs=1&tf=1&su=LAS%20MUJERES%20EN%20LA%20FILOSOF%C3%8DA.%20Cap%C3%ADtulo%20IX%3A%20MAR%C3%8DA%20ZAMBRANO.%20Por%20%C3%93scar%20Humberto%20G%C3%B3mez%20G%C3%B3mez%2C%20Miembro%20Correspondiente%20de%20la%20Academia%20de%20Historia%20de%20Santander%20y%20Miembro%20del%20Colegio%20Nacional%20de%20Periodistas&body=Link:https%3A%2F%2Foscarhumbertogomez.com%2Findex.php%3Frest_route%3D%252Fwp%252Fv2%252Fposts%252F25130\")'><ss style=\"display:block;border-radius:999px;\" class=\"heateorSssSharingSvg heateorSssGoogleGmailSvg\"><\/ss><\/i><\/li><li class=\"heateorSssSharingRound\"><i style=\"width:35px;height:35px;border-radius:999px;\" title=\"More\" alt=\"More\" class=\"heateorSssSharing heateorSssMoreBackground\" onclick=\"heateorSssMoreSharingPopup(this, 'https:\/\/oscarhumbertogomez.com\/index.php?rest_route=%2Fwp%2Fv2%2Fposts%2F25130', 'LAS%20MUJERES%20EN%20LA%20FILOSOF%C3%8DA.%20Cap%C3%ADtulo%20IX%3A%20MAR%C3%8DA%20ZAMBRANO.%20Por%20%C3%93scar%20Humberto%20G%C3%B3mez%20G%C3%B3mez%2C%20Miembro%20Correspondiente%20de%20la%20Academia%20de%20Historia%20de%20Santander%20y%20Miembro%20del%20Colegio%20Nacional%20de%20Periodistas', '' )\" ><ss style=\"display:block\" class=\"heateorSssSharingSvg heateorSssMoreSvg\"><\/ss><\/i><\/li><\/ul><div class=\"heateorSssClear\"><\/div><\/div><div class='heateorSssClear'><\/div>","protected":false},"author":2,"featured_media":0,"comment_status":"closed","ping_status":"closed","sticky":false,"template":"","format":"standard","meta":{"spay_email":"","footnotes":""},"categories":[58,12,11],"tags":[],"class_list":["post-25130","post","type-post","status-publish","format-standard","hentry","category-filosofia","category-historia","category-periodismo"],"jetpack_featured_media_url":"","jetpack_shortlink":"https:\/\/wp.me\/p1FYrr-6xk","_links":{"self":[{"href":"https:\/\/oscarhumbertogomez.com\/index.php?rest_route=\/wp\/v2\/posts\/25130","targetHints":{"allow":["GET"]}}],"collection":[{"href":"https:\/\/oscarhumbertogomez.com\/index.php?rest_route=\/wp\/v2\/posts"}],"about":[{"href":"https:\/\/oscarhumbertogomez.com\/index.php?rest_route=\/wp\/v2\/types\/post"}],"author":[{"embeddable":true,"href":"https:\/\/oscarhumbertogomez.com\/index.php?rest_route=\/wp\/v2\/users\/2"}],"replies":[{"embeddable":true,"href":"https:\/\/oscarhumbertogomez.com\/index.php?rest_route=%2Fwp%2Fv2%2Fcomments&post=25130"}],"version-history":[{"count":5,"href":"https:\/\/oscarhumbertogomez.com\/index.php?rest_route=\/wp\/v2\/posts\/25130\/revisions"}],"predecessor-version":[{"id":52320,"href":"https:\/\/oscarhumbertogomez.com\/index.php?rest_route=\/wp\/v2\/posts\/25130\/revisions\/52320"}],"wp:attachment":[{"href":"https:\/\/oscarhumbertogomez.com\/index.php?rest_route=%2Fwp%2Fv2%2Fmedia&parent=25130"}],"wp:term":[{"taxonomy":"category","embeddable":true,"href":"https:\/\/oscarhumbertogomez.com\/index.php?rest_route=%2Fwp%2Fv2%2Fcategories&post=25130"},{"taxonomy":"post_tag","embeddable":true,"href":"https:\/\/oscarhumbertogomez.com\/index.php?rest_route=%2Fwp%2Fv2%2Ftags&post=25130"}],"curies":[{"name":"wp","href":"https:\/\/api.w.org\/{rel}","templated":true}]}}