{"id":25370,"date":"2018-04-03T20:14:16","date_gmt":"2018-04-04T01:14:16","guid":{"rendered":"http:\/\/www.oscarhumbertogomez.com\/?p=25370"},"modified":"2025-03-12T10:52:25","modified_gmt":"2025-03-12T15:52:25","slug":"las-mujeres-en-la-filosofia-capitulo-xi-santa-catalina-de-siena-por-oscar-humberto-gomez-gomez-miembro-de-la-academia-de-historia-de-santander-y-del-colegio-nacional-de-periodistas-seccional-santa","status":"publish","type":"post","link":"https:\/\/oscarhumbertogomez.com\/?p=25370","title":{"rendered":"LAS MUJERES EN LA FILOSOF\u00cdA. Cap\u00edtulo XII: SANTA CATALINA DE SIENA. Por \u00d3scar Humberto G\u00f3mez G\u00f3mez, Miembro Correspondiente de la Academia de Historia de Santander y Miembro del Colegio Nacional de Periodistas Seccional Santander"},"content":{"rendered":"<p><a href=\"https:\/\/lapiedrafilosofal.com\/wp-content\/uploads\/2018\/04\/SANTA-CATALINA-DE-SIENA.-Monumento.-Roma..jpg\"><img loading=\"lazy\" decoding=\"async\" class=\"alignnone size-full wp-image-25371\" src=\"https:\/\/lapiedrafilosofal.com\/wp-content\/uploads\/2018\/04\/SANTA-CATALINA-DE-SIENA.-Monumento.-Roma..jpg\" alt=\"\" width=\"736\" height=\"686\" srcset=\"https:\/\/oscarhumbertogomez.com\/wp-content\/uploads\/2018\/04\/SANTA-CATALINA-DE-SIENA.-Monumento.-Roma..jpg 736w, https:\/\/oscarhumbertogomez.com\/wp-content\/uploads\/2018\/04\/SANTA-CATALINA-DE-SIENA.-Monumento.-Roma.-300x280.jpg 300w\" sizes=\"auto, (max-width: 736px) 100vw, 736px\" \/><\/a><\/p>\n<p>&nbsp;<\/p>\n<p>Esta joven fil\u00f3sofa m\u00edstica y escritora italiana vivi\u00f3 tan solo 33 a\u00f1os (Siena, 25 de marzo de 1347 &#8211; Roma, 29 de abril de 1380), pero la vida le alcanz\u00f3 para hacer m\u00e9ritos suficientes que le permitieron llegar a ser Doctora de la Iglesia (1970, Pablo VI), una de las grandes m\u00edsticas del siglo XIV, art\u00edfice del regreso del papado de Avi\u00f1\u00f3n (Francia) a Roma para ponerle fin al Gran Cisma (1377), canonizada como santa (1461, P\u00edo II) y proclamada, junto a San Francisco de As\u00eds, Copatrona de Europa (1939, P\u00edo XII). Todo ello, a pesar de haber nacido en una familia exageradamente numerosa (tuvo la bicoca de veinticuatro hermanos) y de limitados recursos econ\u00f3micos.<\/p>\n<p>Fue Catalina de Siena no solo una religiosa profundamente comprometida con la Iglesia, con la figura del papa, pero sobre todo con Jesucristo, sino una persona con gran sentido social y al servicio desinteresado de los m\u00e1s humildes y de los enfermos, destac\u00e1ndose por su papel humanitario durante la peste negra que asol\u00f3 a Siena (1374). Su misticismo extremo la llevaba a experimentar estados de \u00e9xtasis que la hac\u00edan desvanecerse. Adem\u00e1s, sol\u00eda hacer ayuno, mortificaci\u00f3n y penitencia.<\/p>\n<p>&nbsp;<\/p>\n<p><a href=\"https:\/\/lapiedrafilosofal.com\/wp-content\/uploads\/2018\/04\/catalina-de-siena-1-1.jpg\"><img loading=\"lazy\" decoding=\"async\" class=\"alignnone size-large wp-image-25383\" src=\"https:\/\/lapiedrafilosofal.com\/wp-content\/uploads\/2018\/04\/catalina-de-siena-1-1-822x1024.jpg\" alt=\"\" width=\"640\" height=\"797\" srcset=\"https:\/\/oscarhumbertogomez.com\/wp-content\/uploads\/2018\/04\/catalina-de-siena-1-1-822x1024.jpg 822w, https:\/\/oscarhumbertogomez.com\/wp-content\/uploads\/2018\/04\/catalina-de-siena-1-1-241x300.jpg 241w, https:\/\/oscarhumbertogomez.com\/wp-content\/uploads\/2018\/04\/catalina-de-siena-1-1-768x957.jpg 768w, https:\/\/oscarhumbertogomez.com\/wp-content\/uploads\/2018\/04\/catalina-de-siena-1-1.jpg 1541w\" sizes=\"auto, (max-width: 640px) 100vw, 640px\" \/><\/a><\/p>\n<p>&nbsp;<\/p>\n<p>El pensamiento de Catalina de Siena est\u00e1 contenido en su obra&nbsp;<em>Libro della dottrina divina<\/em> (Libro de la doctrina divina) y en su&nbsp;<em>Corrispondenza<\/em> (Correspondencia).<\/p>\n<p>Su verdadero nombre era Caterina Benincasa.<\/p>\n<p>&nbsp;<\/p>\n<p><a href=\"https:\/\/lapiedrafilosofal.com\/wp-content\/uploads\/2018\/04\/ERMITA-DE-SANTA-CATALINA-DE-SIENA-.jpg\"><img loading=\"lazy\" decoding=\"async\" class=\"alignnone size-large wp-image-25392\" src=\"https:\/\/lapiedrafilosofal.com\/wp-content\/uploads\/2018\/04\/ERMITA-DE-SANTA-CATALINA-DE-SIENA--1024x678.jpg\" alt=\"\" width=\"640\" height=\"424\" srcset=\"https:\/\/oscarhumbertogomez.com\/wp-content\/uploads\/2018\/04\/ERMITA-DE-SANTA-CATALINA-DE-SIENA-.jpg 1024w, https:\/\/oscarhumbertogomez.com\/wp-content\/uploads\/2018\/04\/ERMITA-DE-SANTA-CATALINA-DE-SIENA--300x199.jpg 300w, https:\/\/oscarhumbertogomez.com\/wp-content\/uploads\/2018\/04\/ERMITA-DE-SANTA-CATALINA-DE-SIENA--768x509.jpg 768w\" sizes=\"auto, (max-width: 640px) 100vw, 640px\" \/><\/a><\/p>\n<p>&nbsp;<\/p>\n<p>Las frases c\u00e9lebres de la sobresaliente m\u00edstica italiana est\u00e1n indefectiblemente ligadas a su profunda religiosidad:<\/p>\n<p>\u201cEl amor m\u00e1s fuerte y m\u00e1s puro no es el que sube desde la impresi\u00f3n, sino el que desciende desde la admiraci\u00f3n\u201d.<\/p>\n<p>\u201cUna cosa te pido, y es que no te dejes llevar por excesivos consejos. Es mejor que elijas un consejero que te aconseje sinceramente, y seguirlo. Cosa peligrosa es acompa\u00f1ar a muchos\u201d.<\/p>\n<p>\u201cComo los pies llevan al cuerpo, as\u00ed los afectos llevan al alma\u201d.<\/p>\n<p>\u201c\u00a1Basta de silencios!\u00a1Gritad con cien mil lenguas! porque, por haber callado, \u00a1el mundo est\u00e1 podrido!\u201d.<\/p>\n<p>\u201cGrandemente infeliz es aquel que pudiendo tener fuego se deje morir de fr\u00edo, y que teniendo comida ante s\u00ed se deje morir de hambre\u201d.<\/p>\n<p>\u201cSi permanec\u00e9is en la santa fe, jam\u00e1s la tristeza ocupar\u00e1 vuestro coraz\u00f3n. Pues la tristeza no procede sino de la fe que ponemos en las criaturas; y las criaturas son cosa muerta y caduca que viene a menos; nuestro coraz\u00f3n, empero, no puede reposar sino en algo estable y firme\u201d.<\/p>\n<p>\u201cSolamente la perseverancia es coronada\u201d.<\/p>\n<p>\u201cBa\u00f1aos en la sangre de Cristo crucificado, y comenzad una nueva vida con la esperanza de que vuestras culpas se consumir\u00e1n en la sangre y en el fuego del amor\u201d.<\/p>\n<p>\u201cEn las amarguras desear\u00e9is la dulzura, y en la guerra, la paz\u201d.<\/p>\n<p>&nbsp;<\/p>\n<p><a href=\"https:\/\/lapiedrafilosofal.com\/wp-content\/uploads\/2018\/04\/SANTA-CATALINA-DE-SIENA-Guillermo-Antonio-Bazzi-el-Sodoma.jpg\"><img loading=\"lazy\" decoding=\"async\" class=\"alignnone size-full wp-image-25372\" src=\"https:\/\/lapiedrafilosofal.com\/wp-content\/uploads\/2018\/04\/SANTA-CATALINA-DE-SIENA-Guillermo-Antonio-Bazzi-el-Sodoma.jpg\" alt=\"\" width=\"600\" height=\"545\" srcset=\"https:\/\/oscarhumbertogomez.com\/wp-content\/uploads\/2018\/04\/SANTA-CATALINA-DE-SIENA-Guillermo-Antonio-Bazzi-el-Sodoma.jpg 600w, https:\/\/oscarhumbertogomez.com\/wp-content\/uploads\/2018\/04\/SANTA-CATALINA-DE-SIENA-Guillermo-Antonio-Bazzi-el-Sodoma-300x273.jpg 300w\" sizes=\"auto, (max-width: 600px) 100vw, 600px\" \/><\/a><\/p>\n<p>&nbsp;<\/p>\n<p>Catalina de Siena expone una filosof\u00eda fundada en Arist\u00f3teles y Santo Tom\u00e1s de Aquino, esto es, en la escol\u00e1stica. Al respecto, escribe el autor JAVIER RUFINO: &#8220;Desde su perspectiva, la potencia humana que prima es la inteligencia. La voluntad ha de seguir libremente lo que la inteligencia le indica&#8221;.<\/p>\n<p>Para la fil\u00f3sofa italiana, el amor propio es el de aquel que busca su perfeccionamiento espiritual, no el de aquel que solo busca la satisfacci\u00f3n de su sensualidad. Este &#8220;amor propio sensitivo&#8221; es, precisamente, la causa del descarr\u00edo de los hombres; lo que en el lenguaje escol\u00e1stico se llama &#8220;lujuria&#8221;, Catalina de Siena lo llama &#8220;inmundicia&#8221;.<\/p>\n<p>La virtud por excelencia \u2014para Catalina de Siena\u2014 es la justicia. Y el primero que debe practicar la virtud \u2014la justicia\u2014 es el gobernante. &#8220;El que no es virtuoso &#8220;mal podr\u00e1 (&#8230;) ver y corregir el defecto del s\u00fabdito suyo&#8221;, escribe la pensadora. Incluso, ese gobernante no virtuoso &#8220;castiga los defectos all\u00ed donde no los hay&#8221;, y, en cambio, no castiga &#8220;a aquellos que son malos e inicuos&#8221;.<\/p>\n<p>Pero la noci\u00f3n de la justicia est\u00e1 estrechamente ligada, para ella, a la religiosidad. RUFINO lo sintetiza as\u00ed: &#8220;La justicia que el pr\u00edncipe debe administrar e impartir es vista como una prolongaci\u00f3n de la justicia y el amor divino&#8221;.&nbsp;(RUFINO, Javier. <em>Acci\u00f3n y discurso de Santa Catalina de Siena. Una mujer que hizo historia en un tiempo de hombres<\/em>. En: <em><em>La aljaba<\/em> <\/em>(publicaci\u00f3n anual). Universidad de Luj\u00e1n.&nbsp;Buenos Aires. Argentina. 2007).<\/p>\n<p>&nbsp;<\/p>\n<p>_____________<\/p>\n<p>&nbsp;<\/p>\n<p><strong>ILUSTRACIONES:<\/strong> (1) Monumento a Santa Catalina de Siena. Castillo de Sant&#8217; Angelo. Roma (Italia).<\/p>\n<p>(2) Santa Catalina de Siena. \u00d3leo sobre tabla (1612 &#8211; 1614). Juan Bautista Ma\u00edno (Pastrana, Guadalajara, Espa\u00f1a, 15 de octubre de 1581 &#8211; Madrid, 1 de abril de 1649). Museo del Prado. Madrid (Espa\u00f1a).<\/p>\n<p>(3) Ermita de Santa Catalina de Siena. Lago Maggiore. Italia.<\/p>\n<p>(4) Desmayo m\u00edstico de Santa Catalina de Siena. \u00d3leo sobre lienzo (1526). Colecci\u00f3n <em>Escenas de la vida de Santa Catalina de Siena<\/em>. Giovanni Antonio Bazzi, el Sodoma (Vercelli, 1477 &#8211; Siena, 15 de febrero de 1549). Iglesia de San Domenico. Siena (Italia).<\/p>\n<p>&nbsp;<\/p>\n","protected":false},"excerpt":{"rendered":"<p>&nbsp; Esta joven fil\u00f3sofa m\u00edstica y escritora italiana vivi\u00f3 tan solo 33 a\u00f1os (Siena, 25 de marzo de 1347 &#8211; Roma, 29 de abril de 1380), pero la vida le alcanz\u00f3 para hacer m\u00e9ritos suficientes que le permitieron llegar a &hellip; <a href=\"https:\/\/oscarhumbertogomez.com\/?p=25370\">Sigue leyendo <span class=\"meta-nav\">&rarr;<\/span><\/a><\/p>\n<div class='heateorSssClear'><\/div><div  class='heateor_sss_sharing_container heateor_sss_horizontal_sharing' heateor-sss-data-href='https:\/\/oscarhumbertogomez.com\/?p=25370'><div class='heateor_sss_sharing_title' style=\"font-weight:bold\" >\u00a1Gracias por compartirla!<\/div><ul class=\"heateor_sss_sharing_ul\"><li class=\"heateorSssSharingRound\"><i style=\"width:35px;height:35px;border-radius:999px;\" alt=\"Facebook\" Title=\"Facebook\" class=\"heateorSssSharing heateorSssFacebookBackground\" onclick='heateorSssPopup(\"https:\/\/www.facebook.com\/sharer\/sharer.php?u=https%3A%2F%2Foscarhumbertogomez.com%2Findex.php%3Frest_route%3D%252Fwp%252Fv2%252Fposts%252F25370\")'><ss style=\"display:block;border-radius:999px;\" class=\"heateorSssSharingSvg heateorSssFacebookSvg\"><\/ss><\/i><\/li><li class=\"heateorSssSharingRound\"><i style=\"width:35px;height:35px;border-radius:999px;\" alt=\"Twitter\" Title=\"Twitter\" class=\"heateorSssSharing heateorSssTwitterBackground\" onclick='heateorSssPopup(\"http:\/\/twitter.com\/intent\/tweet?text=LAS%20MUJERES%20EN%20LA%20FILOSOF%C3%8DA.%20Cap%C3%ADtulo%20XII%3A%20SANTA%20CATALINA%20DE%20SIENA.%20Por%20%C3%93scar%20Humberto%20G%C3%B3mez%20G%C3%B3mez%2C%20Miembro%20Correspondiente%20de%20la%20Academia%20de%20Historia%20de%20Santander%20y%20Miembro%20del%20Colegio%20Nacional%20de%20Periodistas%20Seccional%20Santander&url=https%3A%2F%2Foscarhumbertogomez.com%2Findex.php%3Frest_route%3D%252Fwp%252Fv2%252Fposts%252F25370\")'><ss style=\"display:block;border-radius:999px;\" class=\"heateorSssSharingSvg heateorSssTwitterSvg\"><\/ss><\/i><\/li><li class=\"heateorSssSharingRound\"><i style=\"width:35px;height:35px;border-radius:999px;\" alt=\"Whatsapp\" Title=\"Whatsapp\" class=\"heateorSssSharing heateorSssWhatsappBackground\" onclick='heateorSssPopup(\"https:\/\/web.whatsapp.com\/send?text=LAS%20MUJERES%20EN%20LA%20FILOSOF%C3%8DA.%20Cap%C3%ADtulo%20XII%3A%20SANTA%20CATALINA%20DE%20SIENA.%20Por%20%C3%93scar%20Humberto%20G%C3%B3mez%20G%C3%B3mez%2C%20Miembro%20Correspondiente%20de%20la%20Academia%20de%20Historia%20de%20Santander%20y%20Miembro%20del%20Colegio%20Nacional%20de%20Periodistas%20Seccional%20Santander https%3A%2F%2Foscarhumbertogomez.com%2Findex.php%3Frest_route%3D%252Fwp%252Fv2%252Fposts%252F25370\")'><ss style=\"display:block\" class=\"heateorSssSharingSvg heateorSssWhatsappSvg\"><\/ss><\/i><\/li><li class=\"heateorSssSharingRound\"><i style=\"width:35px;height:35px;border-radius:999px;\" alt=\"Pinterest\" Title=\"Pinterest\" class=\"heateorSssSharing heateorSssPinterestBackground\" onclick=\"javascript:void( (function() {var e=document.createElement('script' );e.setAttribute('type','text\/javascript' );e.setAttribute('charset','UTF-8' );e.setAttribute('src','\/\/assets.pinterest.com\/js\/pinmarklet.js?r='+Math.random()*99999999);document.body.appendChild(e)})());\"><ss style=\"display:block;border-radius:999px;\" class=\"heateorSssSharingSvg heateorSssPinterestSvg\"><\/ss><\/i><\/li><li class=\"heateorSssSharingRound\"><i style=\"width:35px;height:35px;border-radius:999px;\" alt=\"Google Gmail\" Title=\"Google Gmail\" class=\"heateorSssSharing heateorSssGoogleGmailBackground\" onclick='heateorSssPopup(\"https:\/\/mail.google.com\/mail\/?ui=2&view=cm&fs=1&tf=1&su=LAS%20MUJERES%20EN%20LA%20FILOSOF%C3%8DA.%20Cap%C3%ADtulo%20XII%3A%20SANTA%20CATALINA%20DE%20SIENA.%20Por%20%C3%93scar%20Humberto%20G%C3%B3mez%20G%C3%B3mez%2C%20Miembro%20Correspondiente%20de%20la%20Academia%20de%20Historia%20de%20Santander%20y%20Miembro%20del%20Colegio%20Nacional%20de%20Periodistas%20Seccional%20Santander&body=Link:https%3A%2F%2Foscarhumbertogomez.com%2Findex.php%3Frest_route%3D%252Fwp%252Fv2%252Fposts%252F25370\")'><ss style=\"display:block;border-radius:999px;\" class=\"heateorSssSharingSvg heateorSssGoogleGmailSvg\"><\/ss><\/i><\/li><li class=\"heateorSssSharingRound\"><i style=\"width:35px;height:35px;border-radius:999px;\" title=\"More\" alt=\"More\" class=\"heateorSssSharing heateorSssMoreBackground\" onclick=\"heateorSssMoreSharingPopup(this, 'https:\/\/oscarhumbertogomez.com\/index.php?rest_route=%2Fwp%2Fv2%2Fposts%2F25370', 'LAS%20MUJERES%20EN%20LA%20FILOSOF%C3%8DA.%20Cap%C3%ADtulo%20XII%3A%20SANTA%20CATALINA%20DE%20SIENA.%20Por%20%C3%93scar%20Humberto%20G%C3%B3mez%20G%C3%B3mez%2C%20Miembro%20Correspondiente%20de%20la%20Academia%20de%20Historia%20de%20Santander%20y%20Miembro%20del%20Colegio%20Nacional%20de%20Periodistas%20Seccional%20Santander', '' )\" ><ss style=\"display:block\" class=\"heateorSssSharingSvg heateorSssMoreSvg\"><\/ss><\/i><\/li><\/ul><div class=\"heateorSssClear\"><\/div><\/div><div class='heateorSssClear'><\/div>","protected":false},"author":2,"featured_media":0,"comment_status":"closed","ping_status":"closed","sticky":false,"template":"","format":"standard","meta":{"spay_email":"","footnotes":""},"categories":[58,12,11],"tags":[],"class_list":["post-25370","post","type-post","status-publish","format-standard","hentry","category-filosofia","category-historia","category-periodismo"],"jetpack_featured_media_url":"","jetpack_shortlink":"https:\/\/wp.me\/p1FYrr-6Bc","_links":{"self":[{"href":"https:\/\/oscarhumbertogomez.com\/index.php?rest_route=\/wp\/v2\/posts\/25370","targetHints":{"allow":["GET"]}}],"collection":[{"href":"https:\/\/oscarhumbertogomez.com\/index.php?rest_route=\/wp\/v2\/posts"}],"about":[{"href":"https:\/\/oscarhumbertogomez.com\/index.php?rest_route=\/wp\/v2\/types\/post"}],"author":[{"embeddable":true,"href":"https:\/\/oscarhumbertogomez.com\/index.php?rest_route=\/wp\/v2\/users\/2"}],"replies":[{"embeddable":true,"href":"https:\/\/oscarhumbertogomez.com\/index.php?rest_route=%2Fwp%2Fv2%2Fcomments&post=25370"}],"version-history":[{"count":5,"href":"https:\/\/oscarhumbertogomez.com\/index.php?rest_route=\/wp\/v2\/posts\/25370\/revisions"}],"predecessor-version":[{"id":52328,"href":"https:\/\/oscarhumbertogomez.com\/index.php?rest_route=\/wp\/v2\/posts\/25370\/revisions\/52328"}],"wp:attachment":[{"href":"https:\/\/oscarhumbertogomez.com\/index.php?rest_route=%2Fwp%2Fv2%2Fmedia&parent=25370"}],"wp:term":[{"taxonomy":"category","embeddable":true,"href":"https:\/\/oscarhumbertogomez.com\/index.php?rest_route=%2Fwp%2Fv2%2Fcategories&post=25370"},{"taxonomy":"post_tag","embeddable":true,"href":"https:\/\/oscarhumbertogomez.com\/index.php?rest_route=%2Fwp%2Fv2%2Ftags&post=25370"}],"curies":[{"name":"wp","href":"https:\/\/api.w.org\/{rel}","templated":true}]}}