{"id":25397,"date":"2018-04-08T21:06:13","date_gmt":"2018-04-09T02:06:13","guid":{"rendered":"http:\/\/www.oscarhumbertogomez.com\/?p=25397"},"modified":"2025-03-12T10:54:20","modified_gmt":"2025-03-12T15:54:20","slug":"las-mujeres-en-la-filosofia-capitulo-xiv-santa-teresa-de-jesus-por-oscar-humberto-gomez-gomez-miembro-de-la-academia-de-historia-de-santander-y-del-colegio-nacional-de-periodistas-seccional-santan","status":"publish","type":"post","link":"https:\/\/oscarhumbertogomez.com\/?p=25397","title":{"rendered":"LAS MUJERES EN LA FILOSOF\u00cdA. Cap\u00edtulo XIV: SANTA TERESA DE JES\u00daS. Por \u00d3scar Humberto G\u00f3mez G\u00f3mez, Miembro Correspondiente de la Academia de Historia de Santander y Miembro del Colegio Nacional de Periodistas Seccional Santander"},"content":{"rendered":"<p><a href=\"https:\/\/lapiedrafilosofal.com\/wp-content\/uploads\/2018\/04\/SANTA-TERESA-FRANCOIS-GERAD.jpg\"><img loading=\"lazy\" decoding=\"async\" class=\"alignnone size-full wp-image-25469\" src=\"https:\/\/lapiedrafilosofal.com\/wp-content\/uploads\/2018\/04\/SANTA-TERESA-FRANCOIS-GERAD.jpg\" alt=\"\" width=\"600\" height=\"734\" srcset=\"https:\/\/oscarhumbertogomez.com\/wp-content\/uploads\/2018\/04\/SANTA-TERESA-FRANCOIS-GERAD.jpg 600w, https:\/\/oscarhumbertogomez.com\/wp-content\/uploads\/2018\/04\/SANTA-TERESA-FRANCOIS-GERAD-245x300.jpg 245w\" sizes=\"auto, (max-width: 600px) 100vw, 600px\" \/><\/a><\/p>\n<p>&nbsp;<\/p>\n<p>Esta brillante fil\u00f3sofa m\u00edstica espa\u00f1ola, magn\u00edfica escritora y mujer de excelsas virtudes, elevada por la Iglesia a las categor\u00edas de Santa (Gregorio XV, 1622), Patrona de Espa\u00f1a (Urbano VIII, 1627), Patrona de los escritores espa\u00f1oles (Pablo VI, 1965, con el apoyo de la Real Academia Espa\u00f1ola de la Lengua, las universidades, organismos literarios y organizaciones culturales) y Doctora de la Iglesia (Pablo VI, 1970), en vida sufri\u00f3 la vigilancia, la censura y la persecuci\u00f3n de la Inquisici\u00f3n \u2014ante la cual fue denunciada en 1575 por las propias jerarqu\u00edas de la comunidad religiosa a la que pertenec\u00eda\u2014 y atrajo sobre s\u00ed y sobre su naciente obra religiosa la envidia y las malquerencias de personas mezquinas, incapaces de comprender lo inmensa que era.<\/p>\n<p>&nbsp;<\/p>\n<p><a href=\"https:\/\/lapiedrafilosofal.com\/wp-content\/uploads\/2018\/04\/TERESA-DE-JESUS-SERIE-TV-.jpeg\"><img loading=\"lazy\" decoding=\"async\" class=\"alignnone size-full wp-image-25472\" src=\"https:\/\/lapiedrafilosofal.com\/wp-content\/uploads\/2018\/04\/TERESA-DE-JESUS-SERIE-TV-.jpeg\" alt=\"\" width=\"980\" height=\"551\" srcset=\"https:\/\/oscarhumbertogomez.com\/wp-content\/uploads\/2018\/04\/TERESA-DE-JESUS-SERIE-TV-.jpeg 980w, https:\/\/oscarhumbertogomez.com\/wp-content\/uploads\/2018\/04\/TERESA-DE-JESUS-SERIE-TV--300x169.jpeg 300w, https:\/\/oscarhumbertogomez.com\/wp-content\/uploads\/2018\/04\/TERESA-DE-JESUS-SERIE-TV--768x432.jpeg 768w\" sizes=\"auto, (max-width: 980px) 100vw, 980px\" \/><\/a><\/p>\n<p>&nbsp;<\/p>\n<p>De su brillante pluma emergieron los siguientes libros:<\/p>\n<p>Camino de perfecci\u00f3n<\/p>\n<p>Conceptos del amor de Dios<\/p>\n<p>El castillo interior (o Las moradas)<\/p>\n<p>Vida de Teresa de Jes\u00fas<\/p>\n<p>Libro de las relaciones<\/p>\n<p>Libro de las fundaciones<\/p>\n<p>Libro de las constituciones<\/p>\n<p>Avisos de santa Teresa<\/p>\n<p>Modo de visitar los conventos de religiosas<\/p>\n<p>Exclamaciones del alma a su Dios<\/p>\n<p>Meditaciones sobre los cantares<\/p>\n<p>Visita de descalza<\/p>\n<p>Avisos<\/p>\n<p>Ordenanzas de una cofrad\u00eda<\/p>\n<p>Apuntaciones<\/p>\n<p>Desaf\u00edo espiritual<\/p>\n<p>Vejamen<\/p>\n<p>&nbsp;<\/p>\n<p><a href=\"https:\/\/lapiedrafilosofal.com\/wp-content\/uploads\/2018\/04\/CONCHA-VELASCO-TERESA-DE-JESUS.jpg\"><img loading=\"lazy\" decoding=\"async\" class=\"alignnone size-full wp-image-25468\" src=\"https:\/\/lapiedrafilosofal.com\/wp-content\/uploads\/2018\/04\/CONCHA-VELASCO-TERESA-DE-JESUS.jpg\" alt=\"\" width=\"1280\" height=\"720\" srcset=\"https:\/\/oscarhumbertogomez.com\/wp-content\/uploads\/2018\/04\/CONCHA-VELASCO-TERESA-DE-JESUS.jpg 1280w, https:\/\/oscarhumbertogomez.com\/wp-content\/uploads\/2018\/04\/CONCHA-VELASCO-TERESA-DE-JESUS-300x169.jpg 300w, https:\/\/oscarhumbertogomez.com\/wp-content\/uploads\/2018\/04\/CONCHA-VELASCO-TERESA-DE-JESUS-768x432.jpg 768w, https:\/\/oscarhumbertogomez.com\/wp-content\/uploads\/2018\/04\/CONCHA-VELASCO-TERESA-DE-JESUS-1024x576.jpg 1024w\" sizes=\"auto, (max-width: 1280px) 100vw, 1280px\" \/><\/a><\/p>\n<p>&nbsp;<\/p>\n<p>Teresa de Jes\u00fas \u2014llamada tambi\u00e9n Teresa de \u00c1vila\u2014 escribi\u00f3 numerosas cartas, escritos estos que han sido reunidos y publicados bajo el nombre de Epistolarios.<\/p>\n<p>&nbsp;<\/p>\n<p><a href=\"https:\/\/lapiedrafilosofal.com\/wp-content\/uploads\/2018\/04\/TERESA-ESCRITORA.jpg\"><img loading=\"lazy\" decoding=\"async\" class=\"alignnone size-full wp-image-25474\" src=\"https:\/\/lapiedrafilosofal.com\/wp-content\/uploads\/2018\/04\/TERESA-ESCRITORA.jpg\" alt=\"\" width=\"1280\" height=\"720\" srcset=\"https:\/\/oscarhumbertogomez.com\/wp-content\/uploads\/2018\/04\/TERESA-ESCRITORA.jpg 1280w, https:\/\/oscarhumbertogomez.com\/wp-content\/uploads\/2018\/04\/TERESA-ESCRITORA-300x169.jpg 300w, https:\/\/oscarhumbertogomez.com\/wp-content\/uploads\/2018\/04\/TERESA-ESCRITORA-768x432.jpg 768w, https:\/\/oscarhumbertogomez.com\/wp-content\/uploads\/2018\/04\/TERESA-ESCRITORA-1024x576.jpg 1024w\" sizes=\"auto, (max-width: 1280px) 100vw, 1280px\" \/><\/a><\/p>\n<p>&nbsp;<\/p>\n<p>Su filosof\u00eda m\u00edstica se evidencia en las frases y los versos inmortales que leg\u00f3 a la posteridad:<\/p>\n<p>&#8220;No son buenos los extremos aunque sea en la virtud&#8221;<\/p>\n<p>&#8220;Lee y conducir\u00e1s, no leas y ser\u00e1s conducido&#8221;.<\/p>\n<p>&#8220;He cometido el peor de los pecados: quise ser feliz&#8221;.<\/p>\n<p>&#8220;De devociones absurdas y santos amargados, l\u00edbranos, Se\u00f1or&#8221;.<\/p>\n<p>&#8220;La verdad padece, pero no perece&#8221;.<\/p>\n<p>&#8220;Sin amor todo es nada&#8221;.<\/p>\n<p>&#8220;No me vendo; es el \u00fanico lujo de los pobres&#8221;.<\/p>\n<p>&#8220;El amor perfecto tiene esta fuerza: que olvidamos nuestro contento para contentar a quienes amamos&#8221;.<\/p>\n<p>&#8220;Es para m\u00ed una alegr\u00eda o\u00edr sonar el reloj: veo transcurrida una hora de mi vida y me creo un poco m\u00e1s cerca de Dios&#8221;.<\/p>\n<p>&#8220;Vivir la vida de tal suerte que viva quede en la muerte&#8221;.<\/p>\n<p>&#8220;Si en medio de las adversidades persevera el coraz\u00f3n con serenidad, con gozo y con paz, esto es amor&#8221;.<\/p>\n<p>&#8220;M\u00e1s l\u00e1grimas se derraman por las plegarias respondidas que por las no respondidas&#8221;.<\/p>\n<p>&#8220;Aunque las mujeres no somos buenas para el consejo, algunas veces acertamos&#8221;.<\/p>\n<p>&#8220;Vivo sin vivir en m\u00ed y tan alta vida espero, que muero porque no muero&#8221;.<\/p>\n<p>&#8220;Quien a Dios tiene, nada le falta. S\u00f3lo Dios basta&#8221;.<\/p>\n<p>&#8220;La vida es una mala noche en una mala posada&#8221;.<\/p>\n<p>&#8220;La tierra que no es labrada llevar\u00e1 abrojos y espinas aunque sea f\u00e9rtil; as\u00ed es el entendimiento del hombre&#8221;.<\/p>\n<p>\u201cBusquemos siempre mirar las virtudes y cosas buenas en los otros y cuando veamos sus defectos, mirarlos con la humildad de tener presente nuestros grandes pecados\u2026 y en la duda, es mejor tener a todos por mejores que nosotros\u2026\u201d.<\/p>\n<p>\u201cPara quien ama, nada es imposible\u201d.<\/p>\n<p>\u201cLo \u00fanico necesario para buscar a Dios, es ponerse en soledad y mirarlo dentro de nosotros mismos\u201d.<\/p>\n<p>\u201cS\u00f3lo el amor es el que da valor a todas las cosas&#8221;.<\/p>\n<p>\u201cLa mejor manera de descubrir si tenemos el amor de Dios es ver si amamos a nuestro pr\u00f3jimo \u201c.<\/p>\n<p>\u201cNada te turbe, nada te espante, todo se pasa, Dios no se muda;la paciencia todo lo alcanza; quien a Dios tiene nada le falta: S\u00f3lo Dios basta\u201d.<\/p>\n<p>\u201cTuya soy, para ti he nacido. Manda de m\u00ed lo que T\u00fa quieras\u201d.<\/p>\n<p>&#8220;Tengo experiencia en lo que son muchas mujeres juntas. \u00a1Dios nos libre!&#8221;.<\/p>\n<p>&#8220;Las mujeres no necesitan estudiar a los hombres, porque los adivinan&#8221;.<\/p>\n<p>&#8220;Sin un coraz\u00f3n lleno de amor y sin unas manos generosas, es imposible curar a un hombre enfermo de soledad&#8221;.<\/p>\n<p>&#8220;No podemos hacer grandes cosas, pero s\u00ed cosas peque\u00f1as con un gran amor&#8221;.<\/p>\n<p>&#8220;El que no vive para servir, no sirve para vivir&#8221;.<\/p>\n<p>&#8220;El amor perfecto nos hace olvidar nuestra alegr\u00eda, para alegrar a quienes amamos&#8221;.<\/p>\n<p>&#8220;No hagas casos de esos fr\u00edos, que yo soy la verdadera calor&#8221;.<\/p>\n<p>&#8220;El amor de Dios es el \u00e1rbol de la vida en medio del para\u00edso terrenal&#8221;.<\/p>\n<p>&#8220;Tristeza y melancol\u00eda no las quiero en casa m\u00eda&#8221;.<\/p>\n<p>&nbsp;<\/p>\n<p><a href=\"https:\/\/lapiedrafilosofal.com\/wp-content\/uploads\/2018\/04\/teresa_de_jesus-913468985-large.jpg\"><img loading=\"lazy\" decoding=\"async\" class=\"alignnone size-full wp-image-25467\" src=\"https:\/\/lapiedrafilosofal.com\/wp-content\/uploads\/2018\/04\/teresa_de_jesus-913468985-large.jpg\" alt=\"\" width=\"744\" height=\"1024\" srcset=\"https:\/\/oscarhumbertogomez.com\/wp-content\/uploads\/2018\/04\/teresa_de_jesus-913468985-large.jpg 744w, https:\/\/oscarhumbertogomez.com\/wp-content\/uploads\/2018\/04\/teresa_de_jesus-913468985-large-218x300.jpg 218w\" sizes=\"auto, (max-width: 744px) 100vw, 744px\" \/><\/a><\/p>\n<p>&nbsp;<\/p>\n<p>Fue, adem\u00e1s, Teresa de Jes\u00fas una delicada poetisa. Los siguientes famosos versos suyos as\u00ed lo demuestran:<\/p>\n<p>&#8220;\u00a1Ay qu\u00e9 larga es esta vida!<br \/>\n\u00a1qu\u00e9 duros estos destierros!<br \/>\n\u00a1esta c\u00e1rcel, estos hierros<br \/>\nen que el alma est\u00e1 metida!<br \/>\nS\u00f3lo esperar la salida<br \/>\nme causa dolor tan fiero,<br \/>\nque muero porque no muero&#8221;.<\/p>\n<p>&nbsp;<\/p>\n<p><a href=\"https:\/\/lapiedrafilosofal.com\/wp-content\/uploads\/2018\/04\/TERESA-POESIA.jpg\"><img loading=\"lazy\" decoding=\"async\" class=\"alignnone size-full wp-image-25475\" src=\"https:\/\/lapiedrafilosofal.com\/wp-content\/uploads\/2018\/04\/TERESA-POESIA.jpg\" alt=\"\" width=\"521\" height=\"800\" srcset=\"https:\/\/oscarhumbertogomez.com\/wp-content\/uploads\/2018\/04\/TERESA-POESIA.jpg 521w, https:\/\/oscarhumbertogomez.com\/wp-content\/uploads\/2018\/04\/TERESA-POESIA-195x300.jpg 195w\" sizes=\"auto, (max-width: 521px) 100vw, 521px\" \/><\/a><\/p>\n<p>&nbsp;<\/p>\n<p>El 4 de octubre de 1582, luego de haber fundado numerosos conventos, Santa Teresa de Jes\u00fas \u2014cuyo nombre de familia era Teresa S\u00e1nchez de Cepeda y Ahumada, y quien hab\u00eda nacido en \u00c1vila el 28 de marzo de 1515\u2014 muri\u00f3. Al d\u00eda siguiente dejaba de regir el calendario juliano y empezaba a regir el calendario gregoriano. Por eso, el siguiente d\u00eda de su fallecimiento \u2014aunque parezca absurdo\u2014 es el 15 de octubre.<\/p>\n<p>&nbsp;<\/p>\n<p><a href=\"https:\/\/lapiedrafilosofal.com\/wp-content\/uploads\/2018\/04\/TERESA-DE-JESUS_ampliacion.jpg\"><img loading=\"lazy\" decoding=\"async\" class=\"alignnone size-full wp-image-25477\" src=\"https:\/\/lapiedrafilosofal.com\/wp-content\/uploads\/2018\/04\/TERESA-DE-JESUS_ampliacion.jpg\" alt=\"\" width=\"650\" height=\"445\" srcset=\"https:\/\/oscarhumbertogomez.com\/wp-content\/uploads\/2018\/04\/TERESA-DE-JESUS_ampliacion.jpg 650w, https:\/\/oscarhumbertogomez.com\/wp-content\/uploads\/2018\/04\/TERESA-DE-JESUS_ampliacion-300x205.jpg 300w\" sizes=\"auto, (max-width: 650px) 100vw, 650px\" \/><\/a><\/p>\n<p>&nbsp;<\/p>\n<p><a href=\"https:\/\/lapiedrafilosofal.com\/wp-content\/uploads\/2018\/04\/TERESA-2015-MARIAN-ALVAREZ.jpeg\"><img loading=\"lazy\" decoding=\"async\" class=\"alignnone size-full wp-image-25483\" src=\"https:\/\/lapiedrafilosofal.com\/wp-content\/uploads\/2018\/04\/TERESA-2015-MARIAN-ALVAREZ.jpeg\" alt=\"\" width=\"1400\" height=\"788\" srcset=\"https:\/\/oscarhumbertogomez.com\/wp-content\/uploads\/2018\/04\/TERESA-2015-MARIAN-ALVAREZ.jpeg 1400w, https:\/\/oscarhumbertogomez.com\/wp-content\/uploads\/2018\/04\/TERESA-2015-MARIAN-ALVAREZ-300x169.jpeg 300w, https:\/\/oscarhumbertogomez.com\/wp-content\/uploads\/2018\/04\/TERESA-2015-MARIAN-ALVAREZ-768x432.jpeg 768w, https:\/\/oscarhumbertogomez.com\/wp-content\/uploads\/2018\/04\/TERESA-2015-MARIAN-ALVAREZ-1024x576.jpeg 1024w\" sizes=\"auto, (max-width: 1400px) 100vw, 1400px\" \/><\/a><\/p>\n<p>&nbsp;<\/p>\n<p><a href=\"https:\/\/lapiedrafilosofal.com\/wp-content\/uploads\/2018\/04\/Teresa-bernini.jpg\"><img loading=\"lazy\" decoding=\"async\" class=\"alignnone size-full wp-image-25470\" src=\"https:\/\/lapiedrafilosofal.com\/wp-content\/uploads\/2018\/04\/Teresa-bernini.jpg\" alt=\"\" width=\"650\" height=\"650\" srcset=\"https:\/\/oscarhumbertogomez.com\/wp-content\/uploads\/2018\/04\/Teresa-bernini.jpg 650w, https:\/\/oscarhumbertogomez.com\/wp-content\/uploads\/2018\/04\/Teresa-bernini-150x150.jpg 150w, https:\/\/oscarhumbertogomez.com\/wp-content\/uploads\/2018\/04\/Teresa-bernini-300x300.jpg 300w\" sizes=\"auto, (max-width: 650px) 100vw, 650px\" \/><\/a><\/p>\n<p>__________<\/p>\n<p>&nbsp;<\/p>\n<p><strong>ILUSTRACIONES: (1)<\/strong> <em>Santa Teresa<\/em>. \u00d3leo sobre lienzo (1827). Francisco Gerard (1770 &#8211; 1831).<\/p>\n<p><strong>(2)<\/strong> Escena de la pel\u00edcula <em>Teresa de Jes\u00fas<\/em>&nbsp;(1984), protagonizada por la actriz espa\u00f1ola Concha Velasco y dirigida por Josefina Molina.<\/p>\n<p><strong>(3)<\/strong> La actriz espa\u00f1ola Concha Velasco como Teresa de Jes\u00fas en la pel\u00edcula del mismo nombre (1984).<\/p>\n<p><strong>(4)<\/strong> Teresa de Jes\u00fas escribiendo. Escena de la pel\u00edcula <em>Teresa de Jes\u00fas <\/em>(1984)<em>.<\/em><\/p>\n<p><strong>(5)<\/strong> Cartel de la pel\u00edcula <em>Teresa de Jes\u00fas<\/em> (1961), protagonizada por la actriz espa\u00f1ola Aurora Bautista y dirigida por Juan de Ordu\u00f1a.<\/p>\n<p><strong>(6)<\/strong> Portada del libro <em>Teresa de Jes\u00fas. Obra po\u00e9tica<\/em>.<\/p>\n<p><strong>(7)<\/strong> Escena de la pel\u00edcula <em>Teresa de Jes\u00fas&nbsp;<\/em>(1961), protagonizada por la actriz espa\u00f1ola Aurora Bautista y dirigida por Juan de Ordu\u00f1a.<\/p>\n<p><strong>(8)<\/strong> La actriz espa\u00f1ola Marian \u00c1lvarez en la pel\u00edcula <em>Teresa<\/em> (2015).<\/p>\n<p><strong>(9)<\/strong> <em>\u00c9xtasis de Santa Teresa<\/em> (1647 &#8211; 1652). Escultura en m\u00e1rmol de Gian Lorenzo Barnini (N\u00e1poles, 1598 &#8211; Roma, 1680). Capilla Cornaro. Santa Mar\u00eda de la Victoria. Roma.<\/p>\n<p>&nbsp;<\/p>\n<p><em>[CONTINUAR\u00c1]<\/em><\/p>\n<p>&nbsp;<\/p>\n","protected":false},"excerpt":{"rendered":"<p>&nbsp; Esta brillante fil\u00f3sofa m\u00edstica espa\u00f1ola, magn\u00edfica escritora y mujer de excelsas virtudes, elevada por la Iglesia a las categor\u00edas de Santa (Gregorio XV, 1622), Patrona de Espa\u00f1a (Urbano VIII, 1627), Patrona de los escritores espa\u00f1oles (Pablo VI, 1965, con &hellip; <a href=\"https:\/\/oscarhumbertogomez.com\/?p=25397\">Sigue leyendo <span class=\"meta-nav\">&rarr;<\/span><\/a><\/p>\n<div class='heateorSssClear'><\/div><div  class='heateor_sss_sharing_container heateor_sss_horizontal_sharing' heateor-sss-data-href='https:\/\/oscarhumbertogomez.com\/?p=25397'><div class='heateor_sss_sharing_title' style=\"font-weight:bold\" >\u00a1Gracias por compartirla!<\/div><ul class=\"heateor_sss_sharing_ul\"><li class=\"heateorSssSharingRound\"><i style=\"width:35px;height:35px;border-radius:999px;\" alt=\"Facebook\" Title=\"Facebook\" class=\"heateorSssSharing heateorSssFacebookBackground\" onclick='heateorSssPopup(\"https:\/\/www.facebook.com\/sharer\/sharer.php?u=https%3A%2F%2Foscarhumbertogomez.com%2Findex.php%3Frest_route%3D%252Fwp%252Fv2%252Fposts%252F25397\")'><ss style=\"display:block;border-radius:999px;\" class=\"heateorSssSharingSvg heateorSssFacebookSvg\"><\/ss><\/i><\/li><li class=\"heateorSssSharingRound\"><i style=\"width:35px;height:35px;border-radius:999px;\" alt=\"Twitter\" Title=\"Twitter\" class=\"heateorSssSharing heateorSssTwitterBackground\" onclick='heateorSssPopup(\"http:\/\/twitter.com\/intent\/tweet?text=LAS%20MUJERES%20EN%20LA%20FILOSOF%C3%8DA.%20Cap%C3%ADtulo%20XIV%3A%20SANTA%20TERESA%20DE%20JES%C3%9AS.%20Por%20%C3%93scar%20Humberto%20G%C3%B3mez%20G%C3%B3mez%2C%20Miembro%20Correspondiente%20de%20la%20Academia%20de%20Historia%20de%20Santander%20y%20Miembro%20del%20Colegio%20Nacional%20de%20Periodistas%20Seccional%20Santander&url=https%3A%2F%2Foscarhumbertogomez.com%2Findex.php%3Frest_route%3D%252Fwp%252Fv2%252Fposts%252F25397\")'><ss style=\"display:block;border-radius:999px;\" class=\"heateorSssSharingSvg heateorSssTwitterSvg\"><\/ss><\/i><\/li><li class=\"heateorSssSharingRound\"><i style=\"width:35px;height:35px;border-radius:999px;\" alt=\"Whatsapp\" Title=\"Whatsapp\" class=\"heateorSssSharing heateorSssWhatsappBackground\" onclick='heateorSssPopup(\"https:\/\/web.whatsapp.com\/send?text=LAS%20MUJERES%20EN%20LA%20FILOSOF%C3%8DA.%20Cap%C3%ADtulo%20XIV%3A%20SANTA%20TERESA%20DE%20JES%C3%9AS.%20Por%20%C3%93scar%20Humberto%20G%C3%B3mez%20G%C3%B3mez%2C%20Miembro%20Correspondiente%20de%20la%20Academia%20de%20Historia%20de%20Santander%20y%20Miembro%20del%20Colegio%20Nacional%20de%20Periodistas%20Seccional%20Santander https%3A%2F%2Foscarhumbertogomez.com%2Findex.php%3Frest_route%3D%252Fwp%252Fv2%252Fposts%252F25397\")'><ss style=\"display:block\" class=\"heateorSssSharingSvg heateorSssWhatsappSvg\"><\/ss><\/i><\/li><li class=\"heateorSssSharingRound\"><i style=\"width:35px;height:35px;border-radius:999px;\" alt=\"Pinterest\" Title=\"Pinterest\" class=\"heateorSssSharing heateorSssPinterestBackground\" onclick=\"javascript:void( (function() {var e=document.createElement('script' );e.setAttribute('type','text\/javascript' );e.setAttribute('charset','UTF-8' );e.setAttribute('src','\/\/assets.pinterest.com\/js\/pinmarklet.js?r='+Math.random()*99999999);document.body.appendChild(e)})());\"><ss style=\"display:block;border-radius:999px;\" class=\"heateorSssSharingSvg heateorSssPinterestSvg\"><\/ss><\/i><\/li><li class=\"heateorSssSharingRound\"><i style=\"width:35px;height:35px;border-radius:999px;\" alt=\"Google Gmail\" Title=\"Google Gmail\" class=\"heateorSssSharing heateorSssGoogleGmailBackground\" onclick='heateorSssPopup(\"https:\/\/mail.google.com\/mail\/?ui=2&view=cm&fs=1&tf=1&su=LAS%20MUJERES%20EN%20LA%20FILOSOF%C3%8DA.%20Cap%C3%ADtulo%20XIV%3A%20SANTA%20TERESA%20DE%20JES%C3%9AS.%20Por%20%C3%93scar%20Humberto%20G%C3%B3mez%20G%C3%B3mez%2C%20Miembro%20Correspondiente%20de%20la%20Academia%20de%20Historia%20de%20Santander%20y%20Miembro%20del%20Colegio%20Nacional%20de%20Periodistas%20Seccional%20Santander&body=Link:https%3A%2F%2Foscarhumbertogomez.com%2Findex.php%3Frest_route%3D%252Fwp%252Fv2%252Fposts%252F25397\")'><ss style=\"display:block;border-radius:999px;\" class=\"heateorSssSharingSvg heateorSssGoogleGmailSvg\"><\/ss><\/i><\/li><li class=\"heateorSssSharingRound\"><i style=\"width:35px;height:35px;border-radius:999px;\" title=\"More\" alt=\"More\" class=\"heateorSssSharing heateorSssMoreBackground\" onclick=\"heateorSssMoreSharingPopup(this, 'https:\/\/oscarhumbertogomez.com\/index.php?rest_route=%2Fwp%2Fv2%2Fposts%2F25397', 'LAS%20MUJERES%20EN%20LA%20FILOSOF%C3%8DA.%20Cap%C3%ADtulo%20XIV%3A%20SANTA%20TERESA%20DE%20JES%C3%9AS.%20Por%20%C3%93scar%20Humberto%20G%C3%B3mez%20G%C3%B3mez%2C%20Miembro%20Correspondiente%20de%20la%20Academia%20de%20Historia%20de%20Santander%20y%20Miembro%20del%20Colegio%20Nacional%20de%20Periodistas%20Seccional%20Santander', '' )\" ><ss style=\"display:block\" class=\"heateorSssSharingSvg heateorSssMoreSvg\"><\/ss><\/i><\/li><\/ul><div class=\"heateorSssClear\"><\/div><\/div><div class='heateorSssClear'><\/div>","protected":false},"author":2,"featured_media":0,"comment_status":"closed","ping_status":"closed","sticky":false,"template":"","format":"standard","meta":{"spay_email":"","footnotes":""},"categories":[58,12,11],"tags":[],"class_list":["post-25397","post","type-post","status-publish","format-standard","hentry","category-filosofia","category-historia","category-periodismo"],"jetpack_featured_media_url":"","jetpack_shortlink":"https:\/\/wp.me\/p1FYrr-6BD","_links":{"self":[{"href":"https:\/\/oscarhumbertogomez.com\/index.php?rest_route=\/wp\/v2\/posts\/25397","targetHints":{"allow":["GET"]}}],"collection":[{"href":"https:\/\/oscarhumbertogomez.com\/index.php?rest_route=\/wp\/v2\/posts"}],"about":[{"href":"https:\/\/oscarhumbertogomez.com\/index.php?rest_route=\/wp\/v2\/types\/post"}],"author":[{"embeddable":true,"href":"https:\/\/oscarhumbertogomez.com\/index.php?rest_route=\/wp\/v2\/users\/2"}],"replies":[{"embeddable":true,"href":"https:\/\/oscarhumbertogomez.com\/index.php?rest_route=%2Fwp%2Fv2%2Fcomments&post=25397"}],"version-history":[{"count":5,"href":"https:\/\/oscarhumbertogomez.com\/index.php?rest_route=\/wp\/v2\/posts\/25397\/revisions"}],"predecessor-version":[{"id":52330,"href":"https:\/\/oscarhumbertogomez.com\/index.php?rest_route=\/wp\/v2\/posts\/25397\/revisions\/52330"}],"wp:attachment":[{"href":"https:\/\/oscarhumbertogomez.com\/index.php?rest_route=%2Fwp%2Fv2%2Fmedia&parent=25397"}],"wp:term":[{"taxonomy":"category","embeddable":true,"href":"https:\/\/oscarhumbertogomez.com\/index.php?rest_route=%2Fwp%2Fv2%2Fcategories&post=25397"},{"taxonomy":"post_tag","embeddable":true,"href":"https:\/\/oscarhumbertogomez.com\/index.php?rest_route=%2Fwp%2Fv2%2Ftags&post=25397"}],"curies":[{"name":"wp","href":"https:\/\/api.w.org\/{rel}","templated":true}]}}