{"id":25405,"date":"2018-04-06T22:41:54","date_gmt":"2018-04-07T03:41:54","guid":{"rendered":"http:\/\/www.oscarhumbertogomez.com\/?p=25405"},"modified":"2025-03-12T10:53:23","modified_gmt":"2025-03-12T15:53:23","slug":"las-mujeres-en-la-filosofia-capitulo-xiv-rosa-luxemburgo-por-oscar-humberto-gomez-gomez-miembro-de-la-academia-de-historia-de-santander-y-del-colegio-nacional-de-periodistas-seccional-santander","status":"publish","type":"post","link":"https:\/\/oscarhumbertogomez.com\/?p=25405","title":{"rendered":"LAS MUJERES EN LA FILOSOF\u00cdA. Cap\u00edtulo XIII: ROSA LUXEMBURGO. Por \u00d3scar Humberto G\u00f3mez G\u00f3mez, Miembro Correspondiente de la Academia de Historia de Santander y Miembro del Colegio Nacional de Periodistas Seccional Santander"},"content":{"rendered":"<p><a href=\"https:\/\/lapiedrafilosofal.com\/wp-content\/uploads\/2018\/04\/ROSA-LUXEMBURGO.jpg\"><img loading=\"lazy\" decoding=\"async\" class=\"alignnone size-large wp-image-25413\" src=\"https:\/\/lapiedrafilosofal.com\/wp-content\/uploads\/2018\/04\/ROSA-LUXEMBURGO-954x1024.jpg\" alt=\"\" width=\"640\" height=\"687\" srcset=\"https:\/\/oscarhumbertogomez.com\/wp-content\/uploads\/2018\/04\/ROSA-LUXEMBURGO-954x1024.jpg 954w, https:\/\/oscarhumbertogomez.com\/wp-content\/uploads\/2018\/04\/ROSA-LUXEMBURGO-280x300.jpg 280w, https:\/\/oscarhumbertogomez.com\/wp-content\/uploads\/2018\/04\/ROSA-LUXEMBURGO-768x824.jpg 768w, https:\/\/oscarhumbertogomez.com\/wp-content\/uploads\/2018\/04\/ROSA-LUXEMBURGO.jpg 1491w\" sizes=\"auto, (max-width: 640px) 100vw, 640px\" \/><\/a><\/p>\n<p>&nbsp;<\/p>\n<p>&#8220;Algunos especialistas creen que fue la mejor continuadora de Marx en el plano te\u00f3rico&#8221;, se lee en el Diccionario Enciclop\u00e9dico Salvat Universal&#8221; (tomo 13, p. 324).<\/p>\n<p>Rosa Luxemburgo, nacida en la Polonia de 1871 ocupada por los rusos zaristas y quien a los 18 a\u00f1os tuvo que exiliarse en Zurich, Suiza a causa de sus posiciones ideol\u00f3gicas, fue una brillante y controvertida fil\u00f3sofa revolucionaria, antimilitarista y feminista socialista.<\/p>\n<p>&nbsp;<\/p>\n<p><a href=\"https:\/\/lapiedrafilosofal.com\/wp-content\/uploads\/2018\/04\/ROSA-LUXEMBURGO-2.jpg\"><img loading=\"lazy\" decoding=\"async\" class=\"alignnone size-large wp-image-25414\" src=\"https:\/\/lapiedrafilosofal.com\/wp-content\/uploads\/2018\/04\/ROSA-LUXEMBURGO-2-602x1024.jpg\" alt=\"\" width=\"602\" height=\"1024\" srcset=\"https:\/\/oscarhumbertogomez.com\/wp-content\/uploads\/2018\/04\/ROSA-LUXEMBURGO-2-602x1024.jpg 602w, https:\/\/oscarhumbertogomez.com\/wp-content\/uploads\/2018\/04\/ROSA-LUXEMBURGO-2-176x300.jpg 176w, https:\/\/oscarhumbertogomez.com\/wp-content\/uploads\/2018\/04\/ROSA-LUXEMBURGO-2-768x1306.jpg 768w, https:\/\/oscarhumbertogomez.com\/wp-content\/uploads\/2018\/04\/ROSA-LUXEMBURGO-2.jpg 941w\" sizes=\"auto, (max-width: 602px) 100vw, 602px\" \/><\/a><\/p>\n<p>&nbsp;<\/p>\n<p>Radicada en Berl\u00edn, y por haberse casado con un ciudadano alem\u00e1n, recibi\u00f3 la ciudadan\u00eda de este pa\u00eds. Fuerte opositora a la Primera Guerra Mundial, se destac\u00f3 por su llamado a la objeci\u00f3n de conciencia contra el servicio militar y a la abierta desobediencia a las \u00f3rdenes de los superiores alemanes, lo cual le acarre\u00f3 el que fuese encarcelada.<\/p>\n<p>&nbsp;<\/p>\n<p>El 27 de enero de 1916 comenz\u00f3 a circular un documento llamado &#8220;Carta Pol\u00edtica&#8221;, suscrito por &#8220;Espartaco&#8221;. El nombre lo tomaba su redactora \u2014Rosa Luxemburgo\u2014 del esclavo que en Roma hab\u00eda organizado el gran levantamiento de esclavos contra el Imperio Romano en procura de lograr su libertad y que la historiograf\u00eda conoce como la Tercera Guerra Servil (a\u00f1os 73 a 71 a.C.). Este fue el nombre que, finalmente, se le dio a su movimiento: Liga Espartaquista.<\/p>\n<p>&nbsp;<\/p>\n<p><a href=\"https:\/\/lapiedrafilosofal.com\/wp-content\/uploads\/2018\/04\/ROSA-LUXEMBURGO-3-1.jpg\"><img loading=\"lazy\" decoding=\"async\" class=\"alignnone size-large wp-image-25416\" src=\"https:\/\/lapiedrafilosofal.com\/wp-content\/uploads\/2018\/04\/ROSA-LUXEMBURGO-3-1-886x1024.jpg\" alt=\"\" width=\"640\" height=\"740\" srcset=\"https:\/\/oscarhumbertogomez.com\/wp-content\/uploads\/2018\/04\/ROSA-LUXEMBURGO-3-1-886x1024.jpg 886w, https:\/\/oscarhumbertogomez.com\/wp-content\/uploads\/2018\/04\/ROSA-LUXEMBURGO-3-1-260x300.jpg 260w, https:\/\/oscarhumbertogomez.com\/wp-content\/uploads\/2018\/04\/ROSA-LUXEMBURGO-3-1-768x887.jpg 768w, https:\/\/oscarhumbertogomez.com\/wp-content\/uploads\/2018\/04\/ROSA-LUXEMBURGO-3-1.jpg 1385w\" sizes=\"auto, (max-width: 640px) 100vw, 640px\" \/><\/a><\/p>\n<p>&nbsp;<\/p>\n<p>Rosa Luxemburgo refut\u00f3 decididamente el pensamiento de Lenin en aspectos esenciales de la filosof\u00eda marxista \u2014entre ellos el concepto de naci\u00f3n\u2014 y antes que \u00e9l expuso la teor\u00eda del imperialismo.<\/p>\n<p>Siempre desde su concepci\u00f3n socialista, defendi\u00f3 el derecho de la mujer al voto.<\/p>\n<p>Fue cofundadora del Partido Comunista Alem\u00e1n, organizaci\u00f3n en la que devino la Liga de Espartaco, igualmente fundada por ella.<\/p>\n<p>&nbsp;<\/p>\n<p><a href=\"https:\/\/lapiedrafilosofal.com\/wp-content\/uploads\/2018\/04\/rosa-luxemburgo-filosofia.jpg\"><img loading=\"lazy\" decoding=\"async\" class=\"alignnone size-large wp-image-25420\" src=\"https:\/\/lapiedrafilosofal.com\/wp-content\/uploads\/2018\/04\/rosa-luxemburgo-filosofia-1024x576.jpg\" alt=\"\" width=\"640\" height=\"360\" srcset=\"https:\/\/oscarhumbertogomez.com\/wp-content\/uploads\/2018\/04\/rosa-luxemburgo-filosofia-1024x576.jpg 1024w, https:\/\/oscarhumbertogomez.com\/wp-content\/uploads\/2018\/04\/rosa-luxemburgo-filosofia-300x169.jpg 300w, https:\/\/oscarhumbertogomez.com\/wp-content\/uploads\/2018\/04\/rosa-luxemburgo-filosofia-768x432.jpg 768w, https:\/\/oscarhumbertogomez.com\/wp-content\/uploads\/2018\/04\/rosa-luxemburgo-filosofia.jpg 1920w\" sizes=\"auto, (max-width: 640px) 100vw, 640px\" \/><\/a><\/p>\n<p>&nbsp;<\/p>\n<p>El Espartaquismo fue, en s\u00edntesis, un movimiento revolucionario alem\u00e1n que se desarroll\u00f3 durante la I Guerra Mundial, a la que Rosa Luxemburgo se opuso radicalmente.<\/p>\n<p>&nbsp;<\/p>\n<p><a href=\"https:\/\/lapiedrafilosofal.com\/wp-content\/uploads\/2018\/04\/espartaco02.jpg\"><img loading=\"lazy\" decoding=\"async\" class=\"alignnone size-large wp-image-25430\" src=\"https:\/\/lapiedrafilosofal.com\/wp-content\/uploads\/2018\/04\/espartaco02-1024x426.jpg\" alt=\"\" width=\"640\" height=\"266\" srcset=\"https:\/\/oscarhumbertogomez.com\/wp-content\/uploads\/2018\/04\/espartaco02-1024x426.jpg 1024w, https:\/\/oscarhumbertogomez.com\/wp-content\/uploads\/2018\/04\/espartaco02-300x125.jpg 300w, https:\/\/oscarhumbertogomez.com\/wp-content\/uploads\/2018\/04\/espartaco02-768x320.jpg 768w, https:\/\/oscarhumbertogomez.com\/wp-content\/uploads\/2018\/04\/espartaco02.jpg 1920w\" sizes=\"auto, (max-width: 640px) 100vw, 640px\" \/><\/a><\/p>\n<p>&nbsp;<\/p>\n<p>Rosa Luxemburgo \u2014quien lleg\u00f3 a aprender once idiomas\u2014 ejerci\u00f3 el periodismo y en tal calidad fund\u00f3 y dirigi\u00f3 varios peri\u00f3dicos y revistas. Por ejemplo, fue la cofundadora, el 9 de noviembre de 1918, en Berl\u00edn, del peri\u00f3dico <em>La Bandera Roja<\/em>. Su filosof\u00eda la consign\u00f3 en los numerosos libros que escribi\u00f3 y public\u00f3:<\/p>\n<p><em>Reforma social o Revoluci\u00f3n&nbsp;<\/em>(1899)<\/p>\n<p><em>La crisis socialista en Francia&nbsp;<\/em><\/p>\n<p><em>Estancamiento y progreso del marxismo<\/em><\/p>\n<p><em>Problemas organizativos de la socialdemocracia<\/em><\/p>\n<p><em>El socialismo y las iglesias<\/em><\/p>\n<p><em>Huelga de masas. Partido y sindicatos <\/em>(1906)<\/p>\n<p><em>Introducci\u00f3n a la econom\u00eda pol\u00edtica<\/em> (1916 &#8211; 1917)<\/p>\n<p><em>Utop\u00edas pacifistas<\/em><\/p>\n<p><em>La acumulaci\u00f3n del capital. Tomo I (1913)<\/em><\/p>\n<p><em>La acumulaci\u00f3n del capital. Tomo II<\/em> (1921)<\/p>\n<p><em>La crisis de la social democracia (1916)<\/em><\/p>\n<p><em>El esp\u00edritu de la literatura rusa<\/em><\/p>\n<p><em>La revoluci\u00f3n rusa<\/em><\/p>\n<p><em>Contra la pena capital<\/em><\/p>\n<p>&nbsp;<\/p>\n<p><a href=\"https:\/\/lapiedrafilosofal.com\/wp-content\/uploads\/2018\/04\/rosa-luxemburgo-1907.jpg\"><img loading=\"lazy\" decoding=\"async\" class=\"alignnone size-full wp-image-25437\" src=\"https:\/\/lapiedrafilosofal.com\/wp-content\/uploads\/2018\/04\/rosa-luxemburgo-1907.jpg\" alt=\"\" width=\"976\" height=\"700\" srcset=\"https:\/\/oscarhumbertogomez.com\/wp-content\/uploads\/2018\/04\/rosa-luxemburgo-1907.jpg 976w, https:\/\/oscarhumbertogomez.com\/wp-content\/uploads\/2018\/04\/rosa-luxemburgo-1907-300x215.jpg 300w, https:\/\/oscarhumbertogomez.com\/wp-content\/uploads\/2018\/04\/rosa-luxemburgo-1907-768x551.jpg 768w\" sizes=\"auto, (max-width: 976px) 100vw, 976px\" \/><\/a><\/p>\n<p>&nbsp;<\/p>\n<p>Se ha discutido que Rosa Luxemburgo no era feminista. Por supuesto que lo era. En una sociedad y en una \u00e9poca dominadas por el m\u00e1s radical machismo, al punto de que solo una universidad alemana (la de Zurich) recib\u00eda mujeres, se dio a la tarea de obtener cupo y de estudiar, por dem\u00e1s en forma sobresaliente. Lo que pas\u00f3 fue que Rosa Luxemburgo no aceptaba el feminismo sesgado de las damas que, invocando su condici\u00f3n de mujeres pudientes y que pagaban impuestos, reclamaban el derecho al voto; ella abogaba por el derecho de la mujer, en general, incluida la mujer obrera y humilde, al voto; es decir, luch\u00f3 por el sufragio universal y femenino.<\/p>\n<p>Su postura la llev\u00f3 a no aceptar que su partido pol\u00edtico la pusiera a dirigir el ala femenina, pues ella consider\u00f3 que era una estrategia para sacarla del escenario de discusi\u00f3n en el que debat\u00eda de igual a igual con los varones.<\/p>\n<p>&nbsp;<\/p>\n<p><a href=\"https:\/\/lapiedrafilosofal.com\/wp-content\/uploads\/2018\/04\/ROSA-LUXEMBURGO-PELICULA.jpg\"><img loading=\"lazy\" decoding=\"async\" class=\"alignnone size-full wp-image-25418\" src=\"https:\/\/lapiedrafilosofal.com\/wp-content\/uploads\/2018\/04\/ROSA-LUXEMBURGO-PELICULA.jpg\" alt=\"\" width=\"800\" height=\"450\" srcset=\"https:\/\/oscarhumbertogomez.com\/wp-content\/uploads\/2018\/04\/ROSA-LUXEMBURGO-PELICULA.jpg 800w, https:\/\/oscarhumbertogomez.com\/wp-content\/uploads\/2018\/04\/ROSA-LUXEMBURGO-PELICULA-300x169.jpg 300w, https:\/\/oscarhumbertogomez.com\/wp-content\/uploads\/2018\/04\/ROSA-LUXEMBURGO-PELICULA-768x432.jpg 768w\" sizes=\"auto, (max-width: 800px) 100vw, 800px\" \/><\/a><\/p>\n<p>&nbsp;<\/p>\n<p>D\u00edgase lo que se quiera, lo cierto es que el machismo \u2014tambi\u00e9n imperante dentro de las filas comunistas\u2014 la releg\u00f3 a un segundo plano. Pero Rosa Luxemburgo, para decirlo en t\u00e9rminos coloquiales, les dio &#8220;sopa y seco&#8221; como pensadora, en diversos temas, a las m\u00e1s prominentes figuras del socialismo y el comunismo, como Marx, Lenin, Stalin, Trotsky y Kautsky. As\u00ed, sobre la obra cumbre del primero, <em>El Capital<\/em>, hizo observaciones cr\u00edticas muy serias en t\u00f3picos econ\u00f3micos puntuales.<\/p>\n<p>&nbsp;<\/p>\n<p><a href=\"https:\/\/lapiedrafilosofal.com\/wp-content\/uploads\/2018\/04\/acumulacion.jpg\"><img decoding=\"async\" class=\"alignnone size-full wp-image-25439\" src=\"https:\/\/lapiedrafilosofal.com\/wp-content\/uploads\/2018\/04\/acumulacion.jpg\" alt=\"\" width=\"450\"><\/a><\/p>\n<p>&nbsp;<\/p>\n<p>La filosof\u00eda pol\u00edtica de Rosa Luxemburgo qued\u00f3 plasmada en memorables frases suyas:<\/p>\n<p>&#8220;La libertad solamente para los partidarios del gobierno, solamente para los miembros de un partido \u2014por numerosos que sean\u2014 no es la libertad. La libertad es siempre la libertad del que piensa de otra manera&#8221;.<\/p>\n<p>&#8220;La libertad es siempre la libertad de los disidentes. (&#8230;). Si &#8220;libertad&#8221; se convierte en &#8220;privilegio&#8221;, la esencia de la libertad pol\u00edtica se habr\u00e1 roto&#8221;.<\/p>\n<p>&#8220;Sin elecciones generales, sin libertad de prensa, sin libertad de expresi\u00f3n y reuni\u00f3n, sin la lucha libre de opiniones, la vida en todas las instituciones p\u00fablicas se extingue, se convierte en una caricatura de s\u00ed misma en la que s\u00f3lo queda la burocracia como elemento activo.&#8221;<\/p>\n<p>&#8220;El liberalismo econ\u00f3mico es la zorra libre en el gallinero libre.&#8221;<\/p>\n<p>&#8220;Quien no se mueve, no escucha el ruido de sus cadenas&#8221;.<\/p>\n<p>&#8220;Toda la fuerza del movimiento obrero moderno descansa sobre el conocimiento cient\u00edfico&#8221;.<\/p>\n<p>&#8220;La justicia de las clases burguesas fue nuevamente como una red que permiti\u00f3 escapar a los tiburones voraces, atrapando \u00fanicamente a las peque\u00f1as sardinas&#8221;.<\/p>\n<p>&#8220;Hay que dar vuelta un mundo. Pero cada l\u00e1grima que corre all\u00ed donde podr\u00eda haber sido evitada es una acusaci\u00f3n; y es un criminal quien, con inconsciencia brutal, aplasta una pobre lombriz&#8221;.<\/p>\n<p>&#8220;La historia es el \u00fanico maestro infalible&#8221;.<\/p>\n<p>&#8220;La revoluci\u00f3n proletaria deber\u00eda arrojar un rayo de bondad para iluminar la triste vida de las prisiones, disminuir las sentencias draconianas, abolir los b\u00e1rbaros castigos -las cadenas y azotes- mejorar en lo posible la atenci\u00f3n m\u00e9dica, la alimentaci\u00f3n y las condiciones de trabajo. \u00a1Es una cuesti\u00f3n de honor!&#8221;.<\/p>\n<p>&#8220;No debemos olvidar que no se hace la historia sin grandeza de esp\u00edritu, sin una elevada moral, sin gestos nobles&#8221;.<\/p>\n<p>&#8220;\u00bfCu\u00e1l es nuestra tarea en la cuesti\u00f3n de la paz? (&#8230;) Si las naciones existentes realmente quieren poner coto, seria y honestamente, a la carrera armamentista, tendr\u00edan que comenzar con el desarme en el terreno pol\u00edtico y comercial, abandonar sus rapaces campa\u00f1as colonialistas y su pol\u00edtica internacional&nbsp; de conquista de esferas de influencia en todas partes del mundo&#8221;.<\/p>\n<p>&#8220;Por un mundo donde seamos socialmente iguales, humanamente diferentes y totalmente libres&#8221;.<\/p>\n<p>&nbsp;<\/p>\n<p><a href=\"https:\/\/lapiedrafilosofal.com\/wp-content\/uploads\/2018\/04\/ROSA-LUXEMBURGO-PELICULA-2.jpg\"><img loading=\"lazy\" decoding=\"async\" class=\"alignnone size-large wp-image-25419\" src=\"https:\/\/lapiedrafilosofal.com\/wp-content\/uploads\/2018\/04\/ROSA-LUXEMBURGO-PELICULA-2-727x1024.jpg\" alt=\"\" width=\"640\" height=\"901\" srcset=\"https:\/\/oscarhumbertogomez.com\/wp-content\/uploads\/2018\/04\/ROSA-LUXEMBURGO-PELICULA-2-727x1024.jpg 727w, https:\/\/oscarhumbertogomez.com\/wp-content\/uploads\/2018\/04\/ROSA-LUXEMBURGO-PELICULA-2-213x300.jpg 213w, https:\/\/oscarhumbertogomez.com\/wp-content\/uploads\/2018\/04\/ROSA-LUXEMBURGO-PELICULA-2-768x1082.jpg 768w, https:\/\/oscarhumbertogomez.com\/wp-content\/uploads\/2018\/04\/ROSA-LUXEMBURGO-PELICULA-2.jpg 1065w\" sizes=\"auto, (max-width: 640px) 100vw, 640px\" \/><\/a><\/p>\n<p>&nbsp;<\/p>\n<p>Los hechos que la llevar\u00edan a la muerte se desencadenaron a partir del \u00faltimo d\u00eda del a\u00f1o 1918. Entre el 31 de diciembre y el 2 de enero de 1919, en efecto, se reuni\u00f3 en Berl\u00edn la Liga Espartaquista. En dicha reuni\u00f3n, la organizaci\u00f3n decidi\u00f3 transformarse en el nuevo Partido Comunista Alem\u00e1n. Entre el 5 y el 12 de enero sucedi\u00f3 en Berl\u00edn lo que se denominar\u00eda impropiamente el Levantamiento Espartaquista. Impropiamente, porque el Partido Comunista \u2014al que se le segu\u00eda llamando el partido de &#8220;los espartaquistas&#8221;\u2014 apoy\u00f3 el movimiento, pero no fue su organizador. Incluso, Rosa Luxemburgo se opuso a \u00e9l por considerar que las condiciones no estaban dadas para que tuviera posibilidades reales de \u00e9xito. La represi\u00f3n militar se desat\u00f3 el 6 de enero y se extendi\u00f3 hasta el 15. Los sospechosos de participaci\u00f3n en el movimiento fueron arrestados. Este d\u00eda, el 15 de enero, Rosa Luxemburgo fue apresada, golpeada y brutalmente asesinada por fuerzas gubernamentales y paramilitares sin d\u00e1rsele la oportunidad de ser sometida a juicio.<\/p>\n<p>&nbsp;<\/p>\n<p><a href=\"https:\/\/lapiedrafilosofal.com\/wp-content\/uploads\/2018\/04\/arresto.jpg\"><img loading=\"lazy\" decoding=\"async\" class=\"alignnone size-full wp-image-25442\" src=\"https:\/\/lapiedrafilosofal.com\/wp-content\/uploads\/2018\/04\/arresto.jpg\" alt=\"\" width=\"800\" height=\"528\" srcset=\"https:\/\/oscarhumbertogomez.com\/wp-content\/uploads\/2018\/04\/arresto.jpg 800w, https:\/\/oscarhumbertogomez.com\/wp-content\/uploads\/2018\/04\/arresto-300x198.jpg 300w, https:\/\/oscarhumbertogomez.com\/wp-content\/uploads\/2018\/04\/arresto-768x507.jpg 768w\" sizes=\"auto, (max-width: 800px) 100vw, 800px\" \/><\/a><\/p>\n<p>&nbsp;<\/p>\n<p>Anualmente se celebra en Berl\u00edn la conmemoraci\u00f3n de esos hechos de violencia como homenaje a su memoria.<\/p>\n<p>&nbsp;<\/p>\n<p><a href=\"https:\/\/lapiedrafilosofal.com\/wp-content\/uploads\/2018\/04\/ROSA-LUXEMBURGO-.jpeg\"><img loading=\"lazy\" decoding=\"async\" class=\"alignnone size-full wp-image-25438\" src=\"https:\/\/lapiedrafilosofal.com\/wp-content\/uploads\/2018\/04\/ROSA-LUXEMBURGO-.jpeg\" alt=\"\" width=\"582\" height=\"392\" srcset=\"https:\/\/oscarhumbertogomez.com\/wp-content\/uploads\/2018\/04\/ROSA-LUXEMBURGO-.jpeg 582w, https:\/\/oscarhumbertogomez.com\/wp-content\/uploads\/2018\/04\/ROSA-LUXEMBURGO--300x202.jpeg 300w\" sizes=\"auto, (max-width: 582px) 100vw, 582px\" \/><\/a><\/p>\n<p>&nbsp;<\/p>\n<p>____________<\/p>\n<p>&nbsp;<\/p>\n<p><strong>FOTOGRAF\u00cdAS<\/strong>: <strong>(1), (2), (3) <\/strong>y<strong> (5)<\/strong>: Rosa Luxemburgo en diversas etapas de su vida.<\/p>\n<p><strong>(4)&nbsp;<\/strong>El actor Kirk Douglas como Espartaco en la pel\u00edcula del mismo nombre (1960) dirigida por Stanley Kubrick.<\/p>\n<p><strong>(6)&nbsp;<\/strong> La actriz alemana Barbara Sukowa como Rosa Luxemburgo en la pel\u00edcula del mismo nombre (1986) dirigida por Margarethe von Trotta. La actriz protagonista gan\u00f3 el Premio a la Mejor Actriz en el Festival de Cannes.<\/p>\n<p><strong>(7)<\/strong> Portada del libro de Severo Salles <em>Carlos Marx y Rosa Luxemburgo La acumulaci\u00f3n del capital en debate.<\/em><\/p>\n<p><strong>(8)<\/strong> Cartel de la pel\u00edcula alemana <em>Rosa Luxemburgo&nbsp;<\/em>dirigida por Margarethe von Trotta.<\/p>\n<p><strong>(9)<\/strong> Escena del arresto de Rosa Luxemburgo en la pel\u00edcula alemana del mismo nombre dirigida por Margarethe von Trotta y con la actuaci\u00f3n estelar de la actriz alemana Barbara Sukowa como Rosa Luxemburgo.<\/p>\n<p><strong>(10)<\/strong> Ciudadanos alemanes arrojan flores en el monumento a Rosa Luxemburgo en Berl\u00edn.<\/p>\n<p><strong>Ilustraci\u00f3n \u00fanica:<\/strong>&nbsp;Tomada de <em>Educatina<\/em> (secci\u00f3n <em>Filosof\u00eda<\/em>), p\u00e1gina web educativa del Ministerio de Educaci\u00f3n de Argentina.<\/p>\n<p>&nbsp;<\/p>\n<p><em>(CONTINUAR\u00c1)<\/em><\/p>\n<p>&nbsp;<\/p>\n","protected":false},"excerpt":{"rendered":"<p>&nbsp; &#8220;Algunos especialistas creen que fue la mejor continuadora de Marx en el plano te\u00f3rico&#8221;, se lee en el Diccionario Enciclop\u00e9dico Salvat Universal&#8221; (tomo 13, p. 324). Rosa Luxemburgo, nacida en la Polonia de 1871 ocupada por los rusos zaristas &hellip; <a href=\"https:\/\/oscarhumbertogomez.com\/?p=25405\">Sigue leyendo <span class=\"meta-nav\">&rarr;<\/span><\/a><\/p>\n<div class='heateorSssClear'><\/div><div  class='heateor_sss_sharing_container heateor_sss_horizontal_sharing' heateor-sss-data-href='https:\/\/oscarhumbertogomez.com\/?p=25405'><div class='heateor_sss_sharing_title' style=\"font-weight:bold\" >\u00a1Gracias por compartirla!<\/div><ul class=\"heateor_sss_sharing_ul\"><li class=\"heateorSssSharingRound\"><i style=\"width:35px;height:35px;border-radius:999px;\" alt=\"Facebook\" Title=\"Facebook\" class=\"heateorSssSharing heateorSssFacebookBackground\" onclick='heateorSssPopup(\"https:\/\/www.facebook.com\/sharer\/sharer.php?u=https%3A%2F%2Foscarhumbertogomez.com%2Findex.php%3Frest_route%3D%252Fwp%252Fv2%252Fposts%252F25405\")'><ss style=\"display:block;border-radius:999px;\" class=\"heateorSssSharingSvg heateorSssFacebookSvg\"><\/ss><\/i><\/li><li class=\"heateorSssSharingRound\"><i style=\"width:35px;height:35px;border-radius:999px;\" alt=\"Twitter\" Title=\"Twitter\" class=\"heateorSssSharing heateorSssTwitterBackground\" onclick='heateorSssPopup(\"http:\/\/twitter.com\/intent\/tweet?text=LAS%20MUJERES%20EN%20LA%20FILOSOF%C3%8DA.%20Cap%C3%ADtulo%20XIII%3A%20ROSA%20LUXEMBURGO.%20Por%20%C3%93scar%20Humberto%20G%C3%B3mez%20G%C3%B3mez%2C%20Miembro%20Correspondiente%20de%20la%20Academia%20de%20Historia%20de%20Santander%20y%20Miembro%20del%20Colegio%20Nacional%20de%20Periodistas%20Seccional%20Santander&url=https%3A%2F%2Foscarhumbertogomez.com%2Findex.php%3Frest_route%3D%252Fwp%252Fv2%252Fposts%252F25405\")'><ss style=\"display:block;border-radius:999px;\" class=\"heateorSssSharingSvg heateorSssTwitterSvg\"><\/ss><\/i><\/li><li class=\"heateorSssSharingRound\"><i style=\"width:35px;height:35px;border-radius:999px;\" alt=\"Whatsapp\" Title=\"Whatsapp\" class=\"heateorSssSharing heateorSssWhatsappBackground\" onclick='heateorSssPopup(\"https:\/\/web.whatsapp.com\/send?text=LAS%20MUJERES%20EN%20LA%20FILOSOF%C3%8DA.%20Cap%C3%ADtulo%20XIII%3A%20ROSA%20LUXEMBURGO.%20Por%20%C3%93scar%20Humberto%20G%C3%B3mez%20G%C3%B3mez%2C%20Miembro%20Correspondiente%20de%20la%20Academia%20de%20Historia%20de%20Santander%20y%20Miembro%20del%20Colegio%20Nacional%20de%20Periodistas%20Seccional%20Santander https%3A%2F%2Foscarhumbertogomez.com%2Findex.php%3Frest_route%3D%252Fwp%252Fv2%252Fposts%252F25405\")'><ss style=\"display:block\" class=\"heateorSssSharingSvg heateorSssWhatsappSvg\"><\/ss><\/i><\/li><li class=\"heateorSssSharingRound\"><i style=\"width:35px;height:35px;border-radius:999px;\" alt=\"Pinterest\" Title=\"Pinterest\" class=\"heateorSssSharing heateorSssPinterestBackground\" onclick=\"javascript:void( (function() {var e=document.createElement('script' );e.setAttribute('type','text\/javascript' );e.setAttribute('charset','UTF-8' );e.setAttribute('src','\/\/assets.pinterest.com\/js\/pinmarklet.js?r='+Math.random()*99999999);document.body.appendChild(e)})());\"><ss style=\"display:block;border-radius:999px;\" class=\"heateorSssSharingSvg heateorSssPinterestSvg\"><\/ss><\/i><\/li><li class=\"heateorSssSharingRound\"><i style=\"width:35px;height:35px;border-radius:999px;\" alt=\"Google Gmail\" Title=\"Google Gmail\" class=\"heateorSssSharing heateorSssGoogleGmailBackground\" onclick='heateorSssPopup(\"https:\/\/mail.google.com\/mail\/?ui=2&view=cm&fs=1&tf=1&su=LAS%20MUJERES%20EN%20LA%20FILOSOF%C3%8DA.%20Cap%C3%ADtulo%20XIII%3A%20ROSA%20LUXEMBURGO.%20Por%20%C3%93scar%20Humberto%20G%C3%B3mez%20G%C3%B3mez%2C%20Miembro%20Correspondiente%20de%20la%20Academia%20de%20Historia%20de%20Santander%20y%20Miembro%20del%20Colegio%20Nacional%20de%20Periodistas%20Seccional%20Santander&body=Link:https%3A%2F%2Foscarhumbertogomez.com%2Findex.php%3Frest_route%3D%252Fwp%252Fv2%252Fposts%252F25405\")'><ss style=\"display:block;border-radius:999px;\" class=\"heateorSssSharingSvg heateorSssGoogleGmailSvg\"><\/ss><\/i><\/li><li class=\"heateorSssSharingRound\"><i style=\"width:35px;height:35px;border-radius:999px;\" title=\"More\" alt=\"More\" class=\"heateorSssSharing heateorSssMoreBackground\" onclick=\"heateorSssMoreSharingPopup(this, 'https:\/\/oscarhumbertogomez.com\/index.php?rest_route=%2Fwp%2Fv2%2Fposts%2F25405', 'LAS%20MUJERES%20EN%20LA%20FILOSOF%C3%8DA.%20Cap%C3%ADtulo%20XIII%3A%20ROSA%20LUXEMBURGO.%20Por%20%C3%93scar%20Humberto%20G%C3%B3mez%20G%C3%B3mez%2C%20Miembro%20Correspondiente%20de%20la%20Academia%20de%20Historia%20de%20Santander%20y%20Miembro%20del%20Colegio%20Nacional%20de%20Periodistas%20Seccional%20Santander', '' )\" ><ss style=\"display:block\" class=\"heateorSssSharingSvg heateorSssMoreSvg\"><\/ss><\/i><\/li><\/ul><div class=\"heateorSssClear\"><\/div><\/div><div class='heateorSssClear'><\/div>","protected":false},"author":2,"featured_media":0,"comment_status":"closed","ping_status":"closed","sticky":false,"template":"","format":"standard","meta":{"spay_email":"","footnotes":""},"categories":[58,12,11],"tags":[],"class_list":["post-25405","post","type-post","status-publish","format-standard","hentry","category-filosofia","category-historia","category-periodismo"],"jetpack_featured_media_url":"","jetpack_shortlink":"https:\/\/wp.me\/p1FYrr-6BL","_links":{"self":[{"href":"https:\/\/oscarhumbertogomez.com\/index.php?rest_route=\/wp\/v2\/posts\/25405","targetHints":{"allow":["GET"]}}],"collection":[{"href":"https:\/\/oscarhumbertogomez.com\/index.php?rest_route=\/wp\/v2\/posts"}],"about":[{"href":"https:\/\/oscarhumbertogomez.com\/index.php?rest_route=\/wp\/v2\/types\/post"}],"author":[{"embeddable":true,"href":"https:\/\/oscarhumbertogomez.com\/index.php?rest_route=\/wp\/v2\/users\/2"}],"replies":[{"embeddable":true,"href":"https:\/\/oscarhumbertogomez.com\/index.php?rest_route=%2Fwp%2Fv2%2Fcomments&post=25405"}],"version-history":[{"count":5,"href":"https:\/\/oscarhumbertogomez.com\/index.php?rest_route=\/wp\/v2\/posts\/25405\/revisions"}],"predecessor-version":[{"id":52329,"href":"https:\/\/oscarhumbertogomez.com\/index.php?rest_route=\/wp\/v2\/posts\/25405\/revisions\/52329"}],"wp:attachment":[{"href":"https:\/\/oscarhumbertogomez.com\/index.php?rest_route=%2Fwp%2Fv2%2Fmedia&parent=25405"}],"wp:term":[{"taxonomy":"category","embeddable":true,"href":"https:\/\/oscarhumbertogomez.com\/index.php?rest_route=%2Fwp%2Fv2%2Fcategories&post=25405"},{"taxonomy":"post_tag","embeddable":true,"href":"https:\/\/oscarhumbertogomez.com\/index.php?rest_route=%2Fwp%2Fv2%2Ftags&post=25405"}],"curies":[{"name":"wp","href":"https:\/\/api.w.org\/{rel}","templated":true}]}}