{"id":26077,"date":"2018-06-02T17:58:06","date_gmt":"2018-06-02T22:58:06","guid":{"rendered":"http:\/\/www.oscarhumbertogomez.com\/?p=26077"},"modified":"2023-04-07T22:00:09","modified_gmt":"2023-04-08T03:00:09","slug":"a-maria-dolores-pradera-por-oscar-humberto-gomez-gomez","status":"publish","type":"post","link":"https:\/\/oscarhumbertogomez.com\/?p=26077","title":{"rendered":"A Mar\u00eda Dolores Pradera. Por \u00d3scar Humberto G\u00f3mez G\u00f3mez"},"content":{"rendered":"<p><span style=\"color: #000080;\"><strong>NOTA DEL PORTAL:<\/strong><\/span> <em>Santander en la Red<\/em> se une al duelo por la muerte de la prominente cantante y actriz de teatro y de cine espa\u00f1ola do\u00f1a Mar\u00eda Dolores Pradera.<\/p>\n<p>&nbsp;<\/p>\n<p><a href=\"https:\/\/lapiedrafilosofal.com\/wp-content\/uploads\/2018\/06\/MARIA-DOLORES-PRADERA.jpg\"><img loading=\"lazy\" decoding=\"async\" class=\"alignnone size-full wp-image-26078\" src=\"https:\/\/lapiedrafilosofal.com\/wp-content\/uploads\/2018\/06\/MARIA-DOLORES-PRADERA.jpg\" alt=\"\" width=\"563\" height=\"479\" srcset=\"https:\/\/oscarhumbertogomez.com\/wp-content\/uploads\/2018\/06\/MARIA-DOLORES-PRADERA.jpg 563w, https:\/\/oscarhumbertogomez.com\/wp-content\/uploads\/2018\/06\/MARIA-DOLORES-PRADERA-300x255.jpg 300w\" sizes=\"auto, (max-width: 563px) 100vw, 563px\" \/><\/a><\/p>\n<p>&nbsp;<\/p>\n<p>Como actriz, la se\u00f1ora Mar\u00eda Dolores protagoniz\u00f3 las pel\u00edculas <strong>In\u00e9s de Castro<\/strong> (1944), de Manuel Augusto Garc\u00eda Vi\u00f1olas, <strong>Altar mayor<\/strong> (1944), de Gonzalo Delgr\u00e1s, <strong>Yo no me caso<\/strong> (1944), de Juan de Ordu\u00f1a, <strong>Noche decisiva<\/strong> (1945), de Julio de Fleischner, <strong>Los habitantes de la casa deshabitada<\/strong> (1946), de Gonzalo Delgr\u00e1s, <strong>Embrujo<\/strong> (1947), de Carlos Serrano de Osma, <strong>Tiempos felices<\/strong> (1950), de Enrique G\u00f3mez, <strong>Niebla y sol<\/strong> (1951), de Jos\u00e9 Mar\u00eda Forqu\u00e9, <strong>Vida en sombras<\/strong> (1952), de Lorenzo Llobet Gracia, <strong>Vuelo 971<\/strong> (1953), de Rafael J. Salvia, <strong>Fantas\u00eda espa\u00f1ola<\/strong> (1953), de Javier Set\u00f3, <strong>La danza de los deseos<\/strong> (1954), de Flori\u00e1n Rey, <strong>Zalaca\u00edn el aventurero<\/strong> (1955), de Juan de Ordu\u00f1a, <strong>Carlota<\/strong> (1958), de Enrique Cahen Salaberry, <strong>Hay alguien detr\u00e1s de la puerta<\/strong> (1960) de Tulio Demicheli, <strong>Cena de matrimonios<\/strong> (1962), de Alfonso Balc\u00e1zar, <strong>Lecci\u00f3n de Toledo<\/strong> (1966), de Jos\u00e9 Luis Borau y <strong>La orilla<\/strong> (1971), de Luis Lucia.<\/p>\n<p>&nbsp;<\/p>\n<p><a href=\"https:\/\/lapiedrafilosofal.com\/wp-content\/uploads\/2018\/06\/MARIA-DOLORES-PRADERA-I.jpg\"><img loading=\"lazy\" decoding=\"async\" class=\"alignnone size-full wp-image-26082\" src=\"https:\/\/lapiedrafilosofal.com\/wp-content\/uploads\/2018\/06\/MARIA-DOLORES-PRADERA-I.jpg\" alt=\"\" width=\"350\" height=\"500\" srcset=\"https:\/\/oscarhumbertogomez.com\/wp-content\/uploads\/2018\/06\/MARIA-DOLORES-PRADERA-I.jpg 350w, https:\/\/oscarhumbertogomez.com\/wp-content\/uploads\/2018\/06\/MARIA-DOLORES-PRADERA-I-210x300.jpg 210w\" sizes=\"auto, (max-width: 350px) 100vw, 350px\" \/><\/a><\/p>\n<p>&nbsp;<\/p>\n<p>En el teatro espa\u00f1ol protagoniz\u00f3 las obras <strong>Marido y medio<\/strong> (1950), de Fernando Fern\u00e1n G\u00f3mez, <strong>Todos eran mis hijos<\/strong> (1953), de Arthur Miller, <strong>Soledad<\/strong> (1953), de Miguel de Unamuno, <strong>Don Juan Tenorio<\/strong> (1954, 1955, 1956, 1961), de Jos\u00e9 Zorrilla, <strong>Cyrano de Bergerac<\/strong> (1955), de Edmond Rostand, <strong>Proceso de Jes\u00fas<\/strong> (1956), de Diego Fabbri, <strong>Los intereses creados<\/strong> (1956), de Jacinto Benavente, <strong>El jard\u00edn de los cerezos<\/strong> (1960), de Ant\u00f3n Ch\u00e9jov, <strong>El rinoceronte<\/strong> (1961), de Eug\u00e8ne Ionesco, <strong>La difunta<\/strong> (1962), de Miguel de Unamuno, <strong>Intermezzo<\/strong> (1965), de Jean Giraudoux, <strong>Mariana Pineda<\/strong> (1967), de Federico Garc\u00eda Lorca y <strong>C\u00e1ndida<\/strong> (1985), de George Bernard Shaw.<\/p>\n<p>&nbsp;<\/p>\n<p><a href=\"https:\/\/lapiedrafilosofal.com\/wp-content\/uploads\/2018\/06\/MARIA-DOLORES-PRADERA-3.jpg\"><img loading=\"lazy\" decoding=\"async\" class=\"alignnone size-large wp-image-26084\" src=\"https:\/\/lapiedrafilosofal.com\/wp-content\/uploads\/2018\/06\/MARIA-DOLORES-PRADERA-3-1024x576.jpg\" alt=\"\" width=\"640\" height=\"360\" srcset=\"https:\/\/oscarhumbertogomez.com\/wp-content\/uploads\/2018\/06\/MARIA-DOLORES-PRADERA-3-1024x576.jpg 1024w, https:\/\/oscarhumbertogomez.com\/wp-content\/uploads\/2018\/06\/MARIA-DOLORES-PRADERA-3-300x169.jpg 300w, https:\/\/oscarhumbertogomez.com\/wp-content\/uploads\/2018\/06\/MARIA-DOLORES-PRADERA-3-768x432.jpg 768w, https:\/\/oscarhumbertogomez.com\/wp-content\/uploads\/2018\/06\/MARIA-DOLORES-PRADERA-3.jpg 1280w\" sizes=\"auto, (max-width: 640px) 100vw, 640px\" \/><\/a><\/p>\n<p>&nbsp;<\/p>\n<p>Como cantante, la magn\u00edfica int\u00e9rprete grab\u00f3 una copiosa producci\u00f3n discogr\u00e1fica en la que estuvo acompa\u00f1ada principalmente por las magistrales guitarras del dueto <em><strong>Los Gemelos<\/strong><\/em>, integrado por los hermanos Santiago y Juli\u00e1n L\u00f3pez Hern\u00e1ndez.<\/p>\n<p>Entre su vasto repertorio se cuentan hermosas canciones latinoamericanas como <strong>Lime\u00f1a<\/strong>, de Augusto Polo Campos, y <strong>Fina estampa<\/strong>, de Chabuca Granda. Hemos escogido para esta nota la canci\u00f3n <strong>La ruana<\/strong>, de Luis Carlos Gonz\u00e1lez y Jos\u00e9 Mac\u00edas, precioso tema de nuestro folclor colombiano que exalta la colonizaci\u00f3n de Antioquia.<\/p>\n<p>&nbsp;<\/p>\n<p><a href=\"https:\/\/lapiedrafilosofal.com\/wp-content\/uploads\/2018\/06\/MARIA-DOLORES-PRADERA-4.jpg\"><img loading=\"lazy\" decoding=\"async\" class=\"alignnone size-full wp-image-26085\" src=\"https:\/\/lapiedrafilosofal.com\/wp-content\/uploads\/2018\/06\/MARIA-DOLORES-PRADERA-4.jpg\" alt=\"\" width=\"640\" height=\"238\" srcset=\"https:\/\/oscarhumbertogomez.com\/wp-content\/uploads\/2018\/06\/MARIA-DOLORES-PRADERA-4.jpg 640w, https:\/\/oscarhumbertogomez.com\/wp-content\/uploads\/2018\/06\/MARIA-DOLORES-PRADERA-4-300x112.jpg 300w\" sizes=\"auto, (max-width: 640px) 100vw, 640px\" \/><\/a><\/p>\n<p>&nbsp;<\/p>\n<p>Aqu\u00ed est\u00e1, pues, nuestro sencillo homenaje a esta mujer que tanto signific\u00f3 para tantos y cuya voz escuchamos por primera vez cuando a\u00fan transit\u00e1bamos por la ni\u00f1ez y observ\u00e1bamos cu\u00e1nto gustaba a los adultos.<\/p>\n<p>Que nuestro buen Hacedor la tenga en su gloria, maestra.<\/p>\n<p>&nbsp;<\/p>\n<p><a href=\"https:\/\/lapiedrafilosofal.com\/wp-content\/uploads\/2018\/06\/MARIA-DOLORES-PRADERA-5.jpg\"><img loading=\"lazy\" decoding=\"async\" class=\"alignnone size-full wp-image-26086\" src=\"https:\/\/lapiedrafilosofal.com\/wp-content\/uploads\/2018\/06\/MARIA-DOLORES-PRADERA-5.jpg\" alt=\"\" width=\"480\" height=\"360\" srcset=\"https:\/\/oscarhumbertogomez.com\/wp-content\/uploads\/2018\/06\/MARIA-DOLORES-PRADERA-5.jpg 480w, https:\/\/oscarhumbertogomez.com\/wp-content\/uploads\/2018\/06\/MARIA-DOLORES-PRADERA-5-300x225.jpg 300w\" sizes=\"auto, (max-width: 480px) 100vw, 480px\" \/><\/a><\/p>\n<p>&nbsp;<\/p>\n<p><span style=\"color: #000080;\"><strong>A MAR\u00cdA DOLORES PRADERA<\/strong><\/span><\/p>\n<p>&nbsp;<\/p>\n<p>Mar\u00eda Dolores Pradera,<br \/>\nArtista inmensa y querida<br \/>\nFlor de Espa\u00f1a, bienvenida<br \/>\nFuiste a mi tierra guerrera.<\/p>\n<p>Hoy ha partido quien fuera<br \/>\nSe\u00f1ora ilustre y o\u00edda<br \/>\nY alg\u00fan pedazo de vida<br \/>\nSe va con esa viajera.<\/p>\n<p>Se van vivencias de ni\u00f1o,<br \/>\nEl parque, el trompo, el cari\u00f1o,<br \/>\nEl patio, el millo, el amigo,<\/p>\n<p>Mas siempre queda la historia<br \/>\nY esta har\u00e1 que en mi memoria<br \/>\nSe quede siempre conmigo.<\/p>\n<p>&nbsp;<\/p>\n<p>\u00d3scar Humberto G\u00f3mez G\u00f3mez<\/p>\n<p>Ruitoque, Mesa de las Tempestades, \u00e1rea metropolitana de Bucaramanga. Santander (Colombia), Suram\u00e9rica. 2 de junio de 2018.<br \/>\n________<\/p>\n<p>&nbsp;<\/p>\n<p><a href=\"https:\/\/lapiedrafilosofal.com\/wp-content\/uploads\/2018\/06\/MARIA-DOLORES-PRADERA-6.jpg\"><img loading=\"lazy\" decoding=\"async\" class=\"alignnone size-full wp-image-26087\" src=\"https:\/\/lapiedrafilosofal.com\/wp-content\/uploads\/2018\/06\/MARIA-DOLORES-PRADERA-6.jpg\" alt=\"\" width=\"654\" height=\"479\" srcset=\"https:\/\/oscarhumbertogomez.com\/wp-content\/uploads\/2018\/06\/MARIA-DOLORES-PRADERA-6.jpg 654w, https:\/\/oscarhumbertogomez.com\/wp-content\/uploads\/2018\/06\/MARIA-DOLORES-PRADERA-6-300x220.jpg 300w\" sizes=\"auto, (max-width: 654px) 100vw, 654px\" \/><\/a><\/p>\n<p><iframe loading=\"lazy\" src=\"https:\/\/www.youtube-nocookie.com\/embed\/qF0Ub0Z7Aeo?rel=0&amp;controls=0&amp;showinfo=0\" width=\"560\" height=\"315\" frameborder=\"0\" allowfullscreen=\"allowfullscreen\"><\/iframe><\/p>\n<p><a href=\"https:\/\/lapiedrafilosofal.com\/wp-content\/uploads\/2018\/06\/MARIA-DOLORES-PRADERA-7.jpg\"><img loading=\"lazy\" decoding=\"async\" class=\"alignnone size-full wp-image-26088\" src=\"https:\/\/lapiedrafilosofal.com\/wp-content\/uploads\/2018\/06\/MARIA-DOLORES-PRADERA-7.jpg\" alt=\"\" width=\"660\" height=\"371\" srcset=\"https:\/\/oscarhumbertogomez.com\/wp-content\/uploads\/2018\/06\/MARIA-DOLORES-PRADERA-7.jpg 660w, https:\/\/oscarhumbertogomez.com\/wp-content\/uploads\/2018\/06\/MARIA-DOLORES-PRADERA-7-300x169.jpg 300w\" sizes=\"auto, (max-width: 660px) 100vw, 660px\" \/><\/a><\/p>\n<p>[<span style=\"color: #000080;\"><strong>FOTOGRAF\u00cdAS<\/strong><\/span>: Mar\u00eda Dolores Pradera en su juventud. El actor que aparece en dos de ellas es Fern\u00e1n G\u00f3mez].<\/p>\n<p>&nbsp;<\/p>\n","protected":false},"excerpt":{"rendered":"<p>NOTA DEL PORTAL: Santander en la Red se une al duelo por la muerte de la prominente cantante y actriz de teatro y de cine espa\u00f1ola do\u00f1a Mar\u00eda Dolores Pradera. &nbsp; &nbsp; Como actriz, la se\u00f1ora Mar\u00eda Dolores protagoniz\u00f3 las &hellip; <a href=\"https:\/\/oscarhumbertogomez.com\/?p=26077\">Sigue leyendo <span class=\"meta-nav\">&rarr;<\/span><\/a><\/p>\n<div class='heateorSssClear'><\/div><div  class='heateor_sss_sharing_container heateor_sss_horizontal_sharing' heateor-sss-data-href='https:\/\/oscarhumbertogomez.com\/?p=26077'><div class='heateor_sss_sharing_title' style=\"font-weight:bold\" >\u00a1Gracias por compartirla!<\/div><ul class=\"heateor_sss_sharing_ul\"><li class=\"heateorSssSharingRound\"><i style=\"width:35px;height:35px;border-radius:999px;\" alt=\"Facebook\" Title=\"Facebook\" class=\"heateorSssSharing heateorSssFacebookBackground\" onclick='heateorSssPopup(\"https:\/\/www.facebook.com\/sharer\/sharer.php?u=https%3A%2F%2Foscarhumbertogomez.com%2Findex.php%3Frest_route%3D%252Fwp%252Fv2%252Fposts%252F26077\")'><ss style=\"display:block;border-radius:999px;\" class=\"heateorSssSharingSvg heateorSssFacebookSvg\"><\/ss><\/i><\/li><li class=\"heateorSssSharingRound\"><i style=\"width:35px;height:35px;border-radius:999px;\" alt=\"Twitter\" Title=\"Twitter\" class=\"heateorSssSharing heateorSssTwitterBackground\" onclick='heateorSssPopup(\"http:\/\/twitter.com\/intent\/tweet?text=A%20Mar%C3%ADa%20Dolores%20Pradera.%20Por%20%C3%93scar%20Humberto%20G%C3%B3mez%20G%C3%B3mez&url=https%3A%2F%2Foscarhumbertogomez.com%2Findex.php%3Frest_route%3D%252Fwp%252Fv2%252Fposts%252F26077\")'><ss style=\"display:block;border-radius:999px;\" class=\"heateorSssSharingSvg heateorSssTwitterSvg\"><\/ss><\/i><\/li><li class=\"heateorSssSharingRound\"><i style=\"width:35px;height:35px;border-radius:999px;\" alt=\"Whatsapp\" Title=\"Whatsapp\" class=\"heateorSssSharing heateorSssWhatsappBackground\" onclick='heateorSssPopup(\"https:\/\/web.whatsapp.com\/send?text=A%20Mar%C3%ADa%20Dolores%20Pradera.%20Por%20%C3%93scar%20Humberto%20G%C3%B3mez%20G%C3%B3mez https%3A%2F%2Foscarhumbertogomez.com%2Findex.php%3Frest_route%3D%252Fwp%252Fv2%252Fposts%252F26077\")'><ss style=\"display:block\" class=\"heateorSssSharingSvg heateorSssWhatsappSvg\"><\/ss><\/i><\/li><li class=\"heateorSssSharingRound\"><i style=\"width:35px;height:35px;border-radius:999px;\" alt=\"Pinterest\" Title=\"Pinterest\" class=\"heateorSssSharing heateorSssPinterestBackground\" onclick=\"javascript:void( (function() {var e=document.createElement('script' );e.setAttribute('type','text\/javascript' );e.setAttribute('charset','UTF-8' );e.setAttribute('src','\/\/assets.pinterest.com\/js\/pinmarklet.js?r='+Math.random()*99999999);document.body.appendChild(e)})());\"><ss style=\"display:block;border-radius:999px;\" class=\"heateorSssSharingSvg heateorSssPinterestSvg\"><\/ss><\/i><\/li><li class=\"heateorSssSharingRound\"><i style=\"width:35px;height:35px;border-radius:999px;\" alt=\"Google Gmail\" Title=\"Google Gmail\" class=\"heateorSssSharing heateorSssGoogleGmailBackground\" onclick='heateorSssPopup(\"https:\/\/mail.google.com\/mail\/?ui=2&view=cm&fs=1&tf=1&su=A%20Mar%C3%ADa%20Dolores%20Pradera.%20Por%20%C3%93scar%20Humberto%20G%C3%B3mez%20G%C3%B3mez&body=Link:https%3A%2F%2Foscarhumbertogomez.com%2Findex.php%3Frest_route%3D%252Fwp%252Fv2%252Fposts%252F26077\")'><ss style=\"display:block;border-radius:999px;\" class=\"heateorSssSharingSvg heateorSssGoogleGmailSvg\"><\/ss><\/i><\/li><li class=\"heateorSssSharingRound\"><i style=\"width:35px;height:35px;border-radius:999px;\" title=\"More\" alt=\"More\" class=\"heateorSssSharing heateorSssMoreBackground\" onclick=\"heateorSssMoreSharingPopup(this, 'https:\/\/oscarhumbertogomez.com\/index.php?rest_route=%2Fwp%2Fv2%2Fposts%2F26077', 'A%20Mar%C3%ADa%20Dolores%20Pradera.%20Por%20%C3%93scar%20Humberto%20G%C3%B3mez%20G%C3%B3mez', '' )\" ><ss style=\"display:block\" class=\"heateorSssSharingSvg heateorSssMoreSvg\"><\/ss><\/i><\/li><\/ul><div class=\"heateorSssClear\"><\/div><\/div><div class='heateorSssClear'><\/div>","protected":false},"author":2,"featured_media":0,"comment_status":"closed","ping_status":"closed","sticky":false,"template":"","format":"standard","meta":{"spay_email":"","footnotes":""},"categories":[55,8],"tags":[],"class_list":["post-26077","post","type-post","status-publish","format-standard","hentry","category-cine-y-television","category-musica"],"jetpack_featured_media_url":"","jetpack_shortlink":"https:\/\/wp.me\/p1FYrr-6MB","_links":{"self":[{"href":"https:\/\/oscarhumbertogomez.com\/index.php?rest_route=\/wp\/v2\/posts\/26077","targetHints":{"allow":["GET"]}}],"collection":[{"href":"https:\/\/oscarhumbertogomez.com\/index.php?rest_route=\/wp\/v2\/posts"}],"about":[{"href":"https:\/\/oscarhumbertogomez.com\/index.php?rest_route=\/wp\/v2\/types\/post"}],"author":[{"embeddable":true,"href":"https:\/\/oscarhumbertogomez.com\/index.php?rest_route=\/wp\/v2\/users\/2"}],"replies":[{"embeddable":true,"href":"https:\/\/oscarhumbertogomez.com\/index.php?rest_route=%2Fwp%2Fv2%2Fcomments&post=26077"}],"version-history":[{"count":5,"href":"https:\/\/oscarhumbertogomez.com\/index.php?rest_route=\/wp\/v2\/posts\/26077\/revisions"}],"predecessor-version":[{"id":44541,"href":"https:\/\/oscarhumbertogomez.com\/index.php?rest_route=\/wp\/v2\/posts\/26077\/revisions\/44541"}],"wp:attachment":[{"href":"https:\/\/oscarhumbertogomez.com\/index.php?rest_route=%2Fwp%2Fv2%2Fmedia&parent=26077"}],"wp:term":[{"taxonomy":"category","embeddable":true,"href":"https:\/\/oscarhumbertogomez.com\/index.php?rest_route=%2Fwp%2Fv2%2Fcategories&post=26077"},{"taxonomy":"post_tag","embeddable":true,"href":"https:\/\/oscarhumbertogomez.com\/index.php?rest_route=%2Fwp%2Fv2%2Ftags&post=26077"}],"curies":[{"name":"wp","href":"https:\/\/api.w.org\/{rel}","templated":true}]}}