{"id":26423,"date":"2018-07-21T11:42:47","date_gmt":"2018-07-21T16:42:47","guid":{"rendered":"http:\/\/www.oscarhumbertogomez.com\/?p=26423"},"modified":"2025-03-20T20:55:04","modified_gmt":"2025-03-21T01:55:04","slug":"fue-desvelada-en-zipaquira-colombia-la-ofrenda-del-zipa-tisquesusa-de-antonio-frio-por-oscar-humberto-gomez-gomez-miembro-de-la-academia-de-historia-de-santander-miembro-del-colegio-nacional","status":"publish","type":"post","link":"https:\/\/oscarhumbertogomez.com\/?p=26423","title":{"rendered":"Fue desvelada en Zipaquir\u00e1, Colombia, &#8220;La ofrenda del zipa Tisquesusa&#8221;, de Antonio Fr\u00edo. Por \u00d3scar Humberto G\u00f3mez G\u00f3mez"},"content":{"rendered":"<div id=\"attachment_26424\" style=\"width: 778px\" class=\"wp-caption alignnone\"><a href=\"https:\/\/lapiedrafilosofal.com\/wp-content\/uploads\/2018\/07\/PHOTO-2018-07-20-20-21-06.jpg\"><img loading=\"lazy\" decoding=\"async\" aria-describedby=\"caption-attachment-26424\" class=\"size-full wp-image-26424\" src=\"https:\/\/lapiedrafilosofal.com\/wp-content\/uploads\/2018\/07\/PHOTO-2018-07-20-20-21-06.jpg\" alt=\"\" width=\"768\" height=\"1024\" srcset=\"https:\/\/oscarhumbertogomez.com\/wp-content\/uploads\/2018\/07\/PHOTO-2018-07-20-20-21-06.jpg 768w, https:\/\/oscarhumbertogomez.com\/wp-content\/uploads\/2018\/07\/PHOTO-2018-07-20-20-21-06-225x300.jpg 225w\" sizes=\"auto, (max-width: 768px) 100vw, 768px\" \/><\/a><p id=\"caption-attachment-26424\" class=\"wp-caption-text\">LA OFRENDA DEL ZIPA TISQUESUSA. Antonio Fr\u00edo. Zipaquir\u00e1, Colombia.<\/p><\/div>\n<p>&nbsp;<\/p>\n<p>&#8220;Y todo esto pas\u00f3 con nosotros.<br \/>\nNosotros lo vimos,<br \/>\nnosotros lo admiramos.<br \/>\nCon esta lamentosa y triste suerte<br \/>\nnos vimos angustiados.<\/p>\n<p>En los caminos yacen dardos rotos,<br \/>\nlos cabellos est\u00e1n esparcidos.<br \/>\nDestechadas est\u00e1n las casas,<br \/>\nenrojecidos tienen sus muros.<\/p>\n<p>Gusanos pululan por calles y plazas,<br \/>\ny en las paredes est\u00e1n salpicados los sesos.<br \/>\nRojas est\u00e1n las aguas, est\u00e1n como te\u00f1idas,<br \/>\ny cuando las bebimos,<br \/>\nes como si bebi\u00e9ramos agua de salitre.<\/p>\n<p>Golpe\u00e1bamos, en tanto, los muros de adobe,<br \/>\ny era nuestra herencia una red de agujeros.<br \/>\nCon los escudos fue su resguardo, pero<br \/>\nni con escudos puede ser sostenida su soledad.<\/p>\n<p>Hemos comido palos de color\u00edn,<br \/>\nhemos masticado grama salitrosa,<br \/>\npiedras de adobe, lagartijas,<br \/>\nratones, tierra en polvo, gusanos . . .<br \/>\nComimos la carne apenas,<br \/>\nsobre el fuego estaba puesta.<br \/>\nCuando estaba cocida la carne,<br \/>\nde all\u00ed la arrebataban,<br \/>\nen el fuego mismo, la com\u00edan.<\/p>\n<p>Se nos puso precio.<br \/>\nPrecio del joven, del sacerdote,<br \/>\ndel ni\u00f1o y de la doncella.<\/p>\n<p>Basta: de un pobre era el precio<br \/>\ns\u00f3lo dos pu\u00f1ados de ma\u00edz,<br \/>\ns\u00f3lo diez tortas de mosco;<br \/>\ns\u00f3lo era nuestro precio veinte tortas de grama salitrosa.<\/p>\n<p>Oro, jades, mantas ricas,<br \/>\nplumajes de quetzal,<br \/>\ntodo eso que es precioso,<br \/>\nen nada fue estimado . . .&#8221;.<\/p>\n<p>(<em>Visi\u00f3n de los vencidos.<\/em> Los \u00faltimos d\u00edas del sitio de Tenochtitlan. Manuscrito an\u00f3nimo de Tlatetolco. 1528. Biblioteca Nacional de M\u00e9xico).<\/p>\n<p>&nbsp;<\/p>\n<p>Exceptuando quiz\u00e1s relatos como \u00e9ste, inserto en la obra <em>Visi\u00f3n de los vencidos<\/em>, de Miguel Le\u00f3n Portilla, la historia siempre la han narrado los vencedores.<\/p>\n<p>La conquista espa\u00f1ola de los territorios donde hoy se asienta nuestra naci\u00f3n colombiana no fue la excepci\u00f3n. El genocidio de las naciones ind\u00edgenas afincadas en la hoy Colombia, por parte de quienes llegaron aqu\u00ed procedentes de Europa, armados de bulas papales, arcabuces, ca\u00f1ones, perros feroces, leguleyos, habilidades para el enga\u00f1o y una inagotable codicia, fue relatado en un principio por los mismos espa\u00f1oles y, m\u00e1s tarde, por cronistas nacidos aqu\u00ed, pero m\u00e1s interesados en rendirle culto a la grandeza de la poderosa Espa\u00f1a que en relatar con objetividad el silenciado punto de vista de los despojados.<\/p>\n<p>Lo cierto es que, finalmente, los implacables invasores de la hoy Am\u00e9rica hispana se impusieron gracias a su inmenso poder\u00edo militar mientras que los vencidos desaparecieron de la faz de la tierra o fueron literalmente diluidos, sin pena ni gloria, en la anodina cotidianidad de un forzoso mestizaje.<\/p>\n<p>&nbsp;<\/p>\n<div id=\"attachment_26425\" style=\"width: 778px\" class=\"wp-caption alignnone\"><a href=\"https:\/\/lapiedrafilosofal.com\/wp-content\/uploads\/2018\/07\/PHOTO-2018-07-20-20-21-06-copia.jpg\"><img loading=\"lazy\" decoding=\"async\" aria-describedby=\"caption-attachment-26425\" class=\"size-full wp-image-26425\" src=\"https:\/\/lapiedrafilosofal.com\/wp-content\/uploads\/2018\/07\/PHOTO-2018-07-20-20-21-06-copia.jpg\" alt=\"\" width=\"768\" height=\"1024\" srcset=\"https:\/\/oscarhumbertogomez.com\/wp-content\/uploads\/2018\/07\/PHOTO-2018-07-20-20-21-06-copia.jpg 768w, https:\/\/oscarhumbertogomez.com\/wp-content\/uploads\/2018\/07\/PHOTO-2018-07-20-20-21-06-copia-225x300.jpg 225w\" sizes=\"auto, (max-width: 768px) 100vw, 768px\" \/><\/a><p id=\"caption-attachment-26425\" class=\"wp-caption-text\">LA OFRENDA DEL ZIPA TISQUESUSA. Antonio Fr\u00edo. Zipaquir\u00e1, Colombia.<\/p><\/div>\n<p>&nbsp;<\/p>\n<p>Juan de Castellanos fue, adem\u00e1s de fundador de Valledupar, un exhaustivo, po\u00e9tico y talentoso cronista espa\u00f1ol que tuvo las caracter\u00edsticas adicionales de ser militar, explorador y sacerdote, lo que le permiti\u00f3 no solo pertenecer a las tropas conquistadores, sino preocuparse por observar, escuchar y escribir notas personales que m\u00e1s tarde le posibilitaron narrar la colosal epopeya de la Conquista en su enorme obra <em>Eleg\u00edas de varones ilustres de Indias<\/em>. Narrarla, claro est\u00e1, desde el punto de vista de la Espa\u00f1a conquistadora y triunfante.<\/p>\n<p>En la Cuarta Parte de aquella extensa obra \u2014que el autor escribir\u00e1 primero en prosa, para luego, desplegando una labor que le consumir\u00e1 diez a\u00f1os de su existencia, pasarla a versos\u2014, relata la conquista de Bogot\u00e1, Tunja y sus alrededores bajo el nombre de&nbsp;<em>Historia del Nuevo Reino de Granada<\/em>.<\/p>\n<p>Despu\u00e9s aparecieron otros cronistas, como Pedro de Aguado, Pedro Sim\u00f3n o Lucas Fern\u00e1ndez de Piedrahita, que fueron complementando aquella magna obra de Castellanos, convertida en referente obligado de los futuros historiadores. Nuestra historia ind\u00edgena terminaron escribi\u00e9ndola, pues, los espa\u00f1oles. Incluso, Gonzalo Jim\u00e9nez de Quesada, el fundador de Bogot\u00e1, escribi\u00f3 y relat\u00f3 diversos aspectos de su propia obra conquistadora.<\/p>\n<p>&nbsp;<\/p>\n<div id=\"attachment_26462\" style=\"width: 531px\" class=\"wp-caption alignnone\"><a href=\"https:\/\/lapiedrafilosofal.com\/wp-content\/uploads\/2018\/07\/ELEGIA-DE-VARONES-ILUSTRES.jpg\"><img loading=\"lazy\" decoding=\"async\" aria-describedby=\"caption-attachment-26462\" class=\"size-full wp-image-26462\" src=\"https:\/\/lapiedrafilosofal.com\/wp-content\/uploads\/2018\/07\/ELEGIA-DE-VARONES-ILUSTRES.jpg\" alt=\"\" width=\"521\" height=\"750\" srcset=\"https:\/\/oscarhumbertogomez.com\/wp-content\/uploads\/2018\/07\/ELEGIA-DE-VARONES-ILUSTRES.jpg 521w, https:\/\/oscarhumbertogomez.com\/wp-content\/uploads\/2018\/07\/ELEGIA-DE-VARONES-ILUSTRES-208x300.jpg 208w\" sizes=\"auto, (max-width: 521px) 100vw, 521px\" \/><\/a><p id=\"caption-attachment-26462\" class=\"wp-caption-text\">PORTADA DEL LIBRO &#8220;ELEG\u00cdAS DE VARONES ILUSTRES DE INDIAS&#8221;, DE JUAN DE CASTELLANOS<\/p><\/div>\n<p>&nbsp;<\/p>\n<div id=\"attachment_26465\" style=\"width: 730px\" class=\"wp-caption alignnone\"><a href=\"https:\/\/lapiedrafilosofal.com\/wp-content\/uploads\/2018\/07\/PORTADA-DE-LA-OBRA-DE-PEDRO-DE-AGUADO.jpg\"><img loading=\"lazy\" decoding=\"async\" aria-describedby=\"caption-attachment-26465\" class=\"size-full wp-image-26465\" src=\"https:\/\/lapiedrafilosofal.com\/wp-content\/uploads\/2018\/07\/PORTADA-DE-LA-OBRA-DE-PEDRO-DE-AGUADO.jpg\" alt=\"\" width=\"720\" height=\"540\" srcset=\"https:\/\/oscarhumbertogomez.com\/wp-content\/uploads\/2018\/07\/PORTADA-DE-LA-OBRA-DE-PEDRO-DE-AGUADO.jpg 720w, https:\/\/oscarhumbertogomez.com\/wp-content\/uploads\/2018\/07\/PORTADA-DE-LA-OBRA-DE-PEDRO-DE-AGUADO-300x225.jpg 300w\" sizes=\"auto, (max-width: 720px) 100vw, 720px\" \/><\/a><p id=\"caption-attachment-26465\" class=\"wp-caption-text\">PORTADA DE LA OBRA &#8220;HISTORIA DE LA PROVINCIA DE SANCTA (sic) MARTA Y NUEVO REINO DE GRANADA&#8221;, DE PEDRO DE AGUADO<\/p><\/div>\n<p>&nbsp;<\/p>\n<div id=\"attachment_26464\" style=\"width: 571px\" class=\"wp-caption alignnone\"><a href=\"https:\/\/lapiedrafilosofal.com\/wp-content\/uploads\/2018\/07\/PEDRO-SIMON-.jpg\"><img loading=\"lazy\" decoding=\"async\" aria-describedby=\"caption-attachment-26464\" class=\"size-full wp-image-26464\" src=\"https:\/\/lapiedrafilosofal.com\/wp-content\/uploads\/2018\/07\/PEDRO-SIMON-.jpg\" alt=\"\" width=\"561\" height=\"900\" srcset=\"https:\/\/oscarhumbertogomez.com\/wp-content\/uploads\/2018\/07\/PEDRO-SIMON-.jpg 561w, https:\/\/oscarhumbertogomez.com\/wp-content\/uploads\/2018\/07\/PEDRO-SIMON--187x300.jpg 187w\" sizes=\"auto, (max-width: 561px) 100vw, 561px\" \/><\/a><p id=\"caption-attachment-26464\" class=\"wp-caption-text\">PORTADA DEL LIBRO &#8220;NOTICIAS HISTORIALES DE LAS CONQUISTAS DE TIERRA FIRME EN LAS INDIAS OCCIDENTALES&#8221;, DE PEDRO SIM\u00d3N<\/p><\/div>\n<p>&nbsp;<\/p>\n<div id=\"attachment_26466\" style=\"width: 1213px\" class=\"wp-caption alignnone\"><a href=\"https:\/\/lapiedrafilosofal.com\/wp-content\/uploads\/2018\/07\/PORTADA-DEL-LIBRO-DE-LUCAS-FERNANDEZ-DE-PIEDRAHITA.jpeg\"><img loading=\"lazy\" decoding=\"async\" aria-describedby=\"caption-attachment-26466\" class=\"size-full wp-image-26466\" src=\"https:\/\/lapiedrafilosofal.com\/wp-content\/uploads\/2018\/07\/PORTADA-DEL-LIBRO-DE-LUCAS-FERNANDEZ-DE-PIEDRAHITA.jpeg\" alt=\"\" width=\"1203\" height=\"1809\" srcset=\"https:\/\/oscarhumbertogomez.com\/wp-content\/uploads\/2018\/07\/PORTADA-DEL-LIBRO-DE-LUCAS-FERNANDEZ-DE-PIEDRAHITA.jpeg 1203w, https:\/\/oscarhumbertogomez.com\/wp-content\/uploads\/2018\/07\/PORTADA-DEL-LIBRO-DE-LUCAS-FERNANDEZ-DE-PIEDRAHITA-200x300.jpeg 200w, https:\/\/oscarhumbertogomez.com\/wp-content\/uploads\/2018\/07\/PORTADA-DEL-LIBRO-DE-LUCAS-FERNANDEZ-DE-PIEDRAHITA-768x1155.jpeg 768w, https:\/\/oscarhumbertogomez.com\/wp-content\/uploads\/2018\/07\/PORTADA-DEL-LIBRO-DE-LUCAS-FERNANDEZ-DE-PIEDRAHITA-681x1024.jpeg 681w\" sizes=\"auto, (max-width: 1203px) 100vw, 1203px\" \/><\/a><p id=\"caption-attachment-26466\" class=\"wp-caption-text\">PORTADA DEL LIBRO &#8220;HISTORIA GENERAL DE LAS CONQUISTAS DEL NUEVO REYNO (sic) DE GRANADA&#8221;, DE LUCAS FERN\u00c1NDEZ DE PIEDRAHITA<\/p><\/div>\n<p>&nbsp;<\/p>\n<div id=\"attachment_26495\" style=\"width: 541px\" class=\"wp-caption alignnone\"><a href=\"https:\/\/lapiedrafilosofal.com\/wp-content\/uploads\/2018\/07\/GONZALO-JIMENEZ-DE-QUESADA.jpg\"><img loading=\"lazy\" decoding=\"async\" aria-describedby=\"caption-attachment-26495\" class=\"size-full wp-image-26495\" src=\"https:\/\/lapiedrafilosofal.com\/wp-content\/uploads\/2018\/07\/GONZALO-JIMENEZ-DE-QUESADA.jpg\" alt=\"\" width=\"531\" height=\"775\" srcset=\"https:\/\/oscarhumbertogomez.com\/wp-content\/uploads\/2018\/07\/GONZALO-JIMENEZ-DE-QUESADA.jpg 531w, https:\/\/oscarhumbertogomez.com\/wp-content\/uploads\/2018\/07\/GONZALO-JIMENEZ-DE-QUESADA-206x300.jpg 206w\" sizes=\"auto, (max-width: 531px) 100vw, 531px\" \/><\/a><p id=\"caption-attachment-26495\" class=\"wp-caption-text\">GONZALO JIM\u00c9NEZ DE QUESADA (Retrato. Autor an\u00f3nimo. Palacio Li\u00e9vano. Bogot\u00e1). En 1576 public\u00f3 su libro Memoria de los Descubridores, que entraron conmigo a descubrir y conquistar el Reino de Granada.<\/p><\/div>\n<p>&nbsp;<\/p>\n<p>Pues bien: en el Canto Primero de la <em>Historia del Nuevo Reino de Granada<\/em> se lee lo siguiente:<\/p>\n<p>&nbsp;<\/p>\n<p>&#8220;De manera que solamente saben<br \/>\ny aun no sin variar en sus razones,<br \/>\ncosas acontescidas (sic) poco antes<br \/>\nque los nuestros entrasen en su tierra;<br \/>\nde las cuales habemos colegido<br \/>\n<strong>que lo que llaman Bogot\u00e1 los nuestros<\/strong><br \/>\nse dice Bacat\u00e1, que decir quiere<br \/>\n<em>remate de labranzas<\/em>, y es el nombre,<br \/>\n<strong>no del cacique, sino de la tierra<\/strong>.<\/p>\n<p>Y el pen\u00faltimo rey de sus provincias<br \/>\ndicen que se llama Nemequene,<br \/>\nque es <em>hueso de le\u00f3n<\/em> en su lenguaje;<br \/>\ny <strong>el que reinaba quando<\/strong> (sic) <strong>los cristianos<\/strong><br \/>\n<strong>llegaron, se dec\u00eda Thisquesuzha<\/strong>,<br \/>\nque es <em>cosa noble puesta sobre frente<\/em>&#8220;.<\/p>\n<p>&#8220;Al fin, despu\u00e9s de muerto Nemequene,<br \/>\n<strong>qued\u00f3 por sucesor en el Estado<\/strong><br \/>\n<strong> su sobrino llamado Thisquesuzha<\/strong>,<br \/>\nel cual a la saz\u00f3n era cacique<br \/>\nde Ch\u00eda, donde dicen que procede<br \/>\nel rey de Bogot\u00e1, y ans\u00ed primero<br \/>\nque goce del primero se\u00f1or\u00edo,<br \/>\nha de ser el de Ch\u00eda su principio&#8221;.<\/p>\n<p>&#8221; (&#8230;) y que para defensa de las tierras<br \/>\nconven\u00eda ser hombres continentes,<br \/>\nporque las a\u00f1agazas de mujeres<br \/>\nlos hacen descuidados y remisos,<br \/>\ny algunas veces ser acobardados.<br \/>\n<strong>Destos nunca di\u00f3 muestras Thisquesuzha<\/strong>,<\/p>\n<p>(&#8230;)&#8221;. (Negrillas fuera de texto. Cursivas en el texto).<\/p>\n<p>&nbsp;<\/p>\n<p>Sobre la &#8220;<strong>Muerte de Tisquesusa<\/strong>&#8220;, leemos en <em>Reportaje de la Historia de Colombia<\/em>:<\/p>\n<p>&nbsp;<\/p>\n<p>&#8220;El relato de Pedro de Aguado presenta uno de los incidentes m\u00e1s tr\u00e1gicos de la ca\u00edda de los chibchas: la forma como murieron los dos \u00faltimos caciques, Tisquesusa y Sagipa o Saquesagipa. En la primera parte vemos c\u00f3mo los espa\u00f1oles tratan de capturar a Tisquesusa, quien se ha refugiado en la casa de monte para escapar a las exacciones de aquellos. Aguado nos muestra, adem\u00e1s, los intentos de resistencia hechos por los ind\u00edgenas, hasta el momento en que el cacique, huyendo en la noche, cae bajo la lanza de un espa\u00f1ol que pens\u00f3 dar muerte a uno m\u00e1s de los indios&#8221;. (<em>Reportaje de la Historia de Colombia<\/em>. 158 documentos y relatos de testigos presenciales sobre hechos ocurridos en 5 siglos. Selecci\u00f3n y presentaci\u00f3n: Jorge Orlando Melo. Historiador de las Universidades de North Carolina y Oxford. Editorial Planeta. Bogot\u00e1. 1989, p. 79).<\/p>\n<p>&nbsp;<\/p>\n<div id=\"attachment_26435\" style=\"width: 1618px\" class=\"wp-caption alignnone\"><a href=\"https:\/\/lapiedrafilosofal.com\/wp-content\/uploads\/2018\/07\/JORGE-ORLANDO-MELO.jpg\"><img loading=\"lazy\" decoding=\"async\" aria-describedby=\"caption-attachment-26435\" class=\"size-full wp-image-26435\" src=\"https:\/\/lapiedrafilosofal.com\/wp-content\/uploads\/2018\/07\/JORGE-ORLANDO-MELO.jpg\" alt=\"\" width=\"1608\" height=\"2487\" srcset=\"https:\/\/oscarhumbertogomez.com\/wp-content\/uploads\/2018\/07\/JORGE-ORLANDO-MELO.jpg 1608w, https:\/\/oscarhumbertogomez.com\/wp-content\/uploads\/2018\/07\/JORGE-ORLANDO-MELO-194x300.jpg 194w, https:\/\/oscarhumbertogomez.com\/wp-content\/uploads\/2018\/07\/JORGE-ORLANDO-MELO-768x1188.jpg 768w, https:\/\/oscarhumbertogomez.com\/wp-content\/uploads\/2018\/07\/JORGE-ORLANDO-MELO-662x1024.jpg 662w\" sizes=\"auto, (max-width: 1608px) 100vw, 1608px\" \/><\/a><p id=\"caption-attachment-26435\" class=\"wp-caption-text\">PORTADA DE LA M\u00c1S RECIENTE OBRA DEL CONNOTADO HISTORIADOR COLOMBIANO JORGE ORLANDO MELO<\/p><\/div>\n<p>&nbsp;<\/p>\n<p>Juan de Castellanos fue el primero que habl\u00f3 del Zipa Tisquesusa. Por haberlo sido, ahora se afirma por algunos que ese zipa no existi\u00f3, ya que &#8220;en documentos anteriores&#8221; a la obra del famoso cronista no aparece mencionado.<\/p>\n<p>Quienes tal cosa se atreven a aseverar confunden cosas tan distintas como la de que alguien no haya existido y la de que alguien <strong>se haya llamado de otra manera<\/strong>. Y es que quienes hablan de la &#8220;inexistencia&#8221; del Zipa Tisquesusa terminan reconociendo que, simplemente, era el mismo Zipa Bacat\u00e1, nombre este que los ind\u00edgenas daban a la hoy Bogot\u00e1.<\/p>\n<p>Pues bien:<\/p>\n<p>Un concejal de Zipaquir\u00e1 ha publicado en <em>Youtube<\/em> un video en el que, pr\u00e1cticamente, ridiculiza la figura hist\u00f3rica del zipa Tisquesusa. Lo hace a partir de una nota aparecida en el diario <em>El Espectador<\/em> y de una entrevista que le hace al se\u00f1or secretario de la Academia de Historia de Cundinamarca.<\/p>\n<p>Empero, en dicha nota \u2014que, en el fondo, apunta a se\u00f1alar lo mismo que se\u00f1ala el se\u00f1or secretario\u2014 no dice que el zipa Tisquesusa no haya existido. Para verificarlo, basta con reproducir el texto del art\u00edculo. Lo que dice es lo siguiente:<\/p>\n<p>&nbsp;<\/p>\n<p>&#8220;Un litigio en el Consejo de Estado fue la excusa perfecta para recordarnos que muchas veces la historia no ocurri\u00f3 como nos la cuentan. En virtud de un proceso que se adelanta por una solicitud presentada por el Banco de la Rep\u00fablica para que se anule el registro de la marca Tisquesusa, al Consejo de Estado lleg\u00f3 un oficio en el que el Instituto Colombiano de Antropolog\u00eda e Historia (Icanh) sostiene que no hay ning\u00fan registro oficial de que a mediados del siglo XVI hubiera existido un cacique llamado as\u00ed. <strong>Al parecer<\/strong>, el nombre Tisquesusa fue una invenci\u00f3n del cronista espa\u00f1ol Juan de Castellanos <strong>para referirse al cacique de Bogot\u00e1<\/strong>.<\/p>\n<p>En el oficio, conocido por El Espectador, el Icanh sostiene que, con respecto a este cacique, \u201c<strong>es dif\u00edcil<\/strong> establecer si Tisquesusa fue <strong>su nombre real<\/strong> (&#8230;) En todos los documentos disponibles <strong>se le llama Bogot\u00e1<\/strong>, no Tisquesusa. <strong>Al parecer este fue su nombre real<\/strong>. El zipa combati\u00f3 contra los conquistadores en varias ocasiones hasta que result\u00f3 herido de muerte, probablemente, a comienzos de 1538\u201d.<\/p>\n<p>Los espa\u00f1oles crearon toda una serie de leyendas alrededor de la muerte del <strong>cacique de Bogot\u00e1<\/strong>, de la que se enteraron varios meses despu\u00e9s de ocurrida. Entonces, tras su muerte \u201cse generaron leyendas como que hab\u00eda sido enterrado con grandes cantidades de oro\u201d. Esto le cost\u00f3 la vida a su sucesor, un zipa llamado Sagipa, quien pese a haber negociado la paz con los espa\u00f1oles en 1539, fue traicionado y acusado de \u201cno querer revelar el lugar del entierro y fue torturado por esta raz\u00f3n hasta la muerte\u201d.<\/p>\n<p>El documento agrega que \u201cmuchos a\u00f1os despu\u00e9s, en 1590, el sacerdote y cronista Juan de Castellanos, en su obra Eleg\u00edas de varones ilustres de Indias, cambi\u00f3 el nombre de Bogot\u00e1 por el de Tisquesusa y <strong>se ignora de d\u00f3nde tom\u00f3 este dato<\/strong>. <strong>Es posible que haya sido de alguna tradici\u00f3n oral de la \u00e9poca<\/strong>. A partir de ese momento los cronistas \u2014como el franciscano Pedro Sim\u00f3n\u2014 tomaron como cierto este dato y <strong>empezaron a llamar a este jefe Tisquesusa \u2014en lugar de Bogot\u00e1\u2014 y as\u00ed fue como en la tradici\u00f3n hist\u00f3rica de Colombia se perpetu\u00f3 ese nombre<\/strong>\u201d.<\/p>\n<p>El informe, firmado por el director del Icanh, Fabi\u00e1n Sanabria, y proyectado por el profesor Jorge Gamboa, ya hace parte del proceso al final del cual el Consejo de Estado debe definir si anula o no el registro de esta marca que, de acuerdo con el Banco de la Rep\u00fablica, no debi\u00f3 haberse realizado puesto que \u201c<strong>la marca Tisquesusa no es susceptible de registro por cuanto est\u00e1 conformado <\/strong>(sic)<strong> por nombres, caracteres y s\u00edmbolos de comunidades ind\u00edgenas y ancestrales del pa\u00eds<\/strong>\u201d. (Negrillas fuera de texto).<\/p>\n<p>&nbsp;<\/p>\n<p>Como se observa, el informe no niega la existencia del zipa Tisquesusa, sino que se limita a indicar que ese&nbsp;<strong>pudo no ser<\/strong> su verdadero nombre. Ni siquiera esto \u00faltimo lo asevera con la contundencia que se le endilga.<\/p>\n<p>&nbsp;<\/p>\n<div id=\"attachment_26426\" style=\"width: 778px\" class=\"wp-caption alignnone\"><a href=\"https:\/\/lapiedrafilosofal.com\/wp-content\/uploads\/2018\/07\/PHOTO-2018-07-20-20-21-06-copia-2.jpg\"><img loading=\"lazy\" decoding=\"async\" aria-describedby=\"caption-attachment-26426\" class=\"size-full wp-image-26426\" src=\"https:\/\/lapiedrafilosofal.com\/wp-content\/uploads\/2018\/07\/PHOTO-2018-07-20-20-21-06-copia-2.jpg\" alt=\"\" width=\"768\" height=\"1024\" srcset=\"https:\/\/oscarhumbertogomez.com\/wp-content\/uploads\/2018\/07\/PHOTO-2018-07-20-20-21-06-copia-2.jpg 768w, https:\/\/oscarhumbertogomez.com\/wp-content\/uploads\/2018\/07\/PHOTO-2018-07-20-20-21-06-copia-2-225x300.jpg 225w\" sizes=\"auto, (max-width: 768px) 100vw, 768px\" \/><\/a><p id=\"caption-attachment-26426\" class=\"wp-caption-text\">LA OFRENDA DEL ZIPA TISQUESUSA. Antonio Fr\u00edo. Zipaquir\u00e1, Colombia.<\/p><\/div>\n<p>&nbsp;<\/p>\n<p>Que el zipa de Bogot\u00e1 se llamara Bogot\u00e1 es m\u00e1s improbable que el hecho de que tuviese un nombre propio diferente al del lugar de donde era zipa. Lo que se quiso significar fue, entonces, simple y llanamente, que quien ejerc\u00eda el poder pol\u00edtico en aquel lugar que los ind\u00edgenas denominaban Bacat\u00e1 se llamaba Tisquesusa.<\/p>\n<p>&nbsp;<\/p>\n<p>Ahora bien: se critica que el zipa Tisquesusa, o el zipa de Bogot\u00e1, o el zipa de Bacat\u00e1, o el zipa Bogot\u00e1, o el zipa Bacat\u00e1, en todo caso ni naci\u00f3, ni vivi\u00f3, ni muri\u00f3 en Zipaquir\u00e1 y que, por ello, esta ciudad no tiene por qu\u00e9 exaltar su memoria, pues el personaje no tiene relaci\u00f3n alguna con Zipaquir\u00e1.<\/p>\n<p>El yerro, desde luego, es monumental. Este zipa era el que, <strong>como autoridad aborigen<\/strong>, gobernaba <strong>sobre toda aquella zona geogr\u00e1fica antes de que llegaran a estas tierras los conquistadores extranjeros<\/strong>, y,por ende, no es cierto que carezca de relaci\u00f3n con la actual tierra zipaquire\u00f1a. Al contrario, tiene una estrecha relaci\u00f3n. La misma que Sim\u00f3n Bol\u00edvar tiene con todos y cada uno de los lugares de este pa\u00eds, independientemente de que jam\u00e1s haya pisado siquiera alguno de ellos. Negarlo constituir\u00eda una visi\u00f3n miope y torpe de la significaci\u00f3n hist\u00f3rica y sociocultural del personaje. Todos los mexicanos, por ejemplo, honran la memoria del cura de Dolores, Miguel Hidalgo, independientemente de en qu\u00e9 lugares de M\u00e9xico haya estado o en cu\u00e1les no. Ning\u00fan norteamericano osar\u00eda desconocer a George Washington solamente porque no haya nacido en su pueblo natal, o no haya vivido en \u00e9l, o en \u00e9l no haya muerto. Lo mismo acontece con los franceses y Napole\u00f3n Bonaparte, con los suizos y Guillermo Tell, o con los espa\u00f1oles y Miguel de Cervantes Saavedra. Tisquesusa es patrimonio hist\u00f3rico y cultural <strong>de toda la naci\u00f3n colombiana<\/strong>.<\/p>\n<p>Pero, adem\u00e1s, el nombre del municipio de <strong>Zipa<\/strong>-quiz\u00e1, por ser pr\u00e1cticamente el \u00fanico del pa\u00eds que honra al zipa, m\u00e1s que ninguno debe estar \u00edntimamente asociado a la memoria de este dirigente nacional de la Colombia precolombiana y quien, a la llegada de los conquistadores, encarnaba la soberan\u00eda de la gran naci\u00f3n muisca, soberan\u00eda que Espa\u00f1a no respet\u00f3 y, antes por el contrario, arras\u00f3 con el poder de la abrumadora supremac\u00eda militar que ostentaba.<\/p>\n<p>En otras palabras, exist\u00edan varios cacicazgos, ninguno con asiento en Zipaquir\u00e1, pero todos ten\u00edan como autoridad pol\u00edtica precolombina al Zipa de Bacat\u00e1, esto es, al personaje hist\u00f3rico a quien Juan de Castellanos identifica con el nombre de Tisquesusa.<\/p>\n<p>Obviamente, se entiende que, para redactar su voluminosa obra, el famoso cronista fue apuntando todo aquello que ve\u00eda y escuchaba, por lo cual sus fuentes eran orales. Pero de ah\u00ed, a decir que se invent\u00f3 el nombre de Tisquesusa va mucho trecho. Y lo hay m\u00e1s, por supuesto, de ah\u00ed a decir que se invent\u00f3 el personaje como tal.<\/p>\n<p>Invenci\u00f3n que, por lo dem\u00e1s, carecer\u00eda de toda l\u00f3gica, pues el cronista simplemente estaba relatando los pormenores de la Conquista de estos territorios por Espa\u00f1a y no se ve qu\u00e9 raz\u00f3n pod\u00eda tener para que a un personaje llamado &#8220;Bogot\u00e1&#8221;, autoridad m\u00e1xima de &#8220;Bogot\u00e1&#8221; \u2014curiosa coincidencia\u2014, lo llamara Tisquesusa.<\/p>\n<p>&nbsp;<\/p>\n<div id=\"attachment_26427\" style=\"width: 778px\" class=\"wp-caption alignnone\"><a href=\"https:\/\/lapiedrafilosofal.com\/wp-content\/uploads\/2018\/07\/PHOTO-2018-07-20-20-21-06-2.jpg\"><img loading=\"lazy\" decoding=\"async\" aria-describedby=\"caption-attachment-26427\" class=\"size-full wp-image-26427\" src=\"https:\/\/lapiedrafilosofal.com\/wp-content\/uploads\/2018\/07\/PHOTO-2018-07-20-20-21-06-2.jpg\" alt=\"\" width=\"768\" height=\"1024\" srcset=\"https:\/\/oscarhumbertogomez.com\/wp-content\/uploads\/2018\/07\/PHOTO-2018-07-20-20-21-06-2.jpg 768w, https:\/\/oscarhumbertogomez.com\/wp-content\/uploads\/2018\/07\/PHOTO-2018-07-20-20-21-06-2-225x300.jpg 225w\" sizes=\"auto, (max-width: 768px) 100vw, 768px\" \/><\/a><p id=\"caption-attachment-26427\" class=\"wp-caption-text\">LA OFRENDA DEL ZIPA TISQUESUSA. Antonio Fr\u00edo. Zipaquir\u00e1, Colombia.<\/p><\/div>\n<p>&nbsp;<\/p>\n<p>M\u00e1s all\u00e1 del debate, que refleja la pugnacidad pol\u00edtica con que se aborda todo en este pa\u00eds, la Alcald\u00eda de Zipaquir\u00e1 y la empresa de econom\u00eda mixta Catedral de Sal han hecho posible la producci\u00f3n, instalaci\u00f3n y desvelado, el pasado 18 de julio, con ocasi\u00f3n del centenario de la ciudad, de la obra del maestro Antonio Fr\u00edo &#8220;<strong>LA OFRENDA DEL ZIPA TISQUESUSA<\/strong>&#8220;. Este monumento presidir\u00e1 el que se llamar\u00e1 <em>Paseo de los zipas<\/em>.<\/p>\n<p>Adem\u00e1s de representar al personaje, en la cl\u00e1sica postura de ofrenda al Sol \u2014no debe olvidarse que nuestros abor\u00edgenes eran pante\u00edstas\u2014, y con la desnudez con la que la leyenda de El Dorado presenta al m\u00e1ximo dirigente muisca cuando, cubierto de polvo de oro, ingresaba a ba\u00f1arse a la laguna, la escultura simboliza la lucha de nuestros antepasados por evitar que la poderosa Espa\u00f1a, llegada de ultramar, se apoderara del que hasta la invasi\u00f3n hispana hab\u00eda sido su territorio.<\/p>\n<p>Antonio Fr\u00edo, el escultor de la obra \u2014quien, adem\u00e1s, es pintor, compositor y cantor de renombre\u2014, naci\u00f3 en Bucaramanga, donde adelant\u00f3 sus estudios, pero vive hace tantos a\u00f1os en Zipaquir\u00e1, que esa ciudad lo declar\u00f3, hace ya largos a\u00f1os, hijo ilustre suyo.<\/p>\n<p>&nbsp;<\/p>\n<div id=\"attachment_26436\" style=\"width: 510px\" class=\"wp-caption alignnone\"><a href=\"https:\/\/lapiedrafilosofal.com\/wp-content\/uploads\/2018\/07\/ANTONIO-FRIO.jpg\"><img loading=\"lazy\" decoding=\"async\" aria-describedby=\"caption-attachment-26436\" class=\"size-full wp-image-26436\" src=\"https:\/\/lapiedrafilosofal.com\/wp-content\/uploads\/2018\/07\/ANTONIO-FRIO.jpg\" alt=\"\" width=\"500\" height=\"540\" srcset=\"https:\/\/oscarhumbertogomez.com\/wp-content\/uploads\/2018\/07\/ANTONIO-FRIO.jpg 500w, https:\/\/oscarhumbertogomez.com\/wp-content\/uploads\/2018\/07\/ANTONIO-FRIO-278x300.jpg 278w\" sizes=\"auto, (max-width: 500px) 100vw, 500px\" \/><\/a><p id=\"caption-attachment-26436\" class=\"wp-caption-text\">Maestro ANTONIO FRIO<\/p><\/div>\n<p>&nbsp;<\/p>\n<p>El maestro Antonio Fr\u00edo es egresado del Instituto T\u00e9cnico Superior D\u00e1maso Zapata (Instituto Tecnol\u00f3gico Santandereano) y tenemos el honor de contar, dentro de las escasas obras originales que poseemos, con su escultura <em>Bol\u00edvar con ruana<\/em>, y con uno de sus famosos \u00f3leos sobre Bol\u00edvar, ya enfermo y diezmado, sobreviviendo en la Quinta de San Pedro Alejandrino (<em>Desvar\u00edos<\/em>).<\/p>\n<p>Resulta inevitable rememorar que Antonio Fr\u00edo irrumpi\u00f3 en el medio art\u00edstico santandereano \u2014y colombiano\u2014 en los ya lejanos a\u00f1os 70, cuando las emisoras empezaron a pasar al aire, con inusitada persistencia, su canci\u00f3n <em>Pistolero siglo XX, <\/em>que muy pronto se convirti\u00f3 en el \u00e9xito del a\u00f1o.&nbsp;As\u00ed que es un compositor y cantor de excelsas calidades.<\/p>\n<p>Pero, adem\u00e1s, Antonio Fr\u00edo es pintor. Un magn\u00edfico pintor que se dedic\u00f3 siempre a exaltar a ese Bol\u00edvar de ruana y sombrero, agotado, cansado, traicionado, empobrecido y vencido del que nunca nos hablaban en las clases de Historia Patria.<\/p>\n<p>Tambi\u00e9n Antonio Fr\u00edo escribi\u00f3, pues, con pincel, cincel, fuego y martillo, una nueva visi\u00f3n de los vencidos.<\/p>\n<p>&nbsp;<\/p>\n<p><em>Ruitoque, Mesa de las Tempestades, \u00c1rea Metropolitana de Bucaramanga, s\u00e1bado 21 de julio de 2018.<\/em><\/p>\n<p>&nbsp;<\/p>\n<p><strong>\u00d3SCAR HUMBERTO G\u00d3MEZ G\u00d3MEZ<\/strong>: Miembro de la Academia de Historia de Santander y del Colegio Nacional de Periodistas (CNP).<\/p>\n<p>&nbsp;<\/p>\n","protected":false},"excerpt":{"rendered":"<p>&nbsp; &#8220;Y todo esto pas\u00f3 con nosotros. Nosotros lo vimos, nosotros lo admiramos. Con esta lamentosa y triste suerte nos vimos angustiados. En los caminos yacen dardos rotos, los cabellos est\u00e1n esparcidos. Destechadas est\u00e1n las casas, enrojecidos tienen sus muros. &hellip; <a href=\"https:\/\/oscarhumbertogomez.com\/?p=26423\">Sigue leyendo <span class=\"meta-nav\">&rarr;<\/span><\/a><\/p>\n<div class='heateorSssClear'><\/div><div  class='heateor_sss_sharing_container heateor_sss_horizontal_sharing' heateor-sss-data-href='https:\/\/oscarhumbertogomez.com\/?p=26423'><div class='heateor_sss_sharing_title' style=\"font-weight:bold\" >\u00a1Gracias por compartirla!<\/div><ul class=\"heateor_sss_sharing_ul\"><li class=\"heateorSssSharingRound\"><i style=\"width:35px;height:35px;border-radius:999px;\" alt=\"Facebook\" Title=\"Facebook\" class=\"heateorSssSharing heateorSssFacebookBackground\" onclick='heateorSssPopup(\"https:\/\/www.facebook.com\/sharer\/sharer.php?u=https%3A%2F%2Foscarhumbertogomez.com%2Findex.php%3Frest_route%3D%252Fwp%252Fv2%252Fposts%252F26423\")'><ss style=\"display:block;border-radius:999px;\" class=\"heateorSssSharingSvg heateorSssFacebookSvg\"><\/ss><\/i><\/li><li class=\"heateorSssSharingRound\"><i style=\"width:35px;height:35px;border-radius:999px;\" alt=\"Twitter\" Title=\"Twitter\" class=\"heateorSssSharing heateorSssTwitterBackground\" onclick='heateorSssPopup(\"http:\/\/twitter.com\/intent\/tweet?text=Fue%20desvelada%20en%20Zipaquir%C3%A1%2C%20Colombia%2C%20%22La%20ofrenda%20del%20zipa%20Tisquesusa%22%2C%20de%20Antonio%20Fr%C3%ADo.%20Por%20%C3%93scar%20Humberto%20G%C3%B3mez%20G%C3%B3mez&url=https%3A%2F%2Foscarhumbertogomez.com%2Findex.php%3Frest_route%3D%252Fwp%252Fv2%252Fposts%252F26423\")'><ss style=\"display:block;border-radius:999px;\" class=\"heateorSssSharingSvg heateorSssTwitterSvg\"><\/ss><\/i><\/li><li class=\"heateorSssSharingRound\"><i style=\"width:35px;height:35px;border-radius:999px;\" alt=\"Whatsapp\" Title=\"Whatsapp\" class=\"heateorSssSharing heateorSssWhatsappBackground\" onclick='heateorSssPopup(\"https:\/\/web.whatsapp.com\/send?text=Fue%20desvelada%20en%20Zipaquir%C3%A1%2C%20Colombia%2C%20%22La%20ofrenda%20del%20zipa%20Tisquesusa%22%2C%20de%20Antonio%20Fr%C3%ADo.%20Por%20%C3%93scar%20Humberto%20G%C3%B3mez%20G%C3%B3mez https%3A%2F%2Foscarhumbertogomez.com%2Findex.php%3Frest_route%3D%252Fwp%252Fv2%252Fposts%252F26423\")'><ss style=\"display:block\" class=\"heateorSssSharingSvg heateorSssWhatsappSvg\"><\/ss><\/i><\/li><li class=\"heateorSssSharingRound\"><i style=\"width:35px;height:35px;border-radius:999px;\" alt=\"Pinterest\" Title=\"Pinterest\" class=\"heateorSssSharing heateorSssPinterestBackground\" onclick=\"javascript:void( (function() {var e=document.createElement('script' );e.setAttribute('type','text\/javascript' );e.setAttribute('charset','UTF-8' );e.setAttribute('src','\/\/assets.pinterest.com\/js\/pinmarklet.js?r='+Math.random()*99999999);document.body.appendChild(e)})());\"><ss style=\"display:block;border-radius:999px;\" class=\"heateorSssSharingSvg heateorSssPinterestSvg\"><\/ss><\/i><\/li><li class=\"heateorSssSharingRound\"><i style=\"width:35px;height:35px;border-radius:999px;\" alt=\"Google Gmail\" Title=\"Google Gmail\" class=\"heateorSssSharing heateorSssGoogleGmailBackground\" onclick='heateorSssPopup(\"https:\/\/mail.google.com\/mail\/?ui=2&view=cm&fs=1&tf=1&su=Fue%20desvelada%20en%20Zipaquir%C3%A1%2C%20Colombia%2C%20%22La%20ofrenda%20del%20zipa%20Tisquesusa%22%2C%20de%20Antonio%20Fr%C3%ADo.%20Por%20%C3%93scar%20Humberto%20G%C3%B3mez%20G%C3%B3mez&body=Link:https%3A%2F%2Foscarhumbertogomez.com%2Findex.php%3Frest_route%3D%252Fwp%252Fv2%252Fposts%252F26423\")'><ss style=\"display:block;border-radius:999px;\" class=\"heateorSssSharingSvg heateorSssGoogleGmailSvg\"><\/ss><\/i><\/li><li class=\"heateorSssSharingRound\"><i style=\"width:35px;height:35px;border-radius:999px;\" title=\"More\" alt=\"More\" class=\"heateorSssSharing heateorSssMoreBackground\" onclick=\"heateorSssMoreSharingPopup(this, 'https:\/\/oscarhumbertogomez.com\/index.php?rest_route=%2Fwp%2Fv2%2Fposts%2F26423', 'Fue%20desvelada%20en%20Zipaquir%C3%A1%2C%20Colombia%2C%20%22La%20ofrenda%20del%20zipa%20Tisquesusa%22%2C%20de%20Antonio%20Fr%C3%ADo.%20Por%20%C3%93scar%20Humberto%20G%C3%B3mez%20G%C3%B3mez', '' )\" ><ss style=\"display:block\" class=\"heateorSssSharingSvg heateorSssMoreSvg\"><\/ss><\/i><\/li><\/ul><div class=\"heateorSssClear\"><\/div><\/div><div class='heateorSssClear'><\/div>","protected":false},"author":2,"featured_media":0,"comment_status":"open","ping_status":"closed","sticky":false,"template":"","format":"standard","meta":{"spay_email":"","footnotes":""},"categories":[11,71],"tags":[],"class_list":["post-26423","post","type-post","status-publish","format-standard","hentry","category-periodismo","category-pintura-y-escultura"],"jetpack_featured_media_url":"","jetpack_shortlink":"https:\/\/wp.me\/p1FYrr-6Sb","_links":{"self":[{"href":"https:\/\/oscarhumbertogomez.com\/index.php?rest_route=\/wp\/v2\/posts\/26423","targetHints":{"allow":["GET"]}}],"collection":[{"href":"https:\/\/oscarhumbertogomez.com\/index.php?rest_route=\/wp\/v2\/posts"}],"about":[{"href":"https:\/\/oscarhumbertogomez.com\/index.php?rest_route=\/wp\/v2\/types\/post"}],"author":[{"embeddable":true,"href":"https:\/\/oscarhumbertogomez.com\/index.php?rest_route=\/wp\/v2\/users\/2"}],"replies":[{"embeddable":true,"href":"https:\/\/oscarhumbertogomez.com\/index.php?rest_route=%2Fwp%2Fv2%2Fcomments&post=26423"}],"version-history":[{"count":5,"href":"https:\/\/oscarhumbertogomez.com\/index.php?rest_route=\/wp\/v2\/posts\/26423\/revisions"}],"predecessor-version":[{"id":48895,"href":"https:\/\/oscarhumbertogomez.com\/index.php?rest_route=\/wp\/v2\/posts\/26423\/revisions\/48895"}],"wp:attachment":[{"href":"https:\/\/oscarhumbertogomez.com\/index.php?rest_route=%2Fwp%2Fv2%2Fmedia&parent=26423"}],"wp:term":[{"taxonomy":"category","embeddable":true,"href":"https:\/\/oscarhumbertogomez.com\/index.php?rest_route=%2Fwp%2Fv2%2Fcategories&post=26423"},{"taxonomy":"post_tag","embeddable":true,"href":"https:\/\/oscarhumbertogomez.com\/index.php?rest_route=%2Fwp%2Fv2%2Ftags&post=26423"}],"curies":[{"name":"wp","href":"https:\/\/api.w.org\/{rel}","templated":true}]}}