{"id":26499,"date":"2018-08-12T15:38:34","date_gmt":"2018-08-12T20:38:34","guid":{"rendered":"http:\/\/www.oscarhumbertogomez.com\/?p=26499"},"modified":"2025-02-22T15:22:41","modified_gmt":"2025-02-22T20:22:41","slug":"26499","status":"publish","type":"post","link":"https:\/\/oscarhumbertogomez.com\/?p=26499","title":{"rendered":"CARLOS S\u00c1NCHEZ. Por \u00d3scar Humberto G\u00f3mez G\u00f3mez"},"content":{"rendered":"<p><a href=\"https:\/\/lapiedrafilosofal.com\/wp-content\/uploads\/2018\/08\/CARLOS-SA\u0301NCHEZ.jpg\"><img loading=\"lazy\" decoding=\"async\" class=\"alignnone size-full wp-image-26645\" src=\"https:\/\/lapiedrafilosofal.com\/wp-content\/uploads\/2018\/08\/CARLOS-SA\u0301NCHEZ.jpg\" alt=\"\" width=\"450\" height=\"564\" srcset=\"https:\/\/oscarhumbertogomez.com\/wp-content\/uploads\/2018\/08\/CARLOS-SA\u0301NCHEZ.jpg 450w, https:\/\/oscarhumbertogomez.com\/wp-content\/uploads\/2018\/08\/CARLOS-SA\u0301NCHEZ-239x300.jpg 239w\" sizes=\"auto, (max-width: 450px) 100vw, 450px\" \/><\/a><\/p>\n<p>&nbsp;<\/p>\n<p>El 18 de febrero de 2005 culmin\u00f3 su ir y venir por este &#8220;valle de l\u00e1grimas&#8221;, para emplear las a\u00f1ejas y depresivas palabras de la Salve. O por este &#8220;valle de risas&#8221;, para emplear las de quienes afirman todo lo contrario.<\/p>\n<p>Ten\u00eda 64 a\u00f1os de edad y m\u00e1s de la mitad de esa vida los llevaba cont\u00e1ndole chistes a un multitudinario p\u00fablico de desconocidos a la inmensa mayor\u00eda de los cuales ni siquiera estaba viendo, o participando como actor vers\u00e1til en breves escenas de humor grabadas para ser editadas y emitidas despu\u00e9s, o protagonizando a personajes que \u00e9l mismo hab\u00eda creado, los mismos que habr\u00edan de quedarse grabados en la memoria de sus seguidores m\u00e1s fieles. Personajes tan dis\u00edmiles como El inspector Ruanini, o Do\u00f1a Cleofe, o el Indio Pocamano.<\/p>\n<p>&nbsp;<\/p>\n<p><a href=\"https:\/\/lapiedrafilosofal.com\/wp-content\/uploads\/2018\/08\/Mocho-Sanchez.jpg\"><img loading=\"lazy\" decoding=\"async\" class=\"alignnone size-large wp-image-26663\" src=\"https:\/\/lapiedrafilosofal.com\/wp-content\/uploads\/2018\/08\/Mocho-Sanchez-1024x768.jpg\" alt=\"\" width=\"640\" height=\"480\" srcset=\"https:\/\/oscarhumbertogomez.com\/wp-content\/uploads\/2018\/08\/Mocho-Sanchez-1024x768.jpg 1024w, https:\/\/oscarhumbertogomez.com\/wp-content\/uploads\/2018\/08\/Mocho-Sanchez-300x225.jpg 300w, https:\/\/oscarhumbertogomez.com\/wp-content\/uploads\/2018\/08\/Mocho-Sanchez-768x576.jpg 768w, https:\/\/oscarhumbertogomez.com\/wp-content\/uploads\/2018\/08\/Mocho-Sanchez.jpg 1280w\" sizes=\"auto, (max-width: 640px) 100vw, 640px\" \/><\/a><\/p>\n<p>&nbsp;<\/p>\n<p>Yo lo conoc\u00ed entre finales de octubre y comienzos de noviembre del a\u00f1o 2002 cuando fui invitado por Caracol Televisi\u00f3n a participar en el tradicional programa donde \u00e9l refulg\u00eda como estrella.<\/p>\n<p>Me sorprendi\u00f3 no encontrarme con un hombre alegre, jacarandoso, desprevenido, sino \u2014todo lo contrario\u2014 con un hombre muy serio, tenso, incapaz de disimular la amargura y la tristeza. Habl\u00f3 con dureza extrema contra alguien, que yo supuse enseguida qui\u00e9n era. Se quejaba, mientras la palidez se apoderaba de su rostro endurecido, de que ese conocido personaje andaba hablando mal de \u00e9l. &#8220;<em>Pero al menos yo vend\u00ed todos mis discos; a \u00e9l nadie le compra ninguno<\/em>&#8220;, exclamaba, visiblemente molesto. Yo, anonadado, no atin\u00e9 a decirle nada. Nadie le dijo nada. Hoy pienso que deb\u00ed \u2014que debimos\u2014 al menos manifestarle cu\u00e1nto lo admir\u00e1bamos como artista. Debi\u00f3 sentirse muy desolado mientras aseguraba eso, pues despu\u00e9s vine a enterarme \u2014y fue lo que m\u00e1s habr\u00eda de conmoverme al leer su biograf\u00eda\u2014 de que grab\u00f3 siete discos de larga duraci\u00f3n, &#8220;pero no tuvo \u00e9xito alguno&#8221;. Deb\u00ed \u2014debimos\u2014 aclararle, y aclar\u00e1rselo a su bi\u00f3grafa, que el \u00e9xito tiene otros componentes psicol\u00f3gicos, emocionales y afectivos muy fuertes, y que no se mide solamente por el volumen de ventas o el monto de los ingresos dinerarios, sino adem\u00e1s, y principalmente, por el grado de felicidad que nos proporcion\u00f3 hacer lo que hicimos. Y que desde este punto de vista, yo no me lo puedo imaginar sino feliz en el estudio de grabaci\u00f3n y feliz al ver que, a pesar de todo, hab\u00eda grabado discos no solo para el <em>Sello Vergara, <\/em>sino para la mism\u00edsima <em>CBS<\/em>.<\/p>\n<p>&nbsp;<\/p>\n<p><a href=\"https:\/\/lapiedrafilosofal.com\/wp-content\/uploads\/2018\/08\/CARLOS-DISCO.jpg\"><img loading=\"lazy\" decoding=\"async\" class=\"alignnone size-large wp-image-26649\" src=\"https:\/\/lapiedrafilosofal.com\/wp-content\/uploads\/2018\/08\/CARLOS-DISCO-1024x768.jpg\" alt=\"\" width=\"640\" height=\"480\" srcset=\"https:\/\/oscarhumbertogomez.com\/wp-content\/uploads\/2018\/08\/CARLOS-DISCO-1024x768.jpg 1024w, https:\/\/oscarhumbertogomez.com\/wp-content\/uploads\/2018\/08\/CARLOS-DISCO-300x225.jpg 300w, https:\/\/oscarhumbertogomez.com\/wp-content\/uploads\/2018\/08\/CARLOS-DISCO-768x576.jpg 768w, https:\/\/oscarhumbertogomez.com\/wp-content\/uploads\/2018\/08\/CARLOS-DISCO.jpg 1200w\" sizes=\"auto, (max-width: 640px) 100vw, 640px\" \/><\/a><\/p>\n<p>&nbsp;<\/p>\n<p>Aquella ma\u00f1ana en que lo conoc\u00ed sumido en el desencanto \u2014s\u00ed, aquella ma\u00f1ana, porque el programa se emite de noche, pero se graba de d\u00eda, m\u00e1s exactamente con \u00e9l se intenta darle calidez a la vida en medio del fr\u00edo penetrante de una g\u00e9lida ma\u00f1ana bogotana\u2014, aquella ma\u00f1ana, digo, cuando las luces interiores de los estudios de grabaci\u00f3n de Caracol Televisi\u00f3n se encendieron, y las c\u00e1maras comenzaron a grabar, y el p\u00fablico que hab\u00eda colmado la silleter\u00eda luego de ingresar haciendo cola por un ficho fue r\u00e1pidamente instruido para que comenzara a re\u00edr y a aplaudir apenas ingresara el presentador (Hern\u00e1n Orjuela) y cada vez que hiciera su aparici\u00f3n el concursante de turno o alguna de las luminarias del programa (pues as\u00ed es que se justifica la entrada y se gana la siguiente), todo se transform\u00f3, como si un mago invisible hubiese pronunciado el &#8220;Abracadabra&#8221;. Entonces afloraron los aplausos y las carcajadas, y entend\u00ed por qu\u00e9 la gente dice que todo aquello es un &#8220;show&#8221;.<\/p>\n<p>Esa desasosegada ma\u00f1ana, entumecido por el fr\u00edo y el estr\u00e9s, comprob\u00e9 que en el mundo de la far\u00e1ndula hasta las carcajadas son tristes.<\/p>\n<p>&nbsp;<\/p>\n<p><a href=\"https:\/\/lapiedrafilosofal.com\/wp-content\/uploads\/2018\/08\/CARLOS-PEDRO-PICAPIEDRA.jpg\"><img loading=\"lazy\" decoding=\"async\" class=\"alignnone size-full wp-image-26650\" src=\"https:\/\/lapiedrafilosofal.com\/wp-content\/uploads\/2018\/08\/CARLOS-PEDRO-PICAPIEDRA.jpg\" alt=\"\" width=\"346\" height=\"319\" srcset=\"https:\/\/oscarhumbertogomez.com\/wp-content\/uploads\/2018\/08\/CARLOS-PEDRO-PICAPIEDRA.jpg 346w, https:\/\/oscarhumbertogomez.com\/wp-content\/uploads\/2018\/08\/CARLOS-PEDRO-PICAPIEDRA-300x277.jpg 300w\" sizes=\"auto, (max-width: 346px) 100vw, 346px\" \/><\/a><\/p>\n<p>&nbsp;<\/p>\n<p>Antes de ser \u00e9l artista, descubierto por quienes estaban al frente de programas que ya hoy no recuerda nadie y otros ni siquiera saben que existieron, como <em>Operaci\u00f3n Ja Ja<\/em>, hab\u00eda tenido como lugar de trabajo la atestada y hostil calle bogotana. Sentado frente a los zapatos del cliente de turno nunca se imagin\u00f3 que se convertir\u00eda en uno de los m\u00e1s destacados humoristas de Colombia. Tampoco se lo imagin\u00f3, por supuesto, mientras corr\u00eda alej\u00e1ndose del polic\u00eda m\u00e1s cercano segundos despu\u00e9s de haberle robado el sombrero a la v\u00edctima de turno.<\/p>\n<p>S\u00ed: no se imagin\u00f3 en aquellos tiempos duros, cargados de hambre y de desesperanza, que llegar\u00eda a ser uno de los mejores humoristas de este pa\u00eds malhumorado.<\/p>\n<p>&nbsp;<\/p>\n<p><a href=\"https:\/\/lapiedrafilosofal.com\/wp-content\/uploads\/2018\/08\/CARLOS-SANCHEZ-1.jpg\"><img loading=\"lazy\" decoding=\"async\" class=\"alignnone size-full wp-image-26659\" src=\"https:\/\/lapiedrafilosofal.com\/wp-content\/uploads\/2018\/08\/CARLOS-SANCHEZ-1.jpg\" alt=\"\" width=\"600\" height=\"397\" srcset=\"https:\/\/oscarhumbertogomez.com\/wp-content\/uploads\/2018\/08\/CARLOS-SANCHEZ-1.jpg 600w, https:\/\/oscarhumbertogomez.com\/wp-content\/uploads\/2018\/08\/CARLOS-SANCHEZ-1-300x199.jpg 300w\" sizes=\"auto, (max-width: 600px) 100vw, 600px\" \/><\/a><\/p>\n<p>&nbsp;<\/p>\n<p>Aunque la verdad es que a \u00e9l no le gustaba que le dijeran as\u00ed, que le dijeran que era humorista, pues consideraba que en Colombia solamente exist\u00eda &#8220;un humorista: el doctor Humberto Mart\u00ednez Salcedo&#8221;. S\u00ed: el polifac\u00e9tico y brillante artista bumangu\u00e9s junto a cuyo busto pasan los transe\u00fantes sin preguntarse qui\u00e9n es aquel &#8220;Maestro Salustiano&#8221; al que la Alcald\u00eda de Bucaramanga, en los tiempos del abogado liberal Carlos Arturo Ib\u00e1\u00f1ez Mu\u00f1oz, quiso homenajear en la esquina del Paseo Espa\u00f1a con la calle 36.<\/p>\n<p>&nbsp;<\/p>\n<p><a href=\"https:\/\/lapiedrafilosofal.com\/wp-content\/uploads\/2018\/08\/CLEOFE.jpg\"><img loading=\"lazy\" decoding=\"async\" class=\"alignnone size-full wp-image-26651\" src=\"https:\/\/lapiedrafilosofal.com\/wp-content\/uploads\/2018\/08\/CLEOFE.jpg\" alt=\"\" width=\"346\" height=\"510\" srcset=\"https:\/\/oscarhumbertogomez.com\/wp-content\/uploads\/2018\/08\/CLEOFE.jpg 346w, https:\/\/oscarhumbertogomez.com\/wp-content\/uploads\/2018\/08\/CLEOFE-204x300.jpg 204w\" sizes=\"auto, (max-width: 346px) 100vw, 346px\" \/><\/a><\/p>\n<p>&nbsp;<\/p>\n<p>Sus estudios se hab\u00edan limitado a aprender a leer y a escribir, influenciado por su abuela. Su enorme talento, en cambio, no se lo ense\u00f1\u00f3 nadie. Algunos dicen, siguiendo el catecismo del padre Gaspar Astete, que esos son dones del Esp\u00edritu Santo.<\/p>\n<p>&nbsp;<\/p>\n<p><a href=\"https:\/\/lapiedrafilosofal.com\/wp-content\/uploads\/2018\/08\/CARLOS-Y-ALVARO.jpg\"><img loading=\"lazy\" decoding=\"async\" class=\"alignnone size-large wp-image-26648\" src=\"https:\/\/lapiedrafilosofal.com\/wp-content\/uploads\/2018\/08\/CARLOS-Y-ALVARO-1024x768.jpg\" alt=\"\" width=\"640\" height=\"480\" srcset=\"https:\/\/oscarhumbertogomez.com\/wp-content\/uploads\/2018\/08\/CARLOS-Y-ALVARO.jpg 1024w, https:\/\/oscarhumbertogomez.com\/wp-content\/uploads\/2018\/08\/CARLOS-Y-ALVARO-300x225.jpg 300w, https:\/\/oscarhumbertogomez.com\/wp-content\/uploads\/2018\/08\/CARLOS-Y-ALVARO-768x576.jpg 768w\" sizes=\"auto, (max-width: 640px) 100vw, 640px\" \/><\/a><\/p>\n<p>&nbsp;<\/p>\n<p>Hoy he querido rememorar a este artista nuestro.<\/p>\n<p>&nbsp;<\/p>\n<p><a href=\"https:\/\/lapiedrafilosofal.com\/wp-content\/uploads\/2018\/08\/RUANINI-.jpg\"><img loading=\"lazy\" decoding=\"async\" class=\"alignnone size-full wp-image-26652\" src=\"https:\/\/lapiedrafilosofal.com\/wp-content\/uploads\/2018\/08\/RUANINI-.jpg\" alt=\"\" width=\"369\" height=\"515\" srcset=\"https:\/\/oscarhumbertogomez.com\/wp-content\/uploads\/2018\/08\/RUANINI-.jpg 369w, https:\/\/oscarhumbertogomez.com\/wp-content\/uploads\/2018\/08\/RUANINI--215x300.jpg 215w\" sizes=\"auto, (max-width: 369px) 100vw, 369px\" \/><\/a><\/p>\n<p>&nbsp;<\/p>\n<p>S\u00ed, hoy quiero exaltar a un ejecutante de nuestro tiple mel\u00f3dico, al talentoso tiplista bogotano Carlos S\u00e1nchez interpretando, entre otras canciones, el emblem\u00e1tico pasillo colombiano Hur\u00ed, de autor an\u00f3nimo, el que m\u00e1s nos gust\u00f3 de la exquisita selecci\u00f3n.<\/p>\n<p>Selecci\u00f3n dentro de la cual se destacan tres canciones de la autor\u00eda del propio maestro Carlos S\u00e1nchez.<\/p>\n<p>Escuchar\u00e1n \u2014algunos disfrutar\u00e1n\u2014 las siguientes piezas:<\/p>\n<p>1. Esta es Colombia (Torbellino) Carlos S\u00e1nchez<\/p>\n<p>2. Feria de Manizales (Pasodoble) J.M. Ansins<\/p>\n<p>3. Flor del campo (Pasillo) Luis Alberto Osorio<\/p>\n<p>4. Otro buchipluma (joropo) Anselmo Alvarado<\/p>\n<p>5. La ronda de los enamorados (zarzuela) Reveriano Zoutullo y Joan Vert<\/p>\n<p>6. Hurac\u00e1n (torbellino) Carlos S\u00e1nchez<\/p>\n<p>7. El limonar (danza) D.R. de A.<\/p>\n<p>8. La danza de las lib\u00e9lulas (fox trot) Franz Lehar<\/p>\n<p>9. Hur\u00ed (pasillo) D. R. de A.<\/p>\n<p>10. Tardes sobre el r\u00edo (guabina) Luis Alberto Osorio<\/p>\n<p>11. Rh positivo (pasodoble) Carlos S\u00e1nchez<\/p>\n<p>12. El cervecero (rumba criolla) Marco A. Rivera<\/p>\n<p>&nbsp;<\/p>\n<p><a href=\"https:\/\/lapiedrafilosofal.com\/wp-content\/uploads\/2018\/08\/CARLOS-TIPLISTA.jpg\"><img loading=\"lazy\" decoding=\"async\" class=\"alignnone size-full wp-image-26653\" src=\"https:\/\/lapiedrafilosofal.com\/wp-content\/uploads\/2018\/08\/CARLOS-TIPLISTA.jpg\" alt=\"\" width=\"480\" height=\"360\" srcset=\"https:\/\/oscarhumbertogomez.com\/wp-content\/uploads\/2018\/08\/CARLOS-TIPLISTA.jpg 480w, https:\/\/oscarhumbertogomez.com\/wp-content\/uploads\/2018\/08\/CARLOS-TIPLISTA-300x225.jpg 300w\" sizes=\"auto, (max-width: 480px) 100vw, 480px\" \/><\/a><\/p>\n<p>&nbsp;<\/p>\n<p>Cuando terminen de escuchar este acetato, y a juzgar por lo visto \u2014o mejor, a juzgar por lo o\u00eddo\u2014 quiz\u00e1s ustedes concluyan, como nosotros concluimos, que tocar el tiple no es precisamente un chiste.<\/p>\n<p>&nbsp;<\/p>\n<p><a href=\"https:\/\/lapiedrafilosofal.com\/wp-content\/uploads\/2018\/08\/CARLOS-SANCHEZ.jpg\"><img loading=\"lazy\" decoding=\"async\" class=\"alignnone size-full wp-image-26655\" src=\"https:\/\/lapiedrafilosofal.com\/wp-content\/uploads\/2018\/08\/CARLOS-SANCHEZ.jpg\" alt=\"\" width=\"326\" height=\"450\" srcset=\"https:\/\/oscarhumbertogomez.com\/wp-content\/uploads\/2018\/08\/CARLOS-SANCHEZ.jpg 326w, https:\/\/oscarhumbertogomez.com\/wp-content\/uploads\/2018\/08\/CARLOS-SANCHEZ-217x300.jpg 217w\" sizes=\"auto, (max-width: 326px) 100vw, 326px\" \/><\/a><\/p>\n<p>&nbsp;<\/p>\n<p>\u00a1Bienvenidos!<\/p>\n<p>&nbsp;<\/p>\n<p><iframe loading=\"lazy\" width=\"560\" height=\"315\" src=\"https:\/\/www.youtube-nocookie.com\/embed\/WNNa93CceSc?controls=0\" frameborder=\"0\" allow=\"accelerometer; autoplay; clipboard-write; encrypted-media; gyroscope; picture-in-picture\" allowfullscreen=\"\"><\/iframe><\/p>\n<p>&nbsp;<\/p>\n","protected":false},"excerpt":{"rendered":"<p>&nbsp; El 18 de febrero de 2005 culmin\u00f3 su ir y venir por este &#8220;valle de l\u00e1grimas&#8221;, para emplear las a\u00f1ejas y depresivas palabras de la Salve. O por este &#8220;valle de risas&#8221;, para emplear las de quienes afirman todo &hellip; <a href=\"https:\/\/oscarhumbertogomez.com\/?p=26499\">Sigue leyendo <span class=\"meta-nav\">&rarr;<\/span><\/a><\/p>\n<div class='heateorSssClear'><\/div><div  class='heateor_sss_sharing_container heateor_sss_horizontal_sharing' heateor-sss-data-href='https:\/\/oscarhumbertogomez.com\/?p=26499'><div class='heateor_sss_sharing_title' style=\"font-weight:bold\" >\u00a1Gracias por compartirla!<\/div><ul class=\"heateor_sss_sharing_ul\"><li class=\"heateorSssSharingRound\"><i style=\"width:35px;height:35px;border-radius:999px;\" alt=\"Facebook\" Title=\"Facebook\" class=\"heateorSssSharing heateorSssFacebookBackground\" onclick='heateorSssPopup(\"https:\/\/www.facebook.com\/sharer\/sharer.php?u=https%3A%2F%2Foscarhumbertogomez.com%2Findex.php%3Frest_route%3D%252Fwp%252Fv2%252Fposts%252F26499\")'><ss style=\"display:block;border-radius:999px;\" class=\"heateorSssSharingSvg heateorSssFacebookSvg\"><\/ss><\/i><\/li><li class=\"heateorSssSharingRound\"><i style=\"width:35px;height:35px;border-radius:999px;\" alt=\"Twitter\" Title=\"Twitter\" class=\"heateorSssSharing heateorSssTwitterBackground\" onclick='heateorSssPopup(\"http:\/\/twitter.com\/intent\/tweet?text=CARLOS%20S%C3%81NCHEZ.%20Por%20%C3%93scar%20Humberto%20G%C3%B3mez%20G%C3%B3mez&url=https%3A%2F%2Foscarhumbertogomez.com%2Findex.php%3Frest_route%3D%252Fwp%252Fv2%252Fposts%252F26499\")'><ss style=\"display:block;border-radius:999px;\" class=\"heateorSssSharingSvg heateorSssTwitterSvg\"><\/ss><\/i><\/li><li class=\"heateorSssSharingRound\"><i style=\"width:35px;height:35px;border-radius:999px;\" alt=\"Whatsapp\" Title=\"Whatsapp\" class=\"heateorSssSharing heateorSssWhatsappBackground\" onclick='heateorSssPopup(\"https:\/\/web.whatsapp.com\/send?text=CARLOS%20S%C3%81NCHEZ.%20Por%20%C3%93scar%20Humberto%20G%C3%B3mez%20G%C3%B3mez https%3A%2F%2Foscarhumbertogomez.com%2Findex.php%3Frest_route%3D%252Fwp%252Fv2%252Fposts%252F26499\")'><ss style=\"display:block\" class=\"heateorSssSharingSvg heateorSssWhatsappSvg\"><\/ss><\/i><\/li><li class=\"heateorSssSharingRound\"><i style=\"width:35px;height:35px;border-radius:999px;\" alt=\"Pinterest\" Title=\"Pinterest\" class=\"heateorSssSharing heateorSssPinterestBackground\" onclick=\"javascript:void( (function() {var e=document.createElement('script' );e.setAttribute('type','text\/javascript' );e.setAttribute('charset','UTF-8' );e.setAttribute('src','\/\/assets.pinterest.com\/js\/pinmarklet.js?r='+Math.random()*99999999);document.body.appendChild(e)})());\"><ss style=\"display:block;border-radius:999px;\" class=\"heateorSssSharingSvg heateorSssPinterestSvg\"><\/ss><\/i><\/li><li class=\"heateorSssSharingRound\"><i style=\"width:35px;height:35px;border-radius:999px;\" alt=\"Google Gmail\" Title=\"Google Gmail\" class=\"heateorSssSharing heateorSssGoogleGmailBackground\" onclick='heateorSssPopup(\"https:\/\/mail.google.com\/mail\/?ui=2&view=cm&fs=1&tf=1&su=CARLOS%20S%C3%81NCHEZ.%20Por%20%C3%93scar%20Humberto%20G%C3%B3mez%20G%C3%B3mez&body=Link:https%3A%2F%2Foscarhumbertogomez.com%2Findex.php%3Frest_route%3D%252Fwp%252Fv2%252Fposts%252F26499\")'><ss style=\"display:block;border-radius:999px;\" class=\"heateorSssSharingSvg heateorSssGoogleGmailSvg\"><\/ss><\/i><\/li><li class=\"heateorSssSharingRound\"><i style=\"width:35px;height:35px;border-radius:999px;\" title=\"More\" alt=\"More\" class=\"heateorSssSharing heateorSssMoreBackground\" onclick=\"heateorSssMoreSharingPopup(this, 'https:\/\/oscarhumbertogomez.com\/index.php?rest_route=%2Fwp%2Fv2%2Fposts%2F26499', 'CARLOS%20S%C3%81NCHEZ.%20Por%20%C3%93scar%20Humberto%20G%C3%B3mez%20G%C3%B3mez', '' )\" ><ss style=\"display:block\" class=\"heateorSssSharingSvg heateorSssMoreSvg\"><\/ss><\/i><\/li><\/ul><div class=\"heateorSssClear\"><\/div><\/div><div class='heateorSssClear'><\/div>","protected":false},"author":2,"featured_media":0,"comment_status":"open","ping_status":"open","sticky":false,"template":"","format":"standard","meta":{"spay_email":"","footnotes":""},"categories":[8],"tags":[],"class_list":["post-26499","post","type-post","status-publish","format-standard","hentry","category-musica"],"jetpack_featured_media_url":"","jetpack_shortlink":"https:\/\/wp.me\/s1FYrr-26499","_links":{"self":[{"href":"https:\/\/oscarhumbertogomez.com\/index.php?rest_route=\/wp\/v2\/posts\/26499","targetHints":{"allow":["GET"]}}],"collection":[{"href":"https:\/\/oscarhumbertogomez.com\/index.php?rest_route=\/wp\/v2\/posts"}],"about":[{"href":"https:\/\/oscarhumbertogomez.com\/index.php?rest_route=\/wp\/v2\/types\/post"}],"author":[{"embeddable":true,"href":"https:\/\/oscarhumbertogomez.com\/index.php?rest_route=\/wp\/v2\/users\/2"}],"replies":[{"embeddable":true,"href":"https:\/\/oscarhumbertogomez.com\/index.php?rest_route=%2Fwp%2Fv2%2Fcomments&post=26499"}],"version-history":[{"count":6,"href":"https:\/\/oscarhumbertogomez.com\/index.php?rest_route=\/wp\/v2\/posts\/26499\/revisions"}],"predecessor-version":[{"id":51144,"href":"https:\/\/oscarhumbertogomez.com\/index.php?rest_route=\/wp\/v2\/posts\/26499\/revisions\/51144"}],"wp:attachment":[{"href":"https:\/\/oscarhumbertogomez.com\/index.php?rest_route=%2Fwp%2Fv2%2Fmedia&parent=26499"}],"wp:term":[{"taxonomy":"category","embeddable":true,"href":"https:\/\/oscarhumbertogomez.com\/index.php?rest_route=%2Fwp%2Fv2%2Fcategories&post=26499"},{"taxonomy":"post_tag","embeddable":true,"href":"https:\/\/oscarhumbertogomez.com\/index.php?rest_route=%2Fwp%2Fv2%2Ftags&post=26499"}],"curies":[{"name":"wp","href":"https:\/\/api.w.org\/{rel}","templated":true}]}}