{"id":26689,"date":"2018-08-18T11:39:42","date_gmt":"2018-08-18T16:39:42","guid":{"rendered":"http:\/\/www.oscarhumbertogomez.com\/?p=26689"},"modified":"2022-01-05T19:19:27","modified_gmt":"2022-01-06T00:19:27","slug":"el-che-che-cole-de-willie-colon-y-hector-lavoe-y-los-albores-de-la-salsa-notas-y-memorias-de-oscar-humberto-gomez-gomez-miembro-de-la-academia-de-historia-de-santander-y-miembro-del-colegio-nac","status":"publish","type":"post","link":"https:\/\/oscarhumbertogomez.com\/?p=26689","title":{"rendered":"EL &#8220;CHE CHE COL\u00c9&#8221; DE WILLIE COL\u00d3N Y H\u00c9CTOR LAVOE, Y LOS ALBORES DE LA SALSA. Notas y memorias de \u00d3scar Humberto G\u00f3mez G\u00f3mez, Miembro de la Academia de Historia de Santander y Miembro del Colegio Nacional de Periodistas"},"content":{"rendered":"<p><a href=\"https:\/\/lapiedrafilosofal.com\/wp-content\/uploads\/2018\/08\/COSA-NUESTRA.jpeg\"><img loading=\"lazy\" decoding=\"async\" class=\"alignnone size-full wp-image-26693\" src=\"https:\/\/lapiedrafilosofal.com\/wp-content\/uploads\/2018\/08\/COSA-NUESTRA.jpeg\" alt=\"\" width=\"1024\" height=\"1024\" srcset=\"https:\/\/oscarhumbertogomez.com\/wp-content\/uploads\/2018\/08\/COSA-NUESTRA.jpeg 1024w, https:\/\/oscarhumbertogomez.com\/wp-content\/uploads\/2018\/08\/COSA-NUESTRA-150x150.jpeg 150w, https:\/\/oscarhumbertogomez.com\/wp-content\/uploads\/2018\/08\/COSA-NUESTRA-300x300.jpeg 300w, https:\/\/oscarhumbertogomez.com\/wp-content\/uploads\/2018\/08\/COSA-NUESTRA-768x768.jpeg 768w\" sizes=\"auto, (max-width: 1024px) 100vw, 1024px\" \/><\/a><\/p>\n<p>&nbsp;<\/p>\n<p>Transcurr\u00eda el a\u00f1o 1962 y a la oficina del abogado Genaro Masucci, en Nueva York, lleg\u00f3 un hombre que hab\u00eda pedido cita porque quer\u00eda que le tramitara su divorcio. El abogado, nacido en el mismo Nueva York, pero de ascendencia italiana y jud\u00eda, hab\u00eda estado prestando sus servicios en la base militar de Guant\u00e1namo, la posesi\u00f3n territorial de los Estados Unidos en la isla de Cuba, y all\u00ed hab\u00eda conocido de cerca los ritmos cubanos, de los cuales se hab\u00eda enamorado.<\/p>\n<p>El hombre en trance de divorcio, por su parte, se desempe\u00f1aba como m\u00fasico y su especialidad eran los aires afro-cubanos.&nbsp;No era cubano, sino dominicano de nacimiento, pero curiosamente los nativos de la isla de Borinquen que, como \u00e9l, hab\u00edan emigrado a Nueva York en busca de mejores perspectivas se hab\u00edan fascinado con los aires musicales de Cuba y por ello, en vez de promover las expresiones nativas de la tierra del poeta Jos\u00e9 Gautier Ben\u00edtez, &#8220;el gran Gautier&#8221; del que hablara el maestro Rafael Hern\u00e1ndez en su inmortal <em>Lamento Borincano<\/em>, hab\u00edan optado m\u00e1s bien por los sones que brotaban a raudales en la tierra del tambi\u00e9n poeta Jos\u00e9 Mart\u00ed.<\/p>\n<p>El m\u00fasico que se quer\u00eda divorciar se llamaba Juan Pacheco, reconocido en el mundo de la noche y de la diversi\u00f3n como Johnny Pacheco.<\/p>\n<p>La conversaci\u00f3n entre los dos hombres deriv\u00f3 hacia el tema de la m\u00fasica y fue as\u00ed como aquella relaci\u00f3n inicial de abogado-cliente se transform\u00f3 muy pronto en una relaci\u00f3n de socios.<\/p>\n<p>Al a\u00f1o siguiente, Johhny Pacheco y Genaro Masucci \u2014quien habr\u00eda de ser conocido como Jerry Masucci\u2014 fundaban en Nueva York la casa disquera <em>Fania Records<\/em> y con ella empezaban a traer al universo de la m\u00fasica latina una nueva expresi\u00f3n: la salsa.<\/p>\n<p>&nbsp;<\/p>\n<p><a href=\"https:\/\/lapiedrafilosofal.com\/wp-content\/uploads\/2018\/08\/JohnnyPacheco.jpg\"><img loading=\"lazy\" decoding=\"async\" class=\"alignnone size-large wp-image-26695\" src=\"https:\/\/lapiedrafilosofal.com\/wp-content\/uploads\/2018\/08\/JohnnyPacheco-863x1024.jpg\" alt=\"\" width=\"640\" height=\"759\" srcset=\"https:\/\/oscarhumbertogomez.com\/wp-content\/uploads\/2018\/08\/JohnnyPacheco-863x1024.jpg 863w, https:\/\/oscarhumbertogomez.com\/wp-content\/uploads\/2018\/08\/JohnnyPacheco-253x300.jpg 253w, https:\/\/oscarhumbertogomez.com\/wp-content\/uploads\/2018\/08\/JohnnyPacheco-768x911.jpg 768w, https:\/\/oscarhumbertogomez.com\/wp-content\/uploads\/2018\/08\/JohnnyPacheco.jpg 970w\" sizes=\"auto, (max-width: 640px) 100vw, 640px\" \/><\/a><\/p>\n<p><a href=\"https:\/\/lapiedrafilosofal.com\/wp-content\/uploads\/2018\/08\/Jerry-Masucci.jpg\"><img loading=\"lazy\" decoding=\"async\" class=\"alignnone size-full wp-image-26696\" src=\"https:\/\/lapiedrafilosofal.com\/wp-content\/uploads\/2018\/08\/Jerry-Masucci.jpg\" alt=\"\" width=\"675\" height=\"375\" srcset=\"https:\/\/oscarhumbertogomez.com\/wp-content\/uploads\/2018\/08\/Jerry-Masucci.jpg 675w, https:\/\/oscarhumbertogomez.com\/wp-content\/uploads\/2018\/08\/Jerry-Masucci-300x167.jpg 300w\" sizes=\"auto, (max-width: 675px) 100vw, 675px\" \/><\/a><\/p>\n<p>&nbsp;<\/p>\n<p>Se ha dicho que fueron muchos los ritmos que se entremezclaron para que ella naciera. Pero hubo dos ingredientes principales en ese nuevo plato musical: el mambo y el son montuno.<\/p>\n<p>Por la nueva casa discogr\u00e1fica empezaron a pasar los m\u00e1s representativos exponentes del novedoso g\u00e9nero. Habr\u00edan de grabar all\u00ed, adem\u00e1s del propio Johnny Pacheco \u2014que fue quien inici\u00f3 las grabaciones disqueras\u2014 estrellas como Andy Monta\u00f1ez, Richie Ray, Bobby Cruz, Celia Cruz, Cheo Feliciano, La Sonora Matancera, Joe Arroyo, \u00d3scar D&#8217; Le\u00f3n, Rub\u00e9n Blades y Tito Puente.<\/p>\n<p>&nbsp;<\/p>\n<p><a href=\"https:\/\/lapiedrafilosofal.com\/wp-content\/uploads\/2018\/08\/lavoe-colon.jpg\"><img loading=\"lazy\" decoding=\"async\" class=\"alignnone size-full wp-image-26699\" src=\"https:\/\/lapiedrafilosofal.com\/wp-content\/uploads\/2018\/08\/lavoe-colon.jpg\" alt=\"\" width=\"800\" height=\"600\" srcset=\"https:\/\/oscarhumbertogomez.com\/wp-content\/uploads\/2018\/08\/lavoe-colon.jpg 800w, https:\/\/oscarhumbertogomez.com\/wp-content\/uploads\/2018\/08\/lavoe-colon-300x225.jpg 300w, https:\/\/oscarhumbertogomez.com\/wp-content\/uploads\/2018\/08\/lavoe-colon-768x576.jpg 768w\" sizes=\"auto, (max-width: 800px) 100vw, 800px\" \/><\/a><\/p>\n<p>&nbsp;<\/p>\n<p>En 1966, Johhny Pacheco relacion\u00f3 a dos artistas: uno era William Col\u00f3n, de Nueva York, m\u00fasico ejecutante del tromb\u00f3n con ascendientes puertorrique\u00f1os; el otro se llamaba H\u00e9ctor P\u00e9rez Mart\u00ednez, de origen y ancestros puertorrique\u00f1os y quien se hab\u00eda ido a Nueva York en busca de mejores horizontes. El primero habr\u00eda de ser conocido en el mundo musical como Willie Col\u00f3n y el segundo, como H\u00e9ctor Lavoe.<\/p>\n<p>Grabaron tres discos L.P. entre 1967, 1968 y 1969.<\/p>\n<p>Pero fue en 1970 cuando dieron el gran ca\u00f1onazo con una canci\u00f3n que, definitivamente, populariz\u00f3 la salsa. La canci\u00f3n formaba parte de su cuarto disco <em>long play<\/em>. La car\u00e1tula de este nuevo trabajo discogr\u00e1fico no pod\u00eda ser m\u00e1s elocuente sobre la verdadera procedencia de la nueva tromba musical que irrump\u00eda: Willie Col\u00f3n aparec\u00eda vistiendo un traje de mat\u00f3n de la mafia y en el piso se hallaba tendido el cad\u00e1ver de un hombre que acababa de ser acribillado a tiros por la <em>Cosa Nostra<\/em>. Despu\u00e9s habr\u00eda de saberse que la relaci\u00f3n con la mafia en los or\u00edgenes de la salsa no se reduc\u00eda a esa fotograf\u00eda macabra que ilustraba la car\u00e1tula del disco de 1970. El profesor de la Universidad de Loyola, de Nueva Orleans (Estados Unidos), Leopoldo Tablante publicar\u00eda el libro <em>El d\u00f3lar de la salsa. Del barrio latino a la industria global de fonogramas<\/em> y en \u00e9l denunciar\u00eda que el admirado y querido Jerry Masucci \u2014fallecido en Argentina a los 63 a\u00f1os de edad\u2014 ten\u00eda una relaci\u00f3n plena con la mafia y que, incluso, su socio en una casa disquera anterior, Tommy Eboli, hab\u00eda sido asesinado a balazos en una calle de Nueva York en 1972 por pistoleros de un clan rival del clan Genovese, al que pertenec\u00eda. El Genovese era uno de los cinco clanes criminales que conformaban <em>La Cosa Nostra<\/em> en los bajos fondos de Nueva York.<\/p>\n<p>&nbsp;<\/p>\n<p><a href=\"https:\/\/lapiedrafilosofal.com\/wp-content\/uploads\/2018\/08\/RUBEN-BLADES.jpeg\"><img loading=\"lazy\" decoding=\"async\" class=\"alignnone size-full wp-image-26704\" src=\"https:\/\/lapiedrafilosofal.com\/wp-content\/uploads\/2018\/08\/RUBEN-BLADES.jpeg\" alt=\"\" width=\"565\" height=\"440\" srcset=\"https:\/\/oscarhumbertogomez.com\/wp-content\/uploads\/2018\/08\/RUBEN-BLADES.jpeg 565w, https:\/\/oscarhumbertogomez.com\/wp-content\/uploads\/2018\/08\/RUBEN-BLADES-300x234.jpeg 300w\" sizes=\"auto, (max-width: 565px) 100vw, 565px\" \/><\/a><\/p>\n<p>&nbsp;<\/p>\n<p>Pero la pol\u00e9mica sobre el empresario no se reduc\u00eda a su real o supuesta relaci\u00f3n con el crimen organizado neoyorquino de la \u00e9poca; tambi\u00e9n se refer\u00eda al tratamiento econ\u00f3mico que les daba a sus artistas. Una de las grandes estrellas que grabaron para su famoso sello disquero, Rub\u00e9n Blades, por ejemplo, lo demand\u00f3 ante los estrados judiciales por esquilmarle sus derechos de autor. Tablante sostiene que esa conducta en contra de los artistas a quienes Masucci catapultaba a la fama era la habitual en \u00e9l. No obstante, algo bueno tendr\u00eda que tener porque cuando se supo la noticia de su fallecimiento en Buenos Aires, artistas de la <em>Fania Records<\/em> como Cheo Feliciano no pudieron expresar palabra alguna debido a la profunda conmoci\u00f3n y a la inmensa tristeza que los embargaba.<\/p>\n<p>&nbsp;<\/p>\n<p><a href=\"https:\/\/lapiedrafilosofal.com\/wp-content\/uploads\/2018\/08\/CHEO-FELICIANO.jpg\"><img loading=\"lazy\" decoding=\"async\" class=\"alignnone size-full wp-image-26708\" src=\"https:\/\/lapiedrafilosofal.com\/wp-content\/uploads\/2018\/08\/CHEO-FELICIANO.jpg\" alt=\"\" width=\"765\" height=\"510\" srcset=\"https:\/\/oscarhumbertogomez.com\/wp-content\/uploads\/2018\/08\/CHEO-FELICIANO.jpg 765w, https:\/\/oscarhumbertogomez.com\/wp-content\/uploads\/2018\/08\/CHEO-FELICIANO-300x200.jpg 300w\" sizes=\"auto, (max-width: 765px) 100vw, 765px\" \/><\/a><\/p>\n<p>&nbsp;<\/p>\n<p>En todo caso, la salsa en su concepci\u00f3n original les cantar\u00e1 a las realidades de los barrios bajos de Nueva York, a los asentamientos de inmigrantes latinos pobres en los que la vida se tiene que conquistar abri\u00e9ndose paso entre toda suerte de adversidades, entre ellas la droga, la prostituci\u00f3n y la violencia.<\/p>\n<p>La letra de <em>Juanito Alima\u00f1a<\/em>, uno de los \u00e9xitos de H\u00e9ctor Lavoe, permite una aproximaci\u00f3n a esa dura realidad:<\/p>\n<p>&nbsp;<\/p>\n<p><a href=\"https:\/\/lapiedrafilosofal.com\/wp-content\/uploads\/2018\/08\/JUANITO-ALIMANA.jpg\"><img loading=\"lazy\" decoding=\"async\" class=\"alignnone size-full wp-image-26712\" src=\"https:\/\/lapiedrafilosofal.com\/wp-content\/uploads\/2018\/08\/JUANITO-ALIMANA.jpg\" alt=\"\" width=\"650\" height=\"1005\" srcset=\"https:\/\/oscarhumbertogomez.com\/wp-content\/uploads\/2018\/08\/JUANITO-ALIMANA.jpg 650w, https:\/\/oscarhumbertogomez.com\/wp-content\/uploads\/2018\/08\/JUANITO-ALIMANA-194x300.jpg 194w\" sizes=\"auto, (max-width: 650px) 100vw, 650px\" \/><\/a><\/p>\n<p><a href=\"https:\/\/lapiedrafilosofal.com\/wp-content\/uploads\/2018\/08\/LAVOE-Y-WILLIE.jpg\"><img loading=\"lazy\" decoding=\"async\" class=\"alignnone size-large wp-image-26715\" src=\"https:\/\/lapiedrafilosofal.com\/wp-content\/uploads\/2018\/08\/LAVOE-Y-WILLIE-1024x576.jpg\" alt=\"\" width=\"640\" height=\"360\" srcset=\"https:\/\/oscarhumbertogomez.com\/wp-content\/uploads\/2018\/08\/LAVOE-Y-WILLIE-1024x576.jpg 1024w, https:\/\/oscarhumbertogomez.com\/wp-content\/uploads\/2018\/08\/LAVOE-Y-WILLIE-300x169.jpg 300w, https:\/\/oscarhumbertogomez.com\/wp-content\/uploads\/2018\/08\/LAVOE-Y-WILLIE-768x432.jpg 768w, https:\/\/oscarhumbertogomez.com\/wp-content\/uploads\/2018\/08\/LAVOE-Y-WILLIE.jpg 1280w\" sizes=\"auto, (max-width: 640px) 100vw, 640px\" \/><\/a><\/p>\n<p>&nbsp;<\/p>\n<p>&#8220;La calle es una selva de cemento;<br \/>\nY de fieras salvajes, c\u00f3mo no;<br \/>\nYa no hay qui\u00e9n salga loco de contento;<br \/>\nDonde quiera te espera lo peor.<br \/>\nDonde quiera te espera lo peor.<\/p>\n<p>Juanito Alima\u00f1a, con mucha ma\u00f1a llega al mostrador;<br \/>\nSaca su cuchillo, sin preocupaci\u00f3n;<br \/>\nDice que le entreguen la registradora;<br \/>\nSaca los billetes, saca un pistol\u00f3n;<\/p>\n<p>Sale como el viento, en su disparada;<br \/>\nY aunque ya lo vieron, nadie ha visto nada;<br \/>\nJuanito Alima\u00f1a va a la fechor\u00eda;<br \/>\nSe toma su ca\u00f1a, fabrica su org\u00eda.<\/p>\n<p>La gente le teme, porque es de cuidado;<br \/>\nPa&#8217; meterle mano, hay que ser un bravo;<br \/>\nSi lo meten preso, sale al otro d\u00eda;<br \/>\nPorque un primo suyo &#8216;t\u00e1 en la polic\u00eda.<\/p>\n<p>Juanito Alima\u00f1a s\u00ed tiene ma\u00f1a, es malicia viva;<br \/>\nY siempre se alinea, con el que est\u00e1 arriba;<br \/>\nY aunque a medio mundo le rob\u00f3 su plata,<br \/>\nTodos lo comentan, nadie lo delata;<br \/>\nY aunque a todo el mundo, le rob\u00f3 la plata;<br \/>\nTodos lo comentan, nadie lo delata.<\/p>\n<p>A, la, la, le, le, le, le, le.<\/p>\n<p>En su mundo, mujeres, fumada y ca\u00f1a;<br \/>\nAtracando, vive Juanito Alima\u00f1a.<\/p>\n<p>Cuando \u00e9l era muchachito, las cositas que ped\u00eda;<br \/>\nY si t\u00fa no se las dabas, las mangaba, como quiera las cog\u00eda;<\/p>\n<p>En su mundo, mujeres, fumada y ca\u00f1a;<br \/>\nAtracando, vive Juanito Alima\u00f1a.<\/p>\n<p>Ese, ese tumba lo que ve, si lo ve mal puesto;<br \/>\nAnda, cuida tu cartera, ese s\u00ed que sabe de eso.<\/p>\n<p>En su mundo, mujeres, fumada y ca\u00f1a;<br \/>\nAtracando, atracando, atracando, vive Juanito Alima\u00f1a.<\/p>\n<p>Si el otro d\u00eda lo encontr\u00e9, y guiao \u00e9l me dec\u00eda:<br \/>\nTumba aqu\u00ed lo que t\u00fa quieras, pues mi primo es polic\u00eda.<\/p>\n<p>En su mundo, mujeres, fumada y ca\u00f1a;<br \/>\nEse es, atracando, ese es, vive Juanito Alima\u00f1a.<\/p>\n<p>Oyeee como alma que lleva el diablo, se tira su disparada;<br \/>\nY aunque la gente lo vieron, no lo ratean porque nadie ha visto nada.<\/p>\n<p>En su mundo, mujeres, fumada y ca\u00f1a;<br \/>\nAtracando, vive Juanito Alima\u00f1a.<\/p>\n<p>El rey de las fechor\u00edas, ayer me dijo Facundo,<br \/>\nTodo el mundo lo conoce, \u00f3yeme, en el bajo mundo.<\/p>\n<p>En su mundo, mujeres, fumada y ca\u00f1a;<br \/>\nAtracando, vive Juanito Alima\u00f1a.<\/p>\n<p>Mira, m\u00edrale las manos, en ella no tiene un callito;<br \/>\nEse nunca ha trabaja&#8217;o, y siempre anda bien bonito.<\/p>\n<p>En su mundo, mujeres, fumada y ca\u00f1a;<br \/>\nAtracando, vive Juanito Alima\u00f1a.<\/p>\n<p>En su mundo, mujeres, fumada y ca\u00f1a;<br \/>\nAtracando, vive Juanito Alima\u00f1a.<\/p>\n<p>Oyeee ayer \u00e9l iba muy triste, y llorando as\u00ed bajaba;<br \/>\nVengo de un velorio brother, el de Pedrito Navaja.<\/p>\n<p>En su mundo, mujeres, fumada y ca\u00f1a;<br \/>\nAtracando, vive Juanito Alima\u00f1a.<\/p>\n<p>Mira la gente, le teme al tipo, porque el hombre es de cuidado;<br \/>\nD\u00edganme a quien en el barrio lo ha echa&#8217;o, \u00e9l no le ha tumba&#8217;o.<\/p>\n<p>En su mundo, mujeres, fumada y ca\u00f1a;<br \/>\nAtracando, vive Juanito Alima\u00f1a&#8221;.<\/p>\n<p>&nbsp;<\/p>\n<p><a href=\"https:\/\/lapiedrafilosofal.com\/wp-content\/uploads\/2018\/08\/WILLIE-Y-BLADES.jpg\"><img loading=\"lazy\" decoding=\"async\" class=\"alignnone size-full wp-image-26714\" src=\"https:\/\/lapiedrafilosofal.com\/wp-content\/uploads\/2018\/08\/WILLIE-Y-BLADES.jpg\" alt=\"\" width=\"777\" height=\"437\" srcset=\"https:\/\/oscarhumbertogomez.com\/wp-content\/uploads\/2018\/08\/WILLIE-Y-BLADES.jpg 777w, https:\/\/oscarhumbertogomez.com\/wp-content\/uploads\/2018\/08\/WILLIE-Y-BLADES-300x169.jpg 300w, https:\/\/oscarhumbertogomez.com\/wp-content\/uploads\/2018\/08\/WILLIE-Y-BLADES-768x432.jpg 768w\" sizes=\"auto, (max-width: 777px) 100vw, 777px\" \/><\/a><\/p>\n<p>&nbsp;<\/p>\n<p>La letra de <em>Pedro Navaja<\/em>, \u00e9xito de Willie Col\u00f3n y Rub\u00e9n Blades, corrobora ese ambiente s\u00f3rdido de donde emergi\u00f3 la salsa original:<\/p>\n<p>&nbsp;<\/p>\n<p><a href=\"https:\/\/lapiedrafilosofal.com\/wp-content\/uploads\/2018\/08\/Pedro-Navaja.jpg\"><img loading=\"lazy\" decoding=\"async\" class=\"alignnone size-full wp-image-26713\" src=\"https:\/\/lapiedrafilosofal.com\/wp-content\/uploads\/2018\/08\/Pedro-Navaja.jpg\" alt=\"\" width=\"1021\" height=\"395\" srcset=\"https:\/\/oscarhumbertogomez.com\/wp-content\/uploads\/2018\/08\/Pedro-Navaja.jpg 1021w, https:\/\/oscarhumbertogomez.com\/wp-content\/uploads\/2018\/08\/Pedro-Navaja-300x116.jpg 300w, https:\/\/oscarhumbertogomez.com\/wp-content\/uploads\/2018\/08\/Pedro-Navaja-768x297.jpg 768w\" sizes=\"auto, (max-width: 1021px) 100vw, 1021px\" \/><\/a><\/p>\n<p>&nbsp;<\/p>\n<p>&#8220;Por la esquina del viejo barrio lo vi pasar<br \/>\nCon el tumbao&#8217; que tienen los guapos al caminar,<br \/>\nLas manos siempre en los bolsillos de su gab\u00e1n,<br \/>\nPa&#8217; que no sepan en cu\u00e1l de ellas lleva el pu\u00f1al,<br \/>\nUsa un sombrero de ala ancha de medio lao,<br \/>\nY zapatillas por si hay problemas salir volao&#8217;,<br \/>\nLentes oscuros pa&#8217; que no sepan qu\u00e9 est\u00e1 mirando,<br \/>\nY un diente de oro que cuando r\u00ede se ve brillando.<br \/>\nComo a tres cuadras de aquella esquina una mujer<br \/>\nVa recorriendo la acera entera por quinta vez<br \/>\nY en un zagu\u00e1n entra y se da un trago para olvidar<br \/>\nQue el d\u00eda est\u00e1 flojo y no hay clientes pa&#8217; trabajar.<br \/>\nUn carro pasa muy despacito por la avenida,<br \/>\nNo tiene marcas, pero toos&#8217; saben ques&#8217; polic\u00eda, uhm,<br \/>\nPedro Navaja las manos siempre dentro &#8216;el gab\u00e1n,<br \/>\nMira y sonr\u00ede y el diente de oro vuelve a brillar.<br \/>\nMientras camina pasa la vista de esquina a esquina,<br \/>\nNo se ve un alma, est\u00e1 desierta toa&#8217; la avenida,<br \/>\nCuando de pronto esa mujer sale del zagu\u00e1n<br \/>\nY Pedro Navaja aprieta un pu\u00f1o dentro &#8216;el gab\u00e1n.<br \/>\nMira pa&#8217; un lado, mira pal&#8217; otro y no ve a nadie<br \/>\nY a la carrera, pero sin ruido cruza la calle,<br \/>\nY mientras tanto en la otra acera va esa mujer<br \/>\nRefunfu\u00f1ando pues no hizo pesos con qu\u00e9 comer.<br \/>\nMientras camina, del viejo abrigo saca un rev\u00f3lver, esa mujer<br \/>\nIba a guardarlo en su cartera pa&#8217; que no estorbe,<br \/>\nUn treinta y ocho Smith and Wesson, del especial,<br \/>\nQue carga encima pa&#8217; que la libre de todo mal,<br \/>\nY Pedro Navaja pu\u00f1al en mano le fue pa&#8217; encima,<br \/>\nEl diente de oro iba alumbrando&nbsp;Toa&#8217; la avenida,<br \/>\nSe le hizo f\u00e1cil, mientras re\u00eda el pu\u00f1al le hund\u00eda sin compasi\u00f3n,<br \/>\nCuando de pronto son\u00f3 un disparo como un ca\u00f1\u00f3n<br \/>\nY Pedro Navaja cay\u00f3 en la acera mientras ve\u00eda, a esa mujer<br \/>\nQue rev\u00f3lver en mano y de muerte herida ah\u00ed le dec\u00eda:<br \/>\nYo que pensaba hoy no es mi d\u00eda estoy sal\u00e1<br \/>\nPero Pedro Navaja t\u00fa est\u00e1s peor, no est\u00e1s en n\u00e1,<br \/>\nY cr\u00e9anme, gente, que aunque hubo ruido &#8220;nadien&#8221; sali\u00f3,<br \/>\nNo hubo curiosos, no hubo preguntas, nadie llor\u00f3,<br \/>\nS\u00f3lo un borracho con los dos cuerpos se tropez\u00f3,<br \/>\nCogi\u00f3 el rev\u00f3lver, el pu\u00f1al, los pesos y se march\u00f3,<br \/>\nY tropezando se fue cantando desafinao&#8217;<br \/>\nEl coro que aqu\u00ed les traje y da el mensaje de mi canci\u00f3n<br \/>\nLa vida te da sorpresas. sorpresas te da la vida, ay Dios,<br \/>\nPedro Navaja, mat\u00f3n de esquina,<br \/>\nQuien a hierro mata, a hierro termina.<br \/>\nLa vida te da sorpresas,<br \/>\nSorpresas te da la vida, ay Dios,<br \/>\nValiente pescador, al anzuelo que tiraste<br \/>\nEn vez de una sardina, un tibur\u00f3n enganchaste.<br \/>\nLa vida te da sorpresas,<br \/>\nSorpresas te da la vida, ay Dios,<br \/>\nOcho millones de historias tiene la ciudad de Nueva York,<br \/>\nLa vida te da sorpresas,<br \/>\nSorpresas te da la vida, ay Dios,<br \/>\nComo dec\u00eda mi abuelita,<br \/>\nEl que \u00faltimo r\u00ede, se r\u00ede mejor,<br \/>\nLa vida te da sorpresas,<br \/>\nSorpresas te da la vida, ay Dios,<br \/>\nCuando lo manda el destino,<br \/>\nNo lo cambia ni el m\u00e1s bravo,<br \/>\nSi necesitas un martillo, del cielo te caen los clavos,<br \/>\nLa vida te da sorpresas,<br \/>\nSorpresas te da la vida, ay Dios,<br \/>\nBarrio de guapos cuida\u00b4o en la acera, cuida\u00b4o camar\u00e1<br \/>\nque el que no corre vuela.<br \/>\nLa vida te da sorpresas, sorpresas te da la vida \u00a1ay, Dios!<br \/>\nComo en una novela de Kafka, el borracho dobl\u00f3 por el callej\u00f3n.<br \/>\nLa vida te da&#8230;<\/p>\n<p>En la ciudad de Nueva York, dos personas fueron encontradas muertas.<br \/>\nEsta madrugada los cuerpos sin vida de Pedro Barrios<br \/>\ny Josefina Wilson fueron hallados en una de las calles<br \/>\nadyacentes a la autopista New York Inside,<br \/>\nen el bajo Manhattan, entre las avenidas A y B&#8230;<\/p>\n<p>&nbsp;<\/p>\n<p><img loading=\"lazy\" decoding=\"async\" class=\"alignnone size-large wp-image-26705\" src=\"https:\/\/lapiedrafilosofal.com\/wp-content\/uploads\/2018\/08\/FRUKO-680x1024.jpg\" alt=\"\" width=\"640\" height=\"964\" srcset=\"https:\/\/oscarhumbertogomez.com\/wp-content\/uploads\/2018\/08\/FRUKO-680x1024.jpg 680w, https:\/\/oscarhumbertogomez.com\/wp-content\/uploads\/2018\/08\/FRUKO-199x300.jpg 199w, https:\/\/oscarhumbertogomez.com\/wp-content\/uploads\/2018\/08\/FRUKO-768x1157.jpg 768w, https:\/\/oscarhumbertogomez.com\/wp-content\/uploads\/2018\/08\/FRUKO.jpg 1360w\" sizes=\"auto, (max-width: 640px) 100vw, 640px\" \/><\/p>\n<p>&nbsp;<\/p>\n<p>Hay quienes aseguran que la salsa habr\u00e1 de perder su esencia cuando sus exponentes comiencen a cantarles a cosas mucho m\u00e1s rom\u00e1nticas y dulces. En Colombia aparecer\u00e1 Julio C\u00e9sar Estrada, m\u00e1s conocido como Fruko, quien de ser el timbalero de <em>Los Corraleros de Majagual<\/em> pasar\u00e1 a ser el fundador y director de <em>Fruko y sus Tesos<\/em>, y lo ser\u00e1 tambi\u00e9n de ese experimento bell\u00edsimo de reencuentro con las ra\u00edces africanas que se llamar\u00e1 <em>Wganda Kenya<\/em>, cuyo bombazo nacional e internacional ser\u00e1 el largo y sabroso tema <em>Homenaje a los embajadores<\/em>.<\/p>\n<p>Se empezar\u00e1 a cantarles a las cosas sencillas del barrio, pero desde una \u00f3ptica m\u00e1s coloquial y simp\u00e1tica, como, por ejemplo, a lo que acontece con los charcos del mercado.<\/p>\n<p>&nbsp;<\/p>\n<p><a href=\"https:\/\/lapiedrafilosofal.com\/wp-content\/uploads\/2018\/08\/WGANDA-KENYA.jpg\"><img loading=\"lazy\" decoding=\"async\" class=\"alignnone size-large wp-image-26711\" src=\"https:\/\/lapiedrafilosofal.com\/wp-content\/uploads\/2018\/08\/WGANDA-KENYA-1024x576.jpg\" alt=\"\" width=\"640\" height=\"360\" srcset=\"https:\/\/oscarhumbertogomez.com\/wp-content\/uploads\/2018\/08\/WGANDA-KENYA-1024x576.jpg 1024w, https:\/\/oscarhumbertogomez.com\/wp-content\/uploads\/2018\/08\/WGANDA-KENYA-300x169.jpg 300w, https:\/\/oscarhumbertogomez.com\/wp-content\/uploads\/2018\/08\/WGANDA-KENYA-768x432.jpg 768w, https:\/\/oscarhumbertogomez.com\/wp-content\/uploads\/2018\/08\/WGANDA-KENYA.jpg 1280w\" sizes=\"auto, (max-width: 640px) 100vw, 640px\" \/><\/a><\/p>\n<p>&nbsp;<\/p>\n<p>Y en Cali emerger\u00e1 el m\u00fasico chocoano \u2014que no valluno, como creen algunos despistados por los lados de <em>Youtube<\/em>\u2014 Jairo Varela. El maestro Varela fundar\u00e1 y estar\u00e1 al frente de su <em>Grupo Niche<\/em>, con el cual tambi\u00e9n traspasar\u00e1 las fronteras y pondr\u00e1 la salsa colombiana en un punto muy alto. Entonces se le cantar\u00e1 a <em>Cali Pachanguero<\/em> con el mismo amor con que se le cantar\u00e1 a Quibd\u00f3 \u2014que no a Cali, como creen algunos despistados por los lados de <em>Youtube<\/em>\u2014 con esa pieza hermosa que se titular\u00e1 <em>Mi pueblo natal<\/em>.<\/p>\n<p>&nbsp;<\/p>\n<p><a href=\"https:\/\/lapiedrafilosofal.com\/wp-content\/uploads\/2018\/08\/JAIRO-VARELA.jpeg\"><img loading=\"lazy\" decoding=\"async\" class=\"alignnone size-full wp-image-26706\" src=\"https:\/\/lapiedrafilosofal.com\/wp-content\/uploads\/2018\/08\/JAIRO-VARELA.jpeg\" alt=\"\" width=\"900\" height=\"598\" srcset=\"https:\/\/oscarhumbertogomez.com\/wp-content\/uploads\/2018\/08\/JAIRO-VARELA.jpeg 900w, https:\/\/oscarhumbertogomez.com\/wp-content\/uploads\/2018\/08\/JAIRO-VARELA-300x199.jpeg 300w, https:\/\/oscarhumbertogomez.com\/wp-content\/uploads\/2018\/08\/JAIRO-VARELA-768x510.jpeg 768w\" sizes=\"auto, (max-width: 900px) 100vw, 900px\" \/><\/a><\/p>\n<p>&nbsp;<\/p>\n<p>En fin, sea lo que fuere, en decadencia o en ascenso la salsa cuando los temas se hagan menos escabrosos que los del principio, lo cierto es que el a\u00f1o 1970 marc\u00f3 el nacimiento e irrupci\u00f3n en el mundo discogr\u00e1fico salsero de una pegajosa canci\u00f3n que formaba parte de aquel <em>long play<\/em> de car\u00e1tula tenebrosa. Ni siquiera era el primer tema del acetato, sino, por el contrario, estaba de \u00faltimo en el listado del nuevo trabajo discogr\u00e1fico que acababa de sacar al mercado la pareja conformada por Willie Col\u00f3n y H\u00e9ctor Lavoe.<\/p>\n<p>La canci\u00f3n se llamaba <em>Che che col\u00e9<\/em> y su aceptaci\u00f3n popular traspas\u00f3 de inmediato las fronteras de los Estados Unidos para colarse en pa\u00edses tan distantes como Francia y Colombia.<\/p>\n<p>La verdad sea dicha, los muchachos de entonces por estos contornos bumangueses no repar\u00e1bamos en las car\u00e1tulas. La raz\u00f3n era muy simple: \u00e9ramos estudiantes de bachillerato sin m\u00e1s dinero en el bolsillo que el que nos permit\u00eda subirnos a un bus urbano con destino al colegio o a la casa y no ten\u00edamos dinero, por lo tanto, para comprar discos. Nos limit\u00e1bamos por ello a o\u00edr las novedades discogr\u00e1ficas en las emisoras de radio donde las mol\u00edan todo el d\u00eda y a salir dizque a bailar cuando escuch\u00e1bamos sus primeros acordes en la fiesta casera de turno.<\/p>\n<p>Quienes compraban los discos eran otros. Los compraba, por ejemplo, don \u00c1lvaro Cruz, el popular &#8220;Chato&#8221;, due\u00f1o y tendero de la abarrotada tienda de la carrera 12 con calle 42, esquina del Coliseo Peralta, quien jam\u00e1s nos neg\u00f3 la entrada a las concurridas fiestas con orquesta y con&nbsp;radiola que celebraba en su anchurosa casa solariega, donde siempre fuimos atendidos con generosidad proverbial y un sentido de la vecindad y de la amistad que bastante escasea por estos d\u00edas.<\/p>\n<p>&nbsp;<\/p>\n<p><a href=\"https:\/\/lapiedrafilosofal.com\/wp-content\/uploads\/2018\/08\/Teatro-Coliseo-Peralta.jpg\"><img loading=\"lazy\" decoding=\"async\" class=\"alignnone size-large wp-image-26734\" src=\"https:\/\/lapiedrafilosofal.com\/wp-content\/uploads\/2018\/08\/Teatro-Coliseo-Peralta-1024x953.jpg\" alt=\"\" width=\"640\" height=\"596\" srcset=\"https:\/\/oscarhumbertogomez.com\/wp-content\/uploads\/2018\/08\/Teatro-Coliseo-Peralta-1024x953.jpg 1024w, https:\/\/oscarhumbertogomez.com\/wp-content\/uploads\/2018\/08\/Teatro-Coliseo-Peralta-300x279.jpg 300w, https:\/\/oscarhumbertogomez.com\/wp-content\/uploads\/2018\/08\/Teatro-Coliseo-Peralta-768x715.jpg 768w, https:\/\/oscarhumbertogomez.com\/wp-content\/uploads\/2018\/08\/Teatro-Coliseo-Peralta.jpg 1965w\" sizes=\"auto, (max-width: 640px) 100vw, 640px\" \/><\/a><\/p>\n<p>&nbsp;<\/p>\n<p>A la pista sal\u00edan parejas de excelentes salseros, que literalmente se desbarataban danzando al son de aquel nuevo tema musical llegado de Norteam\u00e9rica. Nosotros, los que siempre hemos bailado m\u00e1s con entusiasmo que con talento, no lo disfrut\u00e1bamos menos. El <em>Che che col\u00e9<\/em> fue trillado, pues, durante aquel a\u00f1o \u2014y en los siguientes\u2014 dentro de las fiestas nocturnas que ya por entonces hab\u00edamos comenzado a frecuentar, fiestas que terminar\u00edan reemplazando aquellas tardes sabatinas de las melcochas bailables en los anchurosos patios de las casas solariegas donde viv\u00edamos nosotros, menos bonitas que la de don \u00c1lvaro Cruz, pero no menos llenas de alegr\u00eda.<\/p>\n<p>En la interpretaci\u00f3n del nuevo <em>Che che col\u00e9<\/em> se unieron, pues, la voz de H\u00e9ctor Lavoe y el tromb\u00f3n de Willie Col\u00f3n. Y, por supuesto, el talento inmenso de sus m\u00fasicos.<\/p>\n<p>&nbsp;<\/p>\n<p><a href=\"https:\/\/lapiedrafilosofal.com\/wp-content\/uploads\/2018\/08\/CHE-CHE-COLE.jpeg\"><img decoding=\"async\" class=\"alignnone size-full wp-image-26719\" src=\"https:\/\/lapiedrafilosofal.com\/wp-content\/uploads\/2018\/08\/CHE-CHE-COLE.jpeg\" alt=\"\" width=\"500\" srcset=\"https:\/\/oscarhumbertogomez.com\/wp-content\/uploads\/2018\/08\/CHE-CHE-COLE.jpeg 399w, https:\/\/oscarhumbertogomez.com\/wp-content\/uploads\/2018\/08\/CHE-CHE-COLE-300x95.jpeg 300w\" sizes=\"(max-width: 399px) 100vw, 399px\" \/><\/a><\/p>\n<p>&nbsp;<\/p>\n<p>Lo que nadie sabe, sin embargo, es que en el&nbsp;<em>Che che col\u00e9<\/em> se hace expresa alusi\u00f3n a una costumbre que tuvo gran arraigo popular en Puerto Rico, el <em>baquin\u00e9<\/em>, y que esta costumbre tambi\u00e9n tuvo enorme y larga popularidad en nuestra Bucaramanga durante el siglo XIX.<\/p>\n<p>En efecto, bajo el nombre de <em>El baile del angelito<\/em>, la historia de nuestra ciudad registra la costumbre que en Puerto Rico se llamaba <em>baquin\u00e9<\/em>, consistente en que cuando mor\u00eda un ni\u00f1o reci\u00e9n nacido o no mayor de 7 a\u00f1os, se le acostaba sobre una mesa, se le rodeaba de flores y la gente se reun\u00eda a su alrededor para cantar, bailar, comer y beber, pues &#8220;exist\u00eda la creencia popular de que el alma del chico no ir\u00eda al cielo si sus pap\u00e1s no celebraban fiesta en presencia de su cuerpo&#8221;. (GARC\u00cdA, Jos\u00e9 Joaqu\u00edn. Cr\u00f3nicas de Bucaramanga. Alcald\u00eda de Bucaramanga. Instituto Municipal de Cultura. (Sic) Editorial. Bucaramanga. 2000, p. 94. G\u00d3MEZ G\u00d3MEZ, \u00d3scar Humberto. Historia de Bucaramanga. (Sic) Editorial. &#8211; Casa Editora Los Hermanos G\u00f3mez. Bucaramanga. 2009, p. 71).<\/p>\n<p>En Bucaramanga, esa costumbre tuvo la f\u00e9rrea oposici\u00f3n del cura Eloy Valenzuela, p\u00e1rroco de Bucaramanga, miembro de la Expedici\u00f3n Bot\u00e1nica y a cuyas misas, celebradas en la Capilla de los Dolores, asist\u00eda el Libertador Sim\u00f3n Bol\u00edvar con su Estado Mayor y sus edecanes, entre ellos aquel gracias a cuya pluma pudimos conocer ese detalle, el coronel franc\u00e9s Luis Per\u00fa de Lacroix.<\/p>\n<p>&nbsp;<\/p>\n<p><a href=\"https:\/\/lapiedrafilosofal.com\/wp-content\/uploads\/2018\/08\/EL-VELORIO-FRANCISCO-OLLER.jpg\"><img loading=\"lazy\" decoding=\"async\" class=\"alignnone size-large wp-image-26700\" src=\"https:\/\/lapiedrafilosofal.com\/wp-content\/uploads\/2018\/08\/EL-VELORIO-FRANCISCO-OLLER-1024x620.jpg\" alt=\"\" width=\"640\" height=\"388\" srcset=\"https:\/\/oscarhumbertogomez.com\/wp-content\/uploads\/2018\/08\/EL-VELORIO-FRANCISCO-OLLER-1024x620.jpg 1024w, https:\/\/oscarhumbertogomez.com\/wp-content\/uploads\/2018\/08\/EL-VELORIO-FRANCISCO-OLLER-300x182.jpg 300w, https:\/\/oscarhumbertogomez.com\/wp-content\/uploads\/2018\/08\/EL-VELORIO-FRANCISCO-OLLER-768x465.jpg 768w\" sizes=\"auto, (max-width: 640px) 100vw, 640px\" \/><\/a><\/p>\n<p>&nbsp;<\/p>\n<p>Aqu\u00ed est\u00e1n, pues, Willie Col\u00f3n y H\u00e9ctor Lavoe, secundados por una constelaci\u00f3n de excelentes m\u00fasicos, en aquel inolvidable tema con el que empezamos a creernos el cuento de que sab\u00edamos bailar salsa solamente porque al finalizar sus notas termin\u00e1bamos tan sudorosos como si hubi\u00e9semos corrido la Marat\u00f3n de San Silvestre y tan felices como si la hubi\u00e9ramos ganado.<\/p>\n<p>\u00a1Bienvenidos!<\/p>\n<p>&nbsp;<\/p>\n<p><iframe loading=\"lazy\" src=\"https:\/\/www.youtube-nocookie.com\/embed\/s-jhq7HOSyY?rel=0&amp;controls=0&amp;showinfo=0\" width=\"560\" height=\"315\" frameborder=\"0\" allowfullscreen=\"allowfullscreen\"><\/iframe><\/p>\n<p><strong>ILUSTRACIONES:<\/strong><\/p>\n<p>1. Car\u00e1tula del disco <em>Cosa nuestra<\/em>, de Willie Col\u00f3n y H\u00e9ctor Lavoe, que conten\u00eda la canci\u00f3n <em>Che che col\u00e9<\/em> (1970).<br \/>\n2. Johnny Pacheco.<br \/>\n3. Jerry Masucci.<br \/>\n4. Willie Col\u00f3n y H\u00e9ctor Lavoe.<br \/>\n5. Rub\u00e9n Blades.<br \/>\n6. Cheo Feliciano.<br \/>\n7. Cartel de &#8220;Juanito Alima\u00f1a&#8221; dise\u00f1ado por Desmotivaciones.es<br \/>\n8. Willie Col\u00f3n y H\u00e9ctor Lavoe, la dupla que posibilit\u00f3 el \u00e9xito de Juanito Alima\u00f1a, a pesar de la oposici\u00f3n de Jerry Masucci y la Fania Records.<br \/>\n9. Willie Col\u00f3n y Rub\u00e9n Blades, la nueva dupla que hizo posible el \u00e9xito de Pedro Navaja.<br \/>\n10. Cartel de &#8220;Pedro Navaja&#8221;. Revista Orbe. Ilustraciones del art\u00edculo &#8220;Pedro Navaja&#8221;, de Charly Morales Valido, reproducido por <em>operamundi<\/em>.<br \/>\n11. Julio C\u00e9sar Estrada (Fruko).<br \/>\n12. Car\u00e1tula del disco de <em>Wganda Kenya<\/em> que conten\u00eda el <em>Homenaje a los embajadores<\/em>. La gente pensaba, en Colombia y en el exterior, al o\u00edr aquella salsa antillana, que se trataba de un grupo africano, neoyorquino o de otro lugar, menos de Colombia.<br \/>\n13. Jairo Varela.<br \/>\n14. Esquina de la carrera 12 y la calle 42, donde a\u00fan subsiste el Coliseo Peralta, una de las pocas edificaciones hist\u00f3ricas del centro de Bucaramanga que no han sido derribadas.<br \/>\n15. P\u00f3ster del&nbsp;<em>Che che col\u00e9.<\/em>&nbsp;Oneup events.com.<br \/>\n16. <em>El velorio<\/em>. 1893. Francisco Oller (Bayam\u00f3n, Puerto Rico, 17 de junio de 1833 &#8211; San Juan, Puerto Rico, 17 de mayo de 1917). Museo de Historia, Antropolog\u00eda y Arte de la Universidad de Puerto Rico. R\u00edo Piedras.<\/p>\n","protected":false},"excerpt":{"rendered":"<p>&nbsp; Transcurr\u00eda el a\u00f1o 1962 y a la oficina del abogado Genaro Masucci, en Nueva York, lleg\u00f3 un hombre que hab\u00eda pedido cita porque quer\u00eda que le tramitara su divorcio. El abogado, nacido en el mismo Nueva York, pero de &hellip; <a href=\"https:\/\/oscarhumbertogomez.com\/?p=26689\">Sigue leyendo <span class=\"meta-nav\">&rarr;<\/span><\/a><\/p>\n<div class='heateorSssClear'><\/div><div  class='heateor_sss_sharing_container heateor_sss_horizontal_sharing' heateor-sss-data-href='https:\/\/oscarhumbertogomez.com\/?p=26689'><div class='heateor_sss_sharing_title' style=\"font-weight:bold\" >\u00a1Gracias por compartirla!<\/div><ul class=\"heateor_sss_sharing_ul\"><li class=\"heateorSssSharingRound\"><i style=\"width:35px;height:35px;border-radius:999px;\" alt=\"Facebook\" Title=\"Facebook\" class=\"heateorSssSharing heateorSssFacebookBackground\" onclick='heateorSssPopup(\"https:\/\/www.facebook.com\/sharer\/sharer.php?u=https%3A%2F%2Foscarhumbertogomez.com%2Findex.php%3Frest_route%3D%252Fwp%252Fv2%252Fposts%252F26689\")'><ss style=\"display:block;border-radius:999px;\" class=\"heateorSssSharingSvg heateorSssFacebookSvg\"><\/ss><\/i><\/li><li class=\"heateorSssSharingRound\"><i style=\"width:35px;height:35px;border-radius:999px;\" alt=\"Twitter\" Title=\"Twitter\" class=\"heateorSssSharing heateorSssTwitterBackground\" onclick='heateorSssPopup(\"http:\/\/twitter.com\/intent\/tweet?text=EL%20%22CHE%20CHE%20COL%C3%89%22%20DE%20WILLIE%20COL%C3%93N%20Y%20H%C3%89CTOR%20LAVOE%2C%20Y%20LOS%20ALBORES%20DE%20LA%20SALSA.%20Notas%20y%20memorias%20de%20%C3%93scar%20Humberto%20G%C3%B3mez%20G%C3%B3mez%2C%20Miembro%20de%20la%20Academia%20de%20Historia%20de%20Santander%20y%20Miembro%20del%20Colegio%20Nacional%20de%20Periodistas&url=https%3A%2F%2Foscarhumbertogomez.com%2Findex.php%3Frest_route%3D%252Fwp%252Fv2%252Fposts%252F26689\")'><ss style=\"display:block;border-radius:999px;\" class=\"heateorSssSharingSvg heateorSssTwitterSvg\"><\/ss><\/i><\/li><li class=\"heateorSssSharingRound\"><i style=\"width:35px;height:35px;border-radius:999px;\" alt=\"Whatsapp\" Title=\"Whatsapp\" class=\"heateorSssSharing heateorSssWhatsappBackground\" onclick='heateorSssPopup(\"https:\/\/web.whatsapp.com\/send?text=EL%20%22CHE%20CHE%20COL%C3%89%22%20DE%20WILLIE%20COL%C3%93N%20Y%20H%C3%89CTOR%20LAVOE%2C%20Y%20LOS%20ALBORES%20DE%20LA%20SALSA.%20Notas%20y%20memorias%20de%20%C3%93scar%20Humberto%20G%C3%B3mez%20G%C3%B3mez%2C%20Miembro%20de%20la%20Academia%20de%20Historia%20de%20Santander%20y%20Miembro%20del%20Colegio%20Nacional%20de%20Periodistas https%3A%2F%2Foscarhumbertogomez.com%2Findex.php%3Frest_route%3D%252Fwp%252Fv2%252Fposts%252F26689\")'><ss style=\"display:block\" class=\"heateorSssSharingSvg heateorSssWhatsappSvg\"><\/ss><\/i><\/li><li class=\"heateorSssSharingRound\"><i style=\"width:35px;height:35px;border-radius:999px;\" alt=\"Pinterest\" Title=\"Pinterest\" class=\"heateorSssSharing heateorSssPinterestBackground\" onclick=\"javascript:void( (function() {var e=document.createElement('script' );e.setAttribute('type','text\/javascript' );e.setAttribute('charset','UTF-8' );e.setAttribute('src','\/\/assets.pinterest.com\/js\/pinmarklet.js?r='+Math.random()*99999999);document.body.appendChild(e)})());\"><ss style=\"display:block;border-radius:999px;\" class=\"heateorSssSharingSvg heateorSssPinterestSvg\"><\/ss><\/i><\/li><li class=\"heateorSssSharingRound\"><i style=\"width:35px;height:35px;border-radius:999px;\" alt=\"Google Gmail\" Title=\"Google Gmail\" class=\"heateorSssSharing heateorSssGoogleGmailBackground\" onclick='heateorSssPopup(\"https:\/\/mail.google.com\/mail\/?ui=2&view=cm&fs=1&tf=1&su=EL%20%22CHE%20CHE%20COL%C3%89%22%20DE%20WILLIE%20COL%C3%93N%20Y%20H%C3%89CTOR%20LAVOE%2C%20Y%20LOS%20ALBORES%20DE%20LA%20SALSA.%20Notas%20y%20memorias%20de%20%C3%93scar%20Humberto%20G%C3%B3mez%20G%C3%B3mez%2C%20Miembro%20de%20la%20Academia%20de%20Historia%20de%20Santander%20y%20Miembro%20del%20Colegio%20Nacional%20de%20Periodistas&body=Link:https%3A%2F%2Foscarhumbertogomez.com%2Findex.php%3Frest_route%3D%252Fwp%252Fv2%252Fposts%252F26689\")'><ss style=\"display:block;border-radius:999px;\" class=\"heateorSssSharingSvg heateorSssGoogleGmailSvg\"><\/ss><\/i><\/li><li class=\"heateorSssSharingRound\"><i style=\"width:35px;height:35px;border-radius:999px;\" title=\"More\" alt=\"More\" class=\"heateorSssSharing heateorSssMoreBackground\" onclick=\"heateorSssMoreSharingPopup(this, 'https:\/\/oscarhumbertogomez.com\/index.php?rest_route=%2Fwp%2Fv2%2Fposts%2F26689', 'EL%20%22CHE%20CHE%20COL%C3%89%22%20DE%20WILLIE%20COL%C3%93N%20Y%20H%C3%89CTOR%20LAVOE%2C%20Y%20LOS%20ALBORES%20DE%20LA%20SALSA.%20Notas%20y%20memorias%20de%20%C3%93scar%20Humberto%20G%C3%B3mez%20G%C3%B3mez%2C%20Miembro%20de%20la%20Academia%20de%20Historia%20de%20Santander%20y%20Miembro%20del%20Colegio%20Nacional%20de%20Periodistas', '' )\" ><ss style=\"display:block\" class=\"heateorSssSharingSvg heateorSssMoreSvg\"><\/ss><\/i><\/li><\/ul><div class=\"heateorSssClear\"><\/div><\/div><div class='heateorSssClear'><\/div>","protected":false},"author":2,"featured_media":0,"comment_status":"open","ping_status":"open","sticky":false,"template":"","format":"standard","meta":{"spay_email":"","footnotes":""},"categories":[8,11],"tags":[],"class_list":["post-26689","post","type-post","status-publish","format-standard","hentry","category-musica","category-periodismo"],"jetpack_featured_media_url":"","jetpack_shortlink":"https:\/\/wp.me\/p1FYrr-6Wt","_links":{"self":[{"href":"https:\/\/oscarhumbertogomez.com\/index.php?rest_route=\/wp\/v2\/posts\/26689","targetHints":{"allow":["GET"]}}],"collection":[{"href":"https:\/\/oscarhumbertogomez.com\/index.php?rest_route=\/wp\/v2\/posts"}],"about":[{"href":"https:\/\/oscarhumbertogomez.com\/index.php?rest_route=\/wp\/v2\/types\/post"}],"author":[{"embeddable":true,"href":"https:\/\/oscarhumbertogomez.com\/index.php?rest_route=\/wp\/v2\/users\/2"}],"replies":[{"embeddable":true,"href":"https:\/\/oscarhumbertogomez.com\/index.php?rest_route=%2Fwp%2Fv2%2Fcomments&post=26689"}],"version-history":[{"count":5,"href":"https:\/\/oscarhumbertogomez.com\/index.php?rest_route=\/wp\/v2\/posts\/26689\/revisions"}],"predecessor-version":[{"id":41033,"href":"https:\/\/oscarhumbertogomez.com\/index.php?rest_route=\/wp\/v2\/posts\/26689\/revisions\/41033"}],"wp:attachment":[{"href":"https:\/\/oscarhumbertogomez.com\/index.php?rest_route=%2Fwp%2Fv2%2Fmedia&parent=26689"}],"wp:term":[{"taxonomy":"category","embeddable":true,"href":"https:\/\/oscarhumbertogomez.com\/index.php?rest_route=%2Fwp%2Fv2%2Fcategories&post=26689"},{"taxonomy":"post_tag","embeddable":true,"href":"https:\/\/oscarhumbertogomez.com\/index.php?rest_route=%2Fwp%2Fv2%2Ftags&post=26689"}],"curies":[{"name":"wp","href":"https:\/\/api.w.org\/{rel}","templated":true}]}}