{"id":26742,"date":"2018-08-19T11:54:19","date_gmt":"2018-08-19T16:54:19","guid":{"rendered":"http:\/\/www.oscarhumbertogomez.com\/?p=26742"},"modified":"2022-08-02T15:58:28","modified_gmt":"2022-08-02T20:58:28","slug":"hace-doscientos-anos-fue-fusilada-en-zapatoca-la-procer-santandereana-evangelina-diaz-por-oscar-humberto-gomez-gomez-miembro-correspondiente-de-la-academia-de-historia-de-santander","status":"publish","type":"post","link":"https:\/\/oscarhumbertogomez.com\/?p=26742","title":{"rendered":"HOY HACE DOSCIENTOS A\u00d1OS FUE FUSILADA EN ZAPATOCA LA PATRIOTA SANTANDEREANA EVANGELINA D\u00cdAZ. Por \u00d3scar Humberto G\u00f3mez G\u00f3mez, Miembro Correspondiente de la Academia de Historia de Santander"},"content":{"rendered":"<p><img loading=\"lazy\" decoding=\"async\" src=\"https:\/\/lapiedrafilosofal.com\/wp-content\/uploads\/2018\/08\/policarpa-1.jpg\" alt=\"\" width=\"881\" height=\"881\" class=\"aligncenter size-full wp-image-26801\" srcset=\"https:\/\/oscarhumbertogomez.com\/wp-content\/uploads\/2018\/08\/policarpa-1.jpg 881w, https:\/\/oscarhumbertogomez.com\/wp-content\/uploads\/2018\/08\/policarpa-1-150x150.jpg 150w, https:\/\/oscarhumbertogomez.com\/wp-content\/uploads\/2018\/08\/policarpa-1-300x300.jpg 300w, https:\/\/oscarhumbertogomez.com\/wp-content\/uploads\/2018\/08\/policarpa-1-768x768.jpg 768w\" sizes=\"auto, (max-width: 881px) 100vw, 881px\" \/><\/p>\n<p>&nbsp;<\/p>\n<p>Antonio Fominaya era el Gobernador del Socorro y Lucas Gonz\u00e1lez lo era de Tunja para el d\u00eda mi\u00e9rcoles 19 de agosto de 1818 cuando en Zapatoca fue conducida al pared\u00f3n por el ej\u00e9rcito de Espa\u00f1a una de las combatientes santandereanas que, desde una de las varias guerrillas formadas en esta tierra para oponerse militarmente a la presencia espa\u00f1ola, impuesta por el rey Fernando VII a partir de la invasi\u00f3n encabezada por el general Pablo Morillo y que dio al traste con la Primera Rep\u00fablica, lucharon en manifiestas condiciones de desventaja contra el poderoso ej\u00e9rcito invasor que, a punta de cadalso, c\u00e1rcel, confiscaci\u00f3n y terror pretend\u00eda consolidar su dominio y lograr que estas tierras siguieran siendo colonia de Espa\u00f1a para siempre.<\/p>\n<p>La m\u00e1rtir santandereana ejecutada ese d\u00eda en el pueblo que habr\u00eda de convertirse m\u00e1s tarde en nuestra famosa Ciudad Lev\u00edtica se llamaba <strong>Evangelina D\u00edaz<\/strong>, era oriunda de all\u00ed, de la misma Zapatoca donde la capturaron, la condenaron y la fusilaron, y sus restos permanecen sepultados en el cementerio de esa localidad.<\/p>\n<p>&nbsp;<\/p>\n<p><a href=\"https:\/\/lapiedrafilosofal.com\/wp-content\/uploads\/2018\/08\/PHOTO-2018-08-19-11-26-43.jpg\"><img loading=\"lazy\" decoding=\"async\" class=\"alignnone size-large wp-image-26752\" src=\"https:\/\/lapiedrafilosofal.com\/wp-content\/uploads\/2018\/08\/PHOTO-2018-08-19-11-26-43-682x1024.jpg\" alt=\"\" width=\"640\" height=\"961\" srcset=\"https:\/\/oscarhumbertogomez.com\/wp-content\/uploads\/2018\/08\/PHOTO-2018-08-19-11-26-43-682x1024.jpg 682w, https:\/\/oscarhumbertogomez.com\/wp-content\/uploads\/2018\/08\/PHOTO-2018-08-19-11-26-43-200x300.jpg 200w, https:\/\/oscarhumbertogomez.com\/wp-content\/uploads\/2018\/08\/PHOTO-2018-08-19-11-26-43-768x1152.jpg 768w, https:\/\/oscarhumbertogomez.com\/wp-content\/uploads\/2018\/08\/PHOTO-2018-08-19-11-26-43.jpg 853w\" sizes=\"auto, (max-width: 640px) 100vw, 640px\" \/><\/a><\/p>\n<p>&nbsp;<\/p>\n<p>En la p\u00e1gina oficial del Ej\u00e9rcito Nacional se hace la siguiente menci\u00f3n:<\/p>\n<p>&#8220;EVANGELINA DIAZ: fusilada a los 22 a\u00f1os, el 19 de agosto de 1818&#8221;. (VARGAS C\u00d3RDOBA, Isacc. Hero\u00ednas de la Independencia. Centro de Estudios Hist\u00f3ricos del Ej\u00e9rcito. Bogot\u00e1, D.C., 20 de octubre de 2016).<\/p>\n<p>Enrique Santos Molano public\u00f3 el libro <strong>Mujeres libertadoras. Las policarpas de la Independencia<\/strong> (Editorial Planeta, Bogot\u00e1, 2010) en el cual relaciona a las mujeres que ofrendaron sus vidas durante los terribles a\u00f1os de la Reconquista espa\u00f1ola y la Resistencia.<\/p>\n<p>Al comentar aquel libro, el doctor Alfonso G\u00f3mez G\u00f3mez destac\u00f3 a Evangelina D\u00edaz y a dos m\u00e1rtires m\u00e1s: &#8220;Destaco a Juana Ram\u00edrez, Evangelina D\u00edaz y Fidela Ramos, de Zapatoca, hasta donde lleg\u00f3 la barbarie&#8221;. (G\u00d3MEZ G\u00d3MEZ, Alfonso. Policarpas de la Independencia. Vanguardia Liberal, s\u00e1bado 28 de julio de 2012).<\/p>\n<p>Julio C\u00e9sar Garc\u00eda V\u00e1squez elabor\u00f3 una &#8220;<strong>Genealog\u00eda colombiana<\/strong>&#8221; y dentro de ella dedica un cap\u00edtulo a los &#8220;<strong>M\u00e1rtires de la Independencia colombiana<\/strong>&#8220;, advirtiendo que &#8220;Esta gr\u00e1fica se refiere a 494 personas que se convirtieron en M\u00e1rtires de la Independencia de la Nueva Granada&#8221;, pero solo &#8220;A 96 de estos m\u00e1rtires se les pudo realizar una gr\u00e1fica geneal\u00f3gica con abundante informaci\u00f3n&#8221;, &#8220;A otros 29 de estos m\u00e1rtires se les pudo encontrar alguna informaci\u00f3n familiar m\u00ednima&#8221;, mientras que &#8220;De los 356 m\u00e1rtires restantes no se conoce ni un solo familiar, quedando la tarea para que con la ayuda de muchas personas se pueda complementar este estudio&#8221;.<\/p>\n<p>Pues bien: en la casilla correspondiente al a\u00f1o &#8220;1818&#8221;, d\u00eda &#8220;19 \/ 08&#8221; aparece el fusilamiento, en Zapatoca, de &#8220;Evangelina D\u00edaz (22 a\u00f1os) y otras 2 mujeres&#8221;.<\/p>\n<p>M\u00e1s abajo aparece &#8220;Fidela Ramos&#8221;, fusilada tambi\u00e9n en Zapatoca el d\u00eda 11 de diciembre de 1818, de quien no anota el lugar de nacimiento, y &#8220;Juana Ram\u00edrez&#8221;, fusilada en &#8220;Zapatosa&#8221; (sic) el 14 de marzo de 1818, quien era natural de Tenza.<\/p>\n<p>Por las fechas, entonces, es claro que no fueron estas dos m\u00e1rtires, Fidela Ramos y Juana Ram\u00edrez, las compa\u00f1eras de Evangelina D\u00edaz fusiladas en Zapatoca junto a ella el 19 de agosto de 1818.<\/p>\n<p>&nbsp;<\/p>\n<p><a href=\"https:\/\/lapiedrafilosofal.com\/wp-content\/uploads\/2018\/08\/maria-parado-de-bellido.jpg\"><img decoding=\"async\" class=\"alignnone size-full wp-image-26749\" src=\"https:\/\/lapiedrafilosofal.com\/wp-content\/uploads\/2018\/08\/maria-parado-de-bellido.jpg\" alt=\"\" width=\"750\" srcset=\"https:\/\/oscarhumbertogomez.com\/wp-content\/uploads\/2018\/08\/maria-parado-de-bellido.jpg 400w, https:\/\/oscarhumbertogomez.com\/wp-content\/uploads\/2018\/08\/maria-parado-de-bellido-300x165.jpg 300w\" sizes=\"(max-width: 400px) 100vw, 400px\" \/><\/a><\/p>\n<p>&nbsp;<\/p>\n<p>Maritza Rodr\u00edguez, desde Buenos Aires, Argentina, escribe sobre el &#8220;<strong>20 de julio: D\u00eda de la Independencia Colombiana &#8211; D\u00eda del Amigo en Argentina<\/strong>&#8220;,&nbsp;y trae a colaci\u00f3n &#8220;<strong>En recuerdo de las damas de la libertad<\/strong>&#8221; a &#8220;EVANGELINA D\u00cdAZ: fusilada a los 22 a\u00f1os, el 19 de agosto de 1818&#8221;. (MARITZA RODR\u00cdGUEZ. Rinc\u00f3n de musas, ninfas y duendes. En: maritzarodriguez. wordpress.com).<\/p>\n<p>Finalmente, el Museo Nacional de Colombia exalta el papel protag\u00f3nico de las mujeres durante la Guerra de Independencia:<\/p>\n<p>&#8220;La participaci\u00f3n pol\u00edtica de las mujeres en la Independencia fue crucial. Ellas fueron sostenedoras de los primeros gobiernos, colaboradoras e incluso miembros de las guerrillas patriotas, sirvieron al ej\u00e9rcito libertador como informantes y acompa\u00f1aron a sus esposos, hijos y seres queridos (&#8230;) en los campos de batalla. Sin embargo, la menci\u00f3n que se hace de ellas en la historia ha sido marginal con relaci\u00f3n a la participaci\u00f3n masculina.<br \/>\n\u00bfC\u00f3mo han sido representadas estas mujeres? Exceptuando aquellas que fueron reconocidas como hero\u00ednas, como Policarpa Salavarrieta, su presencia en textos e im\u00e1genes es reducida. Sus retratos se realizan tiempo despu\u00e9s pero no se difunden porque se considera que el rol de la mujer pertenece al hogar, no a la plaza p\u00fablica. Las constituciones no les reconocieron la ciudadan\u00eda en ese momento. De esta manera, el papel pol\u00edtico de la mujer en la Independencia ha sido poco reconocido.<br \/>\nSobre estas mujeres no sabemos c\u00f3mo eran sus rostros, ni su talla, ni su estatura, (sic) pero s\u00ed sabemos que se sacrificaron por apoyar la Independencia&#8221;.<\/p>\n<p>Y a continuaci\u00f3n de este texto preliminar, el Museo destaca, entre otras patriotas, a &#8220;Evangelina D\u00edaz&#8221;. (Museo Nacional de Colombia. Bogot\u00e1 (D.C.). Estaci\u00f3n H\u00e9roes. Mujeres pol\u00edticas).<\/p>\n<p>&nbsp;<\/p>\n<p><a href=\"https:\/\/lapiedrafilosofal.com\/wp-content\/uploads\/2018\/08\/PHOTO-2018-08-19-11-26-44.jpg\"><img loading=\"lazy\" decoding=\"async\" class=\"alignnone size-large wp-image-26753\" src=\"https:\/\/lapiedrafilosofal.com\/wp-content\/uploads\/2018\/08\/PHOTO-2018-08-19-11-26-44-681x1024.jpg\" alt=\"\" width=\"640\" height=\"962\" srcset=\"https:\/\/oscarhumbertogomez.com\/wp-content\/uploads\/2018\/08\/PHOTO-2018-08-19-11-26-44-681x1024.jpg 681w, https:\/\/oscarhumbertogomez.com\/wp-content\/uploads\/2018\/08\/PHOTO-2018-08-19-11-26-44-199x300.jpg 199w, https:\/\/oscarhumbertogomez.com\/wp-content\/uploads\/2018\/08\/PHOTO-2018-08-19-11-26-44-768x1155.jpg 768w, https:\/\/oscarhumbertogomez.com\/wp-content\/uploads\/2018\/08\/PHOTO-2018-08-19-11-26-44.jpg 851w\" sizes=\"auto, (max-width: 640px) 100vw, 640px\" \/><\/a><\/p>\n<p>&nbsp;<\/p>\n<p>Como se observa, la mayor parte de la historia de Santander est\u00e1 por escribirse.<\/p>\n<p>Y, desde luego, por plasmarse en el lienzo o esculpirse en la piedra o en el m\u00e1rmol.<\/p>\n<p>&nbsp;<\/p>\n<p><a href=\"https:\/\/lapiedrafilosofal.com\/wp-content\/uploads\/2018\/08\/PHOTO-2018-08-19-10-52-49.jpg\"><img loading=\"lazy\" decoding=\"async\" class=\"alignnone size-large wp-image-26747\" src=\"https:\/\/lapiedrafilosofal.com\/wp-content\/uploads\/2018\/08\/PHOTO-2018-08-19-10-52-49-907x1024.jpg\" alt=\"\" width=\"640\" height=\"723\" srcset=\"https:\/\/oscarhumbertogomez.com\/wp-content\/uploads\/2018\/08\/PHOTO-2018-08-19-10-52-49.jpg 907w, https:\/\/oscarhumbertogomez.com\/wp-content\/uploads\/2018\/08\/PHOTO-2018-08-19-10-52-49-266x300.jpg 266w, https:\/\/oscarhumbertogomez.com\/wp-content\/uploads\/2018\/08\/PHOTO-2018-08-19-10-52-49-768x867.jpg 768w\" sizes=\"auto, (max-width: 640px) 100vw, 640px\" \/><\/a><\/p>\n<p>&nbsp;<\/p>\n<p><em>Mesa de las Tempestades, \u00c1rea Metropolitana de Bucaramanga, domingo 19 de agosto de 2018.<\/em><\/p>\n<p>__________<\/p>\n<p><span style=\"color: #000080;\"><strong>ILUSTRACIONES<\/strong><\/span>:<\/p>\n<p><strong>(1)<\/strong> Policarpa Salavarrieta. An\u00f3nimo. Museo Nacional de Colombia. 1900. Ilustraci\u00f3n del art\u00edculo <em>Las mujeres en la Independencia de Colombia<\/em>, del doctor en Historia de la Universidad Nacional Aut\u00f3noma de M\u00e9xico (UNAM) y profesor de Historia en la Universidad Nacional de Colombia y en la Universidad Externado de Colombia Pablo Rodr\u00edguez Jim\u00e9nez. Revista Credencial. 19 de agosto de 2018.<\/p>\n<p><strong>(2)<\/strong> El calendario de la torre de la Iglesia de San Joaqu\u00edn, de Zapatoca, indicando que hoy es domingo 19 de agosto. Fotograf\u00eda del arquitecto, ex Presidente de la Sociedad Colombiana de Arquitectos Seccional Santander y profesor de Historia de la Arquitectura Colombiana en la Facultad de Arquitectura de la Universidad Santo Tom\u00e1s Seccional Bucaramanga David Alberto Arias Mantilla.<\/p>\n<p><strong>(3)<\/strong> Fusilamiento de Mar\u00eda Parado de Bellido. Consuelo Cisneros. 1929. (<strong>NOTA DEL PORTAL<\/strong>: M\u00e1rtir de la Independencia del Per\u00fa. A diferencia de Evangelina D\u00edaz, ten\u00eda m\u00e1s de 60 a\u00f1os cuando fue fusilada. Igual que la m\u00e1rtir santandereana, muy poco se sabe de ella y ha permanecido casi en el anonimato).<\/p>\n<p><strong>(4)<\/strong> Iglesia de San Joaqu\u00edn, de Zapatoca. Fotograf\u00eda de David Alberto Arias Mantilla.<\/p>\n<p><strong>(5)<\/strong> Tumba de la patriota santandereana Evangelina D\u00edaz en el cementerio de Zapatoca, Santander. Fotograf\u00eda de David Alberto Arias Mantilla.<\/p>\n<p>_________<\/p>\n<p><span style=\"color: #000080;\"><strong>NOTA DEL PORTAL:<\/strong><\/span>&nbsp;<em>Santander en la Red<\/em> deja constancia de que, al menos que sepamos, no existen \u00f3leos, ni esculturas, ni ilustraciones de artistas santandereanos \u2014mucho menos, de artistas de otras partes de Colombia o del mundo\u2014 que representen a patriotas santandereanas como Evangelina D\u00edaz, ni el rol hist\u00f3rico que desempe\u00f1aron en posibilitar el nacimiento de nuestra naci\u00f3n. Ello contribuye, por supuesto, a que las m\u00e1rtires como ella sigan sumidas en el olvido.<\/p>\n<p>&nbsp;<\/p>\n<p>&nbsp;<\/p>\n<p>&nbsp;<\/p>\n","protected":false},"excerpt":{"rendered":"<p>&nbsp; Antonio Fominaya era el Gobernador del Socorro y Lucas Gonz\u00e1lez lo era de Tunja para el d\u00eda mi\u00e9rcoles 19 de agosto de 1818 cuando en Zapatoca fue conducida al pared\u00f3n por el ej\u00e9rcito de Espa\u00f1a una de las combatientes &hellip; <a href=\"https:\/\/oscarhumbertogomez.com\/?p=26742\">Sigue leyendo <span class=\"meta-nav\">&rarr;<\/span><\/a><\/p>\n<div class='heateorSssClear'><\/div><div  class='heateor_sss_sharing_container heateor_sss_horizontal_sharing' heateor-sss-data-href='https:\/\/oscarhumbertogomez.com\/?p=26742'><div class='heateor_sss_sharing_title' style=\"font-weight:bold\" >\u00a1Gracias por compartirla!<\/div><ul class=\"heateor_sss_sharing_ul\"><li class=\"heateorSssSharingRound\"><i style=\"width:35px;height:35px;border-radius:999px;\" alt=\"Facebook\" Title=\"Facebook\" class=\"heateorSssSharing heateorSssFacebookBackground\" onclick='heateorSssPopup(\"https:\/\/www.facebook.com\/sharer\/sharer.php?u=https%3A%2F%2Foscarhumbertogomez.com%2Findex.php%3Frest_route%3D%252Fwp%252Fv2%252Fposts%252F26742\")'><ss style=\"display:block;border-radius:999px;\" class=\"heateorSssSharingSvg heateorSssFacebookSvg\"><\/ss><\/i><\/li><li class=\"heateorSssSharingRound\"><i style=\"width:35px;height:35px;border-radius:999px;\" alt=\"Twitter\" Title=\"Twitter\" class=\"heateorSssSharing heateorSssTwitterBackground\" onclick='heateorSssPopup(\"http:\/\/twitter.com\/intent\/tweet?text=HOY%20HACE%20DOSCIENTOS%20A%C3%91OS%20FUE%20FUSILADA%20EN%20ZAPATOCA%20LA%20PATRIOTA%20SANTANDEREANA%20EVANGELINA%20D%C3%8DAZ.%20Por%20%C3%93scar%20Humberto%20G%C3%B3mez%20G%C3%B3mez%2C%20Miembro%20Correspondiente%20de%20la%20Academia%20de%20Historia%20de%20Santander&url=https%3A%2F%2Foscarhumbertogomez.com%2Findex.php%3Frest_route%3D%252Fwp%252Fv2%252Fposts%252F26742\")'><ss style=\"display:block;border-radius:999px;\" class=\"heateorSssSharingSvg heateorSssTwitterSvg\"><\/ss><\/i><\/li><li class=\"heateorSssSharingRound\"><i style=\"width:35px;height:35px;border-radius:999px;\" alt=\"Whatsapp\" Title=\"Whatsapp\" class=\"heateorSssSharing heateorSssWhatsappBackground\" onclick='heateorSssPopup(\"https:\/\/web.whatsapp.com\/send?text=HOY%20HACE%20DOSCIENTOS%20A%C3%91OS%20FUE%20FUSILADA%20EN%20ZAPATOCA%20LA%20PATRIOTA%20SANTANDEREANA%20EVANGELINA%20D%C3%8DAZ.%20Por%20%C3%93scar%20Humberto%20G%C3%B3mez%20G%C3%B3mez%2C%20Miembro%20Correspondiente%20de%20la%20Academia%20de%20Historia%20de%20Santander https%3A%2F%2Foscarhumbertogomez.com%2Findex.php%3Frest_route%3D%252Fwp%252Fv2%252Fposts%252F26742\")'><ss style=\"display:block\" class=\"heateorSssSharingSvg heateorSssWhatsappSvg\"><\/ss><\/i><\/li><li class=\"heateorSssSharingRound\"><i style=\"width:35px;height:35px;border-radius:999px;\" alt=\"Pinterest\" Title=\"Pinterest\" class=\"heateorSssSharing heateorSssPinterestBackground\" onclick=\"javascript:void( (function() {var e=document.createElement('script' );e.setAttribute('type','text\/javascript' );e.setAttribute('charset','UTF-8' );e.setAttribute('src','\/\/assets.pinterest.com\/js\/pinmarklet.js?r='+Math.random()*99999999);document.body.appendChild(e)})());\"><ss style=\"display:block;border-radius:999px;\" class=\"heateorSssSharingSvg heateorSssPinterestSvg\"><\/ss><\/i><\/li><li class=\"heateorSssSharingRound\"><i style=\"width:35px;height:35px;border-radius:999px;\" alt=\"Google Gmail\" Title=\"Google Gmail\" class=\"heateorSssSharing heateorSssGoogleGmailBackground\" onclick='heateorSssPopup(\"https:\/\/mail.google.com\/mail\/?ui=2&view=cm&fs=1&tf=1&su=HOY%20HACE%20DOSCIENTOS%20A%C3%91OS%20FUE%20FUSILADA%20EN%20ZAPATOCA%20LA%20PATRIOTA%20SANTANDEREANA%20EVANGELINA%20D%C3%8DAZ.%20Por%20%C3%93scar%20Humberto%20G%C3%B3mez%20G%C3%B3mez%2C%20Miembro%20Correspondiente%20de%20la%20Academia%20de%20Historia%20de%20Santander&body=Link:https%3A%2F%2Foscarhumbertogomez.com%2Findex.php%3Frest_route%3D%252Fwp%252Fv2%252Fposts%252F26742\")'><ss style=\"display:block;border-radius:999px;\" class=\"heateorSssSharingSvg heateorSssGoogleGmailSvg\"><\/ss><\/i><\/li><li class=\"heateorSssSharingRound\"><i style=\"width:35px;height:35px;border-radius:999px;\" title=\"More\" alt=\"More\" class=\"heateorSssSharing heateorSssMoreBackground\" onclick=\"heateorSssMoreSharingPopup(this, 'https:\/\/oscarhumbertogomez.com\/index.php?rest_route=%2Fwp%2Fv2%2Fposts%2F26742', 'HOY%20HACE%20DOSCIENTOS%20A%C3%91OS%20FUE%20FUSILADA%20EN%20ZAPATOCA%20LA%20PATRIOTA%20SANTANDEREANA%20EVANGELINA%20D%C3%8DAZ.%20Por%20%C3%93scar%20Humberto%20G%C3%B3mez%20G%C3%B3mez%2C%20Miembro%20Correspondiente%20de%20la%20Academia%20de%20Historia%20de%20Santander', '' )\" ><ss style=\"display:block\" class=\"heateorSssSharingSvg heateorSssMoreSvg\"><\/ss><\/i><\/li><\/ul><div class=\"heateorSssClear\"><\/div><\/div><div class='heateorSssClear'><\/div>","protected":false},"author":2,"featured_media":0,"comment_status":"open","ping_status":"open","sticky":false,"template":"","format":"standard","meta":{"spay_email":"","footnotes":""},"categories":[1],"tags":[],"class_list":["post-26742","post","type-post","status-publish","format-standard","hentry","category-blog"],"jetpack_featured_media_url":"","jetpack_shortlink":"https:\/\/wp.me\/p1FYrr-6Xk","_links":{"self":[{"href":"https:\/\/oscarhumbertogomez.com\/index.php?rest_route=\/wp\/v2\/posts\/26742","targetHints":{"allow":["GET"]}}],"collection":[{"href":"https:\/\/oscarhumbertogomez.com\/index.php?rest_route=\/wp\/v2\/posts"}],"about":[{"href":"https:\/\/oscarhumbertogomez.com\/index.php?rest_route=\/wp\/v2\/types\/post"}],"author":[{"embeddable":true,"href":"https:\/\/oscarhumbertogomez.com\/index.php?rest_route=\/wp\/v2\/users\/2"}],"replies":[{"embeddable":true,"href":"https:\/\/oscarhumbertogomez.com\/index.php?rest_route=%2Fwp%2Fv2%2Fcomments&post=26742"}],"version-history":[{"count":5,"href":"https:\/\/oscarhumbertogomez.com\/index.php?rest_route=\/wp\/v2\/posts\/26742\/revisions"}],"predecessor-version":[{"id":42552,"href":"https:\/\/oscarhumbertogomez.com\/index.php?rest_route=\/wp\/v2\/posts\/26742\/revisions\/42552"}],"wp:attachment":[{"href":"https:\/\/oscarhumbertogomez.com\/index.php?rest_route=%2Fwp%2Fv2%2Fmedia&parent=26742"}],"wp:term":[{"taxonomy":"category","embeddable":true,"href":"https:\/\/oscarhumbertogomez.com\/index.php?rest_route=%2Fwp%2Fv2%2Fcategories&post=26742"},{"taxonomy":"post_tag","embeddable":true,"href":"https:\/\/oscarhumbertogomez.com\/index.php?rest_route=%2Fwp%2Fv2%2Ftags&post=26742"}],"curies":[{"name":"wp","href":"https:\/\/api.w.org\/{rel}","templated":true}]}}