{"id":2688,"date":"2012-01-31T11:18:57","date_gmt":"2012-01-31T16:18:57","guid":{"rendered":"http:\/\/www.oscarhumbertogomez.com\/?p=2688"},"modified":"2025-02-02T20:09:55","modified_gmt":"2025-02-03T01:09:55","slug":"que-pretende-el-gobierno-nacional-defender-a-los-compositores-acabar-con-sayco-o-favorecer-a-los-grandes-empresarios","status":"publish","type":"post","link":"https:\/\/oscarhumbertogomez.com\/?p=2688","title":{"rendered":"\u00bfQu\u00e9 pretende el Gobierno Nacional: defender a los compositores, acabar con SAYCO o favorecer a los grandes empresarios? Por \u00d3scar Humberto G\u00f3mez G\u00f3mez"},"content":{"rendered":"<p><img loading=\"lazy\" decoding=\"async\" class=\"aligncenter size-full wp-image-2762\" title=\"SAYCO\" src=\"https:\/\/lapiedrafilosofal.com\/wp-content\/uploads\/2012\/01\/SAYCO.jpg\" alt=\"\" width=\"600\" height=\"369\" srcset=\"https:\/\/oscarhumbertogomez.com\/wp-content\/uploads\/2012\/01\/SAYCO.jpg 600w, https:\/\/oscarhumbertogomez.com\/wp-content\/uploads\/2012\/01\/SAYCO-300x184.jpg 300w\" sizes=\"auto, (max-width: 600px) 100vw, 600px\" \/><\/p>\n<p>&nbsp;<\/p>\n<p>Pertenezco a SAYCO, pero no vivo de la m\u00fasica. &nbsp;Soy consciente, sin embargo, de que la inmensa mayor\u00eda de los dem\u00e1s compositores, por no decir todos, s\u00ed viven -o sobreviven- de ella y soy totalmente solidario con su cada vez m\u00e1s inocultable tragedia.<\/p>\n<p>Desde hace muchos a\u00f1os se ven\u00eda denunciando p\u00fablicamente la dram\u00e1tica situaci\u00f3n del compositor colombiano. Tambi\u00e9n desde hace muchos a\u00f1os no pocos compositores ven\u00edan cuestionando el manejo que las directivas de SAYCO le ven\u00edan dando a la entidad, empezando porque los cargos -en su sentir- se repart\u00edan entre una rosca de personajes sin brillo alguno en el mundo musical, art\u00edstico o cultural, de quienes nadie entend\u00eda qu\u00e9 m\u00e9ritos hab\u00edan exhibido para merecer que se les entregasen las riendas de la instituci\u00f3n. Igualmente, desde hac\u00eda muchos a\u00f1os se ven\u00eda diciendo -o mejor, clamando- que algo muy grave est\u00e1 pasando en Colombia como para que buena parte de los g\u00e9neros y aires musicales (bambuco, pasillo, guabina, canci\u00f3n protesta, pasodoble, tango, cueca, vals, marcha, zarzuela, milonga, huapango, bolero, danza, contradanza, rumba criolla, etc\u00e9tera) hubiesen pr\u00e1cticamente desaparecido de la red radial, de la televisi\u00f3n y, en general, de los medios de comunicaci\u00f3n, con el consiguiente grave perjuicio para sus autores y compositores, dado que si la m\u00fasica de alguien no suena, tampoco ese alguien recibe regal\u00edas de manos de SAYCO, acentu\u00e1ndose as\u00ed las condiciones de pobreza de los creadores de toda esa m\u00fasica discriminada. Y finalmente, cada vez menos en secreto, se ven\u00eda haciendo referencia a la denominada &#8220;PAYOLA&#8221;, vale decir, el forzoso pago por debajo de la mesa que supuestamente deb\u00edan hacer las grandes disqueras o los artistas independientes que aspiraran a que su m\u00fasica sonara en las emisoras. &nbsp;En fin, desde hac\u00eda mucho tiempo era tema recurrente el calamitoso, inmoral e insostenible estado de cosas dentro de la m\u00fasica y la glacial indiferencia del Estado colombiano ante esa problem\u00e1tica. Es curioso, sin embargo, que s\u00f3lo a partir de la publicaci\u00f3n del comunicado de un poderoso empresario bogotano en el peri\u00f3dico EL TIEMPO de Bogot\u00e1, el Estado decida hacer valer su inmenso poder para, supuestamente, entrar a defender en\u00e9rgicamente al d\u00e9bil y marginado compositor nacional.<\/p>\n<p>&nbsp;<\/p>\n<p><img loading=\"lazy\" decoding=\"async\" class=\"aligncenter size-full wp-image-2764\" title=\"el-tiempo1\" src=\"https:\/\/lapiedrafilosofal.com\/wp-content\/uploads\/2012\/01\/el-tiempo1.jpg\" alt=\"\" width=\"604\" height=\"302\" srcset=\"https:\/\/oscarhumbertogomez.com\/wp-content\/uploads\/2012\/01\/el-tiempo1.jpg 604w, https:\/\/oscarhumbertogomez.com\/wp-content\/uploads\/2012\/01\/el-tiempo1-300x150.jpg 300w\" sizes=\"auto, (max-width: 604px) 100vw, 604px\" \/><\/p>\n<p>&nbsp;<\/p>\n<p>Pero m\u00e1s curioso resulta que el Estado entienda como defensa en\u00e9rgica del olvidado compositor nacional el cierre de su asociaci\u00f3n gremial y la ca\u00f3tica atomizaci\u00f3n del recaudo de los derechos de autor, y que a eso reduzca la soluci\u00f3n del complejo, delicado y apremiante problema.<\/p>\n<p>En efecto, a partir del esc\u00e1ndalo suscitado luego del concierto de la banda rockera Aerosmith en Bogot\u00e1, organizado por el se\u00f1or Ricardo Leyva, autor del extenso, costoso y efectivo comunicado de prensa, se ha venido aprovechando el desorden (<em>&#8220;En r\u00edo revuelto, ganancia de pescadores&#8221;<\/em>) para propiciar el cierre de la sociedad de compositores. Cierre que se pretende justificar con el argumento, a todas luces sof\u00edstico, de que dicha entidad no est\u00e1 velando, realmente, por los intereses del compositor colombiano, como si la mejor manera de entrar, por fin, a proteger al abandonado compositor nacional fuera el acabarle de ra\u00edz todo vestigio de organizaci\u00f3n como gremio.<\/p>\n<p>&nbsp;<\/p>\n<div id=\"attachment_2765\" style=\"width: 290px\" class=\"wp-caption aligncenter\"><img loading=\"lazy\" decoding=\"async\" aria-describedby=\"caption-attachment-2765\" class=\"size-full wp-image-2765\" title=\"RICARDO LEYVA\" src=\"https:\/\/lapiedrafilosofal.com\/wp-content\/uploads\/2012\/01\/RICARDO-LEYVA.jpg\" alt=\"\" width=\"280\" height=\"229\"><p id=\"caption-attachment-2765\" class=\"wp-caption-text\">RICARDO LEYVA<\/p><\/div>\n<p>&nbsp;<\/p>\n<p>El se\u00f1or Ricardo Leyva, al publicar, pag\u00e1ndola de su bolsillo, una p\u00e1gina entera del peri\u00f3dico nacional EL TIEMPO, cuyo costo todos sabemos que alcanza varios millones de pesos, no s\u00f3lo demostr\u00f3 que es un empresario pudiente, sino, a juzgar por el texto de su comunicado, que hab\u00eda decidido asumir, con toda decisi\u00f3n, la defensa, no de los intereses del compositor colombiano, desde luego, sino de SUS PROPIOS INTERESES PERSONALES, afectados con el cobro de las regal\u00edas ordenadas por la ley a favor del compositor colombiano, y buscar, a como diera lugar, el cierre de SAYCO. Fue elocuente la frase inicial de su comunicado: &#8220;<strong>NO M\u00c1S SAYCO<\/strong>&#8220;.<\/p>\n<p>H\u00e1bilmente, el mismo se\u00f1or Leyva aprovech\u00f3, adem\u00e1s, sus evidentes contactos personales en la radio, pero principalmente en la emisora La W, para generar un largo espacio -dos horas continuas- dedicado a hacer creer, de manera sof\u00edstica, que como el compositor colombiano se muere de hambre y de olvido, la soluci\u00f3n es, simple y llanamente, cerrar a SAYCO.<\/p>\n<p>&nbsp;<\/p>\n<p><img loading=\"lazy\" decoding=\"async\" class=\"aligncenter size-medium wp-image-2766\" title=\"w-radio\" src=\"https:\/\/lapiedrafilosofal.com\/wp-content\/uploads\/2012\/01\/w-radio-300x208.png\" alt=\"\" width=\"300\" height=\"208\" srcset=\"https:\/\/oscarhumbertogomez.com\/wp-content\/uploads\/2012\/01\/w-radio-300x208.png 300w, https:\/\/oscarhumbertogomez.com\/wp-content\/uploads\/2012\/01\/w-radio.png 920w\" sizes=\"auto, (max-width: 300px) 100vw, 300px\" \/><\/p>\n<p>&nbsp;<\/p>\n<p>Las influencias del poderoso empresario hicieron posible que el propio ministro del Interior Dr. Germ\u00e1n Vargas Lleras interviniera en el asunto y fue as\u00ed como el Estado, inveteradamente sordo a las s\u00faplicas del compositor colombiano, de la noche a la ma\u00f1ana mostr\u00f3 una &#8220;preocupaci\u00f3n&#8221; desmedida y urgente por su situaci\u00f3n, procediendo a &nbsp;la apertura inmediata de una exhaustiva investigaci\u00f3n a SAYCO.<\/p>\n<p>&nbsp;<\/p>\n<div id=\"attachment_2767\" style=\"width: 610px\" class=\"wp-caption aligncenter\"><img loading=\"lazy\" decoding=\"async\" aria-describedby=\"caption-attachment-2767\" class=\"size-full wp-image-2767\" title=\"vargas\" src=\"https:\/\/lapiedrafilosofal.com\/wp-content\/uploads\/2012\/01\/vargas.jpg\" alt=\"\" width=\"600\" height=\"400\" srcset=\"https:\/\/oscarhumbertogomez.com\/wp-content\/uploads\/2012\/01\/vargas.jpg 600w, https:\/\/oscarhumbertogomez.com\/wp-content\/uploads\/2012\/01\/vargas-300x200.jpg 300w\" sizes=\"auto, (max-width: 600px) 100vw, 600px\" \/><p id=\"caption-attachment-2767\" class=\"wp-caption-text\">GERM\u00c1N VARGAS LLERAS<\/p><\/div>\n<p>&nbsp;<\/p>\n<p>Esa investigaci\u00f3n, asombrosamente vertiginosa, pr\u00e1cticamente comenz\u00f3 con la exigencia de la inmediata renuncia del Director Nacional de Derechos de Autor (a menos que su dimisi\u00f3n haya sido voluntaria y una mera coincidencia).<\/p>\n<p>&nbsp;<\/p>\n<p><img loading=\"lazy\" decoding=\"async\" class=\"aligncenter size-full wp-image-2768\" title=\"SAYCO II\" src=\"https:\/\/lapiedrafilosofal.com\/wp-content\/uploads\/2012\/01\/SAYCO-II.jpg\" alt=\"\" width=\"200\" height=\"155\"><\/p>\n<p>&nbsp;<\/p>\n<p>Tambi\u00e9n procedi\u00f3 el Estado a dejar, igualmente casi de inmediato, sin efectos el reconocimiento del gerente de SAYCO, se\u00f1or Jairo Ruge.<\/p>\n<p>&nbsp;<\/p>\n<div id=\"attachment_2769\" style=\"width: 350px\" class=\"wp-caption aligncenter\"><img loading=\"lazy\" decoding=\"async\" aria-describedby=\"caption-attachment-2769\" class=\"size-full wp-image-2769\" title=\"Jairo Ruge\" src=\"https:\/\/lapiedrafilosofal.com\/wp-content\/uploads\/2012\/01\/Jairo-Ruge.jpg\" alt=\"\" width=\"340\" height=\"250\" srcset=\"https:\/\/oscarhumbertogomez.com\/wp-content\/uploads\/2012\/01\/Jairo-Ruge.jpg 340w, https:\/\/oscarhumbertogomez.com\/wp-content\/uploads\/2012\/01\/Jairo-Ruge-300x220.jpg 300w\" sizes=\"auto, (max-width: 340px) 100vw, 340px\" \/><p id=\"caption-attachment-2769\" class=\"wp-caption-text\">JAIRO RUGE<\/p><\/div>\n<p>&nbsp;<\/p>\n<p>Finalmente, el gobierno comenz\u00f3 a sugerir, palabras m\u00e1s, palabras menos, que los d\u00edas de SAYCO estaban contados.<\/p>\n<p>&nbsp;<\/p>\n<p>Para un respetable sector de los compositores, es evidente e indudable que, desde hace mucho tiempo, SAYCO viene siendo manejada por una rosca impenetrable y que son muchos los creadores de m\u00fasica colombianos que no se est\u00e1n beneficiando de la sociedad en ning\u00fan sentido. Tambi\u00e9n pareciera -seg\u00fan lo que ha trascendido a los medios- haber quedado al descubierto que los administradores de la sociedad ven\u00edan incurriendo en irregularidades de diversa naturaleza en el ejercicio de sus funciones y que su remoci\u00f3n resultaba aconsejable. Pero eso es una cosa, y otra, totalmente distinta, es que a Colombia se le env\u00ede el mensaje equ\u00edvoco de que frente a ese mar de injusticias en el que se ahoga el compositor colombiano lo procedente, entonces, es cerrar a SAYCO, que el Estado tampoco asuma directamente las tareas de recaudo y distribuci\u00f3n de regal\u00edas a los compositores, y que, sencillamente, una de dos: o que la m\u00fasica pase a ser, sin m\u00e1s ni m\u00e1s, del dominio p\u00fablico, aun en vida de sus creadores, llevando a la tumba no s\u00f3lo los derechos de autor, sino a quienes viven de su talento creativo en el \u00e1rea musical, o que cada compositor se las ingenie para ver de qu\u00e9 manera cobra, directamente en las emisoras y en los conciertos, lo que le corresponde. O una de tres: las dos anteriores, o que se creen todas las organizaciones gremiales de compositores que sean posibles, es decir, que se atomice lo que durante muchos a\u00f1os fue SAYCO.<\/p>\n<p>Curiosamente, en medio de la tormenta y con velocidad vertiginosa, el Congreso Nacional aprob\u00f3 una ley -cuya gestaci\u00f3n y desarrollos no tenemos claros- que fue pregonada tambi\u00e9n a los cuatro vientos bajo el sugestivo t\u00edtulo de que le hab\u00edan puesto &#8220;el tatequieto&#8221; a SAYCO, por medio de la cual -seg\u00fan dicen- se redujo de manera m\u00e1s que dr\u00e1stica el porcentaje que a su favor estaba legalmente establecido del producto de los conciertos.<\/p>\n<p>&nbsp;<\/p>\n<p><img loading=\"lazy\" decoding=\"async\" class=\"aligncenter size-full wp-image-2770\" title=\"capitolio\" src=\"https:\/\/lapiedrafilosofal.com\/wp-content\/uploads\/2012\/01\/capitolio.jpg\" alt=\"\" width=\"300\" height=\"214\"><\/p>\n<p>&nbsp;<\/p>\n<p>De igual manera, y distrayendo en forma habilidosa la atenci\u00f3n acerca de los verdaderos problemas que agobian al compositor colombiano y sobre las razones que tom\u00f3 en cuenta el legislador para establecer la obligatoriedad del cobro porcentual a favor de SAYCO por la explotaci\u00f3n econ\u00f3mica de la m\u00fasica en el territorio nacional, se ech\u00f3 a rodar el sof\u00edstico argumento de que el 50% de la m\u00fasica que se escucha en Colombia es extranjera y que, &#8220;en consecuencia&#8221;, no se le tiene por qu\u00e9 pagar nada a compositores de aqu\u00ed cuya m\u00fasica no se escucha. Nada se habla, eso s\u00ed, sobre la inconstitucionalidad e ilegalidad manifiestas que tiene la perversa y arbitraria EXCLUSI\u00d3N de la m\u00fasica nacional, exclusi\u00f3n sorprendentemente aupada por el propio Estado (el cual tambi\u00e9n, como ciertos sectores de la sociedad, pareciera AVERGONZARSE de ser de este pa\u00eds), ni de los convenios internacionales que SAYCO ha suscrito para el recaudo por el uso de la m\u00fasica de compositores extranjeros.<\/p>\n<p>La absurdidad de la &#8220;soluci\u00f3n&#8221; que se pretende sugerir frente a la posible desaparici\u00f3n de SAYCO, seg\u00fan la cual cada compositor ha de mirar a ver c\u00f3mo recauda sus derechos, seguramente yendo de emisora en emisora, de bar en bar y de concierto en concierto, salta a la vista. &nbsp;Es una &#8220;soluci\u00f3n&#8221; tan absurda, como inconveniente para la fortaleza del gremio resulta la otra &#8220;soluci\u00f3n&#8221; planteada: la de que se promueva la creaci\u00f3n de m\u00faltiples asociaciones de compositores, de modo que lo que reine sea la desuni\u00f3n, el caos y el desorden.<\/p>\n<p>En suma, la dram\u00e1tica situaci\u00f3n del compositor colombiano s\u00f3lo se est\u00e1 tomando como el pretexto perfecto para justificar el cierre de la Sociedad de Autores y Compositores de Colombia, sin que se hable en absoluto sobre qu\u00e9 entidad la reemplazar\u00eda o de qu\u00e9 manera va a garantizar el Estado el efectivo recaudo de sus derechos. No se habla, ni por asomo, de la desaparici\u00f3n de SAYCO, pero&nbsp;<strong>como punto de partida para una pol\u00edtica oficial de defensa de todo aquello que le dar\u00eda al compositor nacional la dignidad que no tiene y que, sin embargo, se merece<\/strong>, a saber:<\/p>\n<p>a.) Que la red radiof\u00f3nica y televisiva de este pa\u00eds sean conminadas por el Estado a difundir la m\u00fasica <strong>de TODOS los compositores colombianos<\/strong>, pero especialmente de los m\u00e1s afectados con la discriminaci\u00f3n y la exclusi\u00f3n, que son, \u00a1vaya paradoja!, aquellos que crean <strong>m\u00fasica COLOMBIANA<\/strong>, y m\u00e1s concretamente aquellos que, en la m\u00e1s absoluta soledad y abandono, luchan por no dejar morir el bambuco, la guabina, el pasillo, la danza, la rumba criolla y, en fin, <strong>las expresiones musicales que constituyen la preciosa riqueza folcl\u00f3rica nacional andina de Colombia<\/strong>, quienes ven su m\u00fasica EXCLUIDA hasta de la Radio Nacional.<\/p>\n<p>&nbsp;<\/p>\n<p><img loading=\"lazy\" decoding=\"async\" class=\"aligncenter size-full wp-image-2771\" title=\"RADIO NACIONAL DE COLOMBIA\" src=\"https:\/\/lapiedrafilosofal.com\/wp-content\/uploads\/2012\/01\/RADIO-NACIONAL-DE-COLOMBIA.jpg\" alt=\"\" width=\"400\" height=\"300\" srcset=\"https:\/\/oscarhumbertogomez.com\/wp-content\/uploads\/2012\/01\/RADIO-NACIONAL-DE-COLOMBIA.jpg 400w, https:\/\/oscarhumbertogomez.com\/wp-content\/uploads\/2012\/01\/RADIO-NACIONAL-DE-COLOMBIA-300x225.jpg 300w\" sizes=\"auto, (max-width: 400px) 100vw, 400px\" \/><\/p>\n<p>&nbsp;<\/p>\n<p>b.) Que la divulgaci\u00f3n de la m\u00fasica colombiana <strong>no est\u00e9 condicionada al pago de la inmoral PAYOLA<\/strong>, vicio detestable que pareciera haberse convertido en la talanquera para el progreso de nuestros compositores y que estar\u00eda alejando de la radiodifusi\u00f3n la m\u00fasica de aquellos que no tienen recursos econ\u00f3micos para sobornar a inescrupulosos &#8220;hombres de radio&#8221; que -expl\u00edcita o impl\u00edcitamente- les estar\u00edan poniendo como condici\u00f3n, para difundirles sus canciones, el que primero les paguen exorbitantes cantidades de dinero, sumas que obviamente no est\u00e1n al alcance del empobrecido compositor colombiano. <strong>El debate p\u00fablico sobre la PAYOLA debe ser abierto ya<\/strong>.<\/p>\n<p>&nbsp;<\/p>\n<p><img loading=\"lazy\" decoding=\"async\" class=\"aligncenter size-full wp-image-2772\" title=\"Payola\" src=\"https:\/\/lapiedrafilosofal.com\/wp-content\/uploads\/2012\/01\/Payola.jpg\" alt=\"\" width=\"200\" height=\"139\"><img loading=\"lazy\" decoding=\"async\" class=\"aligncenter size-full wp-image-2773\" title=\"Payola II\" src=\"https:\/\/lapiedrafilosofal.com\/wp-content\/uploads\/2012\/01\/Payola-II.jpg\" alt=\"\" width=\"250\" height=\"250\" srcset=\"https:\/\/oscarhumbertogomez.com\/wp-content\/uploads\/2012\/01\/Payola-II.jpg 250w, https:\/\/oscarhumbertogomez.com\/wp-content\/uploads\/2012\/01\/Payola-II-150x150.jpg 150w\" sizes=\"auto, (max-width: 250px) 100vw, 250px\" \/><img loading=\"lazy\" decoding=\"async\" class=\"aligncenter size-medium wp-image-2774\" title=\"payola III\" src=\"https:\/\/lapiedrafilosofal.com\/wp-content\/uploads\/2012\/01\/payola-III-300x172.jpg\" alt=\"\" width=\"300\" height=\"172\" srcset=\"https:\/\/oscarhumbertogomez.com\/wp-content\/uploads\/2012\/01\/payola-III-300x172.jpg 300w, https:\/\/oscarhumbertogomez.com\/wp-content\/uploads\/2012\/01\/payola-III.jpg 720w\" sizes=\"auto, (max-width: 300px) 100vw, 300px\" \/><\/p>\n<p>&nbsp;<\/p>\n<p>c.) Que las emisoras cumplan con su deber legal de <strong>PAUTAR<\/strong> la m\u00fasica que se pone a sonar durante el d\u00eda y que dicha pauta <strong>SE REPORTE<\/strong> oportuna y debidamente a la organizaci\u00f3n que administre los derechos de los autores y compositores, conforme tambi\u00e9n lo ordena la ley, ya que es esa pauta la que permite saber <strong>CU\u00c1NTO<\/strong> debe reconoc\u00e9rsele a cada maestro por concepto de regal\u00edas.<\/p>\n<p>d.) Que los empresarios de conciertos, como el se\u00f1or Leyva, sean conminados <strong>a no seguir ignorando la m\u00fasica representativa del pa\u00eds<\/strong> y a que contraten tambi\u00e9n a grupos y artistas de m\u00fasica colombiana, <strong>PERO EN CONDICIONES DE DIGNIDAD<\/strong>, no como meros &#8220;teloneros&#8221; de relleno, gratuitos o mal pagados.<\/p>\n<p>e.) <strong>Que el Estado INTERVENGA<\/strong> la organizaci\u00f3n de ferias, carnavales, festivales y cert\u00e1menes de todo orden realizados en el territorio nacional, en los cuales una rosca impenetrable mantiene excluidos a los compositores colombianos ajenos a ella y, por supuesto, a la m\u00fasica tradicional colombiana, tratada en estos eventos como una cenicienta, si es que alguna participaci\u00f3n, as\u00ed sea indecorosa, se le permite.<\/p>\n<p>En fin, cerrar a SAYCO, solamente para satisfacer a los empresarios poderosos asegur\u00e1ndoles que se beneficiar\u00e1n con un margen de utilidad mayor al no tener que volver a pagarle nada ni a SAYCO, ni a organizaci\u00f3n alguna que represente a los autores y compositores de Colombia, ser\u00eda la peor afrenta que el poderoso Estado colombiano le har\u00eda al fr\u00e1gil y olvidado creador de m\u00fasica en este pa\u00eds. &nbsp;Una afrenta que desconocer\u00eda la imperiosa necesidad existente, no de matar a SAYCO, sino de <strong>REFORMARLA DE MANERA RADICAL<\/strong>, cerr\u00e1ndole legalmente el paso a la conformaci\u00f3n de <strong>roscas<\/strong> que se perpet\u00faen en los puestos de mando. &nbsp;Una afrenta que ignorar\u00eda que dejar a los compositores sin organizaci\u00f3n gremial alguna y atomizar el recaudo de los derechos de autor significa conducir al compositor nacional de su precaria condici\u00f3n actual a la de literalmente irse al abismo de manera definitiva, v\u00edctima de la debilidad, que es a lo \u00fanico que lleva la desuni\u00f3n. &nbsp;Una afrenta, en fin, que consumar\u00eda, por en\u00e9sima vez, el abuso de la posici\u00f3n dominante del fuerte para pisotear los derechos del d\u00e9bil.<\/p>\n<p>&nbsp;<\/p>\n","protected":false},"excerpt":{"rendered":"<p>&nbsp; Pertenezco a SAYCO, pero no vivo de la m\u00fasica. &nbsp;Soy consciente, sin embargo, de que la inmensa mayor\u00eda de los dem\u00e1s compositores, por no decir todos, s\u00ed viven -o sobreviven- de ella y soy totalmente solidario con su cada &hellip; <a href=\"https:\/\/oscarhumbertogomez.com\/?p=2688\">Sigue leyendo <span class=\"meta-nav\">&rarr;<\/span><\/a><\/p>\n<div class='heateorSssClear'><\/div><div  class='heateor_sss_sharing_container heateor_sss_horizontal_sharing' heateor-sss-data-href='https:\/\/oscarhumbertogomez.com\/?p=2688'><div class='heateor_sss_sharing_title' style=\"font-weight:bold\" >\u00a1Gracias por compartirla!<\/div><ul class=\"heateor_sss_sharing_ul\"><li class=\"heateorSssSharingRound\"><i style=\"width:35px;height:35px;border-radius:999px;\" alt=\"Facebook\" Title=\"Facebook\" class=\"heateorSssSharing heateorSssFacebookBackground\" onclick='heateorSssPopup(\"https:\/\/www.facebook.com\/sharer\/sharer.php?u=https%3A%2F%2Foscarhumbertogomez.com%2Findex.php%3Frest_route%3D%252Fwp%252Fv2%252Fposts%252F2688\")'><ss style=\"display:block;border-radius:999px;\" class=\"heateorSssSharingSvg heateorSssFacebookSvg\"><\/ss><\/i><\/li><li class=\"heateorSssSharingRound\"><i style=\"width:35px;height:35px;border-radius:999px;\" alt=\"Twitter\" Title=\"Twitter\" class=\"heateorSssSharing heateorSssTwitterBackground\" onclick='heateorSssPopup(\"http:\/\/twitter.com\/intent\/tweet?text=%C2%BFQu%C3%A9%20pretende%20el%20Gobierno%20Nacional%3A%20defender%20a%20los%20compositores%2C%20acabar%20con%20SAYCO%20o%20favorecer%20a%20los%20grandes%20empresarios%3F%20Por%20%C3%93scar%20Humberto%20G%C3%B3mez%20G%C3%B3mez&url=https%3A%2F%2Foscarhumbertogomez.com%2Findex.php%3Frest_route%3D%252Fwp%252Fv2%252Fposts%252F2688\")'><ss style=\"display:block;border-radius:999px;\" class=\"heateorSssSharingSvg heateorSssTwitterSvg\"><\/ss><\/i><\/li><li class=\"heateorSssSharingRound\"><i style=\"width:35px;height:35px;border-radius:999px;\" alt=\"Whatsapp\" Title=\"Whatsapp\" class=\"heateorSssSharing heateorSssWhatsappBackground\" onclick='heateorSssPopup(\"https:\/\/web.whatsapp.com\/send?text=%C2%BFQu%C3%A9%20pretende%20el%20Gobierno%20Nacional%3A%20defender%20a%20los%20compositores%2C%20acabar%20con%20SAYCO%20o%20favorecer%20a%20los%20grandes%20empresarios%3F%20Por%20%C3%93scar%20Humberto%20G%C3%B3mez%20G%C3%B3mez https%3A%2F%2Foscarhumbertogomez.com%2Findex.php%3Frest_route%3D%252Fwp%252Fv2%252Fposts%252F2688\")'><ss style=\"display:block\" class=\"heateorSssSharingSvg heateorSssWhatsappSvg\"><\/ss><\/i><\/li><li class=\"heateorSssSharingRound\"><i style=\"width:35px;height:35px;border-radius:999px;\" alt=\"Pinterest\" Title=\"Pinterest\" class=\"heateorSssSharing heateorSssPinterestBackground\" onclick=\"javascript:void( (function() {var e=document.createElement('script' );e.setAttribute('type','text\/javascript' );e.setAttribute('charset','UTF-8' );e.setAttribute('src','\/\/assets.pinterest.com\/js\/pinmarklet.js?r='+Math.random()*99999999);document.body.appendChild(e)})());\"><ss style=\"display:block;border-radius:999px;\" class=\"heateorSssSharingSvg heateorSssPinterestSvg\"><\/ss><\/i><\/li><li class=\"heateorSssSharingRound\"><i style=\"width:35px;height:35px;border-radius:999px;\" alt=\"Google Gmail\" Title=\"Google Gmail\" class=\"heateorSssSharing heateorSssGoogleGmailBackground\" onclick='heateorSssPopup(\"https:\/\/mail.google.com\/mail\/?ui=2&view=cm&fs=1&tf=1&su=%C2%BFQu%C3%A9%20pretende%20el%20Gobierno%20Nacional%3A%20defender%20a%20los%20compositores%2C%20acabar%20con%20SAYCO%20o%20favorecer%20a%20los%20grandes%20empresarios%3F%20Por%20%C3%93scar%20Humberto%20G%C3%B3mez%20G%C3%B3mez&body=Link:https%3A%2F%2Foscarhumbertogomez.com%2Findex.php%3Frest_route%3D%252Fwp%252Fv2%252Fposts%252F2688\")'><ss style=\"display:block;border-radius:999px;\" class=\"heateorSssSharingSvg heateorSssGoogleGmailSvg\"><\/ss><\/i><\/li><li class=\"heateorSssSharingRound\"><i style=\"width:35px;height:35px;border-radius:999px;\" title=\"More\" alt=\"More\" class=\"heateorSssSharing heateorSssMoreBackground\" onclick=\"heateorSssMoreSharingPopup(this, 'https:\/\/oscarhumbertogomez.com\/index.php?rest_route=%2Fwp%2Fv2%2Fposts%2F2688', '%C2%BFQu%C3%A9%20pretende%20el%20Gobierno%20Nacional%3A%20defender%20a%20los%20compositores%2C%20acabar%20con%20SAYCO%20o%20favorecer%20a%20los%20grandes%20empresarios%3F%20Por%20%C3%93scar%20Humberto%20G%C3%B3mez%20G%C3%B3mez', '' )\" ><ss style=\"display:block\" class=\"heateorSssSharingSvg heateorSssMoreSvg\"><\/ss><\/i><\/li><\/ul><div class=\"heateorSssClear\"><\/div><\/div><div class='heateorSssClear'><\/div>","protected":false},"author":2,"featured_media":0,"comment_status":"open","ping_status":"open","sticky":false,"template":"","format":"standard","meta":{"spay_email":"","footnotes":""},"categories":[1],"tags":[],"class_list":["post-2688","post","type-post","status-publish","format-standard","hentry","category-blog"],"jetpack_featured_media_url":"","jetpack_shortlink":"https:\/\/wp.me\/p1FYrr-Hm","_links":{"self":[{"href":"https:\/\/oscarhumbertogomez.com\/index.php?rest_route=\/wp\/v2\/posts\/2688","targetHints":{"allow":["GET"]}}],"collection":[{"href":"https:\/\/oscarhumbertogomez.com\/index.php?rest_route=\/wp\/v2\/posts"}],"about":[{"href":"https:\/\/oscarhumbertogomez.com\/index.php?rest_route=\/wp\/v2\/types\/post"}],"author":[{"embeddable":true,"href":"https:\/\/oscarhumbertogomez.com\/index.php?rest_route=\/wp\/v2\/users\/2"}],"replies":[{"embeddable":true,"href":"https:\/\/oscarhumbertogomez.com\/index.php?rest_route=%2Fwp%2Fv2%2Fcomments&post=2688"}],"version-history":[{"count":5,"href":"https:\/\/oscarhumbertogomez.com\/index.php?rest_route=\/wp\/v2\/posts\/2688\/revisions"}],"predecessor-version":[{"id":50118,"href":"https:\/\/oscarhumbertogomez.com\/index.php?rest_route=\/wp\/v2\/posts\/2688\/revisions\/50118"}],"wp:attachment":[{"href":"https:\/\/oscarhumbertogomez.com\/index.php?rest_route=%2Fwp%2Fv2%2Fmedia&parent=2688"}],"wp:term":[{"taxonomy":"category","embeddable":true,"href":"https:\/\/oscarhumbertogomez.com\/index.php?rest_route=%2Fwp%2Fv2%2Fcategories&post=2688"},{"taxonomy":"post_tag","embeddable":true,"href":"https:\/\/oscarhumbertogomez.com\/index.php?rest_route=%2Fwp%2Fv2%2Ftags&post=2688"}],"curies":[{"name":"wp","href":"https:\/\/api.w.org\/{rel}","templated":true}]}}