{"id":27052,"date":"2018-10-06T10:08:40","date_gmt":"2018-10-06T15:08:40","guid":{"rendered":"http:\/\/www.oscarhumbertogomez.com\/?p=27052"},"modified":"2025-08-03T17:53:59","modified_gmt":"2025-08-03T22:53:59","slug":"la-universidad-santo-tomas-confirio-a-paula-natalia-gomez-blackburn-el-titulo-profesional-de-odontologa-por-oscar-humberto-gomez-gomez","status":"publish","type":"post","link":"https:\/\/oscarhumbertogomez.com\/?p=27052","title":{"rendered":"LA UNIVERSIDAD SANTO TOM\u00c1S CONFIRI\u00d3 A PAULA NATALIA G\u00d3MEZ BLACKBURN EL T\u00cdTULO PROFESIONAL DE ODONT\u00d3LOGA. Por \u00d3scar Humberto G\u00f3mez G\u00f3mez"},"content":{"rendered":"<p><a href=\"https:\/\/lapiedrafilosofal.com\/wp-content\/uploads\/2018\/10\/PHOTO-2018-10-06-13-22-12-copia.jpg\"><img loading=\"lazy\" decoding=\"async\" class=\"alignnone size-large wp-image-27077\" src=\"https:\/\/lapiedrafilosofal.com\/wp-content\/uploads\/2018\/10\/PHOTO-2018-10-06-13-22-12-copia-682x1024.jpg\" alt=\"\" width=\"640\" height=\"961\" srcset=\"https:\/\/oscarhumbertogomez.com\/wp-content\/uploads\/2018\/10\/PHOTO-2018-10-06-13-22-12-copia.jpg 682w, https:\/\/oscarhumbertogomez.com\/wp-content\/uploads\/2018\/10\/PHOTO-2018-10-06-13-22-12-copia-200x300.jpg 200w\" sizes=\"auto, (max-width: 640px) 100vw, 640px\" \/><\/a><\/p>\n<p>&nbsp;<\/p>\n<p>En ceremonia que se llev\u00f3 a a cabo en el Paraninfo Santo Domingo de Guzm\u00e1n, de su campus en Floridablanca, a partir de las 3:30 de la tarde de ayer, viernes 5 de octubre de 2018, la Facultad de Odontolog\u00eda de la ilustre Universidad Santo Tom\u00e1s, Seccional Bucaramanga, le confiri\u00f3 el t\u00edtulo profesional de <strong>Odont\u00f3loga<\/strong> a nuestra querida hija <strong>Paula Natalia G\u00f3mez Blackburn<\/strong>.<\/p>\n<p>Luego de sus estudios acad\u00e9micos y de sus pr\u00e1cticas cl\u00ednicas universitarias, siempre asumidos con toda la fuerza de su vocaci\u00f3n, Paulita, como la llamamos cari\u00f1osamente desde sus a\u00f1os de infancia, hizo la pr\u00e1ctica de rotaci\u00f3n hospitalaria en el Hospital de Chima, peque\u00f1o municipio santandereano donde, gracias a sus cualidades como persona y como profesional en ciernes, dej\u00f3 una grata impresi\u00f3n y a numerosas personas que la distinguieron con su afecto y que seguramente la recordar\u00e1n por siempre con cari\u00f1o y gratitud. De hecho, la improvisada y bulliciosa caravana de j\u00f3venes de ambos sexos que en sus motocicletas y haciendo sonar los pitos la sorprendieron gratamente cuando ya se aprestaba a abandonar Chima, creyendo que lo har\u00eda en solitario, y la acompa\u00f1aron hasta Simacota, y a continuaci\u00f3n hasta el Socorro, con San Gil a veinte minutos m\u00e1s de camino, todo ello la noche en que sali\u00f3 del hospital luego de entregar su puesto \u2014por haber cumplido el tiempo requerido\u2014 habl\u00f3 por s\u00ed sola del inmenso respeto y del c\u00e1lido aprecio que despert\u00f3 dentro del pueblo chimero. Habl\u00f3 adem\u00e1s muy bien de su alto sentido de la responsabilidad profesional y de la deontolog\u00eda odontol\u00f3gica el que, aquella noche, ya habiendo entregado todo cuanto ten\u00eda que entregar, por lo cual ya estaba liberada de cualquier obligaci\u00f3n all\u00ed y perfectamente pod\u00eda iniciar de una vez su viaje de regreso a Bucaramanga, se qued\u00f3 a atender a un humilde paciente de procedencia campesina que, a \u00faltima hora, hab\u00eda llegado hasta el hospital en busca de atenci\u00f3n odontol\u00f3gica. El inesperado retraso termin\u00f3 por preocuparnos a sus familiares, que la supon\u00edamos ya en carretera desde dos horas antes y, por ello, cuando la llamamos para preguntarle d\u00f3nde ven\u00eda, pens\u00e1bamos que nos iba a reportar que ya andaba en las goteras de San Gil. Y termin\u00f3 preocup\u00e1ndonos, porque era la primera vez que viajaba sola conduciendo en carretera y le hab\u00edamos insistido en que no se dejara coger la noche.<\/p>\n<p>&nbsp;<\/p>\n<p><a href=\"https:\/\/lapiedrafilosofal.com\/wp-content\/uploads\/2018\/10\/PHOTO-2018-10-06-13-22-12-1.jpg\"><img loading=\"lazy\" decoding=\"async\" class=\"alignnone size-large wp-image-27078\" src=\"https:\/\/lapiedrafilosofal.com\/wp-content\/uploads\/2018\/10\/PHOTO-2018-10-06-13-22-12-1-682x1024.jpg\" alt=\"\" width=\"640\" height=\"961\" srcset=\"https:\/\/oscarhumbertogomez.com\/wp-content\/uploads\/2018\/10\/PHOTO-2018-10-06-13-22-12-1.jpg 682w, https:\/\/oscarhumbertogomez.com\/wp-content\/uploads\/2018\/10\/PHOTO-2018-10-06-13-22-12-1-200x300.jpg 200w\" sizes=\"auto, (max-width: 640px) 100vw, 640px\" \/><\/a><\/p>\n<p>&nbsp;<\/p>\n<p>La permanencia de Paulita en Chima estuvo marcada por momentos de especial sensibilidad que la mostraron ante sus ocasionales contertulios como lo que era: una hija de familia ausente de su casa y de los suyos. Para no citar sino uno solo de esos momentos, rememoramos la emotiva reuni\u00f3n en la que ella y sus nuevos amigos escucharon el pasillo <em>Espumas<\/em> y la joven practicante de Odontolog\u00eda rompi\u00f3 en llanto al recordar a su pap\u00e1, quien desde que ella y sus hermanos eran ni\u00f1os les ense\u00f1\u00f3 a escuchar y a apreciar la m\u00fasica andina colombiana no solo poni\u00e9ndola a sonar en el equipo de sonido del hogar, sino cant\u00e1ndola \u00e9l mismo mientras se acompa\u00f1aba con la guitarra. Una de las canciones m\u00e1s emblem\u00e1ticas de aquella larga y sostenida tarea paterna de endoculturaci\u00f3n hab\u00eda sido, justamente, el precioso y memorable pasillo de Jorge Villamil interpretado por el dueto Garz\u00f3n y Collazos: &#8220;<em>Amores que se fueron \/ amores peregrinos \/ amores que se fueron \/ dejando en tu alma \/ negros torbellinos \/. Igual que las espumas \/ que lleva el ancho r\u00edo, \/ se van tus ilusiones \/ siendo destrozadas por el remolino \/ Espumas que se van, \/ bellas rosas viajeras, \/ se alejan en danzantes \/ y en peque\u00f1os copos \/ formando el paisaje \/. Ya nunca volver\u00e1n \/ las espumas viajeras, \/ como las ilusiones \/ que te depararon \/ dichas pasajeras, \/ como las ilusiones \/ que te depararon \/ dichas pasajeras. \/\/ Espejos tembladores \/ de aguas fugitivas \/ van retratando amores \/ y bellos recuerdos \/ que deja la vida \/. Se trenzan en coronas \/ de blancos azahares, \/ cual rosadas diademas \/ cuando llevan flores \/ de la siempreviva \/\/. Espumas que se van, \/ bellas rosas viajeras, \/ se alejan en danzantes \/ y en peque\u00f1os copos \/ formando el paisaje \/. Ya nunca volver\u00e1n \/ las espumas viajeras, \/ como las ilusiones \/ que te depararon \/ dichas pasajeras, \/ como las ilusiones \/ que te depararon \/ dichas pasajeras&nbsp;<\/em>&#8220;.<\/p>\n<p>Hoy, con el alma repleta de ilusiones, de hermosos sue\u00f1os por conquistar y de inmensa satisfacci\u00f3n por el importante logro que ha alcanzado como merecida recompensa de la vida a su inquebrantable deseo de superaci\u00f3n, a su alto sentido de la responsabilidad y al entra\u00f1able amor demostrado hacia su hermosa carrera universitaria, la que hoy ha culminado con tanta alegr\u00eda y tantas esperanzas en el ma\u00f1ana, Paulita vuelve a ser, sin embargo, en la memoria y en el coraz\u00f3n de quienes la amamos, aquella nena, hermosa y t\u00edmida, que empez\u00f3 a alegrarnos la existencia, a sus padres y a sus hermanos mayores, un d\u00eda que era 19 de abril, precisamente el mes de la primavera.<\/p>\n<p>&nbsp;<\/p>\n<p><a href=\"https:\/\/lapiedrafilosofal.com\/wp-content\/uploads\/2018\/10\/PHOTO-2018-10-06-13-22-12-1-copia.jpg\"><img loading=\"lazy\" decoding=\"async\" class=\"alignnone size-large wp-image-27079\" src=\"https:\/\/lapiedrafilosofal.com\/wp-content\/uploads\/2018\/10\/PHOTO-2018-10-06-13-22-12-1-copia-1024x682.jpg\" alt=\"\" width=\"640\" height=\"426\" srcset=\"https:\/\/oscarhumbertogomez.com\/wp-content\/uploads\/2018\/10\/PHOTO-2018-10-06-13-22-12-1-copia.jpg 1024w, https:\/\/oscarhumbertogomez.com\/wp-content\/uploads\/2018\/10\/PHOTO-2018-10-06-13-22-12-1-copia-300x200.jpg 300w, https:\/\/oscarhumbertogomez.com\/wp-content\/uploads\/2018\/10\/PHOTO-2018-10-06-13-22-12-1-copia-768x512.jpg 768w\" sizes=\"auto, (max-width: 640px) 100vw, 640px\" \/><\/a><\/p>\n<p>&nbsp;<\/p>\n<p>Tus padres, Paulita, \u2014\u00d3scar Humberto y Nylse\u2014, y tus hermanos, \u00d3scar Fernando, Alejandra Estefan\u00eda, Sergio Andr\u00e9s y \u00c9dgar Leonardo, te damos la bienvenida a la vida nueva que hoy comienzas, la que deseamos, desde lo m\u00e1s \u00edntimo de nuestro ser, sea para ti plena de satisfacciones. Sabemos que la Odontolog\u00eda recibe hoy a una nueva profesional, joven, talentosa, seria, comprometida y altamente responsable; a alguien que, con las luces de nuestro buen Hacedor, tenemos la certeza de que habr\u00e1 de brillar en el escenario de las profesiones liberales de esta tierra no solo por sus meritorias capacidades, sino ante todo por las encomiables virtudes que la adornan.<\/p>\n<p>&nbsp;<\/p>\n<p>\u00a1Felicitaciones, doctora! \u00a1Y para adelante! Quiz\u00e1s no te hayas dado cuenta, pero ayer comenz\u00f3 el futuro.<\/p>\n<p><em>Mesa de las Tempestades, s\u00e1bado 6 de octubre de 2018<\/em><\/p>\n<p>&nbsp;<\/p>\n","protected":false},"excerpt":{"rendered":"<p>&nbsp; En ceremonia que se llev\u00f3 a a cabo en el Paraninfo Santo Domingo de Guzm\u00e1n, de su campus en Floridablanca, a partir de las 3:30 de la tarde de ayer, viernes 5 de octubre de 2018, la Facultad de &hellip; <a href=\"https:\/\/oscarhumbertogomez.com\/?p=27052\">Sigue leyendo <span class=\"meta-nav\">&rarr;<\/span><\/a><\/p>\n<div class='heateorSssClear'><\/div><div  class='heateor_sss_sharing_container heateor_sss_horizontal_sharing' heateor-sss-data-href='https:\/\/oscarhumbertogomez.com\/?p=27052'><div class='heateor_sss_sharing_title' style=\"font-weight:bold\" >\u00a1Gracias por compartirla!<\/div><ul class=\"heateor_sss_sharing_ul\"><li class=\"heateorSssSharingRound\"><i style=\"width:35px;height:35px;border-radius:999px;\" alt=\"Facebook\" Title=\"Facebook\" class=\"heateorSssSharing heateorSssFacebookBackground\" onclick='heateorSssPopup(\"https:\/\/www.facebook.com\/sharer\/sharer.php?u=https%3A%2F%2Foscarhumbertogomez.com%2Findex.php%3Frest_route%3D%252Fwp%252Fv2%252Fposts%252F27052\")'><ss style=\"display:block;border-radius:999px;\" class=\"heateorSssSharingSvg heateorSssFacebookSvg\"><\/ss><\/i><\/li><li class=\"heateorSssSharingRound\"><i style=\"width:35px;height:35px;border-radius:999px;\" alt=\"Twitter\" Title=\"Twitter\" class=\"heateorSssSharing heateorSssTwitterBackground\" onclick='heateorSssPopup(\"http:\/\/twitter.com\/intent\/tweet?text=LA%20UNIVERSIDAD%20SANTO%20TOM%C3%81S%20CONFIRI%C3%93%20A%20PAULA%20NATALIA%20G%C3%93MEZ%20BLACKBURN%20EL%20T%C3%8DTULO%20PROFESIONAL%20DE%20ODONT%C3%93LOGA.%20Por%20%C3%93scar%20Humberto%20G%C3%B3mez%20G%C3%B3mez&url=https%3A%2F%2Foscarhumbertogomez.com%2Findex.php%3Frest_route%3D%252Fwp%252Fv2%252Fposts%252F27052\")'><ss style=\"display:block;border-radius:999px;\" class=\"heateorSssSharingSvg heateorSssTwitterSvg\"><\/ss><\/i><\/li><li class=\"heateorSssSharingRound\"><i style=\"width:35px;height:35px;border-radius:999px;\" alt=\"Whatsapp\" Title=\"Whatsapp\" class=\"heateorSssSharing heateorSssWhatsappBackground\" onclick='heateorSssPopup(\"https:\/\/web.whatsapp.com\/send?text=LA%20UNIVERSIDAD%20SANTO%20TOM%C3%81S%20CONFIRI%C3%93%20A%20PAULA%20NATALIA%20G%C3%93MEZ%20BLACKBURN%20EL%20T%C3%8DTULO%20PROFESIONAL%20DE%20ODONT%C3%93LOGA.%20Por%20%C3%93scar%20Humberto%20G%C3%B3mez%20G%C3%B3mez https%3A%2F%2Foscarhumbertogomez.com%2Findex.php%3Frest_route%3D%252Fwp%252Fv2%252Fposts%252F27052\")'><ss style=\"display:block\" class=\"heateorSssSharingSvg heateorSssWhatsappSvg\"><\/ss><\/i><\/li><li class=\"heateorSssSharingRound\"><i style=\"width:35px;height:35px;border-radius:999px;\" alt=\"Pinterest\" Title=\"Pinterest\" class=\"heateorSssSharing heateorSssPinterestBackground\" onclick=\"javascript:void( (function() {var e=document.createElement('script' );e.setAttribute('type','text\/javascript' );e.setAttribute('charset','UTF-8' );e.setAttribute('src','\/\/assets.pinterest.com\/js\/pinmarklet.js?r='+Math.random()*99999999);document.body.appendChild(e)})());\"><ss style=\"display:block;border-radius:999px;\" class=\"heateorSssSharingSvg heateorSssPinterestSvg\"><\/ss><\/i><\/li><li class=\"heateorSssSharingRound\"><i style=\"width:35px;height:35px;border-radius:999px;\" alt=\"Google Gmail\" Title=\"Google Gmail\" class=\"heateorSssSharing heateorSssGoogleGmailBackground\" onclick='heateorSssPopup(\"https:\/\/mail.google.com\/mail\/?ui=2&view=cm&fs=1&tf=1&su=LA%20UNIVERSIDAD%20SANTO%20TOM%C3%81S%20CONFIRI%C3%93%20A%20PAULA%20NATALIA%20G%C3%93MEZ%20BLACKBURN%20EL%20T%C3%8DTULO%20PROFESIONAL%20DE%20ODONT%C3%93LOGA.%20Por%20%C3%93scar%20Humberto%20G%C3%B3mez%20G%C3%B3mez&body=Link:https%3A%2F%2Foscarhumbertogomez.com%2Findex.php%3Frest_route%3D%252Fwp%252Fv2%252Fposts%252F27052\")'><ss style=\"display:block;border-radius:999px;\" class=\"heateorSssSharingSvg heateorSssGoogleGmailSvg\"><\/ss><\/i><\/li><li class=\"heateorSssSharingRound\"><i style=\"width:35px;height:35px;border-radius:999px;\" title=\"More\" alt=\"More\" class=\"heateorSssSharing heateorSssMoreBackground\" onclick=\"heateorSssMoreSharingPopup(this, 'https:\/\/oscarhumbertogomez.com\/index.php?rest_route=%2Fwp%2Fv2%2Fposts%2F27052', 'LA%20UNIVERSIDAD%20SANTO%20TOM%C3%81S%20CONFIRI%C3%93%20A%20PAULA%20NATALIA%20G%C3%93MEZ%20BLACKBURN%20EL%20T%C3%8DTULO%20PROFESIONAL%20DE%20ODONT%C3%93LOGA.%20Por%20%C3%93scar%20Humberto%20G%C3%B3mez%20G%C3%B3mez', '' )\" ><ss style=\"display:block\" class=\"heateorSssSharingSvg heateorSssMoreSvg\"><\/ss><\/i><\/li><\/ul><div class=\"heateorSssClear\"><\/div><\/div><div class='heateorSssClear'><\/div>","protected":false},"author":2,"featured_media":0,"comment_status":"open","ping_status":"open","sticky":false,"template":"","format":"standard","meta":{"spay_email":"","footnotes":""},"categories":[62],"tags":[],"class_list":["post-27052","post","type-post","status-publish","format-standard","hentry","category-odontologia"],"jetpack_featured_media_url":"","jetpack_shortlink":"https:\/\/wp.me\/p1FYrr-72k","_links":{"self":[{"href":"https:\/\/oscarhumbertogomez.com\/index.php?rest_route=\/wp\/v2\/posts\/27052","targetHints":{"allow":["GET"]}}],"collection":[{"href":"https:\/\/oscarhumbertogomez.com\/index.php?rest_route=\/wp\/v2\/posts"}],"about":[{"href":"https:\/\/oscarhumbertogomez.com\/index.php?rest_route=\/wp\/v2\/types\/post"}],"author":[{"embeddable":true,"href":"https:\/\/oscarhumbertogomez.com\/index.php?rest_route=\/wp\/v2\/users\/2"}],"replies":[{"embeddable":true,"href":"https:\/\/oscarhumbertogomez.com\/index.php?rest_route=%2Fwp%2Fv2%2Fcomments&post=27052"}],"version-history":[{"count":5,"href":"https:\/\/oscarhumbertogomez.com\/index.php?rest_route=\/wp\/v2\/posts\/27052\/revisions"}],"predecessor-version":[{"id":54234,"href":"https:\/\/oscarhumbertogomez.com\/index.php?rest_route=\/wp\/v2\/posts\/27052\/revisions\/54234"}],"wp:attachment":[{"href":"https:\/\/oscarhumbertogomez.com\/index.php?rest_route=%2Fwp%2Fv2%2Fmedia&parent=27052"}],"wp:term":[{"taxonomy":"category","embeddable":true,"href":"https:\/\/oscarhumbertogomez.com\/index.php?rest_route=%2Fwp%2Fv2%2Fcategories&post=27052"},{"taxonomy":"post_tag","embeddable":true,"href":"https:\/\/oscarhumbertogomez.com\/index.php?rest_route=%2Fwp%2Fv2%2Ftags&post=27052"}],"curies":[{"name":"wp","href":"https:\/\/api.w.org\/{rel}","templated":true}]}}