{"id":27106,"date":"2018-10-13T09:57:16","date_gmt":"2018-10-13T14:57:16","guid":{"rendered":"http:\/\/www.oscarhumbertogomez.com\/?p=27106"},"modified":"2025-02-09T20:37:48","modified_gmt":"2025-02-10T01:37:48","slug":"la-salida-de-diana-uribe-y-la-despiadada-persecucion-contra-la-cultura-en-colombia-por-oscar-humberto-gomez-gomez","status":"publish","type":"post","link":"https:\/\/oscarhumbertogomez.com\/?p=27106","title":{"rendered":"LA SALIDA DE DIANA URIBE Y LA DESPIADADA PERSECUCI\u00d3N CONTRA LA CULTURA EN COLOMBIA. Por \u00d3scar Humberto G\u00f3mez G\u00f3mez"},"content":{"rendered":"<div id=\"attachment_22947\" style=\"width: 650px\" class=\"wp-caption aligncenter\"><img loading=\"lazy\" decoding=\"async\" aria-describedby=\"caption-attachment-22947\" class=\"size-large wp-image-22947\" src=\"https:\/\/oscarhumbertogomez.com\/wp-content\/uploads\/2017\/07\/20170401-170514-678x1024.jpg\" alt=\"\" width=\"640\" height=\"967\" srcset=\"https:\/\/oscarhumbertogomez.com\/wp-content\/uploads\/2017\/07\/20170401-170514-678x1024.jpg 678w, https:\/\/oscarhumbertogomez.com\/wp-content\/uploads\/2017\/07\/20170401-170514-199x300.jpg 199w, https:\/\/oscarhumbertogomez.com\/wp-content\/uploads\/2017\/07\/20170401-170514-768x1160.jpg 768w\" sizes=\"auto, (max-width: 640px) 100vw, 640px\" \/><p id=\"caption-attachment-22947\" class=\"wp-caption-text\">\u00d3SCAR HUMBERTO G\u00d3MEZ G\u00d3MEZ [Fotograf\u00eda: Fernando Rueda Villamizar]<\/p><\/div>\n<p>&nbsp;<\/p>\n<p>Los espa\u00f1oles \u2014que nos est\u00e1n reconquistando lenta e imperceptiblemente mientras los colombianos hacemos derroche de nacionalismo frente al televisor, idiotizados por el f\u00fatbol, poni\u00e9ndonos la bandera nacional de calzoncillos y grit\u00e1ndoles &#8220;\u00a1hijueputas!&#8221; a nuestros compatriotas si se atreven a lucir la camiseta de un equipo local distinto al nuestro o a adelantarnos en un tranc\u00f3n\u2014 acaban de sacar de la cadena radial Caracol a la doctora Diana Uribe. Le ha tocado a la conocida historiadora y fil\u00f3sofa colombiana trastearse con sus cr\u00f3nicas a Internet.<\/p>\n<p>Algo similar le toc\u00f3 hacer al hoy desaparecido don \u00c1lvaro Casta\u00f1o Castillo con su emisora cultural HJCK: no pudo seguirla sosteniendo en el dial y hubo de irse a proseguir su lucha por mantener la m\u00fasica cl\u00e1sica en los espacios m\u00e1s anchurosos que le brindaba el mundo virtual.<\/p>\n<p>La cadena Bolero Est\u00e9reo, que nos permit\u00eda el reencuentro con el romanticismo y las canciones de buena m\u00fasica y buena letra que inmortalizaron a artistas y compositores de renombre, y a otros de menos renombre no por ello menos meritorios y apreciados por nosotros, fue sacada del aire y su programaci\u00f3n replanteada por RCN, pues hab\u00eda que darle paso a algo m\u00e1s &#8220;popular&#8221;.<\/p>\n<p>En la televisi\u00f3n nacional alcanzamos a ver dramatizados como <em>La mala hora<\/em>, basado en la novela del escritor Gabriel Garc\u00eda M\u00e1rquez y protagonizado por actores como Frank Ram\u00edrez, Carlos Barbosa, Jos\u00e9 y Guillermo G\u00e1lvez y \u00c1lvaro Ruiz, o <em>El gallo de oro<\/em>, protagonizado por el mismo Frank Ram\u00edrez y Amparo Grisales, o <em>Un tal Bernab\u00e9 Bernal<\/em>, con Mario Sastre, antes de que se apoderaran de la pantalla chica los para\u00edsos con tetas o sin tetas, los patrones del mal y las leyendas que forjaron su inmortalidad con la muerte de centenares de inocentes despedazados a balazos o por la onda explosiva de los carros-bomba.<\/p>\n<p>Hace unos a\u00f1os, hubo en la misma televisi\u00f3n nacional un programa de poes\u00eda. Nuestro pueblo estaba volviendo sus ojos \u2014y sus o\u00eddos\u2014 hacia la pluma de Federico Garc\u00eda Lorca, los hermanos Machado, Pablo Neruda, Jorge Luis Borges, Rafael Pombo y Le\u00f3n De Greiff. Lo cerraron. S\u00ed: lo cerraron sin miramientos porque no era &#8220;comercial&#8221;, a pesar de las protestas del mundo de la cultura. Protestas que, como siempre, fueron ahogadas por el bochinche ensordecedor de la pataner\u00eda colectiva.<\/p>\n<p>Aqu\u00ed en Bucaramanga, para no ir tan lejos, don Fernando Ardila Plata manten\u00eda un programa que se transmit\u00eda a las 6 de la tarde por RCN y nos acompa\u00f1aba mientras las luces de la ciudad comenzaban a encenderse y nosotros avanz\u00e1bamos por entre los atascos en busca de nuestro refugio hogare\u00f1o. En otras palabras, la pl\u00e1cida voz del gerente regional de la cadena nos acompa\u00f1aba a la hora 18, esto es, a la hora del regreso. Lamentablemente, a RCN le pareci\u00f3 que ese hermoso espacio radial deb\u00eda ser reemplazado por una propuesta m\u00e1s a la altura de la audiencia &#8220;popular&#8221;.<\/p>\n<p>A V\u00edctor Su\u00e1rez le toc\u00f3 luchar en solitario para que no le cerraran su programa <em>\u00c1lbum Musical de Colombia<\/em> en la Emisora Cultural Luis Carlos Gal\u00e1n Sarmiento donde el locutor santandereano se dedicaba a cometer diariamente el pecado mortal y sacr\u00edlego que significa en este pa\u00eds desmemoriado pretender no dejar morir el bambuco.<\/p>\n<p>Pa\u00eds desmemoriado, s\u00ed, porque a la gente se le olvid\u00f3 su origen, se le olvid\u00f3 c\u00f3mo fue formada&nbsp; esta naci\u00f3n, qui\u00e9nes la hicieron posible y la relaci\u00f3n estrecha que tuvo el bambuco con nuestra Guerra de Independencia y, consiguientemente, con el milagro hist\u00f3rico de que Colombia existiera.<\/p>\n<p>Lo que, dicho sea de paso, tampoco le importa casi a nadie en estos tiempos \u00e1ridos para la Historia en los que, m\u00e1s bien, se le abren de par en par las puertas a la lumpenizaci\u00f3n de las costumbres.<\/p>\n<p>En efecto, el Teatro Corfescu, de Bucaramanga, estuvo a punto de tener que cerrar sus puertas porque las presentaciones culturales no produc\u00edan el dinero suficiente para su sostenimiento y estaba viviendo pr\u00e1cticamente de milagro. Por arte de magia, se salv\u00f3 del cierre. Pero cuando pens\u00e1bamos que seguir\u00eda dedicado, y ser\u00eda dedicado con mayor \u00e9nfasis, a la difusi\u00f3n de la cultura, esto es, a los recitales de poes\u00eda, a las obras de teatro y a la m\u00fasica andina colombiana, por ejemplo, result\u00f3 siendo el escenario para que hace un par de meses se reunieran all\u00ed los cantineros de la calle cuarta, las prostitutas de la calle 28 y, en fin, los m\u00e1s conspicuos representantes del morbo local \u2014de ese para el cual la dignidad de la mujer nada significa porque la mujer no es m\u00e1s que una &#8220;perra&#8221;, o una &#8220;cerda&#8221;, o una &#8220;zorra&#8221;, o una &#8220;puta&#8221;\u2014 a presenciar la presentaci\u00f3n de una de esas supuestas &#8220;actrices&#8221; a las que eufem\u00edsticamente se les llama &#8220;actrices porno&#8221; y que seguramente por fingir orgasmos \u2014lo que, por cierto, hacen bastante mal\u2014 se sienten colegas de Meryl Streep, de Elizabeth Montgomery o de Gina Lollobr\u00edgida.<\/p>\n<p>En fin, en materia cultural andamos de mal en peor.<\/p>\n<p>Y eso que, seg\u00fan me cuentan algunos desinformados, dizque Colombia tiene dentro de su cada vez m\u00e1s frondosa burocracia un Ministerio de Cultura.<\/p>\n<p>&nbsp;<\/p>\n","protected":false},"excerpt":{"rendered":"<p>&nbsp; Los espa\u00f1oles \u2014que nos est\u00e1n reconquistando lenta e imperceptiblemente mientras los colombianos hacemos derroche de nacionalismo frente al televisor, idiotizados por el f\u00fatbol, poni\u00e9ndonos la bandera nacional de calzoncillos y grit\u00e1ndoles &#8220;\u00a1hijueputas!&#8221; a nuestros compatriotas si se atreven a &hellip; <a href=\"https:\/\/oscarhumbertogomez.com\/?p=27106\">Sigue leyendo <span class=\"meta-nav\">&rarr;<\/span><\/a><\/p>\n<div class='heateorSssClear'><\/div><div  class='heateor_sss_sharing_container heateor_sss_horizontal_sharing' heateor-sss-data-href='https:\/\/oscarhumbertogomez.com\/?p=27106'><div class='heateor_sss_sharing_title' style=\"font-weight:bold\" >\u00a1Gracias por compartirla!<\/div><ul class=\"heateor_sss_sharing_ul\"><li class=\"heateorSssSharingRound\"><i style=\"width:35px;height:35px;border-radius:999px;\" alt=\"Facebook\" Title=\"Facebook\" class=\"heateorSssSharing heateorSssFacebookBackground\" onclick='heateorSssPopup(\"https:\/\/www.facebook.com\/sharer\/sharer.php?u=https%3A%2F%2Foscarhumbertogomez.com%2Findex.php%3Frest_route%3D%252Fwp%252Fv2%252Fposts%252F27106\")'><ss style=\"display:block;border-radius:999px;\" class=\"heateorSssSharingSvg heateorSssFacebookSvg\"><\/ss><\/i><\/li><li class=\"heateorSssSharingRound\"><i style=\"width:35px;height:35px;border-radius:999px;\" alt=\"Twitter\" Title=\"Twitter\" class=\"heateorSssSharing heateorSssTwitterBackground\" onclick='heateorSssPopup(\"http:\/\/twitter.com\/intent\/tweet?text=LA%20SALIDA%20DE%20DIANA%20URIBE%20Y%20LA%20DESPIADADA%20PERSECUCI%C3%93N%20CONTRA%20LA%20CULTURA%20EN%20COLOMBIA.%20Por%20%C3%93scar%20Humberto%20G%C3%B3mez%20G%C3%B3mez&url=https%3A%2F%2Foscarhumbertogomez.com%2Findex.php%3Frest_route%3D%252Fwp%252Fv2%252Fposts%252F27106\")'><ss style=\"display:block;border-radius:999px;\" class=\"heateorSssSharingSvg heateorSssTwitterSvg\"><\/ss><\/i><\/li><li class=\"heateorSssSharingRound\"><i style=\"width:35px;height:35px;border-radius:999px;\" alt=\"Whatsapp\" Title=\"Whatsapp\" class=\"heateorSssSharing heateorSssWhatsappBackground\" onclick='heateorSssPopup(\"https:\/\/web.whatsapp.com\/send?text=LA%20SALIDA%20DE%20DIANA%20URIBE%20Y%20LA%20DESPIADADA%20PERSECUCI%C3%93N%20CONTRA%20LA%20CULTURA%20EN%20COLOMBIA.%20Por%20%C3%93scar%20Humberto%20G%C3%B3mez%20G%C3%B3mez https%3A%2F%2Foscarhumbertogomez.com%2Findex.php%3Frest_route%3D%252Fwp%252Fv2%252Fposts%252F27106\")'><ss style=\"display:block\" class=\"heateorSssSharingSvg heateorSssWhatsappSvg\"><\/ss><\/i><\/li><li class=\"heateorSssSharingRound\"><i style=\"width:35px;height:35px;border-radius:999px;\" alt=\"Pinterest\" Title=\"Pinterest\" class=\"heateorSssSharing heateorSssPinterestBackground\" onclick=\"javascript:void( (function() {var e=document.createElement('script' );e.setAttribute('type','text\/javascript' );e.setAttribute('charset','UTF-8' );e.setAttribute('src','\/\/assets.pinterest.com\/js\/pinmarklet.js?r='+Math.random()*99999999);document.body.appendChild(e)})());\"><ss style=\"display:block;border-radius:999px;\" class=\"heateorSssSharingSvg heateorSssPinterestSvg\"><\/ss><\/i><\/li><li class=\"heateorSssSharingRound\"><i style=\"width:35px;height:35px;border-radius:999px;\" alt=\"Google Gmail\" Title=\"Google Gmail\" class=\"heateorSssSharing heateorSssGoogleGmailBackground\" onclick='heateorSssPopup(\"https:\/\/mail.google.com\/mail\/?ui=2&view=cm&fs=1&tf=1&su=LA%20SALIDA%20DE%20DIANA%20URIBE%20Y%20LA%20DESPIADADA%20PERSECUCI%C3%93N%20CONTRA%20LA%20CULTURA%20EN%20COLOMBIA.%20Por%20%C3%93scar%20Humberto%20G%C3%B3mez%20G%C3%B3mez&body=Link:https%3A%2F%2Foscarhumbertogomez.com%2Findex.php%3Frest_route%3D%252Fwp%252Fv2%252Fposts%252F27106\")'><ss style=\"display:block;border-radius:999px;\" class=\"heateorSssSharingSvg heateorSssGoogleGmailSvg\"><\/ss><\/i><\/li><li class=\"heateorSssSharingRound\"><i style=\"width:35px;height:35px;border-radius:999px;\" title=\"More\" alt=\"More\" class=\"heateorSssSharing heateorSssMoreBackground\" onclick=\"heateorSssMoreSharingPopup(this, 'https:\/\/oscarhumbertogomez.com\/index.php?rest_route=%2Fwp%2Fv2%2Fposts%2F27106', 'LA%20SALIDA%20DE%20DIANA%20URIBE%20Y%20LA%20DESPIADADA%20PERSECUCI%C3%93N%20CONTRA%20LA%20CULTURA%20EN%20COLOMBIA.%20Por%20%C3%93scar%20Humberto%20G%C3%B3mez%20G%C3%B3mez', '' )\" ><ss style=\"display:block\" class=\"heateorSssSharingSvg heateorSssMoreSvg\"><\/ss><\/i><\/li><\/ul><div class=\"heateorSssClear\"><\/div><\/div><div class='heateorSssClear'><\/div>","protected":false},"author":2,"featured_media":0,"comment_status":"open","ping_status":"open","sticky":false,"template":"","format":"standard","meta":{"spay_email":"","footnotes":""},"categories":[1],"tags":[],"class_list":["post-27106","post","type-post","status-publish","format-standard","hentry","category-blog"],"jetpack_featured_media_url":"","jetpack_shortlink":"https:\/\/wp.me\/p1FYrr-73c","_links":{"self":[{"href":"https:\/\/oscarhumbertogomez.com\/index.php?rest_route=\/wp\/v2\/posts\/27106","targetHints":{"allow":["GET"]}}],"collection":[{"href":"https:\/\/oscarhumbertogomez.com\/index.php?rest_route=\/wp\/v2\/posts"}],"about":[{"href":"https:\/\/oscarhumbertogomez.com\/index.php?rest_route=\/wp\/v2\/types\/post"}],"author":[{"embeddable":true,"href":"https:\/\/oscarhumbertogomez.com\/index.php?rest_route=\/wp\/v2\/users\/2"}],"replies":[{"embeddable":true,"href":"https:\/\/oscarhumbertogomez.com\/index.php?rest_route=%2Fwp%2Fv2%2Fcomments&post=27106"}],"version-history":[{"count":6,"href":"https:\/\/oscarhumbertogomez.com\/index.php?rest_route=\/wp\/v2\/posts\/27106\/revisions"}],"predecessor-version":[{"id":50576,"href":"https:\/\/oscarhumbertogomez.com\/index.php?rest_route=\/wp\/v2\/posts\/27106\/revisions\/50576"}],"wp:attachment":[{"href":"https:\/\/oscarhumbertogomez.com\/index.php?rest_route=%2Fwp%2Fv2%2Fmedia&parent=27106"}],"wp:term":[{"taxonomy":"category","embeddable":true,"href":"https:\/\/oscarhumbertogomez.com\/index.php?rest_route=%2Fwp%2Fv2%2Fcategories&post=27106"},{"taxonomy":"post_tag","embeddable":true,"href":"https:\/\/oscarhumbertogomez.com\/index.php?rest_route=%2Fwp%2Fv2%2Ftags&post=27106"}],"curies":[{"name":"wp","href":"https:\/\/api.w.org\/{rel}","templated":true}]}}