{"id":27119,"date":"2018-10-14T13:14:23","date_gmt":"2018-10-14T18:14:23","guid":{"rendered":"http:\/\/www.oscarhumbertogomez.com\/?p=27119"},"modified":"2025-03-21T11:16:55","modified_gmt":"2025-03-21T16:16:55","slug":"historia-de-america-latina-el-asesinato-de-monsenor-oscar-arnulfo-romero-arzobispo-de-san-salvador-informe-especial-por-oscar-humberto-gomez-gomez-miembro-de-la-academia-de-historia-de-santande","status":"publish","type":"post","link":"https:\/\/oscarhumbertogomez.com\/?p=27119","title":{"rendered":"Historia de Am\u00e9rica Latina. EL ASESINATO DE MONSE\u00d1OR \u00d3SCAR ARNULFO ROMERO, ARZOBISPO DE SAN SALVADOR. [Informe especial). Por \u00d3scar Humberto G\u00f3mez G\u00f3mez, Miembro de la Academia de Historia de Santander y del Colegio Nacional de Periodistas"},"content":{"rendered":"<div id=\"attachment_49906\" style=\"width: 650px\" class=\"wp-caption aligncenter\"><img loading=\"lazy\" decoding=\"async\" aria-describedby=\"caption-attachment-49906\" class=\"size-large wp-image-49906\" src=\"https:\/\/oscarhumbertogomez.com\/wp-content\/uploads\/2011\/06\/WhatsApp-Image-2025-01-19-at-16.33.19-1024x690.jpeg\" alt=\"\" width=\"640\" height=\"431\" srcset=\"https:\/\/oscarhumbertogomez.com\/wp-content\/uploads\/2011\/06\/WhatsApp-Image-2025-01-19-at-16.33.19-1024x690.jpeg 1024w, https:\/\/oscarhumbertogomez.com\/wp-content\/uploads\/2011\/06\/WhatsApp-Image-2025-01-19-at-16.33.19-300x202.jpeg 300w, https:\/\/oscarhumbertogomez.com\/wp-content\/uploads\/2011\/06\/WhatsApp-Image-2025-01-19-at-16.33.19-768x517.jpeg 768w, https:\/\/oscarhumbertogomez.com\/wp-content\/uploads\/2011\/06\/WhatsApp-Image-2025-01-19-at-16.33.19.jpeg 1280w\" sizes=\"auto, (max-width: 640px) 100vw, 640px\" \/><p id=\"caption-attachment-49906\" class=\"wp-caption-text\">\u00d3SCAR HUMBERTO G\u00d3MEZ G\u00d3MEZ. Fotograf\u00eda de Nylse Blackburn. 2009<\/p><\/div>\n<p>&nbsp;<\/p>\n<p><span style=\"color: #000080;\"><strong><\/strong><\/span>&nbsp;<strong>Hace m\u00e1s de 8 a\u00f1os, cuando a\u00fan no exist\u00eda este portal, escrib\u00ed y remit\u00ed a mis amigos v\u00eda e-mail \u2014como sol\u00eda hacer en aquel entonces con lo que escrib\u00eda \u2014 una cr\u00f3nica sobre uno de los episodios m\u00e1s conmovedores en la historia de nuestro continente: el asesinato del que fue v\u00edctima el se\u00f1or arzobispo de San Salvador Monse\u00f1or \u00d3scar Arnulfo Romero. Hoy, domingo 14 de octubre de 2018, El Vaticano canoniza a este pastor de la Iglesia Cat\u00f3lica. El hecho, en lo personal, tiene un especial componente nost\u00e1lgico, no solo por aquel viejo art\u00edculo, sino porque cuando mataron al arzobispo yo andaba en las postrimer\u00edas de mi carrera universitaria; en el diciembre siguiente habr\u00eda de recibir mi t\u00edtulo de Doctor en Derecho y Ciencias Sociales y Pol\u00edticas. Pero, adem\u00e1s, porque es la primera vez en la historia que declaran santo a alguien con mi nombre. Ello, a pesar de que, al parecer, el nuevo santo no ser\u00e1 llamado San \u00d3scar, sino San Romero, destacando su apellido, no su nombre, cosa que es entendible pues el pueblo de su pa\u00eds identific\u00f3 siempre a &#8220;su&#8221; santo como Monse\u00f1or Romero. (En fin, algo es algo, peor es nada). <\/strong><\/p>\n<p><strong>Pues bien: hoy reproduzco en esta entrada aquella vieja cr\u00f3nica, tal y como fue escrita entonces. Con ello, desde este rinc\u00f3n de Am\u00e9rica Latina me uno al regocijo que embarga al hermano pueblo de El Salvador, y que debiera embargar a todo el pueblo latinoamericano por encima de diferencias de cualquier \u00edndole. <\/strong><\/p>\n<p><strong>\u00a1Bienvenidos!<\/strong><\/p>\n<p>&nbsp;<\/p>\n<p><a href=\"https:\/\/lapiedrafilosofal.com\/wp-content\/uploads\/2018\/10\/OSCAR-ARNULFO-ROMERO.jpeg\"><img loading=\"lazy\" decoding=\"async\" class=\"alignnone size-full wp-image-27120\" src=\"https:\/\/lapiedrafilosofal.com\/wp-content\/uploads\/2018\/10\/OSCAR-ARNULFO-ROMERO.jpeg\" alt=\"\" width=\"800\" height=\"534\" srcset=\"https:\/\/oscarhumbertogomez.com\/wp-content\/uploads\/2018\/10\/OSCAR-ARNULFO-ROMERO.jpeg 800w, https:\/\/oscarhumbertogomez.com\/wp-content\/uploads\/2018\/10\/OSCAR-ARNULFO-ROMERO-300x200.jpeg 300w, https:\/\/oscarhumbertogomez.com\/wp-content\/uploads\/2018\/10\/OSCAR-ARNULFO-ROMERO-768x513.jpeg 768w\" sizes=\"auto, (max-width: 800px) 100vw, 800px\" \/><\/a><\/p>\n<p>&nbsp;<\/p>\n<p><strong>Historia de Am\u00e9rica Latina. <span style=\"color: #000080;\">EL ASESINATO DE MONSE\u00d1OR \u00d3SCAR ARNULFO ROMERO, ARZOBISPO DE SAN SALVADOR<\/span>. [Informe especial). Por \u00d3scar Humberto G\u00f3mez G\u00f3mez.<\/strong><\/p>\n<p>&nbsp;<\/p>\n<p>El lunes 24 de marzo de 1980, Am\u00e9rica Latina fue sacudida con la noticia de que acababa de ser asesinado en San Salvador, capital de la Rep\u00fablica de El Salvador, en Am\u00e9rica Central, el Arzobispo \u00d3scar Arnulfo Romero.<br \/>\nEl prelado de la Iglesia Cat\u00f3lica se encontraba celebrando la Santa Misa en la capilla del Hospital Divina Providencia cuando son\u00f3 un balazo. Un proyectil le destroz\u00f3 el coraz\u00f3n.<br \/>\nEl funeral del arzobispo fue programado frente a la catedral el domingo siguiente, que era 30 de marzo. Ese d\u00eda empezaba en el mundo cat\u00f3lico la Semana Santa con la celebraci\u00f3n del Domingo de Ramos.<br \/>\nLa multitud colm\u00f3 la plaza contigua, pero cuando avanzaban los actos f\u00fanebres son\u00f3 una fuerte explosi\u00f3n y en seguida se desat\u00f3 una feroz balacera, que se prolong\u00f3 por interminables minutos. La multitud trataba atropelladamente de huir. Las personas que ca\u00edan al suelo eran pisoteadas por el tropel desenfrenado que, presa del terror, trataba de abandonar el lugar. Numerosas personas iban quedando muertas sobre el piso ensangrentado. En total, murieron cuarenta de los asistentes al funeral y casi doscientos resultaron heridos.<br \/>\nA partir de ese momento, estall\u00f3 la guerra civil en la martirizada rep\u00fablica centroamericana, la cual se prolong\u00f3 durante doce a\u00f1os, finalizando en 1992 con un pacto entre las partes enfrentadas celebrado en Chapultepec (M\u00e9xico).<br \/>\nHan transcurrido treinta a\u00f1os desde aquel Domingo de Ramos cuando Radio Noticias del Continente, de San Jos\u00e9 de Costa Rica, la cadena Todelar de Colombia y el resto de radiodifusoras del subcontinente latinoamericano transmit\u00edan en directo esos terribles momentos.<\/p>\n<p>&nbsp;<\/p>\n<p><a href=\"https:\/\/lapiedrafilosofal.com\/wp-content\/uploads\/2018\/10\/OSCAR-ARNULFO-ROMERO-Y-PABLO-VI.jpg\"><img loading=\"lazy\" decoding=\"async\" class=\"alignnone size-full wp-image-27121\" src=\"https:\/\/lapiedrafilosofal.com\/wp-content\/uploads\/2018\/10\/OSCAR-ARNULFO-ROMERO-Y-PABLO-VI.jpg\" alt=\"\" width=\"900\" height=\"506\" srcset=\"https:\/\/oscarhumbertogomez.com\/wp-content\/uploads\/2018\/10\/OSCAR-ARNULFO-ROMERO-Y-PABLO-VI.jpg 900w, https:\/\/oscarhumbertogomez.com\/wp-content\/uploads\/2018\/10\/OSCAR-ARNULFO-ROMERO-Y-PABLO-VI-300x169.jpg 300w, https:\/\/oscarhumbertogomez.com\/wp-content\/uploads\/2018\/10\/OSCAR-ARNULFO-ROMERO-Y-PABLO-VI-768x432.jpg 768w\" sizes=\"auto, (max-width: 900px) 100vw, 900px\" \/><\/a><\/p>\n<p>&nbsp;<\/p>\n<p>Hemos examinado diversas fuentes acerca de lo que en realidad sucedi\u00f3 durante aquellos nefastos d\u00edas en la hermana rep\u00fablica salvadore\u00f1a. Infortunadamente, no ha sido f\u00e1cil una aproximaci\u00f3n a la verdad. Entre otras cosas, porque, a diferencia de lo que suele ocurrir en estos casos, nadie se reivindic\u00f3 esta vez el asesinato del obispo. Por el contrario, cada cual dio su propia versi\u00f3n culpando a otros de lo acaecido, generalmente a sus contradictores pol\u00edticos.<br \/>\nAsombra, s\u00ed, que dentro de la misma Iglesia Cat\u00f3lica, haya congregaciones y dignatarios que casi justifican el asesinato del Arzobispo Romero. La entidad Catholic. net, por ejemplo, public\u00f3 en el a\u00f1o 2005 un extenso art\u00edculo escrito nada menos que por Monse\u00f1or Freddy Delgado, Secretario General de la Conferencia Episcopal de El Salvador, en el cual se presenta a Monse\u00f1or Romero como una persona manipulable a la que manejaron, desde que asumi\u00f3 el arzobispado, sectores de la clerec\u00eda afines al marxismo, a los cuales identifica como miembros de la llamada &#8220;Iglesia Popular&#8221;. El art\u00edculo sugiere que incluso los graves des\u00f3rdenes desencadenados durante el sepelio del levita fueron provocados por la extrema izquierda salvadore\u00f1a. Dice el art\u00edculo que Monse\u00f1or Romero era un personaje inc\u00f3modo para el sector revolucionario, por los bandazos que estaba dando en materia &#8220;pol\u00edtica&#8221; y da a entender que el tiro que le quit\u00f3 la vida habr\u00eda sido disparado por alguien perteneciente a la izquierda extremista. M\u00e1s a\u00fan: el mismo art\u00edculo inserta nombres de sacerdotes que estar\u00edan tomando parte en esa fracci\u00f3n izquierdista dentro de la Iglesia. Peor todav\u00eda: dice que el asesinato del Padre Rutilio Grande S.J., que habr\u00eda desatado la indignada reacci\u00f3n del Arzobispo Romero, que habr\u00eda determinado su convocatoria a la discutida &#8220;Misa \u00fanica&#8221;(no respaldada por la Nunciatura Apost\u00f3lica de El Salvador y consistente en celebrar la Santa Misa solamente en la catedral y suspender las misas en el resto de la Arquidi\u00f3cesis, como se\u00f1al de protesta) y que habr\u00eda acelerado la toma de partido por parte del Arzobispo a favor de la &#8220;causa popular&#8221; y en contra del Estado salvadore\u00f1o, fue fraguado y ejecutado por fuerzas de la extrema izquierda. Monse\u00f1or Delgado deja entrever su animosidad contra Monse\u00f1or Romero a ra\u00edz de su inmensa popularidad y, particularmente, de que la feligres\u00eda respaldara con cerrados aplausos sus \u00faltimas homil\u00edas. Seg\u00fan el art\u00edculo, a Monse\u00f1or se le hizo el reclamo por este aspecto, pero \u00e9l defendi\u00f3 el aplauso como parte de la oraci\u00f3n, equivalente m\u00e1s o menos al &#8220;am\u00e9n&#8221;. En el art\u00edculo se sugiere que la personalidad del prelado era proclive a la fama, la publicidad y los aplausos. Se\u00f1ala, finalmente, que el asesinato del jerarca cat\u00f3lico no tuvo motivaciones pastorales, sino pol\u00edticas. En suma, el sector de la Iglesia al que representa Monse\u00f1or Delgado estima que Monse\u00f1or \u00d3scar Arnulfo Romero fue asesinado por los comunistas salvadore\u00f1os, quienes, adem\u00e1s, sabotearon su entierro.<\/p>\n<p>En contrario, la Comisi\u00f3n de la Verdad, un ente conformado posteriormente, a ra\u00edz de los acuerdos de Chapultepec, M\u00e9xico, para que investigara los grandes cr\u00edmenes cometidos durante la sangrienta guerra civil desatada en El Salvador, concluy\u00f3 algo completamente distinto, as\u00ed como tambi\u00e9n lo concluyeron tanto la justicia civil de los Estados Unidos -en memorable juicio- como la Comisi\u00f3n Interamericana de Derechos Humanos de la OEA. De acuerdo a este otro punto de vista, a Monse\u00f1or \u00d3scar Arnulfo Romero lo asesin\u00f3 un sicario al servicio de la extrema derecha salvadore\u00f1a, que fue llevado hasta el Hospital Divina Providencia ese d\u00eda, a bordo de un autom\u00f3vil marca Volkswagen de color rojo, por un individuo perteneciente a los tenebrosos escuadrones de la muerte de nombre Amado Garay (quien confes\u00f3 y relat\u00f3 los pormenores del hecho), y el crimen fue ideado y planificado por el mayor de Inteligencia de las Fuerzas Armadas y fundador del partido ARENA, de extrema derecha -y a quien se le atribuye la creaci\u00f3n de esos escuadrones-, Roberto D&#8217;Aubuisson, personaje que dejaba trascender un profundo odio contra el arzobispo cat\u00f3lico, a quien inclusive hab\u00eda amenazado veladamente d\u00edas antes cuando dijo que el jerarca &#8220;todav\u00eda estaba a tiempo de corregir el rumbo&#8221;.<br \/>\nA este personaje se le acusa, adem\u00e1s, de ser el culpable de innumerables cr\u00edmenes contra personas inermes, indefensas e inocentes cuyo \u00fanico pecado, aparte de ser pobres, habr\u00eda sido el de militar en sectores de izquierda o no simpatizar con \u00e9l.<br \/>\nD&#8217; Aubuisson jam\u00e1s acept\u00f3 los grav\u00edsimos cargos en su contra. En una ocasi\u00f3n en que estuvo en Estados Unidos, miembros del congreso norteamericano, como el senador dem\u00f3crata Chris Dodd, se pronunciaron contra su permanencia en territorio estadounidense y a que se le atendiera como si se tratara de alg\u00fan &#8220;dignatario&#8221;. En esa ocasi\u00f3n, y a pesar de que se proclamaba y era presentado por sus seguidores como un ultra-nacionalista cuyo lema era &#8220;Primero El Salvador, segundo El Salvador y siempre El Salvador&#8221;, D&#8217; Aubuisson dijo textualmente que cre\u00eda &#8220;en la direcci\u00f3n del presidente de los Estados Unidos&#8221;.<br \/>\nEl embajador de Estados Unidos en El Salvador Robert White, por su parte, lo descalific\u00f3 como un &#8220;asesino patol\u00f3gico&#8221;.<br \/>\nEn el seno de la familia D&#8217;Aubuisson hubo, incluso, una profunda divisi\u00f3n: su hermana Mar\u00eda Luisa (Marisa) D&#8217;Aubuisson se puso abiertamente en contra suya, se declar\u00f3 admiradora y seguidora de Monse\u00f1or \u00d3scar Arnulfo Romero, entr\u00f3 a formar parte de las comunidades eclesiales de base, a las que su hermano se\u00f1alaba como aliadas de la guerrilla, y se convirti\u00f3 en su m\u00e1s inc\u00f3moda opositora. Parad\u00f3jicamente, Marisa D&#8217;Aubuisson, hermana de Roberto D\u00b4&#8217;Aubuisson, es cofundadora de la Fundaci\u00f3n Romero, una entidad que trabaja sobre la base de la exaltaci\u00f3n de la tarea pastoral que cumpl\u00eda el prelado desaparecido. Los rumores sobre la participaci\u00f3n de Roberto D&#8217;Abuisson en el asesinato de Monse\u00f1or Romero surgieron casi inmediatamente despu\u00e9s de conocerse la noticia. Marisa D&#8217;Aubuisson confront\u00f3, entonces, tambi\u00e9n de inmediato, personalmente y de manera en\u00e9rgica a su hermano sobre si \u00e9l ten\u00eda algo que ver con el crimen. \u00c9ste le contest\u00f3: &#8220;Mir\u00e1: mejor call\u00e1te si no sabes, porque al que mat\u00f3 a ese hijueputa le van a hacer un monumento&#8221;.<br \/>\nRoberto D\u00b4Aubuisson, el hombre p\u00fablicamente se\u00f1alado como asesino intelectual del Arzobispo de San Salvador, muri\u00f3 en 1992 luego de soportar una prolongada agon\u00eda a consecuencia del c\u00e1ncer, enfermedad que se le inici\u00f3 en la lengua, le pas\u00f3 al resto de la boca y, finalmente, se le disemin\u00f3 por otras partes del cuerpo. Su presunto c\u00f3mplice en el crimen, el ex capit\u00e1n de la Fuerza A\u00e9rea de El Salvador \u00c1lvaro Rafael Saravia, fue condenado civilmente por una corte norteamericana a indemnizar a la familia de Monse\u00f1or Romero. Saravia no compareci\u00f3 ante la corte y, antes por el contrario, se esfum\u00f3 del lugar donde resid\u00eda en los Estados Unidos. El \u00c1lvaro Rafael Saravia que reapareci\u00f3 m\u00e1s tarde ante el periodista Carlos Dada para concederle una entrevista, en la que relat\u00f3 los escalofriantes detalles de la preparaci\u00f3n y ejecuci\u00f3n del asesinato, fue un anciano f\u00edsicamente acabado y agobiado por el peso abrumador de los recuerdos. Adem\u00e1s, estaba viviendo en la m\u00e1s absoluta miseria. A lo largo de la entrevista, Saravia confirm\u00f3 que, efectivamente, Roberto D&#8217;Aubuisson fue el cerebro detr\u00e1s del magnicidio.<br \/>\nSectores de ARENA intentaron m\u00e1s tarde lograr la aprobaci\u00f3n en el Congreso Nacional de El Salvador de una ley por medio de la cual Roberto D&#8217; Aubuisson ser\u00eda declarado &#8220;Hijo Merit\u00edsimo de El Salvador&#8221;. La f\u00e9rrea oposici\u00f3n que se le hizo al proyecto termin\u00f3 por hundirlo.<br \/>\nLo que s\u00ed se construy\u00f3 fue un controversial monumento a D&#8217;Aubuisson.<\/p>\n<p>Actualmente gobierna a El Salvador el Frente Farabundo Mart\u00ed para la Liberaci\u00f3n Nacional (FMLM), vale decir, el movimiento guerrillero de entonces, convertido ahora en partido pol\u00edtico. El FMLM gan\u00f3 las \u00faltimas elecciones presidenciales. El 1o. de junio de 2009 asumi\u00f3 como nuevo Presidente de la Rep\u00fablica el periodista Mauricio Funes.<br \/>\nEn El Vaticano, por su parte, se adelanta el proceso de canonizaci\u00f3n del obispo asesinado. El Papa Benedicto XVI, sin embargo, no ha ocultado su molestia por el hecho de que se est\u00e9 utilizando la imagen de Monse\u00f1or Romero con fines pol\u00edticos.<\/p>\n<p>&nbsp;<\/p>\n<p><a href=\"https:\/\/lapiedrafilosofal.com\/wp-content\/uploads\/2018\/10\/OSCAR-ARNULFO-ROMERO-Y-JUAN-PABLO-II.jpg\"><img loading=\"lazy\" decoding=\"async\" class=\"alignnone size-full wp-image-27122\" src=\"https:\/\/lapiedrafilosofal.com\/wp-content\/uploads\/2018\/10\/OSCAR-ARNULFO-ROMERO-Y-JUAN-PABLO-II.jpg\" alt=\"\" width=\"800\" height=\"440\" srcset=\"https:\/\/oscarhumbertogomez.com\/wp-content\/uploads\/2018\/10\/OSCAR-ARNULFO-ROMERO-Y-JUAN-PABLO-II.jpg 800w, https:\/\/oscarhumbertogomez.com\/wp-content\/uploads\/2018\/10\/OSCAR-ARNULFO-ROMERO-Y-JUAN-PABLO-II-300x165.jpg 300w, https:\/\/oscarhumbertogomez.com\/wp-content\/uploads\/2018\/10\/OSCAR-ARNULFO-ROMERO-Y-JUAN-PABLO-II-768x422.jpg 768w\" sizes=\"auto, (max-width: 800px) 100vw, 800px\" \/><\/a><\/p>\n<p>&nbsp;<\/p>\n<p>\u00d3scar Arnulfo Romero, cuyo segundo apellido era Gald\u00e1mez o Galdames (de ambas formas lo hemos visto escrito, con tilde en la &#8220;a&#8221; y &#8220;z&#8221;, y con &#8220;s&#8221; y sin tilde), no era, en todo caso, &#8220;comunista&#8221;, como se dijo en aquella ocasi\u00f3n. Aunque para justificar los cr\u00edmenes pol\u00edticos -o ir abonando el terreno con miras a su posterior consumaci\u00f3n- siempre se ha acudido a los se\u00f1alamientos sin fundamento y a las campa\u00f1as de desprestigio, la revisi\u00f3n de fuentes hist\u00f3ricas no permite al investigador desprevenido concluir lo que con tanta contundencia concluyeron en su momento no pocos de los que literalmente aplaudieron el asesinato o de los que, desde el bando opuesto, reclamaron para s\u00ed la figura del arzobispo. Monse\u00f1or Romero, por el contrario, era un jerarca cat\u00f3lico con marcada tendencia a la &#8220;derecha&#8221;, como lo demostraron las posturas que adopt\u00f3 en el seno del Concilio Ecum\u00e9nico Vaticano II, donde sobresali\u00f3 como integrante del sector tradicionalista, dentro del cual descoll\u00f3, igualmente, la figura del obispo franc\u00e9s Marcel Lefebvre. Cuando todav\u00eda no era nombrado arzobispo y fung\u00eda como obispo de Santiago de Mar\u00eda (El Salvador), Monse\u00f1or Romero se opon\u00eda a la l\u00ednea pastoral &#8220;progresista&#8221; del Arzobispo Luis Ch\u00e1vez y Gonz\u00e1lez y del obispo Arturo Rivera y Damas. En publicaci\u00f3n del Opus Dei sobre su fundador, Josemar\u00eda Escriv\u00e1 de Balaguer, encontramos las siguientes palabras de Monse\u00f1or \u00d3scar Arnulfo Romero acerca del famoso sacerdote espa\u00f1ol, a quien pol\u00edticamente se le ha relacionado siempre con la &#8220;extrema derecha&#8221;:<br \/>\n&#8220;Tuve la suerte de conocer personalmente a Monse\u00f1or Escriv\u00e1 de Balaguer y de recibir de \u00e9l aliento y fortaleza para ser fiel a la doctrina inalterable de Cristo (&#8230;). Monse\u00f1or Escriv\u00e1 de Balaguer supo unir en su vida un di\u00e1logo continuo con el Se\u00f1or y una gran humildad: se notaba que era un hombre de Dios&#8221; (Santiago de Mar\u00eda, El Salvador, 12-VII-1975)&#8221;. (En: Beato Jos\u00e9 Mar\u00eda Escriv\u00e1 de Balaguer, fundador del Opus Dei. Editado por: Postulaci\u00f3n General del Opus Dei. Roma. 1992, p. 97).<br \/>\nCuando se preparaba la designaci\u00f3n del nuevo Arzobispo de San Salvador que reemplazar\u00eda a Monse\u00f1or Luis Ch\u00e1vez y Gonz\u00e1lez, los sectores de &#8220;avanzada&#8221; o &#8220;progresistas&#8221;, o para decirlo en los t\u00e9rminos pol\u00edticos que tanto se usan, los sectores de &#8220;izquierda&#8221;, quer\u00edan que dicho nombramiento recayera en Monse\u00f1or Arturo Rivera y Damas. La designaci\u00f3n de Monse\u00f1or \u00d3scar Arnulfo Romero como nuevo arzobispo no fue bien recibida por esos sectores, que lo consideraban un exponente del clero de &#8220;derecha&#8221;. Tan es as\u00ed que el nuevo arzobispo no se pudo posesionar en la catedral, pues \u00e9sta fue tomada por los descontentos sectores de la llamada &#8220;Iglesia Popular&#8221;.<br \/>\nDe otro lado, Monse\u00f1or \u00d3scar Arnulfo Romero era muy cercano a quien ser\u00eda m\u00e1s tarde uno de los cardenales colombianos: Monse\u00f1or Alfonso L\u00f3pez Trujillo, considerado quiz\u00e1s la figura m\u00e1s representativa de la &#8220;extrema derecha&#8221; en la Iglesia Cat\u00f3lica de su tiempo.<br \/>\nUna aproximaci\u00f3n desapasionada a lo acaecido pareciera indicar, m\u00e1s bien, que Monse\u00f1or Romero era un hombre \u00edntegro, un pastor tradicionalista, sencillo y honesto al que lleg\u00f3 a conmover la lamentable situaci\u00f3n de su grey, v\u00edctima no s\u00f3lo de la exclusi\u00f3n social, sino tambi\u00e9n de la violencia armada, que, por desdicha, en aquellos momentos tambi\u00e9n proven\u00eda de sectores del ej\u00e9rcito salvadore\u00f1o, acusados de graves tropel\u00edas contra la poblaci\u00f3n civil, especialmente la campesina. En un entorno tan extremadamente polarizado como el que entonces se viv\u00eda en el pa\u00eds m\u00e1s peque\u00f1o de Am\u00e9rica Central, las homil\u00edas del arzobispo amonestando a los que desde el sector oficial ejerc\u00edan aquella violencia era de esperarse que no cayeran bien y que, de inmediato, se identificara al elocuente pastor como un simpatizante de la guerrilla, pasando deliberada y perversamente por alto el hecho manifiesto de que, igualmente, el valeroso prelado cuestionaba duramente la violencia guerrillera, que tambi\u00e9n, por supuesto, ensangrentaba el pa\u00eds.<br \/>\nPareciera ser, en suma, el eterno problema que trae consigo la polarizaci\u00f3n pol\u00edtica: una irreflexiva ceguera, que no admite llamamientos a la cordura y gracias a la cual toda frase a favor de la autocr\u00edtica y de la re-orientaci\u00f3n del rumbo es tomada de inmediato como sin\u00f3nimo de simpat\u00eda con el enemigo.<br \/>\nY pareciera ser tambi\u00e9n la eterna disyuntiva a la que se enfrentan las personas sobresalientes en cualquier pa\u00eds cuando estallan los grandes conflictos sociales y pol\u00edticos: guardar silencio y mantener un perfil bajo o, por el contrario, tomar parte activa en la discusi\u00f3n p\u00fablica de los grandes temas que afloran al calor del conflicto, en un sentido o en otro. La primera actitud permiti\u00f3 que Monse\u00f1or Delgado, por ejemplo, veinticinco a\u00f1os despu\u00e9s de aquel espantoso 1980 fuera el flamante Secretario General de la Conferencia Episcopal de El Salvador. La segunda acarre\u00f3, en cambio, que, tambi\u00e9n veinticinco a\u00f1os despu\u00e9s de aquel espeluznante 1980, Monse\u00f1or Romero estuviera enterrado en el cementerio.<\/p>\n<p>No todos, sin embargo, piensan as\u00ed: aunque El Vaticano no ha puesto fin al proceso de su canonizaci\u00f3n, invocando que podr\u00eda resultar imprudente dada la profunda divisi\u00f3n que todav\u00eda, seg\u00fan la Santa Sede, se registra en el interior de la sociedad salvadore\u00f1a, ya al arzobispo asesinado se le ha empezado a conocer como &#8220;San Romero de Am\u00e9rica&#8221;.<\/p>\n<p>En estos d\u00edas, cuando se agita el tema de su elevaci\u00f3n a los altares, muchos rememoran las palabras postreras del controvertido prelado:<br \/>\n&#8220;Si me matan, resucitar\u00e9 en el pueblo salvadore\u00f1o&#8221;.<br \/>\nDicen, entonces, que, en efecto, \u00d3scar Arnulfo Romero est\u00e1 resucitando.<br \/>\nOtros, empero, van m\u00e1s all\u00e1: dicen que no es que est\u00e9 resucitando sino que, sencillamente, Monse\u00f1or Romero jam\u00e1s muri\u00f3, pues desde aquel fat\u00eddico 1980, cuando la guerra civil estall\u00f3 en El Salvador a consecuencia del sacr\u00edlego atentado criminal contra su persona, el pastor de almas &#8220;San Romero de Am\u00e9rica&#8221; se qued\u00f3 viviendo por siempre en el coraz\u00f3n de su reba\u00f1o.<\/p>\n<p><em>Mesa de las Tempestades, s\u00e1bado 10 de abril de 2010 <\/em><\/p>\n<p>&nbsp;<\/p>\n<p><a href=\"https:\/\/lapiedrafilosofal.com\/wp-content\/uploads\/2018\/10\/OSCAR-ARNULFO-ROMERO-2.jpg\"><img loading=\"lazy\" decoding=\"async\" class=\"alignnone size-full wp-image-27130\" src=\"https:\/\/lapiedrafilosofal.com\/wp-content\/uploads\/2018\/10\/OSCAR-ARNULFO-ROMERO-2.jpg\" alt=\"\" width=\"630\" height=\"415\" srcset=\"https:\/\/oscarhumbertogomez.com\/wp-content\/uploads\/2018\/10\/OSCAR-ARNULFO-ROMERO-2.jpg 630w, https:\/\/oscarhumbertogomez.com\/wp-content\/uploads\/2018\/10\/OSCAR-ARNULFO-ROMERO-2-300x198.jpg 300w\" sizes=\"auto, (max-width: 630px) 100vw, 630px\" \/><\/a><\/p>\n<p>&nbsp;<\/p>\n<p>__________<\/p>\n<p>[<strong>FOTOGRAF\u00cdAS:<\/strong> (1) Monse\u00f1or \u00d3scar Arnulfo Romero.<\/p>\n<p>(2) Monse\u00f1or Romero con S.S. Pablo VI.<\/p>\n<p>(3) Monse\u00f1or Romero con S.S. Juan Pablo II.<\/p>\n<p>(4) Monse\u00f1or Romero caminando entre la comunidad.<\/p>\n<p>&nbsp;<\/p>\n","protected":false},"excerpt":{"rendered":"<p>&nbsp; &nbsp;Hace m\u00e1s de 8 a\u00f1os, cuando a\u00fan no exist\u00eda este portal, escrib\u00ed y remit\u00ed a mis amigos v\u00eda e-mail \u2014como sol\u00eda hacer en aquel entonces con lo que escrib\u00eda \u2014 una cr\u00f3nica sobre uno de los episodios m\u00e1s conmovedores &hellip; <a href=\"https:\/\/oscarhumbertogomez.com\/?p=27119\">Sigue leyendo <span class=\"meta-nav\">&rarr;<\/span><\/a><\/p>\n<div class='heateorSssClear'><\/div><div  class='heateor_sss_sharing_container heateor_sss_horizontal_sharing' heateor-sss-data-href='https:\/\/oscarhumbertogomez.com\/?p=27119'><div class='heateor_sss_sharing_title' style=\"font-weight:bold\" >\u00a1Gracias por compartirla!<\/div><ul class=\"heateor_sss_sharing_ul\"><li class=\"heateorSssSharingRound\"><i style=\"width:35px;height:35px;border-radius:999px;\" alt=\"Facebook\" Title=\"Facebook\" class=\"heateorSssSharing heateorSssFacebookBackground\" onclick='heateorSssPopup(\"https:\/\/www.facebook.com\/sharer\/sharer.php?u=https%3A%2F%2Foscarhumbertogomez.com%2Findex.php%3Frest_route%3D%252Fwp%252Fv2%252Fposts%252F27119\")'><ss style=\"display:block;border-radius:999px;\" class=\"heateorSssSharingSvg heateorSssFacebookSvg\"><\/ss><\/i><\/li><li class=\"heateorSssSharingRound\"><i style=\"width:35px;height:35px;border-radius:999px;\" alt=\"Twitter\" Title=\"Twitter\" class=\"heateorSssSharing heateorSssTwitterBackground\" onclick='heateorSssPopup(\"http:\/\/twitter.com\/intent\/tweet?text=Historia%20de%20Am%C3%A9rica%20Latina.%20EL%20ASESINATO%20DE%20MONSE%C3%91OR%20%C3%93SCAR%20ARNULFO%20ROMERO%2C%20ARZOBISPO%20DE%20SAN%20SALVADOR.%20%5BInforme%20especial%29.%20Por%20%C3%93scar%20Humberto%20G%C3%B3mez%20G%C3%B3mez%2C%20Miembro%20de%20la%20Academia%20de%20Historia%20de%20Santander%20y%20del%20Colegio%20Nacional%20de%20Periodistas&url=https%3A%2F%2Foscarhumbertogomez.com%2Findex.php%3Frest_route%3D%252Fwp%252Fv2%252Fposts%252F27119\")'><ss style=\"display:block;border-radius:999px;\" class=\"heateorSssSharingSvg heateorSssTwitterSvg\"><\/ss><\/i><\/li><li class=\"heateorSssSharingRound\"><i style=\"width:35px;height:35px;border-radius:999px;\" alt=\"Whatsapp\" Title=\"Whatsapp\" class=\"heateorSssSharing heateorSssWhatsappBackground\" onclick='heateorSssPopup(\"https:\/\/web.whatsapp.com\/send?text=Historia%20de%20Am%C3%A9rica%20Latina.%20EL%20ASESINATO%20DE%20MONSE%C3%91OR%20%C3%93SCAR%20ARNULFO%20ROMERO%2C%20ARZOBISPO%20DE%20SAN%20SALVADOR.%20%5BInforme%20especial%29.%20Por%20%C3%93scar%20Humberto%20G%C3%B3mez%20G%C3%B3mez%2C%20Miembro%20de%20la%20Academia%20de%20Historia%20de%20Santander%20y%20del%20Colegio%20Nacional%20de%20Periodistas https%3A%2F%2Foscarhumbertogomez.com%2Findex.php%3Frest_route%3D%252Fwp%252Fv2%252Fposts%252F27119\")'><ss style=\"display:block\" class=\"heateorSssSharingSvg heateorSssWhatsappSvg\"><\/ss><\/i><\/li><li class=\"heateorSssSharingRound\"><i style=\"width:35px;height:35px;border-radius:999px;\" alt=\"Pinterest\" Title=\"Pinterest\" class=\"heateorSssSharing heateorSssPinterestBackground\" onclick=\"javascript:void( (function() {var e=document.createElement('script' );e.setAttribute('type','text\/javascript' );e.setAttribute('charset','UTF-8' );e.setAttribute('src','\/\/assets.pinterest.com\/js\/pinmarklet.js?r='+Math.random()*99999999);document.body.appendChild(e)})());\"><ss style=\"display:block;border-radius:999px;\" class=\"heateorSssSharingSvg heateorSssPinterestSvg\"><\/ss><\/i><\/li><li class=\"heateorSssSharingRound\"><i style=\"width:35px;height:35px;border-radius:999px;\" alt=\"Google Gmail\" Title=\"Google Gmail\" class=\"heateorSssSharing heateorSssGoogleGmailBackground\" onclick='heateorSssPopup(\"https:\/\/mail.google.com\/mail\/?ui=2&view=cm&fs=1&tf=1&su=Historia%20de%20Am%C3%A9rica%20Latina.%20EL%20ASESINATO%20DE%20MONSE%C3%91OR%20%C3%93SCAR%20ARNULFO%20ROMERO%2C%20ARZOBISPO%20DE%20SAN%20SALVADOR.%20%5BInforme%20especial%29.%20Por%20%C3%93scar%20Humberto%20G%C3%B3mez%20G%C3%B3mez%2C%20Miembro%20de%20la%20Academia%20de%20Historia%20de%20Santander%20y%20del%20Colegio%20Nacional%20de%20Periodistas&body=Link:https%3A%2F%2Foscarhumbertogomez.com%2Findex.php%3Frest_route%3D%252Fwp%252Fv2%252Fposts%252F27119\")'><ss style=\"display:block;border-radius:999px;\" class=\"heateorSssSharingSvg heateorSssGoogleGmailSvg\"><\/ss><\/i><\/li><li class=\"heateorSssSharingRound\"><i style=\"width:35px;height:35px;border-radius:999px;\" title=\"More\" alt=\"More\" class=\"heateorSssSharing heateorSssMoreBackground\" onclick=\"heateorSssMoreSharingPopup(this, 'https:\/\/oscarhumbertogomez.com\/index.php?rest_route=%2Fwp%2Fv2%2Fposts%2F27119', 'Historia%20de%20Am%C3%A9rica%20Latina.%20EL%20ASESINATO%20DE%20MONSE%C3%91OR%20%C3%93SCAR%20ARNULFO%20ROMERO%2C%20ARZOBISPO%20DE%20SAN%20SALVADOR.%20%5BInforme%20especial%29.%20Por%20%C3%93scar%20Humberto%20G%C3%B3mez%20G%C3%B3mez%2C%20Miembro%20de%20la%20Academia%20de%20Historia%20de%20Santander%20y%20del%20Colegio%20Nacional%20de%20Periodistas', '' )\" ><ss style=\"display:block\" class=\"heateorSssSharingSvg heateorSssMoreSvg\"><\/ss><\/i><\/li><\/ul><div class=\"heateorSssClear\"><\/div><\/div><div class='heateorSssClear'><\/div>","protected":false},"author":2,"featured_media":0,"comment_status":"open","ping_status":"open","sticky":false,"template":"","format":"standard","meta":{"spay_email":"","footnotes":""},"categories":[11],"tags":[],"class_list":["post-27119","post","type-post","status-publish","format-standard","hentry","category-periodismo"],"jetpack_featured_media_url":"","jetpack_shortlink":"https:\/\/wp.me\/p1FYrr-73p","_links":{"self":[{"href":"https:\/\/oscarhumbertogomez.com\/index.php?rest_route=\/wp\/v2\/posts\/27119","targetHints":{"allow":["GET"]}}],"collection":[{"href":"https:\/\/oscarhumbertogomez.com\/index.php?rest_route=\/wp\/v2\/posts"}],"about":[{"href":"https:\/\/oscarhumbertogomez.com\/index.php?rest_route=\/wp\/v2\/types\/post"}],"author":[{"embeddable":true,"href":"https:\/\/oscarhumbertogomez.com\/index.php?rest_route=\/wp\/v2\/users\/2"}],"replies":[{"embeddable":true,"href":"https:\/\/oscarhumbertogomez.com\/index.php?rest_route=%2Fwp%2Fv2%2Fcomments&post=27119"}],"version-history":[{"count":6,"href":"https:\/\/oscarhumbertogomez.com\/index.php?rest_route=\/wp\/v2\/posts\/27119\/revisions"}],"predecessor-version":[{"id":52636,"href":"https:\/\/oscarhumbertogomez.com\/index.php?rest_route=\/wp\/v2\/posts\/27119\/revisions\/52636"}],"wp:attachment":[{"href":"https:\/\/oscarhumbertogomez.com\/index.php?rest_route=%2Fwp%2Fv2%2Fmedia&parent=27119"}],"wp:term":[{"taxonomy":"category","embeddable":true,"href":"https:\/\/oscarhumbertogomez.com\/index.php?rest_route=%2Fwp%2Fv2%2Fcategories&post=27119"},{"taxonomy":"post_tag","embeddable":true,"href":"https:\/\/oscarhumbertogomez.com\/index.php?rest_route=%2Fwp%2Fv2%2Ftags&post=27119"}],"curies":[{"name":"wp","href":"https:\/\/api.w.org\/{rel}","templated":true}]}}