{"id":27141,"date":"2018-10-15T21:47:23","date_gmt":"2018-10-16T02:47:23","guid":{"rendered":"http:\/\/www.oscarhumbertogomez.com\/?p=27141"},"modified":"2025-02-09T20:40:46","modified_gmt":"2025-02-10T01:40:46","slug":"la-consulta-popular-frente-a-la-explotacion-minera-en-colombia-por-oscar-humberto-gomez-gomez-miembro-del-colegio-nacional-de-periodistas","status":"publish","type":"post","link":"https:\/\/oscarhumbertogomez.com\/?p=27141","title":{"rendered":"LA CONSULTA POPULAR FRENTE A LA EXPLOTACI\u00d3N MINERA EN COLOMBIA. Por \u00d3scar Humberto G\u00f3mez G\u00f3mez"},"content":{"rendered":"<div id=\"attachment_22947\" style=\"width: 650px\" class=\"wp-caption aligncenter\"><img loading=\"lazy\" decoding=\"async\" aria-describedby=\"caption-attachment-22947\" class=\"size-large wp-image-22947\" src=\"https:\/\/oscarhumbertogomez.com\/wp-content\/uploads\/2017\/07\/20170401-170514-678x1024.jpg\" alt=\"\" width=\"640\" height=\"967\" srcset=\"https:\/\/oscarhumbertogomez.com\/wp-content\/uploads\/2017\/07\/20170401-170514-678x1024.jpg 678w, https:\/\/oscarhumbertogomez.com\/wp-content\/uploads\/2017\/07\/20170401-170514-199x300.jpg 199w, https:\/\/oscarhumbertogomez.com\/wp-content\/uploads\/2017\/07\/20170401-170514-768x1160.jpg 768w\" sizes=\"auto, (max-width: 640px) 100vw, 640px\" \/><p id=\"caption-attachment-22947\" class=\"wp-caption-text\">\u00d3SCAR HUMBERTO G\u00d3MEZ G\u00d3MEZ [Fotograf\u00eda: Fernando Rueda Villamizar]<\/p><\/div>\n<p>&nbsp;<\/p>\n<p>S\u00ed, claro: el subsuelo es de la Naci\u00f3n y, por lo tanto, el Estado \u2014que es su personero\u2014 tiene a cargo su manejo y el ejercicio de la potestad de entregar concesiones mineras de conformidad con la ley.<\/p>\n<p><strong>Pero son las comunidades locales, asentadas en los lugares donde est\u00e1n ubicadas las minas y los yacimientos, las que tienen que beber el agua contaminada como consecuencia colateral de la explotaci\u00f3n aur\u00edfera o respirar el aire contaminado como corolario de la explotaci\u00f3n carbon\u00edfera.<\/strong><\/p>\n<p>Ni el mercurio, ni el ars\u00e9nico les contaminan a los poderosos magistrados de la Corte Constitucional el agua que beben, ni tampoco los \u00f3xidos de nitr\u00f3geno y el di\u00f3xido de azufre les contaminan el aire que respiran, porque los nueve colombianos que la integran, y que pr\u00e1cticamente deciden por toda la naci\u00f3n colombiana, viven en lujosos barrios de Bogot\u00e1, as\u00ed como tambi\u00e9n viven en Bogot\u00e1 el ministro de minas y el presidente de la rep\u00fablica. Esas sustancias t\u00f3xicas \u2014ligadas a enfermedades g\u00e1stricas y respiratorias muy graves, que incluyen el c\u00e1ncer\u2014 solo afectan, precisamente, a esas comunidades,<strong>&nbsp;<\/strong>las mismas&nbsp;a las que el Tribunal Supremo de la Jurisdicci\u00f3n Constitucional, en una sentencia de tutela, les ha cercenado de un tajo su derecho a oponerse a que les contaminen los recursos naturales ubicados en sus territorios.<\/p>\n<p><strong>S\u00ed, claro: el Presidente de la Rep\u00fablica es tambi\u00e9n el presidente de esa gente, y el ministro de minas y energ\u00eda tambi\u00e9n manda sobre esas regiones. Este es un pa\u00eds centralista hasta los tu\u00e9tanos y, consiguientemente, Bogot\u00e1 es el polo magn\u00e9tico alrededor del cual giramos los colombianos sin poder salirnos de la \u00f3rbita.<\/strong><\/p>\n<p>Empero, este es tambi\u00e9n un pa\u00eds democr\u00e1tico y as\u00ed como se les dijo a los municipios que pod\u00edan elegir a sus alcaldes, y se les dijo a los departamentos que pod\u00edan elegir a sus gobernadores&nbsp; \u2014con lo que, dicho sea de paso, no estuvimos de acuerdo, porque present\u00edamos, y el tiempo nos dio la raz\u00f3n, que eso significar\u00eda servirles el poder en bandeja de plata a los caciques y gamonales de siempre\u2014, as\u00ed tambi\u00e9n se les debe garantizar, de alguna manera, que tomen parte activa en las grandes decisiones sobre asuntos que les afectan derechos tan fundamentales como el de la salud y el de la vida, por los cuales&nbsp; tanto ha cacareado la Corte Constitucional cada vez que ha puesto un huevo en esas materias.<\/p>\n<p><strong>Que puedan exigir, por ejemplo, la adopci\u00f3n de medidas muy serias para precaver los desastrosos efectos atinentes a la contaminaci\u00f3n del medio ambiente, la asunci\u00f3n de responsabilidades claras y concretas que les garanticen a las v\u00edctimas de esta su pronto acceso a una atenci\u00f3n cient\u00edfica de alto nivel y el que reciban reparaciones justas a los da\u00f1os y perjuicios sufridos,&nbsp; o la carga ineludible de que, al retirarse de la zona, tengan que dejar las cosas en las condiciones ambientales en que las encontraron, porque el progreso y la felicidad de unos no puede montarse sobre el atraso y la desdicha de otros.<\/strong><\/p>\n<p>Frente a la realidad del fallo de la Corte, que declar\u00f3 contrarias a la Constituci\u00f3n las consultas populares locales en materia de explotaci\u00f3n minera, va a tener que conciliarse la verdad incontestable de que el subsuelo es de la Naci\u00f3n con la verdad, no menos incontestable, de que no todos los integrantes de la Naci\u00f3n sufren de manera directa las consecuencias ambientales que acarrea la explotaci\u00f3n minera, sino que, por el contrario, son las comunidades residentes en las zonas de ubicaci\u00f3n geogr\u00e1fica de las minas y yacimientos las que tienen que afrontar en solitario esas consecuencias, por lo cual lo m\u00ednimo que un Estado democr\u00e1tico puede hacer por ellas es garantizarles el derecho a voz y voto en las decisiones que tocan con materias tan sensibles.<\/p>\n<p><strong>O si no, que nos digan si, por ejemplo, la espeluznante contaminaci\u00f3n ambiental generada por la explotaci\u00f3n carbon\u00edfera a cielo abierto en El Cerrej\u00f3n ha afectado la salud de los bogotanos, o de los paisas, o de los santandereanos, o de los boyacenses, o de los vallunos, o de los nari\u00f1enses, o de los habitantes de San Andr\u00e9s y Providencia.<\/strong><\/p>\n<p>&nbsp;<\/p>\n","protected":false},"excerpt":{"rendered":"<p>&nbsp; S\u00ed, claro: el subsuelo es de la Naci\u00f3n y, por lo tanto, el Estado \u2014que es su personero\u2014 tiene a cargo su manejo y el ejercicio de la potestad de entregar concesiones mineras de conformidad con la ley. Pero &hellip; <a href=\"https:\/\/oscarhumbertogomez.com\/?p=27141\">Sigue leyendo <span class=\"meta-nav\">&rarr;<\/span><\/a><\/p>\n<div class='heateorSssClear'><\/div><div  class='heateor_sss_sharing_container heateor_sss_horizontal_sharing' heateor-sss-data-href='https:\/\/oscarhumbertogomez.com\/?p=27141'><div class='heateor_sss_sharing_title' style=\"font-weight:bold\" >\u00a1Gracias por compartirla!<\/div><ul class=\"heateor_sss_sharing_ul\"><li class=\"heateorSssSharingRound\"><i style=\"width:35px;height:35px;border-radius:999px;\" alt=\"Facebook\" Title=\"Facebook\" class=\"heateorSssSharing heateorSssFacebookBackground\" onclick='heateorSssPopup(\"https:\/\/www.facebook.com\/sharer\/sharer.php?u=https%3A%2F%2Foscarhumbertogomez.com%2Findex.php%3Frest_route%3D%252Fwp%252Fv2%252Fposts%252F27141\")'><ss style=\"display:block;border-radius:999px;\" class=\"heateorSssSharingSvg heateorSssFacebookSvg\"><\/ss><\/i><\/li><li class=\"heateorSssSharingRound\"><i style=\"width:35px;height:35px;border-radius:999px;\" alt=\"Twitter\" Title=\"Twitter\" class=\"heateorSssSharing heateorSssTwitterBackground\" onclick='heateorSssPopup(\"http:\/\/twitter.com\/intent\/tweet?text=LA%20CONSULTA%20POPULAR%20FRENTE%20A%20LA%20EXPLOTACI%C3%93N%20MINERA%20EN%20COLOMBIA.%20Por%20%C3%93scar%20Humberto%20G%C3%B3mez%20G%C3%B3mez&url=https%3A%2F%2Foscarhumbertogomez.com%2Findex.php%3Frest_route%3D%252Fwp%252Fv2%252Fposts%252F27141\")'><ss style=\"display:block;border-radius:999px;\" class=\"heateorSssSharingSvg heateorSssTwitterSvg\"><\/ss><\/i><\/li><li class=\"heateorSssSharingRound\"><i style=\"width:35px;height:35px;border-radius:999px;\" alt=\"Whatsapp\" Title=\"Whatsapp\" class=\"heateorSssSharing heateorSssWhatsappBackground\" onclick='heateorSssPopup(\"https:\/\/web.whatsapp.com\/send?text=LA%20CONSULTA%20POPULAR%20FRENTE%20A%20LA%20EXPLOTACI%C3%93N%20MINERA%20EN%20COLOMBIA.%20Por%20%C3%93scar%20Humberto%20G%C3%B3mez%20G%C3%B3mez https%3A%2F%2Foscarhumbertogomez.com%2Findex.php%3Frest_route%3D%252Fwp%252Fv2%252Fposts%252F27141\")'><ss style=\"display:block\" class=\"heateorSssSharingSvg heateorSssWhatsappSvg\"><\/ss><\/i><\/li><li class=\"heateorSssSharingRound\"><i style=\"width:35px;height:35px;border-radius:999px;\" alt=\"Pinterest\" Title=\"Pinterest\" class=\"heateorSssSharing heateorSssPinterestBackground\" onclick=\"javascript:void( (function() {var e=document.createElement('script' );e.setAttribute('type','text\/javascript' );e.setAttribute('charset','UTF-8' );e.setAttribute('src','\/\/assets.pinterest.com\/js\/pinmarklet.js?r='+Math.random()*99999999);document.body.appendChild(e)})());\"><ss style=\"display:block;border-radius:999px;\" class=\"heateorSssSharingSvg heateorSssPinterestSvg\"><\/ss><\/i><\/li><li class=\"heateorSssSharingRound\"><i style=\"width:35px;height:35px;border-radius:999px;\" alt=\"Google Gmail\" Title=\"Google Gmail\" class=\"heateorSssSharing heateorSssGoogleGmailBackground\" onclick='heateorSssPopup(\"https:\/\/mail.google.com\/mail\/?ui=2&view=cm&fs=1&tf=1&su=LA%20CONSULTA%20POPULAR%20FRENTE%20A%20LA%20EXPLOTACI%C3%93N%20MINERA%20EN%20COLOMBIA.%20Por%20%C3%93scar%20Humberto%20G%C3%B3mez%20G%C3%B3mez&body=Link:https%3A%2F%2Foscarhumbertogomez.com%2Findex.php%3Frest_route%3D%252Fwp%252Fv2%252Fposts%252F27141\")'><ss style=\"display:block;border-radius:999px;\" class=\"heateorSssSharingSvg heateorSssGoogleGmailSvg\"><\/ss><\/i><\/li><li class=\"heateorSssSharingRound\"><i style=\"width:35px;height:35px;border-radius:999px;\" title=\"More\" alt=\"More\" class=\"heateorSssSharing heateorSssMoreBackground\" onclick=\"heateorSssMoreSharingPopup(this, 'https:\/\/oscarhumbertogomez.com\/index.php?rest_route=%2Fwp%2Fv2%2Fposts%2F27141', 'LA%20CONSULTA%20POPULAR%20FRENTE%20A%20LA%20EXPLOTACI%C3%93N%20MINERA%20EN%20COLOMBIA.%20Por%20%C3%93scar%20Humberto%20G%C3%B3mez%20G%C3%B3mez', '' )\" ><ss style=\"display:block\" class=\"heateorSssSharingSvg heateorSssMoreSvg\"><\/ss><\/i><\/li><\/ul><div class=\"heateorSssClear\"><\/div><\/div><div class='heateorSssClear'><\/div>","protected":false},"author":2,"featured_media":0,"comment_status":"closed","ping_status":"closed","sticky":false,"template":"","format":"standard","meta":{"spay_email":"","footnotes":""},"categories":[1],"tags":[],"class_list":["post-27141","post","type-post","status-publish","format-standard","hentry","category-blog"],"jetpack_featured_media_url":"","jetpack_shortlink":"https:\/\/wp.me\/p1FYrr-73L","_links":{"self":[{"href":"https:\/\/oscarhumbertogomez.com\/index.php?rest_route=\/wp\/v2\/posts\/27141","targetHints":{"allow":["GET"]}}],"collection":[{"href":"https:\/\/oscarhumbertogomez.com\/index.php?rest_route=\/wp\/v2\/posts"}],"about":[{"href":"https:\/\/oscarhumbertogomez.com\/index.php?rest_route=\/wp\/v2\/types\/post"}],"author":[{"embeddable":true,"href":"https:\/\/oscarhumbertogomez.com\/index.php?rest_route=\/wp\/v2\/users\/2"}],"replies":[{"embeddable":true,"href":"https:\/\/oscarhumbertogomez.com\/index.php?rest_route=%2Fwp%2Fv2%2Fcomments&post=27141"}],"version-history":[{"count":6,"href":"https:\/\/oscarhumbertogomez.com\/index.php?rest_route=\/wp\/v2\/posts\/27141\/revisions"}],"predecessor-version":[{"id":50580,"href":"https:\/\/oscarhumbertogomez.com\/index.php?rest_route=\/wp\/v2\/posts\/27141\/revisions\/50580"}],"wp:attachment":[{"href":"https:\/\/oscarhumbertogomez.com\/index.php?rest_route=%2Fwp%2Fv2%2Fmedia&parent=27141"}],"wp:term":[{"taxonomy":"category","embeddable":true,"href":"https:\/\/oscarhumbertogomez.com\/index.php?rest_route=%2Fwp%2Fv2%2Fcategories&post=27141"},{"taxonomy":"post_tag","embeddable":true,"href":"https:\/\/oscarhumbertogomez.com\/index.php?rest_route=%2Fwp%2Fv2%2Ftags&post=27141"}],"curies":[{"name":"wp","href":"https:\/\/api.w.org\/{rel}","templated":true}]}}