{"id":27274,"date":"2018-11-08T20:23:34","date_gmt":"2018-11-09T01:23:34","guid":{"rendered":"http:\/\/www.oscarhumbertogomez.com\/?p=27274"},"modified":"2025-02-09T21:35:27","modified_gmt":"2025-02-10T02:35:27","slug":"ya-no-vale-la-pena-cambiarle-el-nombre-al-estadio-por-oscar-humberto-gomez-gomez","status":"publish","type":"post","link":"https:\/\/oscarhumbertogomez.com\/?p=27274","title":{"rendered":"\u00bfYA NO VALE LA PENA CAMBIARLE EL NOMBRE AL ESTADIO? Por \u00d3scar Humberto G\u00f3mez G\u00f3mez."},"content":{"rendered":"<p><img decoding=\"async\" class=\"aligncenter size-full wp-image-4481\" src=\"https:\/\/lapiedrafilosofal.com\/wp-content\/uploads\/2012\/06\/OSCAR-HUMBERTO-GOMEZ.jpg\" alt=\"OSCAR HUMBERTO GOMEZ\" width=\"500\"><\/p>\n<p>&nbsp;<\/p>\n<p>Nuestro entra\u00f1able amigo el distinguido ingeniero agr\u00f3nomo y amante y cultor indeclinable de la m\u00fasica andina colombiana doctor Roberto Villamizar Mutis nos ha dirigido un comentario a prop\u00f3sito del soneto publicado en la entrada anterior y que bajo el t\u00edtulo EL NOMBRE DE NUESTRO ESTADIO escribi\u00f3 El Diablillo del Parnaso. A pesar de que la respuesta se public\u00f3 en la secci\u00f3n de comentarios de esa entrada, por la importancia del asunto, del remitente, y porque no es la \u00fanica voz de desaliento que hemos conocido luego de la muerte de Herm\u00e1nn el Cuca Aceros sin que se le hubiese cambiado el nombre al estadio Alfonso L\u00f3pez por el de \u00e9l, hemos decidido dedicarle una entrada.<\/p>\n<p>Aqu\u00ed est\u00e1, pues, el texto de la respuesta, que condensa la posici\u00f3n del director de este portal acerca de toda la tem\u00e1tica que rodea este asunto y que rebasa por completo los l\u00edmites de la reacci\u00f3n a la desaparici\u00f3n lamentable del admirado jugador santandereano.<\/p>\n<p>&#8220;Apreciado Roberto:<\/p>\n<p>Como yo \u2014y t\u00fa lo sabes\u2014 no soy aficionado al f\u00fatbol, no conozco nada de ese tema. Le he transmitido tus cr\u00edticas a El Diablillo del Parnaso. \u00c9l dice que est\u00e1 de acuerdo contigo en que el nombre del estadio ha debido cambiarse en vida del futbolista. Me asegura \u2014no s\u00e9 qu\u00e9 tan cierto sea\u2014 que los cronistas deportivos de la ciudad insistieron en ese cambio, pero ignora por qu\u00e9 raz\u00f3n no se produjo el mismo.<\/p>\n<p>Yo, desde mi ignorancia en la materia, considero que m\u00e1s all\u00e1 de la satisfacci\u00f3n personal que traen consigo las condecoraciones y los homenajes en vida del exaltado, cuando el hombre deja una impronta en el seno de la sociedad a la que perteneci\u00f3, pasa a ser un patrimonio hist\u00f3rico de ella y ya no pertenece ni a s\u00ed mismo, ni a sus seres queridos m\u00e1s cercanos. Perpetuar la memoria de los personajes sobresalientes de un pueblo o de una naci\u00f3n, e incluso de un continente o del planeta todo, pasa a convertirse en un derecho colectivo.<\/p>\n<p>Indudablemente, esta es una tierra que ha ido perdiendo su identidad. T\u00fa lo sabes mejor que nadie. Pero, precisamente porque estamos luchando por recuperarla, tenemos que enviarles a las nuevas generaciones un mensaje claro, no equ\u00edvoco, acerca del valor inmenso que tienen nuestros s\u00edmbolos.<\/p>\n<p>Si, como lo percibo, a juzgar por lo que he le\u00eddo y escuchado en estos d\u00edas, Herm\u00e1nn el Cuca Aceros lleg\u00f3 a convertirse en un referente dentro de un vasto sector de nuestra gente \u2014y me da la impresi\u00f3n de que principalmente dentro de los m\u00e1s humildes, dentro de aquellos que ya casi en Santander no tienen referentes\u2014, no me parece bien que, por haber muerto, se deba abandonar una lucha que se ven\u00eda librando para exaltar su memoria hist\u00f3rica.<\/p>\n<p>Si todos seguimos resign\u00e1ndonos a que se vayan nuestros mejores hombres y nuestras mejores mujeres sin que quede un registro en la Historia, bajo el argumento de que, en \u00faltimas, todo viene y todo pasa, y que finalmente el muerto ya no va a disfrutar los homenajes, Santander terminar\u00e1 siendo un mero agregado geogr\u00e1fico y poblacional sin identidad alguna y las futuras generaciones no sabr\u00e1n siquiera qu\u00e9 era Santander.<\/p>\n<p>Mucho m\u00e1s grave esa actitud de derrota y resignaci\u00f3n en un pa\u00eds donde se vive exaltando a personajes oscuros que solo nos dejaron, a su paso por la vida, una estela de dolor, sangre, desolaci\u00f3n, viudez, orfandad, l\u00e1grimas y miseria.<\/p>\n<p>Los hombres nos perpetuamos en aquellos a quienes quisimos y en aquellos a quienes les dimos la vida, y asumo que el caso del conspicuo deportista fallecido no es la excepci\u00f3n. Pero, independientemente de ello, desde el punto de vista social, el inmenso futbolista que nos ha abandonado no puede pasar inadvertido ante una juventud que quiz\u00e1s no tuvo de \u00e9l mayores referencias. Las nuevas generaciones de santandereanos tienen que conocer qui\u00e9nes fueron los hombres y las mujeres que hicieron posible que esta tierra y este pueblo existieran, y que existieran con su propia y particular identidad cultural, \u00e9tnica e hist\u00f3rica.<\/p>\n<p>Indudablemente se ha fallado al no exaltarlos en vida de ellos. Pero, cometido el error, no podemos refrendarlo con un error nuevo y a\u00fan m\u00e1s grave como ser\u00eda el borrarlos de la Historia. Patriotas, educadores, abogados, m\u00fasicos, poetas, m\u00e9dicos, odont\u00f3logos, enfermeras, militares, oradores, pintores, escultores, sastres, choferes, boticarios, tenderos, ingenieros, sacerdotes, arquitectos, comerciantes, locutores, periodistas, tip\u00f3grafos, fot\u00f3grafos, escritores, empresarios, polic\u00edas, historiadores, y un largo etc\u00e9tera, conforman un mosaico colosal de personajes santandereanos que han sido relegados al olvido, como han pasado al olvido personajes de toda Colombia que la enaltecieron con sus vidas ejemplares, mientras que ante el mundo solamente se perpet\u00faa, con sospechosa insistencia, la memoria de nuestros peores hampones, cuyo \u00fanico aporte a esta desdichada naci\u00f3n nuestra fue asesinar o dejar mutilados a centenares y miles de nuestros compatriotas.<\/p>\n<p>En lo que a m\u00ed concierne, bien sabes que seguir\u00e9 en esta misma lucha. Y seguir\u00e9 en ella, porque esta tierra nos pertenece y porque nos pertenecen hombres que, como Herm\u00e1nn el Cuca Aceros, le dieron tanta alegr\u00eda a nuestro pueblo y con sus vidas hicieron que la suya fuera un poco m\u00e1s amable.<\/p>\n<p>Recibe un abrazo de quien sinceramente te estima.<\/p>\n<p>\u00d3scar Humberto G\u00f3mez G\u00f3mez&#8221;.<\/p>\n<p>&nbsp;<\/p>\n","protected":false},"excerpt":{"rendered":"<p>&nbsp; Nuestro entra\u00f1able amigo el distinguido ingeniero agr\u00f3nomo y amante y cultor indeclinable de la m\u00fasica andina colombiana doctor Roberto Villamizar Mutis nos ha dirigido un comentario a prop\u00f3sito del soneto publicado en la entrada anterior y que bajo el &hellip; <a href=\"https:\/\/oscarhumbertogomez.com\/?p=27274\">Sigue leyendo <span class=\"meta-nav\">&rarr;<\/span><\/a><\/p>\n<div class='heateorSssClear'><\/div><div  class='heateor_sss_sharing_container heateor_sss_horizontal_sharing' heateor-sss-data-href='https:\/\/oscarhumbertogomez.com\/?p=27274'><div class='heateor_sss_sharing_title' style=\"font-weight:bold\" >\u00a1Gracias por compartirla!<\/div><ul class=\"heateor_sss_sharing_ul\"><li class=\"heateorSssSharingRound\"><i style=\"width:35px;height:35px;border-radius:999px;\" alt=\"Facebook\" Title=\"Facebook\" class=\"heateorSssSharing heateorSssFacebookBackground\" onclick='heateorSssPopup(\"https:\/\/www.facebook.com\/sharer\/sharer.php?u=https%3A%2F%2Foscarhumbertogomez.com%2Findex.php%3Frest_route%3D%252Fwp%252Fv2%252Fposts%252F27274\")'><ss style=\"display:block;border-radius:999px;\" class=\"heateorSssSharingSvg heateorSssFacebookSvg\"><\/ss><\/i><\/li><li class=\"heateorSssSharingRound\"><i style=\"width:35px;height:35px;border-radius:999px;\" alt=\"Twitter\" Title=\"Twitter\" class=\"heateorSssSharing heateorSssTwitterBackground\" onclick='heateorSssPopup(\"http:\/\/twitter.com\/intent\/tweet?text=%C2%BFYA%20NO%20VALE%20LA%20PENA%20CAMBIARLE%20EL%20NOMBRE%20AL%20ESTADIO%3F%20Por%20%C3%93scar%20Humberto%20G%C3%B3mez%20G%C3%B3mez.&url=https%3A%2F%2Foscarhumbertogomez.com%2Findex.php%3Frest_route%3D%252Fwp%252Fv2%252Fposts%252F27274\")'><ss style=\"display:block;border-radius:999px;\" class=\"heateorSssSharingSvg heateorSssTwitterSvg\"><\/ss><\/i><\/li><li class=\"heateorSssSharingRound\"><i style=\"width:35px;height:35px;border-radius:999px;\" alt=\"Whatsapp\" Title=\"Whatsapp\" class=\"heateorSssSharing heateorSssWhatsappBackground\" onclick='heateorSssPopup(\"https:\/\/web.whatsapp.com\/send?text=%C2%BFYA%20NO%20VALE%20LA%20PENA%20CAMBIARLE%20EL%20NOMBRE%20AL%20ESTADIO%3F%20Por%20%C3%93scar%20Humberto%20G%C3%B3mez%20G%C3%B3mez. https%3A%2F%2Foscarhumbertogomez.com%2Findex.php%3Frest_route%3D%252Fwp%252Fv2%252Fposts%252F27274\")'><ss style=\"display:block\" class=\"heateorSssSharingSvg heateorSssWhatsappSvg\"><\/ss><\/i><\/li><li class=\"heateorSssSharingRound\"><i style=\"width:35px;height:35px;border-radius:999px;\" alt=\"Pinterest\" Title=\"Pinterest\" class=\"heateorSssSharing heateorSssPinterestBackground\" onclick=\"javascript:void( (function() {var e=document.createElement('script' );e.setAttribute('type','text\/javascript' );e.setAttribute('charset','UTF-8' );e.setAttribute('src','\/\/assets.pinterest.com\/js\/pinmarklet.js?r='+Math.random()*99999999);document.body.appendChild(e)})());\"><ss style=\"display:block;border-radius:999px;\" class=\"heateorSssSharingSvg heateorSssPinterestSvg\"><\/ss><\/i><\/li><li class=\"heateorSssSharingRound\"><i style=\"width:35px;height:35px;border-radius:999px;\" alt=\"Google Gmail\" Title=\"Google Gmail\" class=\"heateorSssSharing heateorSssGoogleGmailBackground\" onclick='heateorSssPopup(\"https:\/\/mail.google.com\/mail\/?ui=2&view=cm&fs=1&tf=1&su=%C2%BFYA%20NO%20VALE%20LA%20PENA%20CAMBIARLE%20EL%20NOMBRE%20AL%20ESTADIO%3F%20Por%20%C3%93scar%20Humberto%20G%C3%B3mez%20G%C3%B3mez.&body=Link:https%3A%2F%2Foscarhumbertogomez.com%2Findex.php%3Frest_route%3D%252Fwp%252Fv2%252Fposts%252F27274\")'><ss style=\"display:block;border-radius:999px;\" class=\"heateorSssSharingSvg heateorSssGoogleGmailSvg\"><\/ss><\/i><\/li><li class=\"heateorSssSharingRound\"><i style=\"width:35px;height:35px;border-radius:999px;\" title=\"More\" alt=\"More\" class=\"heateorSssSharing heateorSssMoreBackground\" onclick=\"heateorSssMoreSharingPopup(this, 'https:\/\/oscarhumbertogomez.com\/index.php?rest_route=%2Fwp%2Fv2%2Fposts%2F27274', '%C2%BFYA%20NO%20VALE%20LA%20PENA%20CAMBIARLE%20EL%20NOMBRE%20AL%20ESTADIO%3F%20Por%20%C3%93scar%20Humberto%20G%C3%B3mez%20G%C3%B3mez.', '' )\" ><ss style=\"display:block\" class=\"heateorSssSharingSvg heateorSssMoreSvg\"><\/ss><\/i><\/li><\/ul><div class=\"heateorSssClear\"><\/div><\/div><div class='heateorSssClear'><\/div>","protected":false},"author":2,"featured_media":0,"comment_status":"open","ping_status":"open","sticky":false,"template":"","format":"standard","meta":{"spay_email":"","footnotes":""},"categories":[1],"tags":[],"class_list":["post-27274","post","type-post","status-publish","format-standard","hentry","category-blog"],"jetpack_featured_media_url":"","jetpack_shortlink":"https:\/\/wp.me\/p1FYrr-75U","_links":{"self":[{"href":"https:\/\/oscarhumbertogomez.com\/index.php?rest_route=\/wp\/v2\/posts\/27274","targetHints":{"allow":["GET"]}}],"collection":[{"href":"https:\/\/oscarhumbertogomez.com\/index.php?rest_route=\/wp\/v2\/posts"}],"about":[{"href":"https:\/\/oscarhumbertogomez.com\/index.php?rest_route=\/wp\/v2\/types\/post"}],"author":[{"embeddable":true,"href":"https:\/\/oscarhumbertogomez.com\/index.php?rest_route=\/wp\/v2\/users\/2"}],"replies":[{"embeddable":true,"href":"https:\/\/oscarhumbertogomez.com\/index.php?rest_route=%2Fwp%2Fv2%2Fcomments&post=27274"}],"version-history":[{"count":5,"href":"https:\/\/oscarhumbertogomez.com\/index.php?rest_route=\/wp\/v2\/posts\/27274\/revisions"}],"predecessor-version":[{"id":50595,"href":"https:\/\/oscarhumbertogomez.com\/index.php?rest_route=\/wp\/v2\/posts\/27274\/revisions\/50595"}],"wp:attachment":[{"href":"https:\/\/oscarhumbertogomez.com\/index.php?rest_route=%2Fwp%2Fv2%2Fmedia&parent=27274"}],"wp:term":[{"taxonomy":"category","embeddable":true,"href":"https:\/\/oscarhumbertogomez.com\/index.php?rest_route=%2Fwp%2Fv2%2Fcategories&post=27274"},{"taxonomy":"post_tag","embeddable":true,"href":"https:\/\/oscarhumbertogomez.com\/index.php?rest_route=%2Fwp%2Fv2%2Ftags&post=27274"}],"curies":[{"name":"wp","href":"https:\/\/api.w.org\/{rel}","templated":true}]}}