{"id":2734,"date":"2012-01-31T15:59:09","date_gmt":"2012-01-31T20:59:09","guid":{"rendered":"http:\/\/www.oscarhumbertogomez.com\/?p=2734"},"modified":"2025-02-02T20:23:54","modified_gmt":"2025-02-03T01:23:54","slug":"musica-costena-contra-musica-cachaca-hasta-cuando","status":"publish","type":"post","link":"https:\/\/oscarhumbertogomez.com\/?p=2734","title":{"rendered":"M\u00fasica coste\u00f1a contra m\u00fasica cachaca: \u00bfhasta cu\u00e1ndo? Por \u00d3scar Humberto G\u00f3mez G\u00f3mez"},"content":{"rendered":"<p><img loading=\"lazy\" decoding=\"async\" class=\"aligncenter size-full wp-image-2736\" title=\"acordeon\" src=\"https:\/\/lapiedrafilosofal.com\/wp-content\/uploads\/2012\/01\/acordeon.jpg\" alt=\"\" width=\"588\" height=\"388\" srcset=\"https:\/\/oscarhumbertogomez.com\/wp-content\/uploads\/2012\/01\/acordeon.jpg 588w, https:\/\/oscarhumbertogomez.com\/wp-content\/uploads\/2012\/01\/acordeon-300x197.jpg 300w\" sizes=\"auto, (max-width: 588px) 100vw, 588px\" \/><\/p>\n<p>&nbsp;<\/p>\n<p>Han comenzado los actos de celebraci\u00f3n de los 100 a\u00f1os del nacimiento de ese formidable m\u00fasico colombiano que fue el maestro Lucho Berm\u00fadez. Ya el propio presidente de la Rep\u00fablica anunci\u00f3 que 2012 ser\u00eda &#8220;El A\u00f1o de Lucho Berm\u00fadez&#8221;.<\/p>\n<p>Nosotros no podemos menos que unirnos al sentimiento de aprecio hacia el talentoso compositor e int\u00e9rprete bolivarense.<\/p>\n<p>&nbsp;<\/p>\n<p><img loading=\"lazy\" decoding=\"async\" class=\"aligncenter size-full wp-image-2741\" title=\"LUCHO BERM\u00daDEZ\" src=\"https:\/\/lapiedrafilosofal.com\/wp-content\/uploads\/2012\/01\/LUCHO-BERM\u00daDEZ.jpg\" alt=\"\" width=\"300\" height=\"300\" srcset=\"https:\/\/oscarhumbertogomez.com\/wp-content\/uploads\/2012\/01\/LUCHO-BERM\u00daDEZ.jpg 300w, https:\/\/oscarhumbertogomez.com\/wp-content\/uploads\/2012\/01\/LUCHO-BERM\u00daDEZ-150x150.jpg 150w\" sizes=\"auto, (max-width: 300px) 100vw, 300px\" \/><\/p>\n<p>&nbsp;<\/p>\n<p>Empero, al leer el editorial del peri\u00f3dico EL TIEMPO correspondiente al d\u00eda viernes 27 de enero, nos desalienta el esp\u00edritu divisionista con que ya empez\u00f3 a enfocarse la efem\u00e9rides. Una efem\u00e9rides que, en vez de aprovecharse para unir a Colombia alrededor de la m\u00fasica, todo indica que va a agudizar, todav\u00eda m\u00e1s, el ambiente de pugnacidad que se respira entre la Costa Atl\u00e1ntica y el interior del pa\u00eds en materia cultural, y el arrasamiento que se est\u00e1 llevando a cabo de todo vestigio de la cultura andina para imponer, definitivamente, el predominio de la cultura coste\u00f1a.<\/p>\n<p>&nbsp;<\/p>\n<p>[Den clic izquierdo encima del enlace, si desean leer el editorial de EL TIEMPO].<\/p>\n<p>&nbsp;<\/p>\n<p><a href=\"http:\/\/www.eltiempo.com\/opinion\/editoriales\/editorial_10995081-4\">http:\/\/www.eltiempo.com\/opinion\/editoriales\/editorial_10995081-4<\/a><\/p>\n<p>&nbsp;<\/p>\n<p><img loading=\"lazy\" decoding=\"async\" class=\"aligncenter size-full wp-image-2743\" title=\"tiple01_thumb\" src=\"https:\/\/lapiedrafilosofal.com\/wp-content\/uploads\/2012\/01\/tiple01_thumb.jpg\" alt=\"\" width=\"250\" height=\"679\" srcset=\"https:\/\/oscarhumbertogomez.com\/wp-content\/uploads\/2012\/01\/tiple01_thumb.jpg 250w, https:\/\/oscarhumbertogomez.com\/wp-content\/uploads\/2012\/01\/tiple01_thumb-110x300.jpg 110w\" sizes=\"auto, (max-width: 250px) 100vw, 250px\" \/><\/p>\n<p>&nbsp;<\/p>\n<p>El enfrentamiento entre coste\u00f1os y cachacos por el imperio de la m\u00fasica aut\u00f3ctona ya nos era evidente en el a\u00f1o 2002 cuando ingresamos al mundo discogr\u00e1fico y radial colombiano con el bambuco guasca <em>El campesino embejucao<\/em>, cuyo d\u00e9cimo aniversario -por cierto- algunos buenos amigos quieren que celebremos. &nbsp;Sintom\u00e1tico del mismo fue el rechazo que gener\u00f3 la inclusi\u00f3n de un paseo vallenato (<em>Mi \u00faltima voluntad<\/em>) en el volumen 2 de la serie. &#8220;Ll\u00e1menlo paseo sabanero o de cualquier otra forma, pero no vallenato&#8221;, nos escribi\u00f3 un grupo de personas.&nbsp;&nbsp;La canci\u00f3n, que tocaba un tema de palpitante inter\u00e9s, el de la lentitud de la justicia, signific\u00f3 para el proyecto m\u00e1s de una cr\u00edtica. A pesar de ello, en los siguientes vol\u00famenes incluimos temas en ese mismo aire.<\/p>\n<p>Pero fue a\u00f1os despu\u00e9s, y a\u00fan en ese contexto pugnaz, cuando nos atrevimos a grabar &#8220;El campesino embejucao vallenato&#8221;. Lo hicimos como una muestra de cari\u00f1o hacia el folclor de la Costa Atl\u00e1ntica de nuestro pa\u00eds, particularmente hacia su folclor vallenato. &nbsp;Sin embargo, a diferencia de lo ocurrido con aquel solitario paseo del volumen 2 y con los temas grabados posteriormente en ese ritmo, todos ellos ejecutados con los instrumentos de cuerda propios de nuestro grupo acompa\u00f1ante habitual, en esta oportunidad el ropaje musical gir\u00f3 en torno al acorde\u00f3n de Aider Vega, excelente m\u00fasico de Becerril, Cesar, y a unos talentosos artistas coste\u00f1os, en todos los cuales -debemos decirlo- percibimos el mayor respeto hacia nuestra m\u00fasica andina y el deseo de hacer las cosas bien.<\/p>\n<p>&nbsp;<\/p>\n<p>[Quienes deseen escuchar &#8220;El campesino embejucao vallenato&#8221;, por favor, den clic izquierdo encima del enlace].<\/p>\n<p>&nbsp;<\/p>\n<p><a href=\"http:\/\/www.youtube.com\/watch?v=Y9iAEj4FBiQ\">http:\/\/www.youtube.com\/watch?v=Y9iAEj4FBiQ<\/a><\/p>\n<p>&nbsp;<\/p>\n<p>Las reacciones, sin embargo, han sido dis\u00edmiles. Los &#8220;andinistas puros&#8221; no logran digerirlo. Los &#8220;coste\u00f1os puros&#8221; lo descalifican como un &#8220;vallenato cachaco&#8221;. Curiosamente, nuestro promotor radial en los departamentos de la Costa nos reporta que hubo hacia nuestro disco una actitud de bienvenida en los <strong>pueblos<\/strong> coste\u00f1os, lugares donde se act\u00faa con bastante independencia, no as\u00ed en las <strong>ciudades<\/strong>, donde el dominio de las grandes disqueras impone en la red radiof\u00f3nica que s\u00f3lo se acepte a sus artistas. Lo que esperamos es que se haya entendido el mensaje y que \u00e9ste tenga alguna receptividad. En todo caso, nosotros no nos prestamos para atizar odios entre regiones ni entre los hijos de una misma naci\u00f3n.<\/p>\n<p>&nbsp;<\/p>\n<p>Lamentablemente, el abismo que separa a coste\u00f1os y cachacos en materia musical sigue siendo enorme. Y, lo peor de todo, es que, lejos de reducirse, con el tiempo va aument\u00e1ndose.<\/p>\n<p>La invasi\u00f3n de la m\u00fasica coste\u00f1a es tan absorbente y la actitud coste\u00f1a hacia la m\u00fasica andina es tan hostil, que en algunos sectores andinos se empieza a poner en evidencia una profunda y creciente antipat\u00eda hacia el vallenato, quiz\u00e1s la expresi\u00f3n musical coste\u00f1a m\u00e1s fuerte hoy en d\u00eda. &nbsp;Ello explica la molestia que signific\u00f3 para algunos cachacos nuestro CD de &#8220;El campesino embejucao vallenato&#8221;. Alguien lleg\u00f3 a descalificarnos en un foro de Internet como &#8220;traidores culturales&#8221;.<\/p>\n<p>En lo que a nosotros respecta, sin embargo, y tal y como se expresa en el saludo que intencionalmente se incluy\u00f3 dentro del &#8220;campesino embejucao vallenato&#8221;, seguimos considerando que <strong>Colombia es una sola<\/strong> y que ya es hora de que as\u00ed como a nuestra ni\u00f1ez y a nuestra juventud cachaca se les ense\u00f1a a cultivar canciones coste\u00f1as, a la ni\u00f1ez y a la juventud coste\u00f1a se les debe empezar a inculcar el respeto y afecto hacia las expresiones musicales andinas.<\/p>\n<p>&nbsp;<\/p>\n<p><img loading=\"lazy\" decoding=\"async\" class=\"aligncenter size-full wp-image-2740\" title=\"radio-emisora\" src=\"https:\/\/lapiedrafilosofal.com\/wp-content\/uploads\/2012\/01\/radio-emisora.jpg\" alt=\"\" width=\"500\" height=\"375\" srcset=\"https:\/\/oscarhumbertogomez.com\/wp-content\/uploads\/2012\/01\/radio-emisora.jpg 500w, https:\/\/oscarhumbertogomez.com\/wp-content\/uploads\/2012\/01\/radio-emisora-300x225.jpg 300w\" sizes=\"auto, (max-width: 500px) 100vw, 500px\" \/><\/p>\n<p>&nbsp;<\/p>\n<p>Eso no va a ser f\u00e1cil. La exclusi\u00f3n de la m\u00fasica andina colombiana en las emisoras coste\u00f1as sigue creciendo, cada vez con m\u00e1s radicalismo. Y no s\u00f3lo en las emisoras coste\u00f1as. Tambi\u00e9n se acent\u00faa en las estaciones radiales con asiento en esta tierra cachaca, buena parte de las cuales est\u00e1n siendo manejadas por coste\u00f1os, con el agravante de que no son coste\u00f1os con una visi\u00f3n <strong>universal<\/strong> de la m\u00fasica, y ni siquiera del pa\u00eds, sino con un furibundo y agresivo regionalismo.<\/p>\n<p>A pesar de estas experiencias desagradables y desalentadoras, nos reafirmamos en nuestra posici\u00f3n de que la m\u00fasica no debe ser otro factor m\u00e1s de odio y de desuni\u00f3n entre los colombianos. &nbsp;Tan colombiano es el paseo vallenato como el bambuco; tan colombiano es Rafael Escalona como Jos\u00e9 A. Morales; tan colombiano es el departamento del Magdalena como Santander. &nbsp;Si seguimos en esta est\u00fapida agresi\u00f3n regionalista, cada vez se nos alejar\u00e1 m\u00e1s el sue\u00f1o de una Colombia unida. Mantenemos viva la ilusi\u00f3n que un d\u00eda, hace diez a\u00f1os, cuando comenz\u00e1bamos nuestra aventura en la m\u00fasica colombiana, le expresamos a ese gran hombre de radio e inmejorable amigo que es Julio C\u00e9sar Galvis el Emperador, el mayor impulsor que el folclor vallenato ha tenido en estas tierras santandereanas, quien tuvo la deferencia inolvidable de interrumpir la programaci\u00f3n habitual de <em>La Vallenata<\/em>, de Caracol, emisora de la cual era director, para dedicarle una hora a nuestra presencia en aquella estaci\u00f3n radial y, desde luego, a nuestras canciones&nbsp;: la de poder, alg\u00fan d\u00eda, tomar parte en un gran concierto de pasillos, guabinas, danzas, rumbas criollas, valses, torbellinos y bambucos que se celebre en la Plaza Alfonso L\u00f3pez de Valledupar.<\/p>\n<p>De cara a la celebraci\u00f3n del centenario de nuestro talentoso Lucho Berm\u00fadez, no nos arrepentimos, pues, de haber grabado &#8220;El campesino embejucao vallenato&#8221;. &nbsp;Son otros los que tendr\u00e1n que arrepentirse de haber utilizado la m\u00fasica, no para unir a la gran familia colombiana, sino para acabar de desunirla.<\/p>\n<p>Ojal\u00e1 no se preste para eso EL TIEMPO.<\/p>\n<p>Ni el Gobierno colombiano, por supuesto.<\/p>\n<p>&nbsp;<\/p>\n","protected":false},"excerpt":{"rendered":"<p>&nbsp; Han comenzado los actos de celebraci\u00f3n de los 100 a\u00f1os del nacimiento de ese formidable m\u00fasico colombiano que fue el maestro Lucho Berm\u00fadez. Ya el propio presidente de la Rep\u00fablica anunci\u00f3 que 2012 ser\u00eda &#8220;El A\u00f1o de Lucho Berm\u00fadez&#8221;. &hellip; <a href=\"https:\/\/oscarhumbertogomez.com\/?p=2734\">Sigue leyendo <span class=\"meta-nav\">&rarr;<\/span><\/a><\/p>\n<div class='heateorSssClear'><\/div><div  class='heateor_sss_sharing_container heateor_sss_horizontal_sharing' heateor-sss-data-href='https:\/\/oscarhumbertogomez.com\/?p=2734'><div class='heateor_sss_sharing_title' style=\"font-weight:bold\" >\u00a1Gracias por compartirla!<\/div><ul class=\"heateor_sss_sharing_ul\"><li class=\"heateorSssSharingRound\"><i style=\"width:35px;height:35px;border-radius:999px;\" alt=\"Facebook\" Title=\"Facebook\" class=\"heateorSssSharing heateorSssFacebookBackground\" onclick='heateorSssPopup(\"https:\/\/www.facebook.com\/sharer\/sharer.php?u=https%3A%2F%2Foscarhumbertogomez.com%2Findex.php%3Frest_route%3D%252Fwp%252Fv2%252Fposts%252F2734\")'><ss style=\"display:block;border-radius:999px;\" class=\"heateorSssSharingSvg heateorSssFacebookSvg\"><\/ss><\/i><\/li><li class=\"heateorSssSharingRound\"><i style=\"width:35px;height:35px;border-radius:999px;\" alt=\"Twitter\" Title=\"Twitter\" class=\"heateorSssSharing heateorSssTwitterBackground\" onclick='heateorSssPopup(\"http:\/\/twitter.com\/intent\/tweet?text=M%C3%BAsica%20coste%C3%B1a%20contra%20m%C3%BAsica%20cachaca%3A%20%C2%BFhasta%20cu%C3%A1ndo%3F%20Por%20%C3%93scar%20Humberto%20G%C3%B3mez%20G%C3%B3mez&url=https%3A%2F%2Foscarhumbertogomez.com%2Findex.php%3Frest_route%3D%252Fwp%252Fv2%252Fposts%252F2734\")'><ss style=\"display:block;border-radius:999px;\" class=\"heateorSssSharingSvg heateorSssTwitterSvg\"><\/ss><\/i><\/li><li class=\"heateorSssSharingRound\"><i style=\"width:35px;height:35px;border-radius:999px;\" alt=\"Whatsapp\" Title=\"Whatsapp\" class=\"heateorSssSharing heateorSssWhatsappBackground\" onclick='heateorSssPopup(\"https:\/\/web.whatsapp.com\/send?text=M%C3%BAsica%20coste%C3%B1a%20contra%20m%C3%BAsica%20cachaca%3A%20%C2%BFhasta%20cu%C3%A1ndo%3F%20Por%20%C3%93scar%20Humberto%20G%C3%B3mez%20G%C3%B3mez https%3A%2F%2Foscarhumbertogomez.com%2Findex.php%3Frest_route%3D%252Fwp%252Fv2%252Fposts%252F2734\")'><ss style=\"display:block\" class=\"heateorSssSharingSvg heateorSssWhatsappSvg\"><\/ss><\/i><\/li><li class=\"heateorSssSharingRound\"><i style=\"width:35px;height:35px;border-radius:999px;\" alt=\"Pinterest\" Title=\"Pinterest\" class=\"heateorSssSharing heateorSssPinterestBackground\" onclick=\"javascript:void( (function() {var e=document.createElement('script' );e.setAttribute('type','text\/javascript' );e.setAttribute('charset','UTF-8' );e.setAttribute('src','\/\/assets.pinterest.com\/js\/pinmarklet.js?r='+Math.random()*99999999);document.body.appendChild(e)})());\"><ss style=\"display:block;border-radius:999px;\" class=\"heateorSssSharingSvg heateorSssPinterestSvg\"><\/ss><\/i><\/li><li class=\"heateorSssSharingRound\"><i style=\"width:35px;height:35px;border-radius:999px;\" alt=\"Google Gmail\" Title=\"Google Gmail\" class=\"heateorSssSharing heateorSssGoogleGmailBackground\" onclick='heateorSssPopup(\"https:\/\/mail.google.com\/mail\/?ui=2&view=cm&fs=1&tf=1&su=M%C3%BAsica%20coste%C3%B1a%20contra%20m%C3%BAsica%20cachaca%3A%20%C2%BFhasta%20cu%C3%A1ndo%3F%20Por%20%C3%93scar%20Humberto%20G%C3%B3mez%20G%C3%B3mez&body=Link:https%3A%2F%2Foscarhumbertogomez.com%2Findex.php%3Frest_route%3D%252Fwp%252Fv2%252Fposts%252F2734\")'><ss style=\"display:block;border-radius:999px;\" class=\"heateorSssSharingSvg heateorSssGoogleGmailSvg\"><\/ss><\/i><\/li><li class=\"heateorSssSharingRound\"><i style=\"width:35px;height:35px;border-radius:999px;\" title=\"More\" alt=\"More\" class=\"heateorSssSharing heateorSssMoreBackground\" onclick=\"heateorSssMoreSharingPopup(this, 'https:\/\/oscarhumbertogomez.com\/index.php?rest_route=%2Fwp%2Fv2%2Fposts%2F2734', 'M%C3%BAsica%20coste%C3%B1a%20contra%20m%C3%BAsica%20cachaca%3A%20%C2%BFhasta%20cu%C3%A1ndo%3F%20Por%20%C3%93scar%20Humberto%20G%C3%B3mez%20G%C3%B3mez', '' )\" ><ss style=\"display:block\" class=\"heateorSssSharingSvg heateorSssMoreSvg\"><\/ss><\/i><\/li><\/ul><div class=\"heateorSssClear\"><\/div><\/div><div class='heateorSssClear'><\/div>","protected":false},"author":2,"featured_media":0,"comment_status":"closed","ping_status":"closed","sticky":false,"template":"","format":"standard","meta":{"spay_email":"","footnotes":""},"categories":[1],"tags":[],"class_list":["post-2734","post","type-post","status-publish","format-standard","hentry","category-blog"],"jetpack_featured_media_url":"","jetpack_shortlink":"https:\/\/wp.me\/p1FYrr-I6","_links":{"self":[{"href":"https:\/\/oscarhumbertogomez.com\/index.php?rest_route=\/wp\/v2\/posts\/2734","targetHints":{"allow":["GET"]}}],"collection":[{"href":"https:\/\/oscarhumbertogomez.com\/index.php?rest_route=\/wp\/v2\/posts"}],"about":[{"href":"https:\/\/oscarhumbertogomez.com\/index.php?rest_route=\/wp\/v2\/types\/post"}],"author":[{"embeddable":true,"href":"https:\/\/oscarhumbertogomez.com\/index.php?rest_route=\/wp\/v2\/users\/2"}],"replies":[{"embeddable":true,"href":"https:\/\/oscarhumbertogomez.com\/index.php?rest_route=%2Fwp%2Fv2%2Fcomments&post=2734"}],"version-history":[{"count":4,"href":"https:\/\/oscarhumbertogomez.com\/index.php?rest_route=\/wp\/v2\/posts\/2734\/revisions"}],"predecessor-version":[{"id":50124,"href":"https:\/\/oscarhumbertogomez.com\/index.php?rest_route=\/wp\/v2\/posts\/2734\/revisions\/50124"}],"wp:attachment":[{"href":"https:\/\/oscarhumbertogomez.com\/index.php?rest_route=%2Fwp%2Fv2%2Fmedia&parent=2734"}],"wp:term":[{"taxonomy":"category","embeddable":true,"href":"https:\/\/oscarhumbertogomez.com\/index.php?rest_route=%2Fwp%2Fv2%2Fcategories&post=2734"},{"taxonomy":"post_tag","embeddable":true,"href":"https:\/\/oscarhumbertogomez.com\/index.php?rest_route=%2Fwp%2Fv2%2Ftags&post=2734"}],"curies":[{"name":"wp","href":"https:\/\/api.w.org\/{rel}","templated":true}]}}