{"id":27447,"date":"2018-11-22T15:00:53","date_gmt":"2018-11-22T20:00:53","guid":{"rendered":"http:\/\/www.oscarhumbertogomez.com\/?p=27447"},"modified":"2018-12-04T11:36:44","modified_gmt":"2018-12-04T16:36:44","slug":"humberto-martinez-salcedo-el-maestro-salustiano-remembranzas-de-un-santandereano-capitulo-segundo-por-oscar-humberto-gomez-gomez-miembro-de-la-academia-de-historia-de-santander-y-miembro-del-co","status":"publish","type":"post","link":"https:\/\/oscarhumbertogomez.com\/?p=27447","title":{"rendered":"HUMBERTO MART\u00cdNEZ SALCEDO, EL MAESTRO SALUSTIANO: REMEMBRANZAS DE UN SANTANDEREANO. [Cap\u00edtulo Segundo]. Por \u00d3scar Humberto G\u00f3mez G\u00f3mez, Miembro de la Academia de Historia de Santander y Miembro del Colegio Nacional de Periodistas."},"content":{"rendered":"<p><a href=\"https:\/\/lapiedrafilosofal.com\/wp-content\/uploads\/2018\/11\/No.-16-Jorge-Gaita\u0301n-Go\u0301mez-01.jpg\"><img loading=\"lazy\" decoding=\"async\" class=\"alignnone size-large wp-image-27483\" src=\"https:\/\/lapiedrafilosofal.com\/wp-content\/uploads\/2018\/11\/No.-16-Jorge-Gaita\u0301n-Go\u0301mez-01-1024x851.jpg\" alt=\"\" width=\"640\" height=\"532\" srcset=\"https:\/\/oscarhumbertogomez.com\/wp-content\/uploads\/2018\/11\/No.-16-Jorge-Gaita\u0301n-Go\u0301mez-01-1024x851.jpg 1024w, https:\/\/oscarhumbertogomez.com\/wp-content\/uploads\/2018\/11\/No.-16-Jorge-Gaita\u0301n-Go\u0301mez-01-300x249.jpg 300w, https:\/\/oscarhumbertogomez.com\/wp-content\/uploads\/2018\/11\/No.-16-Jorge-Gaita\u0301n-Go\u0301mez-01-768x638.jpg 768w, https:\/\/oscarhumbertogomez.com\/wp-content\/uploads\/2018\/11\/No.-16-Jorge-Gaita\u0301n-Go\u0301mez-01.jpg 1242w\" sizes=\"auto, (max-width: 640px) 100vw, 640px\" \/><\/a><\/p>\n<p>Para la segunda mitad del a\u00f1o 1977, el tradicional Teatro Santander, de Bucaramanga, que ocupaba la esquina suroeste de la calle 33 y la carrera 19 hab\u00eda sido transformado. Lo hab\u00edan dividido en tres teatros: el Cinema 1, el Cinema 2 y El Cid. La entrada del Cinema 1 segu\u00eda siendo por la calle 33, esto es, por la misma entrada que ten\u00eda el viejo teatro antes de ser dividido. Al Cinema 2 y a El Cid, en cambio, se ingresaba por la carrera 19.<\/p>\n<p>La pel\u00edcula colombiana\u00a0<em>Mamagay<\/em> fue anunciada por Cine Colombia en el teatro Cinema 1 precisamente en aquel 1977 donde tantas cosas habr\u00edan de suceder en mi vida. Yo cursaba a la saz\u00f3n el sexto semestre de derecho y, en honor a la verdad, estaba necesitando que llegaran a mi existencia motivos para re\u00edr.<\/p>\n<p>La cinta fue anunciada con la escasa profusi\u00f3n con que en este pa\u00eds se anuncia lo que produce el talento nacional y a trav\u00e9s de un cartel promocional que, desde mi personal perspectiva est\u00e9tica, bien pudo ser mejor.<\/p>\n<p>&nbsp;<\/p>\n<p><a href=\"https:\/\/lapiedrafilosofal.com\/wp-content\/uploads\/2018\/11\/MAMAGAY-.jpg\"><img loading=\"lazy\" decoding=\"async\" class=\"alignnone size-full wp-image-27495\" src=\"https:\/\/lapiedrafilosofal.com\/wp-content\/uploads\/2018\/11\/MAMAGAY-.jpg\" alt=\"\" width=\"182\" height=\"268\" \/><\/a><\/p>\n<p>&nbsp;<\/p>\n<p>De todos modos, me llam\u00f3 la atenci\u00f3n ir a verla desde que supe de su existencia, pues me parec\u00eda muy simp\u00e1tico que actuaran en aquella cinta cinematogr\u00e1fica criolla actores que, como Humberto Mart\u00ednez Salcedo, Jaime Santos, Otto Greiffenstein (apellido que tambi\u00e9n he visto escrito sin la letra &#8220;n&#8221;), Numa Pompilio Delgado\u00a0 y Leopoldo Valdivieso, yo ve\u00eda y escuchaba en la televisi\u00f3n y me eran, por lo tanto, rostros y voces muy familiares. A la televisi\u00f3n nacional todav\u00eda no hab\u00eda llegado la magia del color y, por ende, los colombianos todo lo ve\u00edamos en la pantalla chica en blanco y negro.<\/p>\n<p>De hecho, todos aquellos artistas me parec\u00edan subvalorados, cosa que, por dem\u00e1s, no ten\u00eda por qu\u00e9 extra\u00f1arme, pues era consciente de vivir en un pa\u00eds donde, por una extra\u00f1a tradici\u00f3n de\u00a0 antropofagia entre paisanos, pr\u00e1cticamente jam\u00e1s se le han reconocido m\u00e9ritos a nadie.<\/p>\n<p>&nbsp;<\/p>\n<p><img loading=\"lazy\" decoding=\"async\" class=\"alignnone size-large wp-image-27482\" src=\"https:\/\/lapiedrafilosofal.com\/wp-content\/uploads\/2018\/11\/No.-16-Jorge-Gaita\u0301n-Go\u0301mez-05-1024x789.jpg\" alt=\"\" width=\"640\" height=\"493\" srcset=\"https:\/\/oscarhumbertogomez.com\/wp-content\/uploads\/2018\/11\/No.-16-Jorge-Gaita\u0301n-Go\u0301mez-05-1024x789.jpg 1024w, https:\/\/oscarhumbertogomez.com\/wp-content\/uploads\/2018\/11\/No.-16-Jorge-Gaita\u0301n-Go\u0301mez-05-300x231.jpg 300w, https:\/\/oscarhumbertogomez.com\/wp-content\/uploads\/2018\/11\/No.-16-Jorge-Gaita\u0301n-Go\u0301mez-05-768x592.jpg 768w, https:\/\/oscarhumbertogomez.com\/wp-content\/uploads\/2018\/11\/No.-16-Jorge-Gaita\u0301n-Go\u0301mez-05.jpg 1654w\" sizes=\"auto, (max-width: 640px) 100vw, 640px\" \/><\/p>\n<p>&nbsp;<\/p>\n<p>Leopoldo Valdivieso, por ejemplo, era aquel viejecito que en la serie televisiva <em>Yo y t\u00fa<\/em>, escrita, dirigida y protagonizada por Alicia del Carpio, aparec\u00eda como un marido flaquito y de baja de estatura que trataba de imponerse con su voz y su elocuencia a la personalidad dominante de su mujer. El simp\u00e1tico personaje que representaba, por cierto que con lujo de competencia, se llamaba &#8220;Don C\u00e1ndido Mar\u00eda Lechugo Ortiz&#8221;. El de su esposa, representado magistralmente por la actriz Esther Sarmiento de Correa, curiosamente se llamaba tambi\u00e9n &#8220;Do\u00f1a Esther&#8221;.<\/p>\n<p>Otto Greiffenstein sal\u00eda vestido de blanco en los comerciales del jab\u00f3n Top, al lado de unas atractivas chicas que aparentemente cantaban en coro adem\u00e1s de bailar. Ten\u00eda una voz privilegiada y un se\u00f1or\u00edo que, seg\u00fan lo que he sabido de \u00e9l, no era aparente, sino que en verdad constitu\u00eda su forma de ser como persona. Tambi\u00e9n lo hab\u00eda visto actuando en la serie <em>Yo y t\u00fa<\/em>, y me agradaba como actor. Despu\u00e9s habr\u00eda de verlo co-protagonizando la pel\u00edcula colombiana <em>Esposos en vacaciones<\/em>, junto a Franky Linero y Carlos Benjumea. Tambi\u00e9n le o\u00ed una muy buena declamaci\u00f3n, con fondo musical, del poema <em>Desiderata, <\/em>aunque la del mexicano Jorge Lavat era, por supuesto, m\u00e1s difundida.<\/p>\n<p>&nbsp;<\/p>\n<p><a href=\"https:\/\/lapiedrafilosofal.com\/wp-content\/uploads\/2018\/11\/LEOPOLDO-VALDIVIESO-Y-OTTO-GREIFFESTEIN.jpg\"><img loading=\"lazy\" decoding=\"async\" class=\"alignnone size-full wp-image-27462\" src=\"https:\/\/lapiedrafilosofal.com\/wp-content\/uploads\/2018\/11\/LEOPOLDO-VALDIVIESO-Y-OTTO-GREIFFESTEIN.jpg\" alt=\"\" width=\"430\" height=\"301\" srcset=\"https:\/\/oscarhumbertogomez.com\/wp-content\/uploads\/2018\/11\/LEOPOLDO-VALDIVIESO-Y-OTTO-GREIFFESTEIN.jpg 430w, https:\/\/oscarhumbertogomez.com\/wp-content\/uploads\/2018\/11\/LEOPOLDO-VALDIVIESO-Y-OTTO-GREIFFESTEIN-300x210.jpg 300w\" sizes=\"auto, (max-width: 430px) 100vw, 430px\" \/><\/a><\/p>\n<p>&nbsp;<\/p>\n<p>Jaime Santos habr\u00eda de pasar a la historia como <em>&#8220;El doctor Cl\u00edmaco Urrutia Urrutia, el candidato de la pomada&#8221;<\/em>, un personaje pol\u00edtico que encarnaba al t\u00edpico manzanillo colombiano. Poca gente sabe que este magn\u00edfico actor tiene entendederas muy cercanas con Santander, concretamente con Bucaramanga. Tambi\u00e9n ignora que \u00e9l y sus amigos llevaron la broma hasta las \u00faltimas consecuencias y hasta inscribieron su candidatura a la Presidencia de la Rep\u00fablica ante la Registradur\u00eda Nacional del Estado Civil en C\u00facuta. Pero esa es otra historia.<\/p>\n<p>&nbsp;<\/p>\n<p><a href=\"https:\/\/lapiedrafilosofal.com\/wp-content\/uploads\/2018\/11\/No.-16-Jorge-Gaita\u0301n-Go\u0301mez-04.jpg\"><img loading=\"lazy\" decoding=\"async\" class=\"alignnone size-large wp-image-27481\" src=\"https:\/\/lapiedrafilosofal.com\/wp-content\/uploads\/2018\/11\/No.-16-Jorge-Gaita\u0301n-Go\u0301mez-04-1024x660.jpg\" alt=\"\" width=\"640\" height=\"413\" srcset=\"https:\/\/oscarhumbertogomez.com\/wp-content\/uploads\/2018\/11\/No.-16-Jorge-Gaita\u0301n-Go\u0301mez-04-1024x660.jpg 1024w, https:\/\/oscarhumbertogomez.com\/wp-content\/uploads\/2018\/11\/No.-16-Jorge-Gaita\u0301n-Go\u0301mez-04-300x193.jpg 300w, https:\/\/oscarhumbertogomez.com\/wp-content\/uploads\/2018\/11\/No.-16-Jorge-Gaita\u0301n-Go\u0301mez-04-768x495.jpg 768w, https:\/\/oscarhumbertogomez.com\/wp-content\/uploads\/2018\/11\/No.-16-Jorge-Gaita\u0301n-Go\u0301mez-04.jpg 1817w\" sizes=\"auto, (max-width: 640px) 100vw, 640px\" \/><\/a><\/p>\n<p><a href=\"https:\/\/lapiedrafilosofal.com\/wp-content\/uploads\/2018\/11\/SALUSTIANO-Y-CLIMACO-URRUTIA.jpg\"><img loading=\"lazy\" decoding=\"async\" class=\"alignnone size-full wp-image-27461\" src=\"https:\/\/lapiedrafilosofal.com\/wp-content\/uploads\/2018\/11\/SALUSTIANO-Y-CLIMACO-URRUTIA.jpg\" alt=\"\" width=\"650\" height=\"433\" srcset=\"https:\/\/oscarhumbertogomez.com\/wp-content\/uploads\/2018\/11\/SALUSTIANO-Y-CLIMACO-URRUTIA.jpg 650w, https:\/\/oscarhumbertogomez.com\/wp-content\/uploads\/2018\/11\/SALUSTIANO-Y-CLIMACO-URRUTIA-300x200.jpg 300w\" sizes=\"auto, (max-width: 650px) 100vw, 650px\" \/><\/a><\/p>\n<p>&nbsp;<\/p>\n<p>A Numa Pompilio Delgado lo recuerdo, entre otras cosas \u2014incluidos sus papeles de &#8220;malo&#8221;, representados con la mayor excelencia histri\u00f3nica\u2014, por el comercial del <em>Abejar G10<\/em>, un producto destinado a mejorar las condiciones f\u00edsicas de los viejos.<\/p>\n<p>&nbsp;<\/p>\n<p><a href=\"https:\/\/lapiedrafilosofal.com\/wp-content\/uploads\/2018\/11\/NUMA-POMPILIO.jpg\"><img loading=\"lazy\" decoding=\"async\" class=\"alignnone size-full wp-image-27491\" src=\"https:\/\/lapiedrafilosofal.com\/wp-content\/uploads\/2018\/11\/NUMA-POMPILIO.jpg\" alt=\"\" width=\"346\" height=\"401\" srcset=\"https:\/\/oscarhumbertogomez.com\/wp-content\/uploads\/2018\/11\/NUMA-POMPILIO.jpg 346w, https:\/\/oscarhumbertogomez.com\/wp-content\/uploads\/2018\/11\/NUMA-POMPILIO-259x300.jpg 259w\" sizes=\"auto, (max-width: 346px) 100vw, 346px\" \/><\/a><\/p>\n<p>&nbsp;<\/p>\n<p>Hab\u00eda otros dos actores que figuraban en la plantilla del filme y a quienes, igualmente, ve\u00eda y o\u00eda en los programas de humor semanales que nuestra televisi\u00f3n ofrec\u00eda: Hugo Pati\u00f1o y Jaime Agudelo.<\/p>\n<p>&nbsp;<\/p>\n<p><a href=\"https:\/\/lapiedrafilosofal.com\/wp-content\/uploads\/2018\/11\/flaco-agudelo.png\"><img loading=\"lazy\" decoding=\"async\" class=\"alignnone size-large wp-image-27489\" src=\"https:\/\/lapiedrafilosofal.com\/wp-content\/uploads\/2018\/11\/flaco-agudelo-1024x600.png\" alt=\"\" width=\"640\" height=\"375\" srcset=\"https:\/\/oscarhumbertogomez.com\/wp-content\/uploads\/2018\/11\/flaco-agudelo.png 1024w, https:\/\/oscarhumbertogomez.com\/wp-content\/uploads\/2018\/11\/flaco-agudelo-300x176.png 300w, https:\/\/oscarhumbertogomez.com\/wp-content\/uploads\/2018\/11\/flaco-agudelo-768x450.png 768w\" sizes=\"auto, (max-width: 640px) 100vw, 640px\" \/><\/a><\/p>\n<p>&nbsp;<\/p>\n<p>Humberto Mart\u00ednez Salcedo era, de lejos, el que m\u00e1s me atra\u00eda. Me hab\u00eda llamado siempre la atenci\u00f3n su versatilidad, su histrionismo \u2014tan elemental y simple como convincente\u2014, la profundidad de los temas que abordaba detr\u00e1s de su fachada populachera, su ostensible capacidad para hacer re\u00edr sin necesidad de hacerlas de buf\u00f3n, y su talento inmenso para imitar sin caer en la ridiculez de dejar de ser \u00e9l mismo. Mientras iba en el bus de pasajeros rumbo a la universidad, con mi carga de cuadernos argollados, de carpetas y de sue\u00f1os, fueron muchas las veces que lo escuch\u00e9 al frente de sus programas. De hecho, desde a\u00f1os atr\u00e1s, espacios radiales como <em>La tapa<\/em> o <em>El Corcho<\/em> absorb\u00edan la atenci\u00f3n de este pobre pa\u00eds desventurado donde por momentos parec\u00eda que estuviese prohibido re\u00edr. De hecho, quiz\u00e1s ustedes ignoran que la urbanidad que nos impusieron desde los pupitres dec\u00eda que re\u00edrse a carcajadas era signo de mala educaci\u00f3n. No se nos ense\u00f1\u00f3, en cambio, que m\u00e1s se\u00f1al de mala educaci\u00f3n era, por ejemplo, golpear a las mujeres o no respetar la vida de los dem\u00e1s o las ideas ajenas.<\/p>\n<p>&nbsp;<\/p>\n<p><a href=\"https:\/\/lapiedrafilosofal.com\/wp-content\/uploads\/2018\/11\/humberto_martinez.jpg\"><img decoding=\"async\" class=\"alignnone size-full wp-image-27505\" src=\"https:\/\/lapiedrafilosofal.com\/wp-content\/uploads\/2018\/11\/humberto_martinez.jpg\" alt=\"\" width=\"500\" srcset=\"https:\/\/oscarhumbertogomez.com\/wp-content\/uploads\/2018\/11\/humberto_martinez.jpg 310w, https:\/\/oscarhumbertogomez.com\/wp-content\/uploads\/2018\/11\/humberto_martinez-250x300.jpg 250w\" sizes=\"(max-width: 310px) 100vw, 310px\" \/><\/a><\/p>\n<p>&nbsp;<\/p>\n<p>Su personaje\u00a0<em>El maestro Salustiano<\/em> ya se hab\u00eda ganado un puesto en mi coraz\u00f3n. Me agradaba ver y escuchar a aquel maestro de alba\u00f1iler\u00eda, de overol, cachucha al rev\u00e9s y brocha gorda, que dec\u00eda tantas verdades con gracia y agudeza intelectual indiscutibles.<\/p>\n<p>Cuando supe que aquella nueva pel\u00edcula colombiana giraba, precisamente, alrededor de \u00e9l, me propuse no perd\u00e9rmela, a pesar de que la escasez en mis bolsillos de estudiante universitario y una fuerte gripe que me atacaba por aquellos d\u00edas amenazaban con imped\u00edrmelo.<\/p>\n<p>&nbsp;<\/p>\n<p><a href=\"https:\/\/lapiedrafilosofal.com\/wp-content\/uploads\/2018\/11\/salustiano-2.jpg\"><img loading=\"lazy\" decoding=\"async\" class=\"alignnone size-full wp-image-27511\" src=\"https:\/\/lapiedrafilosofal.com\/wp-content\/uploads\/2018\/11\/salustiano-2.jpg\" alt=\"\" width=\"424\" height=\"450\" srcset=\"https:\/\/oscarhumbertogomez.com\/wp-content\/uploads\/2018\/11\/salustiano-2.jpg 424w, https:\/\/oscarhumbertogomez.com\/wp-content\/uploads\/2018\/11\/salustiano-2-283x300.jpg 283w\" sizes=\"auto, (max-width: 424px) 100vw, 424px\" \/><\/a><\/p>\n<p>&nbsp;<\/p>\n<p>La rebeld\u00eda de la tos, la fiebre, el dolor de cabeza y el decaimiento general hicieron que decidiera dejar mi asistencia para el \u00faltimo d\u00eda en que estuviese programada en cartelera, pues calculaba que as\u00ed le dar\u00eda tiempo a mi sistema inmune y al agua de panela con lim\u00f3n de que me sacaran de aquel trance. Un trance que, adem\u00e1s, me manten\u00eda oliendo a VickVapoRub (o a mentol Davis) y a Menticol, el aromatizado alcohol que produc\u00eda en Floridablanca la entonces todav\u00eda existente Empresa Licorera de Santander.<\/p>\n<p>Sin embargo, llegado el \u00faltimo d\u00eda en que se anunciaba la proyecci\u00f3n de la pel\u00edcula, la recuperaci\u00f3n total a\u00fan no se hab\u00eda logrado. Opt\u00e9, entonces, por ir al cine protegi\u00e9ndome, de la mejor manera posible, de los embates del clima.<\/p>\n<p>Un vecino de nuestra casa \u2014viv\u00eda en la carrera de abajo y entre las mismas calles\u2014 le hab\u00eda vendido a mi mam\u00e1 un poncho mexicano multicolor y una ruana no s\u00e9 de d\u00f3nde. Me prob\u00e9 ambas prendas y cre\u00ed encontrar mejor abrigo con la ruana que con el poncho, por lo cual decid\u00ed que llevar\u00eda esa prenda como seguro contra el fr\u00edo de la noche.<\/p>\n<p>Poco despu\u00e9s, ya estaba sentado en la g\u00e9lida y oscura sala, luego de haberle entregado a la se\u00f1orita de la ventanilla los \u00faltimos reductos de mis precarias finanzas.<\/p>\n<p>Alcanc\u00e9 a darme cuenta de que todav\u00eda ol\u00eda a mentol cuando comenz\u00f3 la pel\u00edcula.<\/p>\n<p>&nbsp;<\/p>\n<p><a href=\"https:\/\/lapiedrafilosofal.com\/wp-content\/uploads\/2018\/11\/HUMBERTO-MARTINEZ-SALCEDO-1.jpg\"><img loading=\"lazy\" decoding=\"async\" class=\"alignnone size-full wp-image-27469\" src=\"https:\/\/lapiedrafilosofal.com\/wp-content\/uploads\/2018\/11\/HUMBERTO-MARTINEZ-SALCEDO-1.jpg\" alt=\"\" width=\"478\" height=\"375\" srcset=\"https:\/\/oscarhumbertogomez.com\/wp-content\/uploads\/2018\/11\/HUMBERTO-MARTINEZ-SALCEDO-1.jpg 478w, https:\/\/oscarhumbertogomez.com\/wp-content\/uploads\/2018\/11\/HUMBERTO-MARTINEZ-SALCEDO-1-300x235.jpg 300w\" sizes=\"auto, (max-width: 478px) 100vw, 478px\" \/><\/a><\/p>\n<p>&nbsp;<\/p>\n<p>El maestro Salustiano Tapias ha comprado un billete de la loter\u00eda y, para su enorme sorpresa, se lo ha ganado. La decisi\u00f3n inmediata de iniciar una nueva vida, una vida totalmente distinta, una vida que partir\u00e1 de echar a quemar su pasado de pobreza, har\u00e1 que est\u00e9 a punto de\u00a0echar a las llamas, donde ha tirado sus cosas para que el fuego las desaparezca por siempre, hasta el billete de loter\u00eda que lo transportar\u00e1 al ignoto y remoto mundo de la riqueza.<\/p>\n<p>Y es que, sin esperar a cobrar el premio siquiera, comienza la transformaci\u00f3n de Salustiano Tapias en Salustiano Murallas, un nuevo rico que, cobrado el jugoso premio mayor, comenzar\u00e1 a frecuentar restaurantes lujosos y a vestir con ropa estrafalaria que jam\u00e1s so\u00f1\u00f3 usar antes. Con su nueva personalidad y su nueva condici\u00f3n econ\u00f3mica, el ahora Salustiano Murallas ingresar\u00e1 a un mundo al que no pertenece y en el que ir\u00e1 conociendo la oportunista &#8220;amistad&#8221; de \u00faltima hora de quienes no llegar\u00e1n detr\u00e1s \u00e9l, sino detr\u00e1s de su dinero; el sucio manejo de los hilos del poder econ\u00f3mico y pol\u00edtico; el arribismo social, que lleva a que, en un pa\u00eds de habla espa\u00f1ola, los restaurantes ofrezcan su men\u00fa exclusivamente en franc\u00e9s; y la perspectiva desde la cual los poderosos miran a la Colombia del rebusque, que monta sus &#8220;oficinas&#8221; en plena calle, en los alrededores del edificio donde funciona la entonces existente Administraci\u00f3n de Impuestos y Aduanas Nacionales, &#8220;oficinas&#8221; de mesita y silla donde un enjambre de &#8220;doctores&#8221; destituidos por la fortuna ofrecen declaraciones juramentadas y otros cachivaches. El desenlace final reconciliar\u00e1 al personaje pr\u00edstino, al verdadero Salustiano Tapias, con su gente. Y, desde luego, con su desconcertado p\u00fablico presente en el teatro.<\/p>\n<p>&nbsp;<\/p>\n<p><a href=\"https:\/\/lapiedrafilosofal.com\/wp-content\/uploads\/2018\/11\/No.-16-Jorge-Gaita\u0301n-Go\u0301mez-03-1.jpg\"><img loading=\"lazy\" decoding=\"async\" class=\"alignnone size-full wp-image-27480\" src=\"https:\/\/lapiedrafilosofal.com\/wp-content\/uploads\/2018\/11\/No.-16-Jorge-Gaita\u0301n-Go\u0301mez-03-1.jpg\" alt=\"\" width=\"592\" height=\"975\" srcset=\"https:\/\/oscarhumbertogomez.com\/wp-content\/uploads\/2018\/11\/No.-16-Jorge-Gaita\u0301n-Go\u0301mez-03-1.jpg 592w, https:\/\/oscarhumbertogomez.com\/wp-content\/uploads\/2018\/11\/No.-16-Jorge-Gaita\u0301n-Go\u0301mez-03-1-182x300.jpg 182w\" sizes=\"auto, (max-width: 592px) 100vw, 592px\" \/><\/a><\/p>\n<p><a href=\"https:\/\/lapiedrafilosofal.com\/wp-content\/uploads\/2018\/11\/No.-16-Jorge-Gaita\u0301n-Go\u0301mez-02-copia.jpg\"><img loading=\"lazy\" decoding=\"async\" class=\"alignnone size-large wp-image-27486\" src=\"https:\/\/lapiedrafilosofal.com\/wp-content\/uploads\/2018\/11\/No.-16-Jorge-Gaita\u0301n-Go\u0301mez-02-copia-1024x784.jpg\" alt=\"\" width=\"640\" height=\"490\" srcset=\"https:\/\/oscarhumbertogomez.com\/wp-content\/uploads\/2018\/11\/No.-16-Jorge-Gaita\u0301n-Go\u0301mez-02-copia-1024x784.jpg 1024w, https:\/\/oscarhumbertogomez.com\/wp-content\/uploads\/2018\/11\/No.-16-Jorge-Gaita\u0301n-Go\u0301mez-02-copia-300x230.jpg 300w, https:\/\/oscarhumbertogomez.com\/wp-content\/uploads\/2018\/11\/No.-16-Jorge-Gaita\u0301n-Go\u0301mez-02-copia-768x588.jpg 768w, https:\/\/oscarhumbertogomez.com\/wp-content\/uploads\/2018\/11\/No.-16-Jorge-Gaita\u0301n-Go\u0301mez-02-copia.jpg 1246w\" sizes=\"auto, (max-width: 640px) 100vw, 640px\" \/><\/a><\/p>\n<p><a href=\"https:\/\/lapiedrafilosofal.com\/wp-content\/uploads\/2018\/11\/HUMBERTO-2.jpg\"><img loading=\"lazy\" decoding=\"async\" class=\"alignnone size-full wp-image-27509\" src=\"https:\/\/lapiedrafilosofal.com\/wp-content\/uploads\/2018\/11\/HUMBERTO-2.jpg\" alt=\"\" width=\"970\" height=\"510\" srcset=\"https:\/\/oscarhumbertogomez.com\/wp-content\/uploads\/2018\/11\/HUMBERTO-2.jpg 970w, https:\/\/oscarhumbertogomez.com\/wp-content\/uploads\/2018\/11\/HUMBERTO-2-300x158.jpg 300w, https:\/\/oscarhumbertogomez.com\/wp-content\/uploads\/2018\/11\/HUMBERTO-2-768x404.jpg 768w\" sizes=\"auto, (max-width: 970px) 100vw, 970px\" \/><\/a><\/p>\n<p>&nbsp;<\/p>\n<p><em>Mamagay<\/em>\u00a0 me ense\u00f1\u00f3, entre otras cosas, no solo que el cine es una excelente compa\u00f1\u00eda en la enfermedad, en la soledad y en los tiempos adversos, sino lo importante que es apreciar y disfrutar las cosas sencillas. (Quiz\u00e1s por ello aprend\u00ed, sin que instructor alguno me lo ense\u00f1ara, a encontrarle sabor a la evidente sencillez de las pel\u00edculas colombianas y a apreciar el talento de actores y actrices que no aparecen a diario en las car\u00e1tulas de las revistas de far\u00e1ndula).<\/p>\n<p>Ah, y me ense\u00f1\u00f3, claro, lo excelente actor que era Humberto Mart\u00ednez Salcedo.<\/p>\n<p><em>[CONTINUAR\u00c1]<\/em><\/p>\n<p>_______<\/p>\n<p>&nbsp;<\/p>\n<p><span style=\"color: #000080;\"><strong>FOTOGRAF\u00cdAS:<\/strong><\/span> <strong>(1)<\/strong> Humberto Mart\u00ednez Salcedo y Hugo Pati\u00f1o en una escena de la pel\u00edcula <em>Mamagay<\/em>. El filme fue dirigido por Jorge Gait\u00e1n G\u00f3mez.<\/p>\n<p><strong>(2)<\/strong> P\u00f3ster de <em>Mamagay<\/em>.<\/p>\n<p><strong>(3)<\/strong> Humberto Mart\u00ednez Salcedo como Salustiano Murallas.<\/p>\n<p><strong>(4)<\/strong> Grupo de actores del seriado <em>Yo y t\u00fa<\/em>. En los extremos, Otto Greiffenstein y Leopoldo Valdivieso.<\/p>\n<p><strong>(5)<\/strong> Humberto Mart\u00ednez Salcedo \u2014como Salustiano Murallas\u2014 y Jaime Santos en una escena de la pel\u00edcula <em>Mamagay<\/em>. Tambi\u00e9n se observa a Leopoldo Valdivieso y Hugo Pati\u00f1o. Con el rostro semi-cubierto, Numa Pompilio Delgado.<\/p>\n<p><strong>(6)<\/strong> Humberto Mart\u00ednez Salcedo como &#8220;el maestro Salustiano Tapias&#8221; y Jaime Santos como &#8220;el doctor Cl\u00edmaco Urrutia Urrutia, el candidato de la pomada&#8221;.<\/p>\n<p><strong>(7)<\/strong> Numa Pompilio Delgado.<\/p>\n<p><strong>(8)<\/strong> Jaime Agudelo.<\/p>\n<p><strong>(9)<\/strong> Humberto Mart\u00ednez Salcedo como &#8220;El maestro Salustiano&#8221; durante un receso.<\/p>\n<p><strong>(10)<\/strong> Humberto Mart\u00ednez Salcedo como &#8220;El maestro Salustiano Tapias&#8221;.<\/p>\n<p><strong>(11)<\/strong>\u00a0\u00a0Humberto Mart\u00ednez Salcedo como &#8220;El maestro Salustiano Tapias&#8221; frente a su m\u00e1quina de escribir.<\/p>\n<p><strong>(12)<\/strong> Humberto Mart\u00ednez Salcedo como Salustiano Murallas en la pel\u00edcula <em>Mamagay<\/em>.<\/p>\n<p><strong>(13)<\/strong> Escena de la pel\u00edcula <em>Mamagay<\/em>.<\/p>\n<p><strong>(14)<\/strong> Humberto Mart\u00ednez Salcedo representando a su personaje Salustiano Murallas.<\/p>\n<p>________<\/p>\n<p><strong>COLABORADOR ESPECIAL:<\/strong> Pedro Jes\u00fas Vargas Cordero.<\/p>\n","protected":false},"excerpt":{"rendered":"<p>Para la segunda mitad del a\u00f1o 1977, el tradicional Teatro Santander, de Bucaramanga, que ocupaba la esquina suroeste de la calle 33 y la carrera 19 hab\u00eda sido transformado. Lo hab\u00edan dividido en tres teatros: el Cinema 1, el Cinema &hellip; <a href=\"https:\/\/oscarhumbertogomez.com\/?p=27447\">Sigue leyendo <span class=\"meta-nav\">&rarr;<\/span><\/a><\/p>\n<div class='heateorSssClear'><\/div><div  class='heateor_sss_sharing_container heateor_sss_horizontal_sharing' heateor-sss-data-href='https:\/\/oscarhumbertogomez.com\/?p=27447'><div class='heateor_sss_sharing_title' style=\"font-weight:bold\" >\u00a1Gracias por compartirla!<\/div><ul class=\"heateor_sss_sharing_ul\"><li class=\"heateorSssSharingRound\"><i style=\"width:35px;height:35px;border-radius:999px;\" alt=\"Facebook\" Title=\"Facebook\" class=\"heateorSssSharing heateorSssFacebookBackground\" onclick='heateorSssPopup(\"https:\/\/www.facebook.com\/sharer\/sharer.php?u=https%3A%2F%2Foscarhumbertogomez.com%2Findex.php%3Frest_route%3D%252Fwp%252Fv2%252Fposts%252F27447\")'><ss style=\"display:block;border-radius:999px;\" class=\"heateorSssSharingSvg heateorSssFacebookSvg\"><\/ss><\/i><\/li><li class=\"heateorSssSharingRound\"><i style=\"width:35px;height:35px;border-radius:999px;\" alt=\"Twitter\" Title=\"Twitter\" class=\"heateorSssSharing heateorSssTwitterBackground\" onclick='heateorSssPopup(\"http:\/\/twitter.com\/intent\/tweet?text=HUMBERTO%20MART%C3%8DNEZ%20SALCEDO%2C%20EL%20MAESTRO%20SALUSTIANO%3A%20REMEMBRANZAS%20DE%20UN%20SANTANDEREANO.%20%5BCap%C3%ADtulo%20Segundo%5D.%20Por%20%C3%93scar%20Humberto%20G%C3%B3mez%20G%C3%B3mez%2C%20Miembro%20de%20la%20Academia%20de%20Historia%20de%20Santander%20y%20Miembro%20del%20Colegio%20Nacional%20de%20Periodistas.&url=https%3A%2F%2Foscarhumbertogomez.com%2Findex.php%3Frest_route%3D%252Fwp%252Fv2%252Fposts%252F27447\")'><ss style=\"display:block;border-radius:999px;\" class=\"heateorSssSharingSvg heateorSssTwitterSvg\"><\/ss><\/i><\/li><li class=\"heateorSssSharingRound\"><i style=\"width:35px;height:35px;border-radius:999px;\" alt=\"Whatsapp\" Title=\"Whatsapp\" class=\"heateorSssSharing heateorSssWhatsappBackground\" onclick='heateorSssPopup(\"https:\/\/web.whatsapp.com\/send?text=HUMBERTO%20MART%C3%8DNEZ%20SALCEDO%2C%20EL%20MAESTRO%20SALUSTIANO%3A%20REMEMBRANZAS%20DE%20UN%20SANTANDEREANO.%20%5BCap%C3%ADtulo%20Segundo%5D.%20Por%20%C3%93scar%20Humberto%20G%C3%B3mez%20G%C3%B3mez%2C%20Miembro%20de%20la%20Academia%20de%20Historia%20de%20Santander%20y%20Miembro%20del%20Colegio%20Nacional%20de%20Periodistas. https%3A%2F%2Foscarhumbertogomez.com%2Findex.php%3Frest_route%3D%252Fwp%252Fv2%252Fposts%252F27447\")'><ss style=\"display:block\" class=\"heateorSssSharingSvg heateorSssWhatsappSvg\"><\/ss><\/i><\/li><li class=\"heateorSssSharingRound\"><i style=\"width:35px;height:35px;border-radius:999px;\" alt=\"Pinterest\" Title=\"Pinterest\" class=\"heateorSssSharing heateorSssPinterestBackground\" onclick=\"javascript:void( (function() {var e=document.createElement('script' );e.setAttribute('type','text\/javascript' );e.setAttribute('charset','UTF-8' );e.setAttribute('src','\/\/assets.pinterest.com\/js\/pinmarklet.js?r='+Math.random()*99999999);document.body.appendChild(e)})());\"><ss style=\"display:block;border-radius:999px;\" class=\"heateorSssSharingSvg heateorSssPinterestSvg\"><\/ss><\/i><\/li><li class=\"heateorSssSharingRound\"><i style=\"width:35px;height:35px;border-radius:999px;\" alt=\"Google Gmail\" Title=\"Google Gmail\" class=\"heateorSssSharing heateorSssGoogleGmailBackground\" onclick='heateorSssPopup(\"https:\/\/mail.google.com\/mail\/?ui=2&view=cm&fs=1&tf=1&su=HUMBERTO%20MART%C3%8DNEZ%20SALCEDO%2C%20EL%20MAESTRO%20SALUSTIANO%3A%20REMEMBRANZAS%20DE%20UN%20SANTANDEREANO.%20%5BCap%C3%ADtulo%20Segundo%5D.%20Por%20%C3%93scar%20Humberto%20G%C3%B3mez%20G%C3%B3mez%2C%20Miembro%20de%20la%20Academia%20de%20Historia%20de%20Santander%20y%20Miembro%20del%20Colegio%20Nacional%20de%20Periodistas.&body=Link:https%3A%2F%2Foscarhumbertogomez.com%2Findex.php%3Frest_route%3D%252Fwp%252Fv2%252Fposts%252F27447\")'><ss style=\"display:block;border-radius:999px;\" class=\"heateorSssSharingSvg heateorSssGoogleGmailSvg\"><\/ss><\/i><\/li><li class=\"heateorSssSharingRound\"><i style=\"width:35px;height:35px;border-radius:999px;\" title=\"More\" alt=\"More\" class=\"heateorSssSharing heateorSssMoreBackground\" onclick=\"heateorSssMoreSharingPopup(this, 'https:\/\/oscarhumbertogomez.com\/index.php?rest_route=%2Fwp%2Fv2%2Fposts%2F27447', 'HUMBERTO%20MART%C3%8DNEZ%20SALCEDO%2C%20EL%20MAESTRO%20SALUSTIANO%3A%20REMEMBRANZAS%20DE%20UN%20SANTANDEREANO.%20%5BCap%C3%ADtulo%20Segundo%5D.%20Por%20%C3%93scar%20Humberto%20G%C3%B3mez%20G%C3%B3mez%2C%20Miembro%20de%20la%20Academia%20de%20Historia%20de%20Santander%20y%20Miembro%20del%20Colegio%20Nacional%20de%20Periodistas.', '' )\" ><ss style=\"display:block\" class=\"heateorSssSharingSvg heateorSssMoreSvg\"><\/ss><\/i><\/li><\/ul><div class=\"heateorSssClear\"><\/div><\/div><div class='heateorSssClear'><\/div>","protected":false},"author":2,"featured_media":0,"comment_status":"open","ping_status":"open","sticky":false,"template":"","format":"standard","meta":{"spay_email":"","footnotes":""},"categories":[1],"tags":[],"class_list":["post-27447","post","type-post","status-publish","format-standard","hentry","category-blog"],"jetpack_featured_media_url":"","jetpack_shortlink":"https:\/\/wp.me\/p1FYrr-78H","_links":{"self":[{"href":"https:\/\/oscarhumbertogomez.com\/index.php?rest_route=\/wp\/v2\/posts\/27447","targetHints":{"allow":["GET"]}}],"collection":[{"href":"https:\/\/oscarhumbertogomez.com\/index.php?rest_route=\/wp\/v2\/posts"}],"about":[{"href":"https:\/\/oscarhumbertogomez.com\/index.php?rest_route=\/wp\/v2\/types\/post"}],"author":[{"embeddable":true,"href":"https:\/\/oscarhumbertogomez.com\/index.php?rest_route=\/wp\/v2\/users\/2"}],"replies":[{"embeddable":true,"href":"https:\/\/oscarhumbertogomez.com\/index.php?rest_route=%2Fwp%2Fv2%2Fcomments&post=27447"}],"version-history":[{"count":4,"href":"https:\/\/oscarhumbertogomez.com\/index.php?rest_route=\/wp\/v2\/posts\/27447\/revisions"}],"predecessor-version":[{"id":27723,"href":"https:\/\/oscarhumbertogomez.com\/index.php?rest_route=\/wp\/v2\/posts\/27447\/revisions\/27723"}],"wp:attachment":[{"href":"https:\/\/oscarhumbertogomez.com\/index.php?rest_route=%2Fwp%2Fv2%2Fmedia&parent=27447"}],"wp:term":[{"taxonomy":"category","embeddable":true,"href":"https:\/\/oscarhumbertogomez.com\/index.php?rest_route=%2Fwp%2Fv2%2Fcategories&post=27447"},{"taxonomy":"post_tag","embeddable":true,"href":"https:\/\/oscarhumbertogomez.com\/index.php?rest_route=%2Fwp%2Fv2%2Ftags&post=27447"}],"curies":[{"name":"wp","href":"https:\/\/api.w.org\/{rel}","templated":true}]}}