{"id":27522,"date":"2018-11-23T17:35:50","date_gmt":"2018-11-23T22:35:50","guid":{"rendered":"http:\/\/www.oscarhumbertogomez.com\/?p=27522"},"modified":"2025-04-04T16:02:56","modified_gmt":"2025-04-04T21:02:56","slug":"humberto-martinez-salcedo-el-maestro-salustiano-remembranzas-de-un-santandereano-capitulo-tercero-por-oscar-humberto-gomez-gomez-miembro-de-la-academia-de-historia-de-santander-y-miembro-del-co","status":"publish","type":"post","link":"https:\/\/oscarhumbertogomez.com\/?p=27522","title":{"rendered":"HUMBERTO MART\u00cdNEZ SALCEDO, EL MAESTRO SALUSTIANO: REMEMBRANZAS DE UN SANTANDEREANO. [Cap\u00edtulo Tercero]. Por \u00d3scar Humberto G\u00f3mez G\u00f3mez, Miembro de la Academia de Historia de Santander y Miembro del Colegio Nacional de Periodistas."},"content":{"rendered":"<p><a href=\"https:\/\/lapiedrafilosofal.com\/wp-content\/uploads\/2018\/11\/LOS-RUANETAS-.jpg\"><img loading=\"lazy\" decoding=\"async\" class=\"alignnone size-large wp-image-27523\" src=\"https:\/\/lapiedrafilosofal.com\/wp-content\/uploads\/2018\/11\/LOS-RUANETAS--1011x1024.jpg\" alt=\"\" width=\"640\" height=\"648\" srcset=\"https:\/\/oscarhumbertogomez.com\/wp-content\/uploads\/2018\/11\/LOS-RUANETAS--1011x1024.jpg 1011w, https:\/\/oscarhumbertogomez.com\/wp-content\/uploads\/2018\/11\/LOS-RUANETAS--296x300.jpg 296w, https:\/\/oscarhumbertogomez.com\/wp-content\/uploads\/2018\/11\/LOS-RUANETAS--768x778.jpg 768w, https:\/\/oscarhumbertogomez.com\/wp-content\/uploads\/2018\/11\/LOS-RUANETAS-.jpg 1580w\" sizes=\"auto, (max-width: 640px) 100vw, 640px\" \/><\/a><\/p>\n<p>&nbsp;<\/p>\n<p>La m\u00fasica fue una de las facetas en las que mejor se destac\u00f3 la personalidad festiva y bohemia del doctor Humberto Mart\u00ednez Salcedo. Y en desarrollo de ella, no pod\u00eda faltar el que perteneciera a una agrupaci\u00f3n musical. Agrupaci\u00f3n que, dada su decidida inclinaci\u00f3n hacia la m\u00fasica nacional \u2014que no era, a su vez, sino otra faceta de su no menos decidida inclinaci\u00f3n hacia la cultura colombiana\u2014 solo pod\u00eda ser una que se dedicara al cultivo de los aires aut\u00f3ctonos de nuestro pa\u00eds.<\/p>\n<p>Fue as\u00ed como &#8220;el maestro Salustiano&#8221; nos sorprendi\u00f3 a todos sus admiradores, y a Colombia por supuesto, cuando, al lado de los tambi\u00e9n actores y m\u00fasicos Pedro Nel Mart\u00ednez, \u00c1lvaro Lemon y Jaime Agudelo, resultaron lanzando, dentro del programa de humor <em>S\u00e1bados felices<\/em>, a cuyo elenco pertenec\u00edan, la agrupaci\u00f3n <em>Los Ruanetas<\/em>, que muy pronto ya hab\u00eda prensado sus primeros discos de larga duraci\u00f3n, obviamente en una \u00e9poca en la que a\u00fan no aparec\u00eda el disco compacto (CD), ni consiguientemente el delito generalizado, alcahueteado y letal de la pirater\u00eda.<\/p>\n<p>&nbsp;<\/p>\n<p><a href=\"https:\/\/lapiedrafilosofal.com\/wp-content\/uploads\/2018\/11\/Los-Ruanetas-3.jpg\"><img loading=\"lazy\" decoding=\"async\" class=\"alignnone size-large wp-image-27542\" src=\"https:\/\/lapiedrafilosofal.com\/wp-content\/uploads\/2018\/11\/Los-Ruanetas-3-982x1024.jpg\" alt=\"\" width=\"640\" height=\"667\" srcset=\"https:\/\/oscarhumbertogomez.com\/wp-content\/uploads\/2018\/11\/Los-Ruanetas-3-982x1024.jpg 982w, https:\/\/oscarhumbertogomez.com\/wp-content\/uploads\/2018\/11\/Los-Ruanetas-3-288x300.jpg 288w, https:\/\/oscarhumbertogomez.com\/wp-content\/uploads\/2018\/11\/Los-Ruanetas-3-768x801.jpg 768w, https:\/\/oscarhumbertogomez.com\/wp-content\/uploads\/2018\/11\/Los-Ruanetas-3.jpg 1534w\" sizes=\"auto, (max-width: 640px) 100vw, 640px\" \/><\/a><\/p>\n<p>&nbsp;<\/p>\n<p>Pedro Nel Mart\u00ednez, santandereano, natural de Charal\u00e1, hab\u00eda sido un joven empleado de la Empresa Licorera de Santander a quien, en mi fugaz e inolvidable paso por esa factor\u00eda, una fuente de primera mano, el jefe de archivo, don Norberto Cifuentes Ortiz, me dibuj\u00f3 como un muchacho que se sentaba a tocar el tiple durante el tiempo de descanso y, a medida que lo hac\u00eda, parec\u00eda como si los aires de la Floridablanca de aquel entonces, todav\u00eda olorosa a an\u00eds y a esperanzas, se empezaran a llenar de arpegios, de encanto y de la indescriptible sensaci\u00f3n de un viaje sin movimiento por los riscos y paisajes de la entra\u00f1able tierra santandereana.<\/p>\n<p>Hab\u00eda sido el ganador del concurso nacional de ese instrumento y llegar\u00eda a convertirse en el referente obligado de quien, con honestidad, pretendiera escribir o narrar la historia de la m\u00fasica instrumental andina de Colombia. En <em>S\u00e1bados felices<\/em> se destacaba representando a personajes como <em>Surrucuca<\/em> y, por supuesto, tocando con sin par belleza y dulzura el otrora instrumento nacional.<\/p>\n<p>&nbsp;<\/p>\n<p><a href=\"https:\/\/lapiedrafilosofal.com\/wp-content\/uploads\/2018\/11\/ALVARO-LEMON.jpg\"><img loading=\"lazy\" decoding=\"async\" class=\"alignnone size-full wp-image-27538\" src=\"https:\/\/lapiedrafilosofal.com\/wp-content\/uploads\/2018\/11\/ALVARO-LEMON.jpg\" alt=\"\" width=\"640\" height=\"389\" srcset=\"https:\/\/oscarhumbertogomez.com\/wp-content\/uploads\/2018\/11\/ALVARO-LEMON.jpg 640w, https:\/\/oscarhumbertogomez.com\/wp-content\/uploads\/2018\/11\/ALVARO-LEMON-300x182.jpg 300w\" sizes=\"auto, (max-width: 640px) 100vw, 640px\" \/><\/a><\/p>\n<p>&nbsp;<\/p>\n<p>\u00c1lvaro Lemon hab\u00eda logrado imponer su propia caracterizaci\u00f3n: la de un coste\u00f1o dicharachero y contador de chistes que siempre sal\u00eda al escenario empu\u00f1ando en una mano su guitarra y ovacion\u00e1ndose a s\u00ed mismo. Lo apodaron <em>El Hombre Caim\u00e1n<\/em> por ser oriundo de Barranquilla, la capital del departamento del Atl\u00e1ntico, argumento que no dejaba de parecerme curioso, pues aquel hombre que se hizo embrujar en La Guajira para poder volverse caim\u00e1n, y despu\u00e9s hombre, y luego otra vez caim\u00e1n, y otra vez hombre, con el prop\u00f3sito de dedicarse a observar, con toda tranquilidad, a las chicas que se ba\u00f1aban en el r\u00edo, no era barranquillero, sino de la poblaci\u00f3n de Plato, municipalidad perteneciente al departamento del Magdalena. El compositor Jos\u00e9 Mar\u00eda Pe\u00f1aranda hab\u00eda escrito una de las canciones m\u00e1s populares de nuestro folclor colombiano rememorando, precisamente, la legendaria transformaci\u00f3n sufrida por aquel personaje: &#8220;<em>Con alegr\u00eda y con af\u00e1n \/ voy a empezar mi relato \/ que en la poblaci\u00f3n de Plato \/ se volvi\u00f3 un hombre caim\u00e1n<\/em>&#8220;. Pero, en fin, de todos modos el coro de la canci\u00f3n rememoraba tambi\u00e9n que aquel plate\u00f1o morboso, cuando el juego m\u00e1gico le sali\u00f3 mal, se lanz\u00f3 a las aguas del r\u00edo con el fin de ir a parar a Bocas de Ceniza. &#8220;S<em>e va el caim\u00e1n, se va el caim\u00e1n, se va para Barranquilla<\/em>&#8220;, escribi\u00f3 Pe\u00f1aranda, y las grandes orquestas comenzaron a cantar su tema, y muy pronto empez\u00f3 a cantarlo todo el pa\u00eds entero, acompa\u00f1\u00e1ndose con&nbsp; las palmas de las manos, especialmente cuando los estudiantes se iban de paseo. Un poco reforzado el argumento, pues, pero hubo que reconocer que ten\u00eda, cuando menos, su sofisma con qu\u00e9 defenderse.<\/p>\n<p>Jaime Agudelo, por su parte, era uno de los personajes vinculados al buen humor m\u00e1s reconocibles, reconocidos y apreciados por los colombianos. Por evidentes razones, lo apodaron <em>el Flaco<\/em> y as\u00ed habr\u00eda de quedarse por siempre. Lo que no todo el mundo sab\u00eda, o m\u00e1s exactamente lo que casi nadie sab\u00eda de aquel palmire\u00f1o gracioso, era que contaba con una voz dulce para el canto y una habilidad natural para tocar la guitarra con la misma dulzura con que cantaba. Tampoco sab\u00eda casi nadie que tambi\u00e9n tocaba el bajo.<\/p>\n<p><em>Los Ruanetas<\/em> pon\u00edan en evidencia que el esp\u00edritu alegre y parrandero no era exclusivo de los coste\u00f1os, porque \u2014m\u00e1s all\u00e1 de que \u00c1lvaro Lemon lo fuera\u2014 tambi\u00e9n saltaba a la vista que los cachacos interpretaban su m\u00fasica, la del interior de aquel pa\u00eds dividido tambi\u00e9n por eso, proyectando la misma efusividad que transmit\u00edan los aires de la Costa.<\/p>\n<p>&nbsp;<\/p>\n<p><a href=\"https:\/\/lapiedrafilosofal.com\/wp-content\/uploads\/2018\/11\/LOS-RUANETAS-2.jpg\"><img loading=\"lazy\" decoding=\"async\" class=\"alignnone size-full wp-image-27540\" src=\"https:\/\/lapiedrafilosofal.com\/wp-content\/uploads\/2018\/11\/LOS-RUANETAS-2.jpg\" alt=\"\" width=\"599\" height=\"601\" srcset=\"https:\/\/oscarhumbertogomez.com\/wp-content\/uploads\/2018\/11\/LOS-RUANETAS-2.jpg 599w, https:\/\/oscarhumbertogomez.com\/wp-content\/uploads\/2018\/11\/LOS-RUANETAS-2-150x150.jpg 150w, https:\/\/oscarhumbertogomez.com\/wp-content\/uploads\/2018\/11\/LOS-RUANETAS-2-300x300.jpg 300w\" sizes=\"auto, (max-width: 599px) 100vw, 599px\" \/><\/a><\/p>\n<p>&nbsp;<\/p>\n<p>Al esp\u00edritu fiestero de sus canciones, un\u00edan una buena dosis de picaresca, que bien lejos estaba de rayar en la vulgaridad, y que, por el contrario, le inyectaba a la atm\u00f3sfera casi siempre g\u00e9lida de la sociedad bogotana y colombiana, inmersa en un complejo universo de problemas irresolutos y de angustias cotidianas, una conveniente y saludable dosis de entusiasmo y de optimismo al recibir el fin de semana luego de tantos trabajos, de tantos afanes y seguramente de tantas frustraciones.<\/p>\n<p>&nbsp;<\/p>\n<p><a href=\"https:\/\/lapiedrafilosofal.com\/wp-content\/uploads\/2018\/11\/LOS-RUANETAS-4.jpg\"><img loading=\"lazy\" decoding=\"async\" class=\"alignnone size-large wp-image-27549\" src=\"https:\/\/lapiedrafilosofal.com\/wp-content\/uploads\/2018\/11\/LOS-RUANETAS-4-1024x683.jpg\" alt=\"\" width=\"640\" height=\"427\" srcset=\"https:\/\/oscarhumbertogomez.com\/wp-content\/uploads\/2018\/11\/LOS-RUANETAS-4-1024x683.jpg 1024w, https:\/\/oscarhumbertogomez.com\/wp-content\/uploads\/2018\/11\/LOS-RUANETAS-4-300x200.jpg 300w, https:\/\/oscarhumbertogomez.com\/wp-content\/uploads\/2018\/11\/LOS-RUANETAS-4-768x512.jpg 768w, https:\/\/oscarhumbertogomez.com\/wp-content\/uploads\/2018\/11\/LOS-RUANETAS-4.jpg 1600w\" sizes=\"auto, (max-width: 640px) 100vw, 640px\" \/><\/a><\/p>\n<p>&nbsp;<\/p>\n<p>Pero, adem\u00e1s, \u2014y esa era nuestra percepci\u00f3n personal\u2014 demostraban con su peculiar estilo musical que el tiple santandereano, inveteradamente asociado a la nostalgia, la tristeza y las l\u00e1grimas \u2014de ah\u00ed que se le conociera en algunas partes como el tiple &#8220;llor\u00f3n&#8221;\u2014 tambi\u00e9n, si lo ejecutaban manos diestras y se hac\u00eda acompa\u00f1ar de instrumentos y de m\u00fasicos que se lo propusieran, era capaz de irradiar, desde la dureza proverbial de nuestras bre\u00f1as, unas buenas dosis de alegr\u00eda y hasta no pocos deseos de salir a &#8220;tirar paso&#8221;.<\/p>\n<p>Bueno, aunque \u2014como escuchar\u00e1n enseguida, cuando <em>Los Ruanetas<\/em> empiecen a interpretar&nbsp;<em>Cinturita de avispa<\/em>, de Jaime Valencia\u2014, a veces se apoyaban tambi\u00e9n en los sonidos fiesteros del requinto.<\/p>\n<p>&nbsp;<\/p>\n<p><em>[CONTINUAR\u00c1]<\/em><\/p>\n<p>__________<\/p>\n<p><span style=\"color: #000080;\"><strong>FOTOGRAF\u00cdAS:<\/strong><\/span> <strong>(1)<\/strong> Car\u00e1tula del L.P. <em>&#8220;Llegaron Los Ruanetas&#8221;<\/em>. El maestro Humberto Mart\u00ednez Salcedo aparece junto a Jaime Agudelo, \u00c1lvaro Lemon y Pedro Nel Mart\u00ednez.<\/p>\n<p><strong>(2)<\/strong> Contra-car\u00e1tula del L.P. <em>&#8220;Llegaron Los Ruanetas&#8221;<\/em>. El doctor Humberto Mart\u00ednez Salcedo aparece de segundo en las fotograf\u00edas. Aparte de los dem\u00e1s integrantes, Pedro Nel Mart\u00ednez, \u00c1lvaro Lemon y Jaime Agudelo, aparece Carlos Agudelo, hermano de Jaime, y quien particip\u00f3 con el tiple.<\/p>\n<p><strong>(3)<\/strong> \u00c1lvaro Lemon (en el centro) y Jaime Agudelo (a la derecha), integrantes de&nbsp;<em>Los Ruanetas<\/em>.<\/p>\n<p><strong>(4)<\/strong> Car\u00e1tula del L.P. <em>&#8220;S\u00e1bados de rumba&#8221;<\/em>, de <em>Los Ruanetas<\/em>. El maestro Humberto Mart\u00ednez Salcedo aparece con Pedro Nel Mart\u00ednez, Jaime Agudelo, \u00c1lvaro Lemon y Carlos Agudelo.<\/p>\n<p><strong>(5)<\/strong> <em>Los Ruanetas<\/em>. El doctor Humberto Mart\u00ednez Salcedo (en el centro) aparece con Carlos Agudelo, \u00c1lvaro Lemon, Jaime Agudelo y Pedro Nel Mart\u00ednez.<\/p>\n<p>&nbsp;<\/p>\n<p><iframe loading=\"lazy\" width=\"560\" height=\"315\" src=\"https:\/\/www.youtube-nocookie.com\/embed\/0OC22mXAx-g?si=u_QQDst_mSLeOZnU&amp;controls=0&amp;start=21\" title=\"YouTube video player\" frameborder=\"0\" allow=\"accelerometer; autoplay; clipboard-write; encrypted-media; gyroscope; picture-in-picture; web-share\" referrerpolicy=\"strict-origin-when-cross-origin\" allowfullscreen=\"\"><\/iframe><\/p>\n<p>&nbsp;<\/p>\n","protected":false},"excerpt":{"rendered":"<p>&nbsp; La m\u00fasica fue una de las facetas en las que mejor se destac\u00f3 la personalidad festiva y bohemia del doctor Humberto Mart\u00ednez Salcedo. Y en desarrollo de ella, no pod\u00eda faltar el que perteneciera a una agrupaci\u00f3n musical. Agrupaci\u00f3n &hellip; <a href=\"https:\/\/oscarhumbertogomez.com\/?p=27522\">Sigue leyendo <span class=\"meta-nav\">&rarr;<\/span><\/a><\/p>\n<div class='heateorSssClear'><\/div><div  class='heateor_sss_sharing_container heateor_sss_horizontal_sharing' heateor-sss-data-href='https:\/\/oscarhumbertogomez.com\/?p=27522'><div class='heateor_sss_sharing_title' style=\"font-weight:bold\" >\u00a1Gracias por compartirla!<\/div><ul class=\"heateor_sss_sharing_ul\"><li class=\"heateorSssSharingRound\"><i style=\"width:35px;height:35px;border-radius:999px;\" alt=\"Facebook\" Title=\"Facebook\" class=\"heateorSssSharing heateorSssFacebookBackground\" onclick='heateorSssPopup(\"https:\/\/www.facebook.com\/sharer\/sharer.php?u=https%3A%2F%2Foscarhumbertogomez.com%2Findex.php%3Frest_route%3D%252Fwp%252Fv2%252Fposts%252F27522\")'><ss style=\"display:block;border-radius:999px;\" class=\"heateorSssSharingSvg heateorSssFacebookSvg\"><\/ss><\/i><\/li><li class=\"heateorSssSharingRound\"><i style=\"width:35px;height:35px;border-radius:999px;\" alt=\"Twitter\" Title=\"Twitter\" class=\"heateorSssSharing heateorSssTwitterBackground\" onclick='heateorSssPopup(\"http:\/\/twitter.com\/intent\/tweet?text=HUMBERTO%20MART%C3%8DNEZ%20SALCEDO%2C%20EL%20MAESTRO%20SALUSTIANO%3A%20REMEMBRANZAS%20DE%20UN%20SANTANDEREANO.%20%5BCap%C3%ADtulo%20Tercero%5D.%20Por%20%C3%93scar%20Humberto%20G%C3%B3mez%20G%C3%B3mez%2C%20Miembro%20de%20la%20Academia%20de%20Historia%20de%20Santander%20y%20Miembro%20del%20Colegio%20Nacional%20de%20Periodistas.&url=https%3A%2F%2Foscarhumbertogomez.com%2Findex.php%3Frest_route%3D%252Fwp%252Fv2%252Fposts%252F27522\")'><ss style=\"display:block;border-radius:999px;\" class=\"heateorSssSharingSvg heateorSssTwitterSvg\"><\/ss><\/i><\/li><li class=\"heateorSssSharingRound\"><i style=\"width:35px;height:35px;border-radius:999px;\" alt=\"Whatsapp\" Title=\"Whatsapp\" class=\"heateorSssSharing heateorSssWhatsappBackground\" onclick='heateorSssPopup(\"https:\/\/web.whatsapp.com\/send?text=HUMBERTO%20MART%C3%8DNEZ%20SALCEDO%2C%20EL%20MAESTRO%20SALUSTIANO%3A%20REMEMBRANZAS%20DE%20UN%20SANTANDEREANO.%20%5BCap%C3%ADtulo%20Tercero%5D.%20Por%20%C3%93scar%20Humberto%20G%C3%B3mez%20G%C3%B3mez%2C%20Miembro%20de%20la%20Academia%20de%20Historia%20de%20Santander%20y%20Miembro%20del%20Colegio%20Nacional%20de%20Periodistas. https%3A%2F%2Foscarhumbertogomez.com%2Findex.php%3Frest_route%3D%252Fwp%252Fv2%252Fposts%252F27522\")'><ss style=\"display:block\" class=\"heateorSssSharingSvg heateorSssWhatsappSvg\"><\/ss><\/i><\/li><li class=\"heateorSssSharingRound\"><i style=\"width:35px;height:35px;border-radius:999px;\" alt=\"Pinterest\" Title=\"Pinterest\" class=\"heateorSssSharing heateorSssPinterestBackground\" onclick=\"javascript:void( (function() {var e=document.createElement('script' );e.setAttribute('type','text\/javascript' );e.setAttribute('charset','UTF-8' );e.setAttribute('src','\/\/assets.pinterest.com\/js\/pinmarklet.js?r='+Math.random()*99999999);document.body.appendChild(e)})());\"><ss style=\"display:block;border-radius:999px;\" class=\"heateorSssSharingSvg heateorSssPinterestSvg\"><\/ss><\/i><\/li><li class=\"heateorSssSharingRound\"><i style=\"width:35px;height:35px;border-radius:999px;\" alt=\"Google Gmail\" Title=\"Google Gmail\" class=\"heateorSssSharing heateorSssGoogleGmailBackground\" onclick='heateorSssPopup(\"https:\/\/mail.google.com\/mail\/?ui=2&view=cm&fs=1&tf=1&su=HUMBERTO%20MART%C3%8DNEZ%20SALCEDO%2C%20EL%20MAESTRO%20SALUSTIANO%3A%20REMEMBRANZAS%20DE%20UN%20SANTANDEREANO.%20%5BCap%C3%ADtulo%20Tercero%5D.%20Por%20%C3%93scar%20Humberto%20G%C3%B3mez%20G%C3%B3mez%2C%20Miembro%20de%20la%20Academia%20de%20Historia%20de%20Santander%20y%20Miembro%20del%20Colegio%20Nacional%20de%20Periodistas.&body=Link:https%3A%2F%2Foscarhumbertogomez.com%2Findex.php%3Frest_route%3D%252Fwp%252Fv2%252Fposts%252F27522\")'><ss style=\"display:block;border-radius:999px;\" class=\"heateorSssSharingSvg heateorSssGoogleGmailSvg\"><\/ss><\/i><\/li><li class=\"heateorSssSharingRound\"><i style=\"width:35px;height:35px;border-radius:999px;\" title=\"More\" alt=\"More\" class=\"heateorSssSharing heateorSssMoreBackground\" onclick=\"heateorSssMoreSharingPopup(this, 'https:\/\/oscarhumbertogomez.com\/index.php?rest_route=%2Fwp%2Fv2%2Fposts%2F27522', 'HUMBERTO%20MART%C3%8DNEZ%20SALCEDO%2C%20EL%20MAESTRO%20SALUSTIANO%3A%20REMEMBRANZAS%20DE%20UN%20SANTANDEREANO.%20%5BCap%C3%ADtulo%20Tercero%5D.%20Por%20%C3%93scar%20Humberto%20G%C3%B3mez%20G%C3%B3mez%2C%20Miembro%20de%20la%20Academia%20de%20Historia%20de%20Santander%20y%20Miembro%20del%20Colegio%20Nacional%20de%20Periodistas.', '' )\" ><ss style=\"display:block\" class=\"heateorSssSharingSvg heateorSssMoreSvg\"><\/ss><\/i><\/li><\/ul><div class=\"heateorSssClear\"><\/div><\/div><div class='heateorSssClear'><\/div>","protected":false},"author":2,"featured_media":0,"comment_status":"open","ping_status":"open","sticky":false,"template":"","format":"standard","meta":{"spay_email":"","footnotes":""},"categories":[1],"tags":[],"class_list":["post-27522","post","type-post","status-publish","format-standard","hentry","category-blog"],"jetpack_featured_media_url":"","jetpack_shortlink":"https:\/\/wp.me\/p1FYrr-79U","_links":{"self":[{"href":"https:\/\/oscarhumbertogomez.com\/index.php?rest_route=\/wp\/v2\/posts\/27522","targetHints":{"allow":["GET"]}}],"collection":[{"href":"https:\/\/oscarhumbertogomez.com\/index.php?rest_route=\/wp\/v2\/posts"}],"about":[{"href":"https:\/\/oscarhumbertogomez.com\/index.php?rest_route=\/wp\/v2\/types\/post"}],"author":[{"embeddable":true,"href":"https:\/\/oscarhumbertogomez.com\/index.php?rest_route=\/wp\/v2\/users\/2"}],"replies":[{"embeddable":true,"href":"https:\/\/oscarhumbertogomez.com\/index.php?rest_route=%2Fwp%2Fv2%2Fcomments&post=27522"}],"version-history":[{"count":5,"href":"https:\/\/oscarhumbertogomez.com\/index.php?rest_route=\/wp\/v2\/posts\/27522\/revisions"}],"predecessor-version":[{"id":53556,"href":"https:\/\/oscarhumbertogomez.com\/index.php?rest_route=\/wp\/v2\/posts\/27522\/revisions\/53556"}],"wp:attachment":[{"href":"https:\/\/oscarhumbertogomez.com\/index.php?rest_route=%2Fwp%2Fv2%2Fmedia&parent=27522"}],"wp:term":[{"taxonomy":"category","embeddable":true,"href":"https:\/\/oscarhumbertogomez.com\/index.php?rest_route=%2Fwp%2Fv2%2Fcategories&post=27522"},{"taxonomy":"post_tag","embeddable":true,"href":"https:\/\/oscarhumbertogomez.com\/index.php?rest_route=%2Fwp%2Fv2%2Ftags&post=27522"}],"curies":[{"name":"wp","href":"https:\/\/api.w.org\/{rel}","templated":true}]}}