{"id":27577,"date":"2018-12-01T17:49:10","date_gmt":"2018-12-01T22:49:10","guid":{"rendered":"http:\/\/www.oscarhumbertogomez.com\/?p=27577"},"modified":"2024-05-12T22:22:24","modified_gmt":"2024-05-13T03:22:24","slug":"humberto-martinez-salcedo-el-maestro-salustiano-remembranzas-de-un-santandereano-capitulo-cuarto-por-oscar-humberto-gomez-gomez-miembro-de-la-academia-de-historia-de-santander-y-miembro-del-col","status":"publish","type":"post","link":"https:\/\/oscarhumbertogomez.com\/?p=27577","title":{"rendered":"HUMBERTO MART\u00cdNEZ SALCEDO, EL MAESTRO SALUSTIANO: REMEMBRANZAS DE UN SANTANDEREANO. [Cap\u00edtulo Cuarto]. Por \u00d3scar Humberto G\u00f3mez G\u00f3mez, Miembro de la Academia de Historia de Santander y Miembro del Colegio Nacional de Periodistas."},"content":{"rendered":"<p><a href=\"https:\/\/lapiedrafilosofal.com\/wp-content\/uploads\/2018\/12\/SALUSTIANO-QUIJOTE.jpg\"><img decoding=\"async\" class=\"alignnone size-full wp-image-27682\" src=\"https:\/\/lapiedrafilosofal.com\/wp-content\/uploads\/2018\/12\/SALUSTIANO-QUIJOTE.jpg\" alt=\"\" width=\"750\" srcset=\"https:\/\/oscarhumbertogomez.com\/wp-content\/uploads\/2018\/12\/SALUSTIANO-QUIJOTE.jpg 320w, https:\/\/oscarhumbertogomez.com\/wp-content\/uploads\/2018\/12\/SALUSTIANO-QUIJOTE-240x300.jpg 240w\" sizes=\"(max-width: 320px) 100vw, 320px\" \/><\/a><\/p>\n<p>&nbsp;<\/p>\n<p>Cervantes, intencionalmente, &#8220;mat\u00f3&#8221; a su personaje al final de la obra, con lo cual dio por concluidas para siempre sus aventuras. Lo hizo, para evitar que volvieran a piratearlo, como lo hab\u00eda hecho, en 1614, el autor del Quijote ap\u00f3crifo que, descaradamente, fue puesto a circular, bajo el nombre de un supuesto &#8220;Alonso Fern\u00e1ndez de Avellaneda&#8221;, sin respeto alguno a los derechos de autor de quien, en realidad, hab\u00eda creado el exitoso personaje. (Y eso, que en aquellos a\u00f1os no exist\u00edan sem\u00e1foros, ni se quemaban CDs, ni se clonaban libros).<\/p>\n<p>Don Quijote, pues, el de Cervantes, el \u00fanico, el verdadero Don Quijote, fue un personaje que tuvo su comienzo y tuvo su fin, por expresa, clara y contundente decisi\u00f3n de su creador. Y tuvo su fin, primero, porque don Alonso Quijano el Bueno recuper\u00f3 la cordura, lo cual signific\u00f3 el final de Don Quijote, personaje en el que don Alonso se hab\u00eda convertido, precisamente al perderla; y, segundo, porque luego de recuperar la cordura, don Alonso muri\u00f3.<\/p>\n<p>De ah\u00ed, el famoso epitafio que el bachiller Sans\u00f3n Carrasco escribi\u00f3 y que recitamos de memoria en las tertulias:<\/p>\n<p>&#8220;Yace aqu\u00ed el hidalgo fuerte<\/p>\n<p>que a tanto extremo lleg\u00f3<\/p>\n<p>de valiente, que se advierte<\/p>\n<p>que la muerte no triunf\u00f3<\/p>\n<p>de su vida, con su muerte.<\/p>\n<p>Tuvo a todo el mundo en poco,<\/p>\n<p>fue el espantajo y el coco<\/p>\n<p>del mundo, en tal coyuntura,<\/p>\n<p>que acredit\u00f3 su ventura<\/p>\n<p>morir cuerdo y vivir loco&#8221;.<\/p>\n<p>&nbsp;<\/p>\n<p><a href=\"https:\/\/lapiedrafilosofal.com\/wp-content\/uploads\/2018\/12\/DON-QUIJOTE-PICASSO.jpg\"><img decoding=\"async\" class=\"alignnone size-full wp-image-27684\" src=\"https:\/\/lapiedrafilosofal.com\/wp-content\/uploads\/2018\/12\/DON-QUIJOTE-PICASSO.jpg\" alt=\"\" width=\"500\" srcset=\"https:\/\/oscarhumbertogomez.com\/wp-content\/uploads\/2018\/12\/DON-QUIJOTE-PICASSO.jpg 290w, https:\/\/oscarhumbertogomez.com\/wp-content\/uploads\/2018\/12\/DON-QUIJOTE-PICASSO-254x300.jpg 254w\" sizes=\"(max-width: 290px) 100vw, 290px\" \/><\/a><\/p>\n<p>&nbsp;<\/p>\n<p>A pesar de ello, sobre el Quijote de Cervantes han edificado o intentado edificar obras literarias diversos autores. Desde luego, se trata de obras de otro talante completamente distinto al del desvergonzado pirata de principios del siglo XVII. As\u00ed ha sucedido con escritores como el norteamericano Orson Welles (<em>Don Quijote<\/em>), el espa\u00f1ol Carlos Blanco Hern\u00e1ndez (<em>Don Quijote cabalga de nuevo<\/em>) y, entre los colombianos, el huilense Juli\u00e1n Motta Salas (<em>Alonso Quijano el Bueno<\/em> y <em>Recuerdos del Ingenioso Hidalgo<\/em>) o el santandereano Aurelio Mart\u00ednez Mutis (<em>La tercera salida de Don Quijote<\/em>).<\/p>\n<p>Pues bien: otro Mart\u00ednez \u2014tambi\u00e9n santandereano\u2014, el maestro Humberto Mart\u00ednez Salcedo, no solo se bas\u00f3 en la figura de Don Quijote para crear su propio personaje y escribir para \u00e9l toda una secuencia de libretos de humor pensante, sino que \u00e9l mismo puso sus cualidades histri\u00f3nicas al servicio de su creaci\u00f3n y decidi\u00f3 representarla personalmente.<\/p>\n<p>Los televidentes pudimos, entonces, disfrutar al excelente actor santandereano encarnando, dentro de una siempre esperada secci\u00f3n del programa semanal\u00a0<em>S\u00e1bados Felices<\/em>, la imagen de aquel hombre flaco, alto, de barba y bigote, y supuestamente loco, que dec\u00eda unas cuantas verdades de contenido pol\u00edtico y social, mientras que, con su facha humilde y estrafalaria, persist\u00eda en encarnar el sue\u00f1o, inveterado y siempre esquivo, de poder construir un mundo mejor.<\/p>\n<p>Por eso, pocos t\u00edtulos pudieron ser m\u00e1s acertados y elocuentes para definir al doctor Humberto Mart\u00ednez Salcedo con ocasi\u00f3n de su multitudinario sepelio que el de la revista <em>Semana<\/em>: &#8220;<em>La muerte de un quijote<\/em>&#8221; (Edici\u00f3n del 24 de febrero de 1986).<\/p>\n<p>Quijote, no solo por haber protagonizado, en el fondo y con m\u00e9ritos actorales indiscutibles, al inmortal personaje cervantino, sino porque su lucha por el derecho a la libertad de expresi\u00f3n a trav\u00e9s del humor y la s\u00e1tira aguda lo enfrent\u00f3 durante toda la vida al avasallador poder\u00edo del Estado y de los que, por detentar las m\u00e1s abultadas cuentas bancarias nacionales, se sent\u00edan con el derecho de silenciarlo a punta de censura. Y quijote, porque, igual que don Alonso Quijano el Bueno, se propuso atravesar los \u00e1ridos, inh\u00f3spitos y hostiles caminos de la lucha por la justicia, y fue \u2014como aquel inmortal so\u00f1ador espa\u00f1ol\u2014 mirado con desd\u00e9n por quienes, en su mediocridad intelectual y su escasez de grandeza, la vida solamente son capaces de entenderla a trav\u00e9s del prisma del dinero y de los oropeles del poder, y de la consiguiente genuflexi\u00f3n servil ante los poderosos, por poco merecedores que sean de tanto halago y de tanto servilismo.<\/p>\n<p>&nbsp;<\/p>\n<p><a href=\"https:\/\/lapiedrafilosofal.com\/wp-content\/uploads\/2018\/11\/quijpote-salustiano-02-2.png\"><img loading=\"lazy\" decoding=\"async\" class=\"alignnone size-full wp-image-27668\" src=\"https:\/\/lapiedrafilosofal.com\/wp-content\/uploads\/2018\/11\/quijpote-salustiano-02-2.png\" alt=\"\" width=\"555\" height=\"768\" srcset=\"https:\/\/oscarhumbertogomez.com\/wp-content\/uploads\/2018\/11\/quijpote-salustiano-02-2.png 555w, https:\/\/oscarhumbertogomez.com\/wp-content\/uploads\/2018\/11\/quijpote-salustiano-02-2-217x300.png 217w\" sizes=\"auto, (max-width: 555px) 100vw, 555px\" \/><\/a><\/p>\n<p>&nbsp;<\/p>\n<p>Acerca del vocablo &#8220;quijote&#8221; hay que hacer, sin embargo, unas precisiones, porque suele creerse que cuando a alguien se le dice que es un &#8220;quijote&#8221;, se le est\u00e1 elogiando, y es todo lo contrario.<\/p>\n<p>Perm\u00edtaseme al respecto citarme a m\u00ed mismo:<\/p>\n<p>&#8220;Despu\u00e9s de la aparici\u00f3n de Don Quijote, surgi\u00f3 el vocablo \u201cquijote\u201d.<\/p>\n<p>Pero dicha expresi\u00f3n no fue acu\u00f1ada en sentido elogioso o admirativo, sino \u2014todo lo contrario\u2014 en sentido peyorativo. En una sociedad ego\u00edsta, es l\u00f3gico que el salir en defensa del otro no se vea como ning\u00fan gesto altruista, sino apenas como el defecto de andarse metiendo en problemas que no le conciernen a quien lo hace, as\u00ed lo haga persiguiendo un ideal de justicia, dado que dicho ideal se da por irrealizable.<\/p>\n<p>Son bien elocuentes la definiciones que nos suministra la gran ling\u00fcista espa\u00f1ola do\u00f1a Mar\u00eda Moliner en su Diccionario de Uso del Espa\u00f1ol (Ed. Gredos, Madrid):<\/p>\n<p>\u201cquijote m. Por alusi\u00f3n a Don Quijote de la Mancha, se aplica como nombre calificativo a la persona que est\u00e1 siempre dispuesta a intervenir en asuntos que no le ata\u00f1en, en defensa de la justicia. Generalmente, no se emplea con sentido admirativo, y puede tenerlo despectivo\u201d.<\/p>\n<p>De ah\u00ed derivan vocablos como \u201cquijoter\u00eda\u201d (despectivo, cualidad de quijote), \u201cquijotesco\u201c(que act\u00faa con quijoter\u00eda), \u201cquijotil\u201c (propio de un quijote) y \u201cquijotismo\u201c\u201d(desp.) m. Cualidad de quijote\u201d.<\/p>\n<p>&nbsp;<\/p>\n<p><a href=\"https:\/\/lapiedrafilosofal.com\/wp-content\/uploads\/2018\/11\/quijpote-salustiano-01.png\"><img loading=\"lazy\" decoding=\"async\" class=\"alignnone size-full wp-image-27669\" src=\"https:\/\/lapiedrafilosofal.com\/wp-content\/uploads\/2018\/11\/quijpote-salustiano-01.png\" alt=\"\" width=\"555\" height=\"768\" srcset=\"https:\/\/oscarhumbertogomez.com\/wp-content\/uploads\/2018\/11\/quijpote-salustiano-01.png 555w, https:\/\/oscarhumbertogomez.com\/wp-content\/uploads\/2018\/11\/quijpote-salustiano-01-217x300.png 217w\" sizes=\"auto, (max-width: 555px) 100vw, 555px\" \/><\/a><\/p>\n<p>&nbsp;<\/p>\n<p>Hay quienes piensan, sin embargo, que tomar la lucha de los tantos quijotes que hay en el mundo como una mera expresi\u00f3n de patolog\u00eda ps\u00edquica o como un mero defecto personal de algunos entrometidos constituye un grav\u00edsimo error conceptual que puede descalificar injustamente la grandeza de hombres y mujeres que no se resignan a abandonar sus esfuerzos en pro de la construcci\u00f3n de un mundo mejor y de una sociedad m\u00e1s justa.<\/p>\n<p>Con todo, la triste realidad final es la de que Don Quijote termina muriendo en su casa, enfermo y extenuado, despu\u00e9s de haber sido ridiculizado, apaleado, enjaulado y vencido&#8221;. (G\u00d3MEZ, \u00d3scar Humberto. <em>Don Quijote ante la Psicolog\u00eda. <\/em>En: santanderenlared.com Secci\u00f3n Periodismo, entrada del\u00a0 d\u00eda 23 de abril de 2018).<\/p>\n<p>&nbsp;<\/p>\n<p><a href=\"https:\/\/lapiedrafilosofal.com\/wp-content\/uploads\/2018\/11\/quijpote-salustiano-02-2.png\"><img loading=\"lazy\" decoding=\"async\" class=\"alignnone size-full wp-image-27668\" src=\"https:\/\/lapiedrafilosofal.com\/wp-content\/uploads\/2018\/11\/quijpote-salustiano-02-2.png\" alt=\"\" width=\"555\" height=\"768\" srcset=\"https:\/\/oscarhumbertogomez.com\/wp-content\/uploads\/2018\/11\/quijpote-salustiano-02-2.png 555w, https:\/\/oscarhumbertogomez.com\/wp-content\/uploads\/2018\/11\/quijpote-salustiano-02-2-217x300.png 217w\" sizes=\"auto, (max-width: 555px) 100vw, 555px\" \/><\/a><\/p>\n<p>&nbsp;<\/p>\n<p>La censura contra Humberto Mart\u00ednez Salcedo se materializaba en multas impagables o en el simple, escueto, arbitrario y burdo cierre de sus programas. S\u00ed: as\u00ed, al mejor estilo de las dictaduras \u2014las de &#8220;derecha&#8221; y las de &#8220;izquierda&#8221;, iguales de engre\u00eddas y de abusivas\u2014, aqu\u00ed, en este pa\u00eds palad\u00edn de la democracia, le hab\u00edan cerrado sus espacios o lo hab\u00edan asfixiado para que no pudiera seguirlos emitiendo. Esa censura \u2014que siempre tuvo un sello oficial\u2014 hizo que\u00a0<em>El Pereque<\/em>, <em>La Tapa<\/em> y <em>El Corcho<\/em> dejaran, pues, de salir al aire, a pesar de la tozuda voluntad de quien los hab\u00eda creado, el mismo que dentro de ellos fung\u00eda de director, de libretista, de presentador, de locutor y hasta de anunciador de que ya el programa comenzaba. As\u00ed, desde el inmenso poder\u00edo de cuatro gobiernos distintos, se le amordaz\u00f3 impidi\u00e9ndole su leg\u00edtimo acceso a las ondas hertzianas. Esos cierres, para un hombre que viv\u00eda de su talento, y que de su talento sosten\u00eda a su familia, hicieron que en la casa del talentoso artista santandereano se pasaran m\u00faltiples necesidades, incluida el hambre. &#8220;<em>En casa llegamos a pasar hambrunas<\/em>&#8220;, reconocer\u00e1 p\u00fablicamente uno de sus hijos.<\/p>\n<p>&nbsp;<\/p>\n<p><a href=\"https:\/\/lapiedrafilosofal.com\/wp-content\/uploads\/2018\/11\/quijpote-salustiano-01.png\"><img loading=\"lazy\" decoding=\"async\" class=\"alignnone size-full wp-image-27669\" src=\"https:\/\/lapiedrafilosofal.com\/wp-content\/uploads\/2018\/11\/quijpote-salustiano-01.png\" alt=\"\" width=\"555\" height=\"768\" srcset=\"https:\/\/oscarhumbertogomez.com\/wp-content\/uploads\/2018\/11\/quijpote-salustiano-01.png 555w, https:\/\/oscarhumbertogomez.com\/wp-content\/uploads\/2018\/11\/quijpote-salustiano-01-217x300.png 217w\" sizes=\"auto, (max-width: 555px) 100vw, 555px\" \/><\/a><\/p>\n<p>&nbsp;<\/p>\n<p>Aquel hombre flaco, sin grandes recursos econ\u00f3micos, apoyado tan solo en su privilegiada inteligencia, en su punzante pluma, en su admirable talento y en una honestidad acrisolada \u2014de esas honestidades que solo se ven por estos lares de tarde en tarde, como si el Hacedor quisiera reconciliarse con su pueblo levantisco, que suele acoger entusiasta y sin reservas las anchurosas y seductoras ofertas de la inmoralidad, nuestro m\u00e1s atractivo becerro de oro\u2014 encarn\u00f3 durante aquellos a\u00f1os la fortaleza indoblegable de la fr\u00e1gil espiga.<\/p>\n<p>Y fue as\u00ed como, despu\u00e9s de su accidentado tr\u00e1nsito por la radio, ya vestido con el traje del loco m\u00e1s cuerdo de la historia, cerr\u00f3 su larga y desigual lucha en la televisi\u00f3n, ante un p\u00fablico que se congregaba en la noche del s\u00e1bado, como en un nuevo ritual colombiano, a verlo y escucharlo, no solo para matar el tedio, sino tambi\u00e9n para enfrent\u00e1rsele a la desesperanza.<\/p>\n<p>As\u00ed lo percib\u00ed yo, y por eso as\u00ed lo retrat\u00e9 \u2014con mis naturales limitaciones literarias\u2014 en el siguiente soneto:<\/p>\n<p><span style=\"color: #993300;\"><strong>&#8220;A HUMBERTO MART\u00cdNEZ SALCEDO<\/strong><\/span><\/p>\n<p>&nbsp;<\/p>\n<p><a href=\"https:\/\/lapiedrafilosofal.com\/wp-content\/uploads\/2018\/11\/HUMBERTO-MARTINEZ-SALCEDO.jpg\"><img loading=\"lazy\" decoding=\"async\" class=\"alignnone size-full wp-image-27466\" src=\"https:\/\/lapiedrafilosofal.com\/wp-content\/uploads\/2018\/11\/HUMBERTO-MARTINEZ-SALCEDO.jpg\" alt=\"\" width=\"780\" height=\"643\" srcset=\"https:\/\/oscarhumbertogomez.com\/wp-content\/uploads\/2018\/11\/HUMBERTO-MARTINEZ-SALCEDO.jpg 780w, https:\/\/oscarhumbertogomez.com\/wp-content\/uploads\/2018\/11\/HUMBERTO-MARTINEZ-SALCEDO-300x247.jpg 300w, https:\/\/oscarhumbertogomez.com\/wp-content\/uploads\/2018\/11\/HUMBERTO-MARTINEZ-SALCEDO-768x633.jpg 768w\" sizes=\"auto, (max-width: 780px) 100vw, 780px\" \/><\/a><\/p>\n<p>&nbsp;<\/p>\n<p><span style=\"color: #000000;\">Eras fuego, maestro, eras estrella,<\/span><br \/>\n<span style=\"color: #000000;\">Luz radiante, cascada de alegr\u00eda<\/span><br \/>\n<span style=\"color: #000000;\">Que al pueblo cada s\u00e1bado tra\u00eda<\/span><br \/>\n<span style=\"color: #000000;\">El brillo y resplandor de una centella.<\/span><\/p>\n<p><span style=\"color: #000000;\">Eras t\u00fa inteligencia que hac\u00eda mella<\/span><br \/>\n<span style=\"color: #000000;\">Entre tanta mediocre algarab\u00eda,<\/span><br \/>\n<span style=\"color: #000000;\">Y tu agudeza mental sobresal\u00eda<\/span><br \/>\n<span style=\"color: #000000;\">Por sobre la ruindad de la querella.<\/span><\/p>\n<p><span style=\"color: #000000;\">Fue tu clara honradez casta doncella,<\/span><br \/>\n<span style=\"color: #000000;\">Nos dej\u00f3 tu talento eterna huella,<\/span><br \/>\n<span style=\"color: #000000;\">Y ejerciste con honor la abogac\u00eda:<\/span><\/p>\n<p><span style=\"color: #000000;\">La ejerciste con tu humor de antolog\u00eda,<\/span><br \/>\n<span style=\"color: #000000;\">Pues mostraste que se es justo d\u00eda a d\u00eda<\/span><br \/>\n<span style=\"color: #000000;\">Y que aun con sencillez\u2026 \u00a1tambi\u00e9n es bella!&#8221;.<\/span><\/p>\n<p>[CONTINUAR\u00c1]<\/p>\n<p>________<\/p>\n<p><span style=\"color: #000080;\"><strong>ILUSTRACIONES:<\/strong> <\/span> <strong>(1)<\/strong> Humberto Mart\u00ednez Salcedo como Don Quijote. Portada de la revista Directo. No. 31. Universidad Javeriana. Bogot\u00e1. Octubre &#8211; diciembre de 2010.<\/p>\n<p><strong>(2)<\/strong> Don Quijote. Picasso. 1955.<\/p>\n<p><strong>(3)<\/strong>, <strong>(4)<\/strong>, <strong>(5)<\/strong> y <strong>(6)<\/strong> Humberto Mart\u00ednez Salcedo como Don Quijote. Ilustraci\u00f3n de Pedro Jes\u00fas Vargas Cordero. 2018.<\/p>\n<p><strong>(7)<\/strong> Fotograf\u00eda del doctor Humberto Mart\u00ednez Salcedo.<\/p>\n","protected":false},"excerpt":{"rendered":"<p>&nbsp; Cervantes, intencionalmente, &#8220;mat\u00f3&#8221; a su personaje al final de la obra, con lo cual dio por concluidas para siempre sus aventuras. Lo hizo, para evitar que volvieran a piratearlo, como lo hab\u00eda hecho, en 1614, el autor del Quijote &hellip; <a href=\"https:\/\/oscarhumbertogomez.com\/?p=27577\">Sigue leyendo <span class=\"meta-nav\">&rarr;<\/span><\/a><\/p>\n<div class='heateorSssClear'><\/div><div  class='heateor_sss_sharing_container heateor_sss_horizontal_sharing' heateor-sss-data-href='https:\/\/oscarhumbertogomez.com\/?p=27577'><div class='heateor_sss_sharing_title' style=\"font-weight:bold\" >\u00a1Gracias por compartirla!<\/div><ul class=\"heateor_sss_sharing_ul\"><li class=\"heateorSssSharingRound\"><i style=\"width:35px;height:35px;border-radius:999px;\" alt=\"Facebook\" Title=\"Facebook\" class=\"heateorSssSharing heateorSssFacebookBackground\" onclick='heateorSssPopup(\"https:\/\/www.facebook.com\/sharer\/sharer.php?u=https%3A%2F%2Foscarhumbertogomez.com%2Findex.php%3Frest_route%3D%252Fwp%252Fv2%252Fposts%252F27577\")'><ss style=\"display:block;border-radius:999px;\" class=\"heateorSssSharingSvg heateorSssFacebookSvg\"><\/ss><\/i><\/li><li class=\"heateorSssSharingRound\"><i style=\"width:35px;height:35px;border-radius:999px;\" alt=\"Twitter\" Title=\"Twitter\" class=\"heateorSssSharing heateorSssTwitterBackground\" onclick='heateorSssPopup(\"http:\/\/twitter.com\/intent\/tweet?text=HUMBERTO%20MART%C3%8DNEZ%20SALCEDO%2C%20EL%20MAESTRO%20SALUSTIANO%3A%20REMEMBRANZAS%20DE%20UN%20SANTANDEREANO.%20%5BCap%C3%ADtulo%20Cuarto%5D.%20Por%20%C3%93scar%20Humberto%20G%C3%B3mez%20G%C3%B3mez%2C%20Miembro%20de%20la%20Academia%20de%20Historia%20de%20Santander%20y%20Miembro%20del%20Colegio%20Nacional%20de%20Periodistas.&url=https%3A%2F%2Foscarhumbertogomez.com%2Findex.php%3Frest_route%3D%252Fwp%252Fv2%252Fposts%252F27577\")'><ss style=\"display:block;border-radius:999px;\" class=\"heateorSssSharingSvg heateorSssTwitterSvg\"><\/ss><\/i><\/li><li class=\"heateorSssSharingRound\"><i style=\"width:35px;height:35px;border-radius:999px;\" alt=\"Whatsapp\" Title=\"Whatsapp\" class=\"heateorSssSharing heateorSssWhatsappBackground\" onclick='heateorSssPopup(\"https:\/\/web.whatsapp.com\/send?text=HUMBERTO%20MART%C3%8DNEZ%20SALCEDO%2C%20EL%20MAESTRO%20SALUSTIANO%3A%20REMEMBRANZAS%20DE%20UN%20SANTANDEREANO.%20%5BCap%C3%ADtulo%20Cuarto%5D.%20Por%20%C3%93scar%20Humberto%20G%C3%B3mez%20G%C3%B3mez%2C%20Miembro%20de%20la%20Academia%20de%20Historia%20de%20Santander%20y%20Miembro%20del%20Colegio%20Nacional%20de%20Periodistas. https%3A%2F%2Foscarhumbertogomez.com%2Findex.php%3Frest_route%3D%252Fwp%252Fv2%252Fposts%252F27577\")'><ss style=\"display:block\" class=\"heateorSssSharingSvg heateorSssWhatsappSvg\"><\/ss><\/i><\/li><li class=\"heateorSssSharingRound\"><i style=\"width:35px;height:35px;border-radius:999px;\" alt=\"Pinterest\" Title=\"Pinterest\" class=\"heateorSssSharing heateorSssPinterestBackground\" onclick=\"javascript:void( (function() {var e=document.createElement('script' );e.setAttribute('type','text\/javascript' );e.setAttribute('charset','UTF-8' );e.setAttribute('src','\/\/assets.pinterest.com\/js\/pinmarklet.js?r='+Math.random()*99999999);document.body.appendChild(e)})());\"><ss style=\"display:block;border-radius:999px;\" class=\"heateorSssSharingSvg heateorSssPinterestSvg\"><\/ss><\/i><\/li><li class=\"heateorSssSharingRound\"><i style=\"width:35px;height:35px;border-radius:999px;\" alt=\"Google Gmail\" Title=\"Google Gmail\" class=\"heateorSssSharing heateorSssGoogleGmailBackground\" onclick='heateorSssPopup(\"https:\/\/mail.google.com\/mail\/?ui=2&view=cm&fs=1&tf=1&su=HUMBERTO%20MART%C3%8DNEZ%20SALCEDO%2C%20EL%20MAESTRO%20SALUSTIANO%3A%20REMEMBRANZAS%20DE%20UN%20SANTANDEREANO.%20%5BCap%C3%ADtulo%20Cuarto%5D.%20Por%20%C3%93scar%20Humberto%20G%C3%B3mez%20G%C3%B3mez%2C%20Miembro%20de%20la%20Academia%20de%20Historia%20de%20Santander%20y%20Miembro%20del%20Colegio%20Nacional%20de%20Periodistas.&body=Link:https%3A%2F%2Foscarhumbertogomez.com%2Findex.php%3Frest_route%3D%252Fwp%252Fv2%252Fposts%252F27577\")'><ss style=\"display:block;border-radius:999px;\" class=\"heateorSssSharingSvg heateorSssGoogleGmailSvg\"><\/ss><\/i><\/li><li class=\"heateorSssSharingRound\"><i style=\"width:35px;height:35px;border-radius:999px;\" title=\"More\" alt=\"More\" class=\"heateorSssSharing heateorSssMoreBackground\" onclick=\"heateorSssMoreSharingPopup(this, 'https:\/\/oscarhumbertogomez.com\/index.php?rest_route=%2Fwp%2Fv2%2Fposts%2F27577', 'HUMBERTO%20MART%C3%8DNEZ%20SALCEDO%2C%20EL%20MAESTRO%20SALUSTIANO%3A%20REMEMBRANZAS%20DE%20UN%20SANTANDEREANO.%20%5BCap%C3%ADtulo%20Cuarto%5D.%20Por%20%C3%93scar%20Humberto%20G%C3%B3mez%20G%C3%B3mez%2C%20Miembro%20de%20la%20Academia%20de%20Historia%20de%20Santander%20y%20Miembro%20del%20Colegio%20Nacional%20de%20Periodistas.', '' )\" ><ss style=\"display:block\" class=\"heateorSssSharingSvg heateorSssMoreSvg\"><\/ss><\/i><\/li><\/ul><div class=\"heateorSssClear\"><\/div><\/div><div class='heateorSssClear'><\/div>","protected":false},"author":2,"featured_media":0,"comment_status":"closed","ping_status":"closed","sticky":false,"template":"","format":"standard","meta":{"spay_email":"","footnotes":""},"categories":[1],"tags":[],"class_list":["post-27577","post","type-post","status-publish","format-standard","hentry","category-blog"],"jetpack_featured_media_url":"","jetpack_shortlink":"https:\/\/wp.me\/p1FYrr-7aN","_links":{"self":[{"href":"https:\/\/oscarhumbertogomez.com\/index.php?rest_route=\/wp\/v2\/posts\/27577","targetHints":{"allow":["GET"]}}],"collection":[{"href":"https:\/\/oscarhumbertogomez.com\/index.php?rest_route=\/wp\/v2\/posts"}],"about":[{"href":"https:\/\/oscarhumbertogomez.com\/index.php?rest_route=\/wp\/v2\/types\/post"}],"author":[{"embeddable":true,"href":"https:\/\/oscarhumbertogomez.com\/index.php?rest_route=\/wp\/v2\/users\/2"}],"replies":[{"embeddable":true,"href":"https:\/\/oscarhumbertogomez.com\/index.php?rest_route=%2Fwp%2Fv2%2Fcomments&post=27577"}],"version-history":[{"count":5,"href":"https:\/\/oscarhumbertogomez.com\/index.php?rest_route=\/wp\/v2\/posts\/27577\/revisions"}],"predecessor-version":[{"id":27689,"href":"https:\/\/oscarhumbertogomez.com\/index.php?rest_route=\/wp\/v2\/posts\/27577\/revisions\/27689"}],"wp:attachment":[{"href":"https:\/\/oscarhumbertogomez.com\/index.php?rest_route=%2Fwp%2Fv2%2Fmedia&parent=27577"}],"wp:term":[{"taxonomy":"category","embeddable":true,"href":"https:\/\/oscarhumbertogomez.com\/index.php?rest_route=%2Fwp%2Fv2%2Fcategories&post=27577"},{"taxonomy":"post_tag","embeddable":true,"href":"https:\/\/oscarhumbertogomez.com\/index.php?rest_route=%2Fwp%2Fv2%2Ftags&post=27577"}],"curies":[{"name":"wp","href":"https:\/\/api.w.org\/{rel}","templated":true}]}}