{"id":27720,"date":"2018-12-04T13:50:23","date_gmt":"2018-12-04T18:50:23","guid":{"rendered":"http:\/\/www.oscarhumbertogomez.com\/?p=27720"},"modified":"2025-02-10T21:47:47","modified_gmt":"2025-02-11T02:47:47","slug":"humberto-martinez-salcedo-el-maestro-salustiano-remembranzas-de-un-santandereano-capitulo-quinto-por-oscar-humberto-gomez-gomez-miembro-de-la-academia-de-historia-de-santander-y-miembro-del-col","status":"publish","type":"post","link":"https:\/\/oscarhumbertogomez.com\/?p=27720","title":{"rendered":"HUMBERTO MART\u00cdNEZ SALCEDO, EL MAESTRO SALUSTIANO: REMEMBRANZAS DE UN SANTANDEREANO. [Cap\u00edtulo Quinto]. Por \u00d3scar Humberto G\u00f3mez G\u00f3mez, Miembro de la Academia de Historia de Santander y Miembro del Colegio Nacional de Periodistas."},"content":{"rendered":"<p><a href=\"https:\/\/lapiedrafilosofal.com\/wp-content\/uploads\/2018\/11\/HUMBERTO-MARTINEZ-SALCEDO-1.jpg\"><img loading=\"lazy\" decoding=\"async\" class=\"alignnone size-full wp-image-27469\" src=\"https:\/\/lapiedrafilosofal.com\/wp-content\/uploads\/2018\/11\/HUMBERTO-MARTINEZ-SALCEDO-1.jpg\" alt=\"\" width=\"478\" height=\"375\" srcset=\"https:\/\/oscarhumbertogomez.com\/wp-content\/uploads\/2018\/11\/HUMBERTO-MARTINEZ-SALCEDO-1.jpg 478w, https:\/\/oscarhumbertogomez.com\/wp-content\/uploads\/2018\/11\/HUMBERTO-MARTINEZ-SALCEDO-1-300x235.jpg 300w\" sizes=\"auto, (max-width: 478px) 100vw, 478px\" \/><\/a><\/p>\n<p>&nbsp;<\/p>\n<p>En 1978, dos hechos particularmente importantes tuvieron lugar en la vida de Humberto Mart\u00ednez Salcedo: el estreno de la nueva pel\u00edcula <em>El candidato<\/em>, protagonizada por Jaime Santos y en la que tomaba parte como parte del pueblo, y la muerte y sepelio de su admirado amigo, el compositor de m\u00fasica andina colombiana maestro Jos\u00e9 A. Morales.<\/p>\n<p>Las carteleras de cine, en efecto, al a\u00f1o siguiente de <em>Mamagay<\/em>, anunciaban la cinta <em>El candidato<\/em>. En ella, los actores Jaime Santos, Hugo Pati\u00f1o, Carlos Mu\u00f1oz, Pepe S\u00e1nchez, Carlos Barbosa, Maruja Toro, Jairo Soto, Al\u00ed Humar, Hernando Casanova, V\u00edctor Hugo Morant, Gustavo Angarita, Silvio \u00c1ngel, Rafael Boh\u00f3rquez, Rey V\u00e1squez y Chela del R\u00edo, entre otras destacadas figuras de la televisi\u00f3n de la \u00e9poca, desnudaban \u2014con humor y s\u00e1tira\u2014 la triste realidad de c\u00f3mo, en la pol\u00edtica colombiana, se aprovechaba la pobreza y la ignorancia para obtener los votos y arribar triunfantes a los cargos p\u00fablicos de elecci\u00f3n popular. La falta de un techo era el principal motor que mov\u00eda a la pobrer\u00eda irredenta a peg\u00e1rseles, en forma irreflexiva, a urbanizadores piratas, a farsantes de la peor cala\u00f1a y, en fin, a personajes sin valores, todo con la ilusi\u00f3n de una casita propia, as\u00ed fuese sin escrituras y en terrenos deleznables y sin servicios.<\/p>\n<p>&nbsp;<\/p>\n<p><a href=\"https:\/\/lapiedrafilosofal.com\/wp-content\/uploads\/2018\/12\/ROLLO-CINE.jpg\"><img loading=\"lazy\" decoding=\"async\" class=\"alignnone size-full wp-image-27733\" src=\"https:\/\/lapiedrafilosofal.com\/wp-content\/uploads\/2018\/12\/ROLLO-CINE.jpg\" alt=\"\" width=\"900\" height=\"876\" srcset=\"https:\/\/oscarhumbertogomez.com\/wp-content\/uploads\/2018\/12\/ROLLO-CINE.jpg 900w, https:\/\/oscarhumbertogomez.com\/wp-content\/uploads\/2018\/12\/ROLLO-CINE-300x292.jpg 300w, https:\/\/oscarhumbertogomez.com\/wp-content\/uploads\/2018\/12\/ROLLO-CINE-768x748.jpg 768w\" sizes=\"auto, (max-width: 900px) 100vw, 900px\" \/><\/a><\/p>\n<p>&nbsp;<\/p>\n<p><a href=\"https:\/\/lapiedrafilosofal.com\/wp-content\/uploads\/2018\/12\/CLIMACO-.jpg\"><img loading=\"lazy\" decoding=\"async\" class=\"alignnone size-full wp-image-27724\" src=\"https:\/\/lapiedrafilosofal.com\/wp-content\/uploads\/2018\/12\/CLIMACO-.jpg\" alt=\"\" width=\"770\" height=\"430\" srcset=\"https:\/\/oscarhumbertogomez.com\/wp-content\/uploads\/2018\/12\/CLIMACO-.jpg 770w, https:\/\/oscarhumbertogomez.com\/wp-content\/uploads\/2018\/12\/CLIMACO--300x168.jpg 300w, https:\/\/oscarhumbertogomez.com\/wp-content\/uploads\/2018\/12\/CLIMACO--768x429.jpg 768w\" sizes=\"auto, (max-width: 770px) 100vw, 770px\" \/><\/a><\/p>\n<p>&nbsp;<\/p>\n<p><a href=\"https:\/\/lapiedrafilosofal.com\/wp-content\/uploads\/2018\/12\/Humberto-.jpg\"><img loading=\"lazy\" decoding=\"async\" class=\"alignnone size-full wp-image-27725\" src=\"https:\/\/lapiedrafilosofal.com\/wp-content\/uploads\/2018\/12\/Humberto-.jpg\" alt=\"\" width=\"770\" height=\"436\" srcset=\"https:\/\/oscarhumbertogomez.com\/wp-content\/uploads\/2018\/12\/Humberto-.jpg 770w, https:\/\/oscarhumbertogomez.com\/wp-content\/uploads\/2018\/12\/Humberto--300x170.jpg 300w, https:\/\/oscarhumbertogomez.com\/wp-content\/uploads\/2018\/12\/Humberto--768x435.jpg 768w\" sizes=\"auto, (max-width: 770px) 100vw, 770px\" \/><\/a><\/p>\n<p>&nbsp;<\/p>\n<p>Y ante el f\u00e9retro del maestro Jos\u00e9 A. Morales, Humberto Mart\u00ednez Salcedo pronuncia un discurso memorable, que habla por s\u00ed mismo, no solo de las calidades de quien acababa de fallecer, sino de las de quien en aquellos momentos luctuosos hac\u00eda el paneg\u00edrico del cantor que nos dejaba.<\/p>\n<p>Esta es la eleg\u00eda que escuchamos en aquella ocasi\u00f3n de la viva voz de quien la hab\u00eda escrito, en aquel momento el humorista m\u00e1s grande de Colombia, y, seg\u00fan la autorizada opini\u00f3n del maestro Carlos S\u00e1nchez, el \u00fanico. (Y eso que quien tal cosa aseguraba\u2014el maestro Carlos S\u00e1nchez, creador de &#8220;El inspector Ruanini&#8221;, de &#8220;El indio Pocamano&#8221; y de &#8220;Do\u00f1a Cleofe&#8221;\u2014 s\u00ed que lo era). As\u00ed habl\u00f3 Humberto Mart\u00ednez Salcedo en el funeral del gran compositor de &#8220;Pueblito viejo&#8221; el s\u00e1bado 23 de setiembre de 1978:<\/p>\n<p>&nbsp;<\/p>\n<p><a href=\"https:\/\/lapiedrafilosofal.com\/wp-content\/uploads\/2018\/12\/Morales-Jose-A.jpg\"><img loading=\"lazy\" decoding=\"async\" class=\"alignnone size-full wp-image-27726\" src=\"https:\/\/lapiedrafilosofal.com\/wp-content\/uploads\/2018\/12\/Morales-Jose-A.jpg\" alt=\"\" width=\"823\" height=\"998\" srcset=\"https:\/\/oscarhumbertogomez.com\/wp-content\/uploads\/2018\/12\/Morales-Jose-A.jpg 823w, https:\/\/oscarhumbertogomez.com\/wp-content\/uploads\/2018\/12\/Morales-Jose-A-247x300.jpg 247w, https:\/\/oscarhumbertogomez.com\/wp-content\/uploads\/2018\/12\/Morales-Jose-A-768x931.jpg 768w\" sizes=\"auto, (max-width: 823px) 100vw, 823px\" \/><\/a><\/p>\n<p>&nbsp;<\/p>\n<p><a href=\"https:\/\/lapiedrafilosofal.com\/wp-content\/uploads\/2018\/12\/humberto_martinez.jpg\"><img decoding=\"async\" class=\"alignnone size-full wp-image-27727\" src=\"https:\/\/lapiedrafilosofal.com\/wp-content\/uploads\/2018\/12\/humberto_martinez.jpg\" alt=\"\" width=\"500\"><\/a><\/p>\n<p>&nbsp;<\/p>\n<p><a href=\"https:\/\/lapiedrafilosofal.com\/wp-content\/uploads\/2015\/08\/azucenas.jpg\"><img loading=\"lazy\" decoding=\"async\" class=\"aligncenter size-full wp-image-17479\" src=\"https:\/\/lapiedrafilosofal.com\/wp-content\/uploads\/2015\/08\/azucenas.jpg\" alt=\"azucenas\" width=\"900\" height=\"619\" srcset=\"https:\/\/oscarhumbertogomez.com\/wp-content\/uploads\/2015\/08\/azucenas.jpg 900w, https:\/\/oscarhumbertogomez.com\/wp-content\/uploads\/2015\/08\/azucenas-300x206.jpg 300w\" sizes=\"auto, (max-width: 900px) 100vw, 900px\" \/><\/a><\/p>\n<p>&nbsp;<\/p>\n<p>&#8220;Ah\u00ed est\u00e1, con su altivez inmaculada y la serenidad que deja el canto; con las manos tranquilas despu\u00e9s de haber dejado inquieto el aire, luego de haberlo llenado de trinos y emociones; con su ancho coraz\u00f3n comunero, yacente, detenido, como un tremendo volc\u00e1n apagado.&nbsp;Lo ha dejado todo aqu\u00ed, sin escrituras, salido de sus insondables alforjas musicales, para nuestro constante patrimonio.&nbsp;Con su humilde &#8220;Soberbia&#8221; nos convoca para que repitamos su fe, para que lo acompa\u00f1emos en este duro compromiso de amar a Colombia campesina, de mantenerla intacta y di\u00e1fana como sus bambucos solitarios.<\/p>\n<p>No fue un accidente su cantar: tras de \u00e9l ven\u00eda en aluvi\u00f3n, entre pentagramas y batallas, la voz total de un pueblo; una comunidad de p\u00edfanos, y caracoles, y tambores, que despert\u00f3 las serran\u00edas en la infancia ind\u00edgena; un tropel de cuerdas de guitarra que se vino en el oc\u00e9ano, en carabelas, a parir leyendas y caminos; y un mestizo indomable que convirti\u00f3 en tiple la tristeza de su esclavitud y el campanazo de su rebeld\u00eda.<\/p>\n<p>Aqu\u00ed s\u00ed que queda historia: la simple y casta historia de las quebradas y las chozas, sin condecoraciones ni medallas; la garganta de los arreboles y la luz adormecida de los amaneceres. No le viene a mancillar en el momento p\u00f3stumo la mano impura de quienes traicionaron la guabina y pretenden convertir su pecho en dividendos, porque est\u00e1 entre un cerco de amigos que seguiremos tarareando sus canciones y que vinimos a acompa\u00f1arlo, cuando se ha callado, para agrandar en coro sus palabras.<\/p>\n<p>Cuando nos indaguen nuestros hijos este dolor que traemos \u2014como una copla sangrada\u2014 entre los ojos, por la muerte de este inmenso trovador, les diremos: &#8220;Nos duele su ausencia, porque su mano de comunero ya no volver\u00e1 a consentir la patria revendida; porque con \u00e9l parece que enterr\u00e1ramos los tiples y la honestidad; porque devolvemos a la tierra los bambucos para que nuestras eras se llenen de guitarras el\u00e9ctricas y alaridos; porque fue nuestro hermano en la crianza de los sue\u00f1os y de las quijotadas&#8221;.<\/p>\n<p>Lo devolvemos puro al infinito, entre el llanto de las monta\u00f1as y los hombres; en medio de su funeral de luceros; con el luto apretado de los campesinos, que frente a este f\u00e9retro ven apagados sus fogones; con su gigantesca lecci\u00f3n de patriotismo, que desde su reingreso a las entra\u00f1as de la tierra colombiana, va a convertirse en credo y en leyenda.<\/p>\n<p>Hasta luego, &#8220;Jijuepuerquita&#8221;&#8221;.<\/p>\n<p>&nbsp;<\/p>\n<p><iframe loading=\"lazy\" width=\"560\" height=\"315\" src=\"https:\/\/www.youtube-nocookie.com\/embed\/LgB2rCqiamI?si=FnrmjZ7DHa8q55rn&amp;controls=0&amp;start=26\" title=\"YouTube video player\" frameborder=\"0\" allow=\"accelerometer; autoplay; clipboard-write; encrypted-media; gyroscope; picture-in-picture; web-share\" referrerpolicy=\"strict-origin-when-cross-origin\" allowfullscreen=\"\"><\/iframe><\/p>\n<p>&nbsp;<\/p>\n<p><em>[CONTINUAR\u00c1]<\/em><\/p>\n<p>__________<\/p>\n<p><strong>FOTOGRAF\u00cdAS: (1) <\/strong>Humberto Mart\u00ednez Salcedo como El Maestro Salustiano, escribiendo sus libretos.<\/p>\n<p><strong>(2) <\/strong>Rollo cinematogr\u00e1fico.<\/p>\n<p><strong>(3)<\/strong> Cl\u00edmaco Urrutia Urrutia, representado por Jaime Santos.<\/p>\n<p><strong>(4)<\/strong> El maestro Salustiano, representado por Humberto Mart\u00ednez Salcedo.<\/p>\n<p><strong>(5)<\/strong> Jos\u00e9 A. Morales.<\/p>\n<p><strong>(6)<\/strong> Humberto Mart\u00ednez Salcedo.<\/p>\n<p><strong>(7)<\/strong> Azucenas.<\/p>\n<p><strong>(8)<\/strong> Video del tema &#8220;Pueblito viejo&#8221;, de Jos\u00e9 A. Morales.<\/p>\n<p>&nbsp;<\/p>\n","protected":false},"excerpt":{"rendered":"<p>&nbsp; En 1978, dos hechos particularmente importantes tuvieron lugar en la vida de Humberto Mart\u00ednez Salcedo: el estreno de la nueva pel\u00edcula El candidato, protagonizada por Jaime Santos y en la que tomaba parte como parte del pueblo, y la &hellip; <a href=\"https:\/\/oscarhumbertogomez.com\/?p=27720\">Sigue leyendo <span class=\"meta-nav\">&rarr;<\/span><\/a><\/p>\n<div class='heateorSssClear'><\/div><div  class='heateor_sss_sharing_container heateor_sss_horizontal_sharing' heateor-sss-data-href='https:\/\/oscarhumbertogomez.com\/?p=27720'><div class='heateor_sss_sharing_title' style=\"font-weight:bold\" >\u00a1Gracias por compartirla!<\/div><ul class=\"heateor_sss_sharing_ul\"><li class=\"heateorSssSharingRound\"><i style=\"width:35px;height:35px;border-radius:999px;\" alt=\"Facebook\" Title=\"Facebook\" class=\"heateorSssSharing heateorSssFacebookBackground\" onclick='heateorSssPopup(\"https:\/\/www.facebook.com\/sharer\/sharer.php?u=https%3A%2F%2Foscarhumbertogomez.com%2Findex.php%3Frest_route%3D%252Fwp%252Fv2%252Fposts%252F27720\")'><ss style=\"display:block;border-radius:999px;\" class=\"heateorSssSharingSvg heateorSssFacebookSvg\"><\/ss><\/i><\/li><li class=\"heateorSssSharingRound\"><i style=\"width:35px;height:35px;border-radius:999px;\" alt=\"Twitter\" Title=\"Twitter\" class=\"heateorSssSharing heateorSssTwitterBackground\" onclick='heateorSssPopup(\"http:\/\/twitter.com\/intent\/tweet?text=HUMBERTO%20MART%C3%8DNEZ%20SALCEDO%2C%20EL%20MAESTRO%20SALUSTIANO%3A%20REMEMBRANZAS%20DE%20UN%20SANTANDEREANO.%20%5BCap%C3%ADtulo%20Quinto%5D.%20Por%20%C3%93scar%20Humberto%20G%C3%B3mez%20G%C3%B3mez%2C%20Miembro%20de%20la%20Academia%20de%20Historia%20de%20Santander%20y%20Miembro%20del%20Colegio%20Nacional%20de%20Periodistas.&url=https%3A%2F%2Foscarhumbertogomez.com%2Findex.php%3Frest_route%3D%252Fwp%252Fv2%252Fposts%252F27720\")'><ss style=\"display:block;border-radius:999px;\" class=\"heateorSssSharingSvg heateorSssTwitterSvg\"><\/ss><\/i><\/li><li class=\"heateorSssSharingRound\"><i style=\"width:35px;height:35px;border-radius:999px;\" alt=\"Whatsapp\" Title=\"Whatsapp\" class=\"heateorSssSharing heateorSssWhatsappBackground\" onclick='heateorSssPopup(\"https:\/\/web.whatsapp.com\/send?text=HUMBERTO%20MART%C3%8DNEZ%20SALCEDO%2C%20EL%20MAESTRO%20SALUSTIANO%3A%20REMEMBRANZAS%20DE%20UN%20SANTANDEREANO.%20%5BCap%C3%ADtulo%20Quinto%5D.%20Por%20%C3%93scar%20Humberto%20G%C3%B3mez%20G%C3%B3mez%2C%20Miembro%20de%20la%20Academia%20de%20Historia%20de%20Santander%20y%20Miembro%20del%20Colegio%20Nacional%20de%20Periodistas. https%3A%2F%2Foscarhumbertogomez.com%2Findex.php%3Frest_route%3D%252Fwp%252Fv2%252Fposts%252F27720\")'><ss style=\"display:block\" class=\"heateorSssSharingSvg heateorSssWhatsappSvg\"><\/ss><\/i><\/li><li class=\"heateorSssSharingRound\"><i style=\"width:35px;height:35px;border-radius:999px;\" alt=\"Pinterest\" Title=\"Pinterest\" class=\"heateorSssSharing heateorSssPinterestBackground\" onclick=\"javascript:void( (function() {var e=document.createElement('script' );e.setAttribute('type','text\/javascript' );e.setAttribute('charset','UTF-8' );e.setAttribute('src','\/\/assets.pinterest.com\/js\/pinmarklet.js?r='+Math.random()*99999999);document.body.appendChild(e)})());\"><ss style=\"display:block;border-radius:999px;\" class=\"heateorSssSharingSvg heateorSssPinterestSvg\"><\/ss><\/i><\/li><li class=\"heateorSssSharingRound\"><i style=\"width:35px;height:35px;border-radius:999px;\" alt=\"Google Gmail\" Title=\"Google Gmail\" class=\"heateorSssSharing heateorSssGoogleGmailBackground\" onclick='heateorSssPopup(\"https:\/\/mail.google.com\/mail\/?ui=2&view=cm&fs=1&tf=1&su=HUMBERTO%20MART%C3%8DNEZ%20SALCEDO%2C%20EL%20MAESTRO%20SALUSTIANO%3A%20REMEMBRANZAS%20DE%20UN%20SANTANDEREANO.%20%5BCap%C3%ADtulo%20Quinto%5D.%20Por%20%C3%93scar%20Humberto%20G%C3%B3mez%20G%C3%B3mez%2C%20Miembro%20de%20la%20Academia%20de%20Historia%20de%20Santander%20y%20Miembro%20del%20Colegio%20Nacional%20de%20Periodistas.&body=Link:https%3A%2F%2Foscarhumbertogomez.com%2Findex.php%3Frest_route%3D%252Fwp%252Fv2%252Fposts%252F27720\")'><ss style=\"display:block;border-radius:999px;\" class=\"heateorSssSharingSvg heateorSssGoogleGmailSvg\"><\/ss><\/i><\/li><li class=\"heateorSssSharingRound\"><i style=\"width:35px;height:35px;border-radius:999px;\" title=\"More\" alt=\"More\" class=\"heateorSssSharing heateorSssMoreBackground\" onclick=\"heateorSssMoreSharingPopup(this, 'https:\/\/oscarhumbertogomez.com\/index.php?rest_route=%2Fwp%2Fv2%2Fposts%2F27720', 'HUMBERTO%20MART%C3%8DNEZ%20SALCEDO%2C%20EL%20MAESTRO%20SALUSTIANO%3A%20REMEMBRANZAS%20DE%20UN%20SANTANDEREANO.%20%5BCap%C3%ADtulo%20Quinto%5D.%20Por%20%C3%93scar%20Humberto%20G%C3%B3mez%20G%C3%B3mez%2C%20Miembro%20de%20la%20Academia%20de%20Historia%20de%20Santander%20y%20Miembro%20del%20Colegio%20Nacional%20de%20Periodistas.', '' )\" ><ss style=\"display:block\" class=\"heateorSssSharingSvg heateorSssMoreSvg\"><\/ss><\/i><\/li><\/ul><div class=\"heateorSssClear\"><\/div><\/div><div class='heateorSssClear'><\/div>","protected":false},"author":2,"featured_media":0,"comment_status":"closed","ping_status":"closed","sticky":false,"template":"","format":"standard","meta":{"spay_email":"","footnotes":""},"categories":[1],"tags":[],"class_list":["post-27720","post","type-post","status-publish","format-standard","hentry","category-blog"],"jetpack_featured_media_url":"","jetpack_shortlink":"https:\/\/wp.me\/p1FYrr-7d6","_links":{"self":[{"href":"https:\/\/oscarhumbertogomez.com\/index.php?rest_route=\/wp\/v2\/posts\/27720","targetHints":{"allow":["GET"]}}],"collection":[{"href":"https:\/\/oscarhumbertogomez.com\/index.php?rest_route=\/wp\/v2\/posts"}],"about":[{"href":"https:\/\/oscarhumbertogomez.com\/index.php?rest_route=\/wp\/v2\/types\/post"}],"author":[{"embeddable":true,"href":"https:\/\/oscarhumbertogomez.com\/index.php?rest_route=\/wp\/v2\/users\/2"}],"replies":[{"embeddable":true,"href":"https:\/\/oscarhumbertogomez.com\/index.php?rest_route=%2Fwp%2Fv2%2Fcomments&post=27720"}],"version-history":[{"count":6,"href":"https:\/\/oscarhumbertogomez.com\/index.php?rest_route=\/wp\/v2\/posts\/27720\/revisions"}],"predecessor-version":[{"id":50620,"href":"https:\/\/oscarhumbertogomez.com\/index.php?rest_route=\/wp\/v2\/posts\/27720\/revisions\/50620"}],"wp:attachment":[{"href":"https:\/\/oscarhumbertogomez.com\/index.php?rest_route=%2Fwp%2Fv2%2Fmedia&parent=27720"}],"wp:term":[{"taxonomy":"category","embeddable":true,"href":"https:\/\/oscarhumbertogomez.com\/index.php?rest_route=%2Fwp%2Fv2%2Fcategories&post=27720"},{"taxonomy":"post_tag","embeddable":true,"href":"https:\/\/oscarhumbertogomez.com\/index.php?rest_route=%2Fwp%2Fv2%2Ftags&post=27720"}],"curies":[{"name":"wp","href":"https:\/\/api.w.org\/{rel}","templated":true}]}}