{"id":27825,"date":"2018-12-13T14:51:40","date_gmt":"2018-12-13T19:51:40","guid":{"rendered":"http:\/\/www.oscarhumbertogomez.com\/?p=27825"},"modified":"2018-12-13T14:53:43","modified_gmt":"2018-12-13T19:53:43","slug":"aniversario-de-la-declaracion-universal-de-derechos-humanos-por-hector-hernandez-mateus","status":"publish","type":"post","link":"https:\/\/oscarhumbertogomez.com\/?p=27825","title":{"rendered":"A PROP\u00d3SITO DEL SEPTUAG\u00c9SIMO ANIVERSARIO DE LA DECLARACI\u00d3N UNIVERSAL DE DERECHOS HUMANOS. Por: H\u00e9ctor Hern\u00e1ndez Mateus."},"content":{"rendered":"<p><a href=\"https:\/\/lapiedrafilosofal.com\/wp-content\/uploads\/2018\/12\/HECTOR.jpg\"><img loading=\"lazy\" decoding=\"async\" class=\"alignnone size-full wp-image-27826\" src=\"https:\/\/lapiedrafilosofal.com\/wp-content\/uploads\/2018\/12\/HECTOR.jpg\" alt=\"\" width=\"717\" height=\"720\" srcset=\"https:\/\/oscarhumbertogomez.com\/wp-content\/uploads\/2018\/12\/HECTOR.jpg 717w, https:\/\/oscarhumbertogomez.com\/wp-content\/uploads\/2018\/12\/HECTOR-150x150.jpg 150w, https:\/\/oscarhumbertogomez.com\/wp-content\/uploads\/2018\/12\/HECTOR-300x300.jpg 300w\" sizes=\"auto, (max-width: 717px) 100vw, 717px\" \/><\/a><\/p>\n<p>&nbsp;<\/p>\n<p>Se cumplieron 70 a\u00f1os de la Declaraci\u00f3n Universal de los Derechos Humanos, que establece como de orden supremo el respeto a la dignidad de las personas, a su vida y honra, con garant\u00edas de igualdad y equidad, fundamentalmente, y el propender por un desarrollo integral, con las garant\u00edas que el Estado debe de dar a todos los ciudadanos, sin interesar creencias religiosas y pol\u00edticas, y a\u00fan menos de tipo socio-econ\u00f3mico.<\/p>\n<p>Se lee muy bonito, pero \u00bfqu\u00e9 sucede en la realidad? un modelo de gobierno impositivo de impuestos y grav\u00e1menes; el monopolio econ\u00f3mico arrollador, llamado neoliberal, donde se apabulla y relega al grueso de la comunidad, un Estado garantista, pero con los poderosos.<\/p>\n<p>El pueblo-pueblo no tiene m\u00e1s forma de protestar que de manera callejera, m\u00e9todo que es reprimido por el estamento estatal, mediante escuadrones de uniformados especializados, con el agravante de existir denuncias sobre infiltraciones para causar caos y as\u00ed justificar la confrontaci\u00f3n violenta contra los inermes sublevados y, para completar, l\u00edderes sociales asesinados o desaparecidos.<\/p>\n<p>Son treinta art\u00edculos que acopian derechos de car\u00e1cter civil, pol\u00edtico, social, econ\u00f3mico y cultural como fundamento de los Derechos Humanos, art\u00edculos que ser\u00eda muy importante inducir al conocimiento y crear conciencia de su aplicabilidad. Se deber\u00edan dar a conocer en estudios ciertos y anal\u00edticos cada uno de los art\u00edculos componentes de lo que es este legado, fruto de tantas luchas, con p\u00e9rdida de valiosas vidas, en todo el mundo y el sufrimiento de persecuciones por parte de muchos otros.<\/p>\n<p>La causa primordial de tanta violaci\u00f3n de los derechos humanos es el af\u00e1n desaforado de lograr capitales o incrementar los ya existentes, sin interesar a qui\u00e9nes se pisotea, transgrediendo los derechos m\u00ednimos que le corresponden a cualquier ciudadano, sea del estrato que sea. Las amenazas, que desembocan en desplazamientos, son en nuestro pa\u00eds, y muchos otros, causa de miseria y p\u00e9rdida de la dignidad. Campesinos arrollados por obras de infraestructura, con p\u00e9rdida de fuentes h\u00eddricas y derechos adquiridos por posesi\u00f3n a trav\u00e9s de a\u00f1os de producci\u00f3n agr\u00edcola.<\/p>\n<p>Los cuestionamientos deben de ser generales frente a los diversos actores de los atropellos, la investigaci\u00f3n y juzgamiento, con el respectivo castigo, no debe de tener impunidad. Es mucho m\u00e1s inadmisible que se ejecuten por parte de agentes gubernamentales, aquellos que juraron defender la vida y honra del ciudadano, que adem\u00e1s se lucran del erario, pero toman para sus acciones las armas y elementos de dotaci\u00f3n oficial, pagados por quienes atropellan.<\/p>\n<p>Este es un pa\u00eds donde se explota al obrero mediante artima\u00f1as como el obligarlo a ingresar al sistema cooperativo para as\u00ed birlar la legislaci\u00f3n laboral, las jornadas extenuantes de horarios y la no remuneraci\u00f3n de esas horas extras. El manoseo de los monopolios del sistema de salud, donde \u201cel paseo de la muerte\u201d es el reflejo de la p\u00e9rdida del valor de la vida; los afiliados a cada sistema pierden garant\u00edas, d\u00eda tras d\u00eda, contando con el silencio c\u00f3mplice de los estamentos de control.<\/p>\n<p>Un sistema financiero cada vez m\u00e1s estrangulador, beneficiario de un impuesto supuestamente temporal, que fue establecido con argumentos retr\u00f3grados, quita poder adquisitivo y genera disidencia en la industria y el comercio. La falta de programas efectivos en Educaci\u00f3n, Vivienda y Recreaci\u00f3n hace que sean derechos que, al igual que la Justicia, reposan en finos folios, como compromiso estatal, pero que, igual que otros m\u00e1s, vivan siendo sistem\u00e1ticamente vulnerados. Elementales derechos pisoteados, que se agravan cuando parte de la sociedad se contamina con la cultura traqueta del dinero r\u00e1pido, sin esfuerzo, obtenido mediante la consumaci\u00f3n de delitos, que conexos llevan el menoscabo intelectual y f\u00edsico de muchos j\u00f3venes, especialmente.<\/p>\n<p>Es, pues, el enriquecimiento de muy pocos, con la estela de dolor y muerte que, en familias humildes, son parte del paisaje sombr\u00edo de mi amada patria.<\/p>\n<p>________<\/p>\n<p><strong>H\u00c9CTOR HERN\u00c1NDEZ MATEUS<\/strong>. Reportero gr\u00e1fico, dirigente deportivo y c\u00edvico, y conciliador en equidad santandereano. Es columnista del diario El Frente.<\/p>\n","protected":false},"excerpt":{"rendered":"<p>&nbsp; Se cumplieron 70 a\u00f1os de la Declaraci\u00f3n Universal de los Derechos Humanos, que establece como de orden supremo el respeto a la dignidad de las personas, a su vida y honra, con garant\u00edas de igualdad y equidad, fundamentalmente, y &hellip; <a href=\"https:\/\/oscarhumbertogomez.com\/?p=27825\">Sigue leyendo <span class=\"meta-nav\">&rarr;<\/span><\/a><\/p>\n<div class='heateorSssClear'><\/div><div  class='heateor_sss_sharing_container heateor_sss_horizontal_sharing' heateor-sss-data-href='https:\/\/oscarhumbertogomez.com\/?p=27825'><div class='heateor_sss_sharing_title' style=\"font-weight:bold\" >\u00a1Gracias por compartirla!<\/div><ul class=\"heateor_sss_sharing_ul\"><li class=\"heateorSssSharingRound\"><i style=\"width:35px;height:35px;border-radius:999px;\" alt=\"Facebook\" Title=\"Facebook\" class=\"heateorSssSharing heateorSssFacebookBackground\" onclick='heateorSssPopup(\"https:\/\/www.facebook.com\/sharer\/sharer.php?u=https%3A%2F%2Foscarhumbertogomez.com%2Findex.php%3Frest_route%3D%252Fwp%252Fv2%252Fposts%252F27825\")'><ss style=\"display:block;border-radius:999px;\" class=\"heateorSssSharingSvg heateorSssFacebookSvg\"><\/ss><\/i><\/li><li class=\"heateorSssSharingRound\"><i style=\"width:35px;height:35px;border-radius:999px;\" alt=\"Twitter\" Title=\"Twitter\" class=\"heateorSssSharing heateorSssTwitterBackground\" onclick='heateorSssPopup(\"http:\/\/twitter.com\/intent\/tweet?text=A%20PROP%C3%93SITO%20DEL%20SEPTUAG%C3%89SIMO%20ANIVERSARIO%20DE%20LA%20DECLARACI%C3%93N%20UNIVERSAL%20DE%20DERECHOS%20HUMANOS.%20Por%3A%20H%C3%A9ctor%20Hern%C3%A1ndez%20Mateus.&url=https%3A%2F%2Foscarhumbertogomez.com%2Findex.php%3Frest_route%3D%252Fwp%252Fv2%252Fposts%252F27825\")'><ss style=\"display:block;border-radius:999px;\" class=\"heateorSssSharingSvg heateorSssTwitterSvg\"><\/ss><\/i><\/li><li class=\"heateorSssSharingRound\"><i style=\"width:35px;height:35px;border-radius:999px;\" alt=\"Whatsapp\" Title=\"Whatsapp\" class=\"heateorSssSharing heateorSssWhatsappBackground\" onclick='heateorSssPopup(\"https:\/\/web.whatsapp.com\/send?text=A%20PROP%C3%93SITO%20DEL%20SEPTUAG%C3%89SIMO%20ANIVERSARIO%20DE%20LA%20DECLARACI%C3%93N%20UNIVERSAL%20DE%20DERECHOS%20HUMANOS.%20Por%3A%20H%C3%A9ctor%20Hern%C3%A1ndez%20Mateus. https%3A%2F%2Foscarhumbertogomez.com%2Findex.php%3Frest_route%3D%252Fwp%252Fv2%252Fposts%252F27825\")'><ss style=\"display:block\" class=\"heateorSssSharingSvg heateorSssWhatsappSvg\"><\/ss><\/i><\/li><li class=\"heateorSssSharingRound\"><i style=\"width:35px;height:35px;border-radius:999px;\" alt=\"Pinterest\" Title=\"Pinterest\" class=\"heateorSssSharing heateorSssPinterestBackground\" onclick=\"javascript:void( (function() {var e=document.createElement('script' );e.setAttribute('type','text\/javascript' );e.setAttribute('charset','UTF-8' );e.setAttribute('src','\/\/assets.pinterest.com\/js\/pinmarklet.js?r='+Math.random()*99999999);document.body.appendChild(e)})());\"><ss style=\"display:block;border-radius:999px;\" class=\"heateorSssSharingSvg heateorSssPinterestSvg\"><\/ss><\/i><\/li><li class=\"heateorSssSharingRound\"><i style=\"width:35px;height:35px;border-radius:999px;\" alt=\"Google Gmail\" Title=\"Google Gmail\" class=\"heateorSssSharing heateorSssGoogleGmailBackground\" onclick='heateorSssPopup(\"https:\/\/mail.google.com\/mail\/?ui=2&view=cm&fs=1&tf=1&su=A%20PROP%C3%93SITO%20DEL%20SEPTUAG%C3%89SIMO%20ANIVERSARIO%20DE%20LA%20DECLARACI%C3%93N%20UNIVERSAL%20DE%20DERECHOS%20HUMANOS.%20Por%3A%20H%C3%A9ctor%20Hern%C3%A1ndez%20Mateus.&body=Link:https%3A%2F%2Foscarhumbertogomez.com%2Findex.php%3Frest_route%3D%252Fwp%252Fv2%252Fposts%252F27825\")'><ss style=\"display:block;border-radius:999px;\" class=\"heateorSssSharingSvg heateorSssGoogleGmailSvg\"><\/ss><\/i><\/li><li class=\"heateorSssSharingRound\"><i style=\"width:35px;height:35px;border-radius:999px;\" title=\"More\" alt=\"More\" class=\"heateorSssSharing heateorSssMoreBackground\" onclick=\"heateorSssMoreSharingPopup(this, 'https:\/\/oscarhumbertogomez.com\/index.php?rest_route=%2Fwp%2Fv2%2Fposts%2F27825', 'A%20PROP%C3%93SITO%20DEL%20SEPTUAG%C3%89SIMO%20ANIVERSARIO%20DE%20LA%20DECLARACI%C3%93N%20UNIVERSAL%20DE%20DERECHOS%20HUMANOS.%20Por%3A%20H%C3%A9ctor%20Hern%C3%A1ndez%20Mateus.', '' )\" ><ss style=\"display:block\" class=\"heateorSssSharingSvg heateorSssMoreSvg\"><\/ss><\/i><\/li><\/ul><div class=\"heateorSssClear\"><\/div><\/div><div class='heateorSssClear'><\/div>","protected":false},"author":2,"featured_media":0,"comment_status":"open","ping_status":"open","sticky":false,"template":"","format":"standard","meta":{"spay_email":"","footnotes":""},"categories":[],"tags":[],"class_list":["post-27825","post","type-post","status-publish","format-standard","hentry"],"jetpack_featured_media_url":"","jetpack_shortlink":"https:\/\/wp.me\/p1FYrr-7eN","_links":{"self":[{"href":"https:\/\/oscarhumbertogomez.com\/index.php?rest_route=\/wp\/v2\/posts\/27825","targetHints":{"allow":["GET"]}}],"collection":[{"href":"https:\/\/oscarhumbertogomez.com\/index.php?rest_route=\/wp\/v2\/posts"}],"about":[{"href":"https:\/\/oscarhumbertogomez.com\/index.php?rest_route=\/wp\/v2\/types\/post"}],"author":[{"embeddable":true,"href":"https:\/\/oscarhumbertogomez.com\/index.php?rest_route=\/wp\/v2\/users\/2"}],"replies":[{"embeddable":true,"href":"https:\/\/oscarhumbertogomez.com\/index.php?rest_route=%2Fwp%2Fv2%2Fcomments&post=27825"}],"version-history":[{"count":3,"href":"https:\/\/oscarhumbertogomez.com\/index.php?rest_route=\/wp\/v2\/posts\/27825\/revisions"}],"predecessor-version":[{"id":27829,"href":"https:\/\/oscarhumbertogomez.com\/index.php?rest_route=\/wp\/v2\/posts\/27825\/revisions\/27829"}],"wp:attachment":[{"href":"https:\/\/oscarhumbertogomez.com\/index.php?rest_route=%2Fwp%2Fv2%2Fmedia&parent=27825"}],"wp:term":[{"taxonomy":"category","embeddable":true,"href":"https:\/\/oscarhumbertogomez.com\/index.php?rest_route=%2Fwp%2Fv2%2Fcategories&post=27825"},{"taxonomy":"post_tag","embeddable":true,"href":"https:\/\/oscarhumbertogomez.com\/index.php?rest_route=%2Fwp%2Fv2%2Ftags&post=27825"}],"curies":[{"name":"wp","href":"https:\/\/api.w.org\/{rel}","templated":true}]}}