{"id":27864,"date":"2018-12-16T08:15:28","date_gmt":"2018-12-16T13:15:28","guid":{"rendered":"http:\/\/www.oscarhumbertogomez.com\/?p=27864"},"modified":"2025-04-04T21:33:33","modified_gmt":"2025-04-05T02:33:33","slug":"cartas-a-tomas-por-leonardo-rodriguez-v-3","status":"publish","type":"post","link":"https:\/\/oscarhumbertogomez.com\/?p=27864","title":{"rendered":"CARTAS A TOM\u00c1S. Por: Leonardo Rodr\u00edguez V."},"content":{"rendered":"<p><a href=\"https:\/\/lapiedrafilosofal.com\/wp-content\/uploads\/2018\/12\/IMG-20171008-WA0009.jpg\"><img loading=\"lazy\" decoding=\"async\" class=\"alignnone size-full wp-image-27770\" src=\"https:\/\/lapiedrafilosofal.com\/wp-content\/uploads\/2018\/12\/IMG-20171008-WA0009.jpg\" alt=\"\" width=\"362\" height=\"678\" srcset=\"https:\/\/oscarhumbertogomez.com\/wp-content\/uploads\/2018\/12\/IMG-20171008-WA0009.jpg 362w, https:\/\/oscarhumbertogomez.com\/wp-content\/uploads\/2018\/12\/IMG-20171008-WA0009-160x300.jpg 160w\" sizes=\"auto, (max-width: 362px) 100vw, 362px\" \/><\/a><\/p>\n<p><strong>Carta III<\/strong><\/p>\n<p>Querido Tom\u00e1s:<\/p>\n<p>Te se\u00f1alaba en mi carta anterior la importancia que tiene conocer nuestras ra\u00edces hist\u00f3ricas, para poder reflexionar y juzgar si esta \u00e9poca nuestra es mejor en todos sus aspectos que las anteriores o si, por el contrario, hay cosas en ella que son m\u00e1s bien producto de un retroceso, de una decadencia.<br \/>\nQuisiera ahora hablarte en esta carta, aunque sea brevemente, acerca de uno de los periodos de la historia que m\u00e1s llaman mi atenci\u00f3n, adem\u00e1s de ser uno de los periodos m\u00e1s bellos: la Edad Media.<br \/>\nS\u00e9 que tal vez pensar\u00e1s: \u00bf\u00a1qu\u00e9 tiene que ver la Edad Media (<em>una \u00e9poca tan lejana de la nuestra y que todas las pel\u00edculas que seguramente has visto presentan como una \u00e9poca maligna y llena de cosas espantosas y crueles<\/em>), con estas cartas!? Pues bien, creo que tiene mucho que ver, porque a pesar de ser una \u00e9poca lejana de nosotros en el tiempo, fue una \u00e9poca en la que estaban muy vivas ciertas ideas y conductas que hoy el hombre ha abandonado o de las cuales el hombre actual incluso se burla.<br \/>\nPerm\u00edteme que te explique esto.<\/p>\n<p>Ante todo vamos a poner fechas. Aunque los historiadores no logran ponerse todos de acuerdo sobre el a\u00f1o de inicio y el de final de su duraci\u00f3n, creo que te puedo decir que la Edad Media fue el periodo comprendido m\u00e1s o menos entre los a\u00f1os 476 y 1492. El primero fue el a\u00f1o en que el Imperio Romano de Occidente lleg\u00f3 a su final, y el segundo fue, como debes saber, el a\u00f1o del descubrimiento de Am\u00e9rica (<em>\u00bfRecuerdas? Crist\u00f3bal Col\u00f3n y la Pinta, la Ni\u00f1a y la Santa Mar\u00eda<\/em>). Pero te repito que estas fechas no dejan contentos a todos los historiadores,\u00a0algunos ponen de inicio una distinta y otros en vez del descubrimiento de Am\u00e9rica utilizan alg\u00fan otro hecho como referencia para el final de la Edad Media. Pero m\u00e1s o menos esa es la idea.<\/p>\n<p>Como ver\u00e1s, es un periodo de unos mil a\u00f1os en los cuales obviamente pasaron cientos de cosas importantes y trascendentes. Pero tranquilo mi querido Tom\u00e1s que no pienso contarte aqu\u00ed la historia de la Edad Media, ser\u00eda necesario para ello escribir un libro a parte y bastante grande. Lo que yo quisiera aqu\u00ed es hablarte m\u00e1s bien de un par de caracter\u00edsticas que tuvo la Edad Media y que no tenemos nosotros hoy: fue teoc\u00e9ntrica y estudiosa de la sabidur\u00eda.<br \/>\nYa s\u00e9 que estar\u00e1s pensando que aunque promet\u00ed no usar palabras \u2018de viejo\u2019, ahora he usado esa tan rara de \u2018teoc\u00e9ntrica\u2019.<br \/>\nTienes toda la raz\u00f3n y por eso perm\u00edteme que te diga lo que significa: teoc\u00e9ntrica significa que la Edad Media pon\u00eda en el centro de todo a Dios, ya que &#8220;teo&#8221; es una palabrita derivada del griego y significa Dios, en griego se escribe as\u00ed: \u201c\u03b8\u03b5\u03cc\u03c2\u201d.<\/p>\n<p>Y \u00bfc\u00f3mo as\u00ed que la Edad Media fue teoc\u00e9ntrica?\u00a0 S\u00ed, la Edad Media fue teoc\u00e9ntrica porque pr\u00e1cticamente todos los aspectos de la vida del hombre en aquella \u00e9poca se relacionaban de una u otra manera con Dios. Desde que el hombre nac\u00eda, hasta el momento de su muerte, Dios ocupaba un lugar importante.<\/p>\n<p>Pero no solo para las personas comunes y corrientes: tambi\u00e9n para los reyes y reinas, pr\u00edncipes y princesas. Dios era central en sus vidas y en sus gobiernos. \u00bfQuiere esto decir que todos ellos fueron muy buenos y santos? \u00a1No! No fue la Edad Media una \u00e9poca llena de gente perfecta, sino m\u00e1s bien de gente imperfecta pero consciente de esa imperfecci\u00f3n, y muchos de ellos, incluso reyes y reinas, llegaron efectivamente a ser santos al reconocer que sin la ayuda de Dios no pod\u00edan vencer sus defectos.<\/p>\n<p>La otra caracter\u00edstica de la Edad Media que te quer\u00eda mencionar era su estudio de la sabidur\u00eda. Ya vamos terminando esta carta, as\u00ed que te pido un poco de paciencia, \u00a1vale la pena!<\/p>\n<p>Comprendo que quiz\u00e1 se te haga extra\u00f1o o\u00edrme decir que una caracter\u00edstica de la Edad Media fue su amor por el estudio de la sabidur\u00eda, y tal vez pienses que en eso la \u00e9poca actual no se queda atr\u00e1s ya que en tu ciudad conoces varias universidades, algunas p\u00fablicas, otras privadas, en donde estudian miles de personas sus carreras profesionales o tecnol\u00f3gicas. Y en parte tienes toda la raz\u00f3n. Pero la diferencia est\u00e1 en la palabra sabidur\u00eda, pues yo he escrito que la Edad Media fue estudiosa de la sabidur\u00eda. \u00bfQu\u00e9 es entonces eso de la sabidur\u00eda?<\/p>\n<p>Querido Tom\u00e1s, una cosa es la ciencia y otra distinta es la sabidur\u00eda. La ciencia es un conocimiento que se ocupa de una parte de la realidad y trata de explicar dicha parte de la realidad por medio de sus causas m\u00e1s cercanas. Por ejemplo, la biolog\u00eda estudia los seres vivos, y al estudiarlos ve que est\u00e1n compuestos de c\u00e9lulas, y le interesa describir las partes de la c\u00e9lula y c\u00f3mo funcionan esas partes entre s\u00ed (<em>\u00bfrecuerdas tu \u00e9poca de colegio cuando tuviste que memorizar las partes de la c\u00e9lula o tal vez dibujarlas a todo color para un examen?<\/em>). Pero la biolog\u00eda no estudia a profundidad qu\u00e9 es la vida, qu\u00e9 es vivir, porque la vida como tal no es algo que pueda observarse mediante un microscopio, pues lo que se ve con el microscopio son los seres vivos y sus acciones y sus partes, no la vida. Adem\u00e1s la biolog\u00eda no estudia lo que estudia la historia, o la matem\u00e1tica, o la f\u00edsica, o la arqueolog\u00eda, etc. Cada ciencia estudia una parte de la realidad y trata de describirla y analizar su composici\u00f3n y su funcionamiento, nada m\u00e1s.<\/p>\n<p>\u00bfY la sabidur\u00eda? La sabidur\u00eda es bien distinta, la sabidur\u00eda no estudia una parte de la realidad, sino la realidad entera, la realidad en s\u00ed misma, y se pregunta cosas como: \u00bfQu\u00e9 es la realidad? \u00bfQu\u00e9 es ser real? \u00bfQu\u00e9 hace que algo sea real? Estudia entonces la realidad entera, no una parte, y no busca solo describir su funcionamiento sino ante todo comprender y explicar sus causas m\u00e1s profundas, sus causas primeras, detr\u00e1s de las cuales ya no es posible ni necesario seguir buscando. Por eso la sabidur\u00eda de la Edad Media llegaba al final de su b\u00fasqueda\u00a0a encontrar a Dios, creador de todo y causa de todo.<\/p>\n<p>Voy a ponerte un ejemplo sencillo para que comprendas la diferencia entre causas cercanas y causas primeras. Como lo tuyo es el f\u00fatbol, piensa en un hermoso gol de tiro libre. Si yo te pregunto cu\u00e1l fue la causa de ese gol, qu\u00e9 fue lo que caus\u00f3 ese gol, t\u00fa seguramente me dir\u00e1s que la causa fue el jugador que realiz\u00f3 el disparo. \u00a1Buena respuesta! Pero deja que te pregunte algo m\u00e1s: \u00bfEs posible decir que la causa del gol fue el ingreso del bal\u00f3n en la porter\u00eda? \u00bfEs posible decir que la causa del gol fue el golpe del pie del jugador contra el bal\u00f3n? \u00bfEs posible decir que la causa del gol fue el movimiento de la pierna del futbolista justo antes de impactar el bal\u00f3n? \u00bfEs posible decir que la causa del gol fueron las se\u00f1ales que envi\u00f3 el cerebro del futbolista hacia los m\u00fasculos de la pierna para moverla en cierta direcci\u00f3n? \u00bfEs posible decir que la causa del gol fue el deseo del futbolista de enviar el bal\u00f3n al \u00e1ngulo de la porter\u00eda? \u00bfEs posible decir que la causa del gol fueron las ganas que ten\u00eda el futbolista de que le suban el sueldo en su equipo? Y as\u00ed sucesivamente.<br \/>\nPiensa bien en las anteriores preguntas. Por mi parte creo que es posible contestar que s\u00ed a todas. Porque si te fijas bien ver\u00e1s que todas esas cosas fueron de alguna manera causa del gol, ya que si quitas una de esas no hay gol, no es posible el gol. Y eso es lo que entendemos por causa: lo que influye en la producci\u00f3n de algo. Y todas esas cosas que te puse arriba en las preguntas influyeron en el gol, \u00bfVerdad que s\u00ed?<br \/>\nLo que sucede es que algunas de esas cosas son m\u00e1s cercanas al gol que otras. La entrada de la pelota en la porter\u00eda es m\u00e1s cercana al gol que el deseo de un aumento de sueldo del futbolista, y a pesar de ser unas m\u00e1s cercanas que otras lo cierto es que todas tuvieron que ver en el gol. Por tanto todas son causas.<\/p>\n<p>Pues bien mi querido Tom\u00e1s, te dije arriba que la ciencia estudiaba causas cercanas y la sabidur\u00eda causas primeras. En el caso del futbolista podemos decir que la ciencia estudiar\u00eda el movimiento del bal\u00f3n al ingresar en la porter\u00eda, o tambi\u00e9n la fuerza y la direcci\u00f3n del pie al momento de golpear el bal\u00f3n, o tambi\u00e9n la corriente el\u00e9ctrica que desde el cerebro activ\u00f3 los m\u00fasculos de la pierna del jugador. Y nada m\u00e1s. Mientras que la sabidur\u00eda estudiar\u00eda las causas primeras, es decir, las causas que ya no tienen ninguna otra detr\u00e1s, como por ejemplo el deseo del futbolista por convertir el gol para su equipo. Detr\u00e1s de ese deseo ya no hay otra causa del gol, ese deseo es la causa primera del gol, la causa fundamental.<br \/>\nEspero que el ejemplo te ayude a entender lo que es una causa cercana o una causa primera y fundamental. Los medievales se interesaron por las causas primeras y fundamentales de toda la realidad, por eso al final de su b\u00fasqueda llegaban a Dios, y detr\u00e1s de Dios ya no hab\u00eda que buscar m\u00e1s, Dios era la causa primera y fundamental de todo, la m\u00e1xima explicaci\u00f3n de todo.<\/p>\n<p>Y esto era la sabidur\u00eda: b\u00fasqueda de la causa fundamental, b\u00fasqueda de Dios.<br \/>\nOtro nombre de esta sabidur\u00eda era filosof\u00eda primera, o metaf\u00edsica. Otros le llamaban teolog\u00eda natural, aunque creo que este \u00faltimo nombre no fue muy usado en la Edad Media.<\/p>\n<p>\u00bfY es que hoy no se estudia filosof\u00eda? Bueno, s\u00ed y no querido Tom\u00e1s. Si vas a una universidad de tu ciudad es posible que encuentres que entre los estudios que ofrecen hay uno llamado filosof\u00eda. Pero lo cierto es que esa \u2018filosof\u00eda\u2019 se parece a la de la edad media solo en el nombre, ya que es una filosof\u00eda que no llega hasta Dios, sino que se queda en el hombre. Pero ese es un tema del que te quiero hablar en otra carta, contando con tu paciencia.<\/p>\n<p>Te dec\u00eda al inicio de esta carta que te iba a hablar de dos caracter\u00edsticas de la edad media que hoy nuestra \u00e9poca ha abandonado o de las cuales el hombre actual incluso se burla.<br \/>\nCreo que esto no te lo tengo que demostrar mucho, porque desgraciadamente es bastante evidente. Dime por ejemplo \u00bfCu\u00e1ntos de tus amigos hablan de Dios? \u00bfCu\u00e1ntos de tus conocidos se interesan por la sabidur\u00eda de la que te habl\u00e9 m\u00e1s atr\u00e1s?<br \/>\nActualmente por todas partes se presentan burlas y ataques hacia las personas que a\u00fan creen, y tambi\u00e9n se considera \u2018aburrido\u2019 el pensamiento filos\u00f3fico, \u00bfVerdad o no? En los programas de televisi\u00f3n, en las pel\u00edculas, por todas partes existe esa burla y ese rechazo. Nuestra \u00e9poca actual ya no es teoc\u00e9ntrica, sino m\u00e1s bien antropoc\u00e9ntrica, \u00a1otra palabra \u2018de viejo! Significa que el centro es el hombre, ya que \u2018antropos\u2019, que tambi\u00e9n viene del idioma griego, significa precisamente hombre: \u201c\u03ac\u03bd\u03b8\u03c1\u03c9\u03c0\u03bf\u03c2\u201d.<\/p>\n<p>La Edad Media fue una \u00e9poca de luces y de sombras, es decir, de cosas malas y buenas, como todas las \u00e9pocas. Pero ten\u00edan muy claro las personas de esa \u00e9poca que era important\u00edsimo darle un lugar a Dios y dedicar sus esfuerzos al estudio de esa sabidur\u00eda. \u00bfQu\u00e9 te parece? \u00bfHac\u00edan mal o hac\u00edan bien?<\/p>\n<p>Con sincero afecto,<\/p>\n<p>L.R<\/p>\n<p>_______<\/p>\n<p><strong>LEONARDO RODR\u00cdGUEZ V.<\/strong>\u00a0Psic\u00f3logo, fil\u00f3sofo, te\u00f3logo y escritor santandereano.<\/p>\n","protected":false},"excerpt":{"rendered":"<p>Carta III Querido Tom\u00e1s: Te se\u00f1alaba en mi carta anterior la importancia que tiene conocer nuestras ra\u00edces hist\u00f3ricas, para poder reflexionar y juzgar si esta \u00e9poca nuestra es mejor en todos sus aspectos que las anteriores o si, por el &hellip; <a href=\"https:\/\/oscarhumbertogomez.com\/?p=27864\">Sigue leyendo <span class=\"meta-nav\">&rarr;<\/span><\/a><\/p>\n<div class='heateorSssClear'><\/div><div  class='heateor_sss_sharing_container heateor_sss_horizontal_sharing' heateor-sss-data-href='https:\/\/oscarhumbertogomez.com\/?p=27864'><div class='heateor_sss_sharing_title' style=\"font-weight:bold\" >\u00a1Gracias por compartirla!<\/div><ul class=\"heateor_sss_sharing_ul\"><li class=\"heateorSssSharingRound\"><i style=\"width:35px;height:35px;border-radius:999px;\" alt=\"Facebook\" Title=\"Facebook\" class=\"heateorSssSharing heateorSssFacebookBackground\" onclick='heateorSssPopup(\"https:\/\/www.facebook.com\/sharer\/sharer.php?u=https%3A%2F%2Foscarhumbertogomez.com%2Findex.php%3Frest_route%3D%252Fwp%252Fv2%252Fposts%252F27864\")'><ss style=\"display:block;border-radius:999px;\" class=\"heateorSssSharingSvg heateorSssFacebookSvg\"><\/ss><\/i><\/li><li class=\"heateorSssSharingRound\"><i style=\"width:35px;height:35px;border-radius:999px;\" alt=\"Twitter\" Title=\"Twitter\" class=\"heateorSssSharing heateorSssTwitterBackground\" onclick='heateorSssPopup(\"http:\/\/twitter.com\/intent\/tweet?text=CARTAS%20A%20TOM%C3%81S.%20Por%3A%20Leonardo%20Rodr%C3%ADguez%20V.&url=https%3A%2F%2Foscarhumbertogomez.com%2Findex.php%3Frest_route%3D%252Fwp%252Fv2%252Fposts%252F27864\")'><ss style=\"display:block;border-radius:999px;\" class=\"heateorSssSharingSvg heateorSssTwitterSvg\"><\/ss><\/i><\/li><li class=\"heateorSssSharingRound\"><i style=\"width:35px;height:35px;border-radius:999px;\" alt=\"Whatsapp\" Title=\"Whatsapp\" class=\"heateorSssSharing heateorSssWhatsappBackground\" onclick='heateorSssPopup(\"https:\/\/web.whatsapp.com\/send?text=CARTAS%20A%20TOM%C3%81S.%20Por%3A%20Leonardo%20Rodr%C3%ADguez%20V. https%3A%2F%2Foscarhumbertogomez.com%2Findex.php%3Frest_route%3D%252Fwp%252Fv2%252Fposts%252F27864\")'><ss style=\"display:block\" class=\"heateorSssSharingSvg heateorSssWhatsappSvg\"><\/ss><\/i><\/li><li class=\"heateorSssSharingRound\"><i style=\"width:35px;height:35px;border-radius:999px;\" alt=\"Pinterest\" Title=\"Pinterest\" class=\"heateorSssSharing heateorSssPinterestBackground\" onclick=\"javascript:void( (function() {var e=document.createElement('script' );e.setAttribute('type','text\/javascript' );e.setAttribute('charset','UTF-8' );e.setAttribute('src','\/\/assets.pinterest.com\/js\/pinmarklet.js?r='+Math.random()*99999999);document.body.appendChild(e)})());\"><ss style=\"display:block;border-radius:999px;\" class=\"heateorSssSharingSvg heateorSssPinterestSvg\"><\/ss><\/i><\/li><li class=\"heateorSssSharingRound\"><i style=\"width:35px;height:35px;border-radius:999px;\" alt=\"Google Gmail\" Title=\"Google Gmail\" class=\"heateorSssSharing heateorSssGoogleGmailBackground\" onclick='heateorSssPopup(\"https:\/\/mail.google.com\/mail\/?ui=2&view=cm&fs=1&tf=1&su=CARTAS%20A%20TOM%C3%81S.%20Por%3A%20Leonardo%20Rodr%C3%ADguez%20V.&body=Link:https%3A%2F%2Foscarhumbertogomez.com%2Findex.php%3Frest_route%3D%252Fwp%252Fv2%252Fposts%252F27864\")'><ss style=\"display:block;border-radius:999px;\" class=\"heateorSssSharingSvg heateorSssGoogleGmailSvg\"><\/ss><\/i><\/li><li class=\"heateorSssSharingRound\"><i style=\"width:35px;height:35px;border-radius:999px;\" title=\"More\" alt=\"More\" class=\"heateorSssSharing heateorSssMoreBackground\" onclick=\"heateorSssMoreSharingPopup(this, 'https:\/\/oscarhumbertogomez.com\/index.php?rest_route=%2Fwp%2Fv2%2Fposts%2F27864', 'CARTAS%20A%20TOM%C3%81S.%20Por%3A%20Leonardo%20Rodr%C3%ADguez%20V.', '' )\" ><ss style=\"display:block\" class=\"heateorSssSharingSvg heateorSssMoreSvg\"><\/ss><\/i><\/li><\/ul><div class=\"heateorSssClear\"><\/div><\/div><div class='heateorSssClear'><\/div>","protected":false},"author":2,"featured_media":0,"comment_status":"closed","ping_status":"closed","sticky":false,"template":"","format":"standard","meta":{"spay_email":"","footnotes":""},"categories":[58,6],"tags":[],"class_list":["post-27864","post","type-post","status-publish","format-standard","hentry","category-filosofia","category-la-pluma-ajena"],"jetpack_featured_media_url":"","jetpack_shortlink":"https:\/\/wp.me\/p1FYrr-7fq","_links":{"self":[{"href":"https:\/\/oscarhumbertogomez.com\/index.php?rest_route=\/wp\/v2\/posts\/27864","targetHints":{"allow":["GET"]}}],"collection":[{"href":"https:\/\/oscarhumbertogomez.com\/index.php?rest_route=\/wp\/v2\/posts"}],"about":[{"href":"https:\/\/oscarhumbertogomez.com\/index.php?rest_route=\/wp\/v2\/types\/post"}],"author":[{"embeddable":true,"href":"https:\/\/oscarhumbertogomez.com\/index.php?rest_route=\/wp\/v2\/users\/2"}],"replies":[{"embeddable":true,"href":"https:\/\/oscarhumbertogomez.com\/index.php?rest_route=%2Fwp%2Fv2%2Fcomments&post=27864"}],"version-history":[{"count":5,"href":"https:\/\/oscarhumbertogomez.com\/index.php?rest_route=\/wp\/v2\/posts\/27864\/revisions"}],"predecessor-version":[{"id":27934,"href":"https:\/\/oscarhumbertogomez.com\/index.php?rest_route=\/wp\/v2\/posts\/27864\/revisions\/27934"}],"wp:attachment":[{"href":"https:\/\/oscarhumbertogomez.com\/index.php?rest_route=%2Fwp%2Fv2%2Fmedia&parent=27864"}],"wp:term":[{"taxonomy":"category","embeddable":true,"href":"https:\/\/oscarhumbertogomez.com\/index.php?rest_route=%2Fwp%2Fv2%2Fcategories&post=27864"},{"taxonomy":"post_tag","embeddable":true,"href":"https:\/\/oscarhumbertogomez.com\/index.php?rest_route=%2Fwp%2Fv2%2Ftags&post=27864"}],"curies":[{"name":"wp","href":"https:\/\/api.w.org\/{rel}","templated":true}]}}