{"id":27890,"date":"2018-12-17T16:03:47","date_gmt":"2018-12-17T21:03:47","guid":{"rendered":"http:\/\/www.oscarhumbertogomez.com\/?p=27890"},"modified":"2019-03-17T13:25:22","modified_gmt":"2019-03-17T18:25:22","slug":"17-de-diciembre-de-1830-muere-en-santa-marta-el-libertador-de-colombia-general-simon-bolivar","status":"publish","type":"post","link":"https:\/\/oscarhumbertogomez.com\/?p=27890","title":{"rendered":"17 DE DICIEMBRE DE 1830: MUERE EN SANTA MARTA EL LIBERTADOR DE COLOMBIA GENERAL SIM\u00d3N BOL\u00cdVAR. Por \u00d3scar Humberto G\u00f3mez G\u00f3mez, Miembro Correspondiente de la Academia de Historia de Santander."},"content":{"rendered":"<p><a href=\"https:\/\/lapiedrafilosofal.com\/wp-content\/uploads\/2018\/12\/BOLIVAR.jpg\"><img loading=\"lazy\" decoding=\"async\" class=\"alignnone size-full wp-image-27893\" src=\"https:\/\/lapiedrafilosofal.com\/wp-content\/uploads\/2018\/12\/BOLIVAR.jpg\" alt=\"\" width=\"848\" height=\"1024\" srcset=\"https:\/\/oscarhumbertogomez.com\/wp-content\/uploads\/2018\/12\/BOLIVAR.jpg 848w, https:\/\/oscarhumbertogomez.com\/wp-content\/uploads\/2018\/12\/BOLIVAR-248x300.jpg 248w, https:\/\/oscarhumbertogomez.com\/wp-content\/uploads\/2018\/12\/BOLIVAR-768x927.jpg 768w\" sizes=\"auto, (max-width: 848px) 100vw, 848px\" \/><\/a><\/p>\n<p>&nbsp;<\/p>\n<p>&#8220;Militar, pol\u00edtico y escritor venezolano&#8221;.<\/p>\n<p>As\u00ed comienza su biograf\u00eda el Diccionario Enciclop\u00e9dico Espasa, de Espa\u00f1a.<\/p>\n<p>Casi todos omiten la \u00faltima faceta del ilustre venezolano que habr\u00eda de convertirse en ilustre colombiano e ilustre latinoamericano: su faceta de magn\u00edfico escritor.<\/p>\n<p>Naci\u00f3 en Caracas, en el hogar de Juan Vicente Bol\u00edvar y Concepci\u00f3n Palacios, y pertenec\u00eda a la elevada clase social de los mantuanos.<\/p>\n<p>Era un joven aristocr\u00e1tico y hab\u00eda recibido una educaci\u00f3n esmerada hasta terminar convirti\u00e9ndose en un hombre culto. Culto no solo por su formaci\u00f3n acad\u00e9mica, sino tambi\u00e9n por sus modales, su expresi\u00f3n y su pluma. Fueron maestros suyos Andr\u00e9s Bello y Sim\u00f3n Rodr\u00edguez.<\/p>\n<p>Muy joven a\u00fan, se cas\u00f3 con Teresa del Toro, hija de un marqu\u00e9s espa\u00f1ol. Empero, muy pronto su joven esposa enferm\u00f3 y muri\u00f3. A Luis Per\u00fa de Lacroix, su edec\u00e1n franc\u00e9s, habr\u00eda de rememorarle, aqu\u00ed en Bucaramanga, en una de las pl\u00e1ticas que los dos patriotas sol\u00edan sostener en la actual Casa de Bol\u00edvar, convertida en sede de la Presidencia de la Rep\u00fablica de la Gran Colombia en aquel 1828, que jur\u00f3 no volverse a casar y que hab\u00eda cumplido su promesa.<\/p>\n<p>En su obra <em>Mi delirio sobre el Chimborazo<\/em>, en sus ep\u00edstolas y en sus proclamas se percibe su cautivadora exquisitez idiom\u00e1tica.<\/p>\n<p>Cuando se cre\u00eda que ya estos pa\u00edses hab\u00edan alcanzado su independencia de la poderosa Espa\u00f1a con tan solo declararla, el rey Fernando VII \u2014que a la saz\u00f3n se hallaba prisionero de Napole\u00f3n Bonaparte\u2014 recuper\u00f3 el trono y decidi\u00f3 ocuparlos militarmente y desplazar a las autoridades que aqu\u00ed gobernaban. \u00a1Esto ten\u00eda que volver a ser parte de Espa\u00f1a! Fue entonces cuando sobrevino la Reconquista y con ella la peor represi\u00f3n contra quienes hab\u00edan liderado, o siquiera apoyado la Primera Rep\u00fablica, o simpatizado con ella.<\/p>\n<p>&nbsp;<\/p>\n<p><a href=\"https:\/\/lapiedrafilosofal.com\/wp-content\/uploads\/2018\/12\/QUINTA-.jpg\"><img loading=\"lazy\" decoding=\"async\" class=\"alignnone size-full wp-image-27895\" src=\"https:\/\/lapiedrafilosofal.com\/wp-content\/uploads\/2018\/12\/QUINTA-.jpg\" alt=\"\" width=\"1000\" height=\"550\" srcset=\"https:\/\/oscarhumbertogomez.com\/wp-content\/uploads\/2018\/12\/QUINTA-.jpg 1000w, https:\/\/oscarhumbertogomez.com\/wp-content\/uploads\/2018\/12\/QUINTA--300x165.jpg 300w, https:\/\/oscarhumbertogomez.com\/wp-content\/uploads\/2018\/12\/QUINTA--768x422.jpg 768w\" sizes=\"auto, (max-width: 1000px) 100vw, 1000px\" \/><\/a><\/p>\n<p>&nbsp;<\/p>\n<p>Lo dem\u00e1s ya es ampliamente sabido: la organizaci\u00f3n del ej\u00e9rcito libertador, el plan de liberar primero a la Nueva Granada y a partir de ah\u00ed hacer lo propio con los dem\u00e1s pa\u00edses incluida Venezuela, la gran marcha, los llanos, el P\u00e1ramo de Pisba, las muertes por fr\u00edo y hambre, el Pantano de Vargas, el puente de Boyac\u00e1, la huida del virrey y de las autoridades espa\u00f1olas, Santa Fe de nuevo en poder de los patriotas, Bol\u00edvar en la presidencia, el surgimiento de la oposici\u00f3n en su contra, etc\u00e9tera, hasta llegar a la Convenci\u00f3n de Oca\u00f1a, el traslado del Libertador a Bucaramanga, el ejercicio de la presidencia desde nuestra ciudad, la disoluci\u00f3n de la Convenci\u00f3n como estrategia de los bolivarianos \u2014que la abandonan subrepticiamente para as\u00ed disolver el qu\u00f3rum\u2014, su regreso a Santa Fe, la Dictadura, el atentado de la Noche Septembrina, la controvertida condena y ejecuci\u00f3n del gran patriota guajiro el Almirante Jos\u00e9 Prudencio Padilla, la renuncia a la presidencia y el \u00faltimo viaje, con destino al mar y a la muerte.<\/p>\n<p>&nbsp;<\/p>\n<p><a href=\"https:\/\/lapiedrafilosofal.com\/wp-content\/uploads\/2018\/12\/MUERTE-DE-BOLIVAR-ANTONIO-HERRERA.png\"><img loading=\"lazy\" decoding=\"async\" class=\"alignnone size-full wp-image-27894\" src=\"https:\/\/lapiedrafilosofal.com\/wp-content\/uploads\/2018\/12\/MUERTE-DE-BOLIVAR-ANTONIO-HERRERA.png\" alt=\"\" width=\"850\" height=\"666\" srcset=\"https:\/\/oscarhumbertogomez.com\/wp-content\/uploads\/2018\/12\/MUERTE-DE-BOLIVAR-ANTONIO-HERRERA.png 850w, https:\/\/oscarhumbertogomez.com\/wp-content\/uploads\/2018\/12\/MUERTE-DE-BOLIVAR-ANTONIO-HERRERA-300x235.png 300w, https:\/\/oscarhumbertogomez.com\/wp-content\/uploads\/2018\/12\/MUERTE-DE-BOLIVAR-ANTONIO-HERRERA-768x602.png 768w\" sizes=\"auto, (max-width: 850px) 100vw, 850px\" \/><\/a><\/p>\n<p>&nbsp;<\/p>\n<p>Estaba tan flaco, que le pusieron el apodo de &#8220;Longanizo&#8221; y as\u00ed le gritaban los ni\u00f1os en Honda mientras le lanzaban pedazos de cagaj\u00f3n y le exig\u00edan que se largara, justamente cuando ya, diezmado y apesadumbrado, se aprestaba a embarcarse y a iniciar su viaje final a trav\u00e9s del r\u00edo Magdalena.<\/p>\n<p>Y estaba tan avejentado, que a pesar de tener apenas 47 a\u00f1os, parec\u00eda que tuviera 80.<\/p>\n<p>Arrib\u00f3 en condici\u00f3n de hu\u00e9sped, a bordo de una berlina abordada en el puerto, en unas condiciones de salud calamitosas, a la Quinta de San Pedro Alejandrino, de propiedad \u00a1vaya paradoja! de un espa\u00f1ol, don Joaqu\u00edn de Mier. All\u00ed sobrevivi\u00f3 varios d\u00edas, auxiliado por el m\u00e9dico franc\u00e9s Pr\u00f3spero R\u00e9v\u00e9rend, hasta que lleg\u00f3 el 17 de diciembre de 1830.<\/p>\n<p>Entonces, pasada la 1 de la tarde de ese d\u00eda, desde el sopor de su enfermedad, &#8220;Examin\u00f3 el aposento con la clarividencia de sus v\u00edsperas, y por primera vez vio la verdad: la \u00faltima cama prestada, el tocador de l\u00e1stima cuyo turbio espejo de paciencia no lo volver\u00eda a repetir, el aguamanil de porcelana descarchada con el agua y la toalla y el jab\u00f3n para otras manos, la prisa sin coraz\u00f3n del reloj octogonal desbocado hacia la cita ineluctable del 17 de diciembre a la una y siete minutos de su tarde final. Entonces cruz\u00f3 los brazos contra el pecho y empez\u00f3 a o\u00edr las voces radiantes de los esclavos cantando la salve de las seis en los trapiches, y vio por la ventana el diamante de Venus en el cielo que se iba para siempre, las nieves eternas, la enredadera cuyas camp\u00e1nulas amarillas no ver\u00eda florecer el s\u00e1bado siguiente en la casa cerrada por el duelo, los \u00faltimos fulgores de la vida que nunca m\u00e1s, por los siglos de los siglos, volver\u00eda a repetirse&#8221;.<\/p>\n<p>Con estas palabras termina Gabriel Garc\u00eda M\u00e1rquez su novela <em>El general en su laberinto<\/em>.<\/p>\n<p>Y con ellas termina <em>Santander en la Red<\/em> este sencillo homenaje de recordaci\u00f3n a Sim\u00f3n Bol\u00edvar, Libertador de Colombia e hijo preclaro de Am\u00e9rica.<\/p>\n<p>&nbsp;<\/p>\n<p><a href=\"https:\/\/lapiedrafilosofal.com\/wp-content\/uploads\/2018\/12\/cama-bolivar.jpg\"><img loading=\"lazy\" decoding=\"async\" class=\"alignnone size-full wp-image-27891\" src=\"https:\/\/lapiedrafilosofal.com\/wp-content\/uploads\/2018\/12\/cama-bolivar.jpg\" alt=\"\" width=\"900\" height=\"600\" srcset=\"https:\/\/oscarhumbertogomez.com\/wp-content\/uploads\/2018\/12\/cama-bolivar.jpg 900w, https:\/\/oscarhumbertogomez.com\/wp-content\/uploads\/2018\/12\/cama-bolivar-300x200.jpg 300w, https:\/\/oscarhumbertogomez.com\/wp-content\/uploads\/2018\/12\/cama-bolivar-768x512.jpg 768w\" sizes=\"auto, (max-width: 900px) 100vw, 900px\" \/><\/a><\/p>\n<p><strong>ILUSTRACIONES: (1)<\/strong> <em>La sed del guerrero<\/em>. Antonio Fr\u00edo.<\/p>\n<p><strong>(2)<\/strong> Quinta de San Pedro Alejandrino. Santa Marta.<\/p>\n<p><strong>(3)<\/strong>\u00a0 <em>Muerte de Sim\u00f3n Bol\u00edvar<\/em>. Antonio Herrera Toro. 1889.<\/p>\n<p><strong>(4)<\/strong> Cama de Bol\u00edvar en San Pedro Alejandrino.<\/p>\n","protected":false},"excerpt":{"rendered":"<p>&nbsp; &#8220;Militar, pol\u00edtico y escritor venezolano&#8221;. As\u00ed comienza su biograf\u00eda el Diccionario Enciclop\u00e9dico Espasa, de Espa\u00f1a. Casi todos omiten la \u00faltima faceta del ilustre venezolano que habr\u00eda de convertirse en ilustre colombiano e ilustre latinoamericano: su faceta de magn\u00edfico escritor. &hellip; <a href=\"https:\/\/oscarhumbertogomez.com\/?p=27890\">Sigue leyendo <span class=\"meta-nav\">&rarr;<\/span><\/a><\/p>\n<div class='heateorSssClear'><\/div><div  class='heateor_sss_sharing_container heateor_sss_horizontal_sharing' heateor-sss-data-href='https:\/\/oscarhumbertogomez.com\/?p=27890'><div class='heateor_sss_sharing_title' style=\"font-weight:bold\" >\u00a1Gracias por compartirla!<\/div><ul class=\"heateor_sss_sharing_ul\"><li class=\"heateorSssSharingRound\"><i style=\"width:35px;height:35px;border-radius:999px;\" alt=\"Facebook\" Title=\"Facebook\" class=\"heateorSssSharing heateorSssFacebookBackground\" onclick='heateorSssPopup(\"https:\/\/www.facebook.com\/sharer\/sharer.php?u=https%3A%2F%2Foscarhumbertogomez.com%2Findex.php%3Frest_route%3D%252Fwp%252Fv2%252Fposts%252F27890\")'><ss style=\"display:block;border-radius:999px;\" class=\"heateorSssSharingSvg heateorSssFacebookSvg\"><\/ss><\/i><\/li><li class=\"heateorSssSharingRound\"><i style=\"width:35px;height:35px;border-radius:999px;\" alt=\"Twitter\" Title=\"Twitter\" class=\"heateorSssSharing heateorSssTwitterBackground\" onclick='heateorSssPopup(\"http:\/\/twitter.com\/intent\/tweet?text=17%20DE%20DICIEMBRE%20DE%201830%3A%20MUERE%20EN%20SANTA%20MARTA%20EL%20LIBERTADOR%20DE%20COLOMBIA%20GENERAL%20SIM%C3%93N%20BOL%C3%8DVAR.%20Por%20%C3%93scar%20Humberto%20G%C3%B3mez%20G%C3%B3mez%2C%20Miembro%20Correspondiente%20de%20la%20Academia%20de%20Historia%20de%20Santander.&url=https%3A%2F%2Foscarhumbertogomez.com%2Findex.php%3Frest_route%3D%252Fwp%252Fv2%252Fposts%252F27890\")'><ss style=\"display:block;border-radius:999px;\" class=\"heateorSssSharingSvg heateorSssTwitterSvg\"><\/ss><\/i><\/li><li class=\"heateorSssSharingRound\"><i style=\"width:35px;height:35px;border-radius:999px;\" alt=\"Whatsapp\" Title=\"Whatsapp\" class=\"heateorSssSharing heateorSssWhatsappBackground\" onclick='heateorSssPopup(\"https:\/\/web.whatsapp.com\/send?text=17%20DE%20DICIEMBRE%20DE%201830%3A%20MUERE%20EN%20SANTA%20MARTA%20EL%20LIBERTADOR%20DE%20COLOMBIA%20GENERAL%20SIM%C3%93N%20BOL%C3%8DVAR.%20Por%20%C3%93scar%20Humberto%20G%C3%B3mez%20G%C3%B3mez%2C%20Miembro%20Correspondiente%20de%20la%20Academia%20de%20Historia%20de%20Santander. https%3A%2F%2Foscarhumbertogomez.com%2Findex.php%3Frest_route%3D%252Fwp%252Fv2%252Fposts%252F27890\")'><ss style=\"display:block\" class=\"heateorSssSharingSvg heateorSssWhatsappSvg\"><\/ss><\/i><\/li><li class=\"heateorSssSharingRound\"><i style=\"width:35px;height:35px;border-radius:999px;\" alt=\"Pinterest\" Title=\"Pinterest\" class=\"heateorSssSharing heateorSssPinterestBackground\" onclick=\"javascript:void( (function() {var e=document.createElement('script' );e.setAttribute('type','text\/javascript' );e.setAttribute('charset','UTF-8' );e.setAttribute('src','\/\/assets.pinterest.com\/js\/pinmarklet.js?r='+Math.random()*99999999);document.body.appendChild(e)})());\"><ss style=\"display:block;border-radius:999px;\" class=\"heateorSssSharingSvg heateorSssPinterestSvg\"><\/ss><\/i><\/li><li class=\"heateorSssSharingRound\"><i style=\"width:35px;height:35px;border-radius:999px;\" alt=\"Google Gmail\" Title=\"Google Gmail\" class=\"heateorSssSharing heateorSssGoogleGmailBackground\" onclick='heateorSssPopup(\"https:\/\/mail.google.com\/mail\/?ui=2&view=cm&fs=1&tf=1&su=17%20DE%20DICIEMBRE%20DE%201830%3A%20MUERE%20EN%20SANTA%20MARTA%20EL%20LIBERTADOR%20DE%20COLOMBIA%20GENERAL%20SIM%C3%93N%20BOL%C3%8DVAR.%20Por%20%C3%93scar%20Humberto%20G%C3%B3mez%20G%C3%B3mez%2C%20Miembro%20Correspondiente%20de%20la%20Academia%20de%20Historia%20de%20Santander.&body=Link:https%3A%2F%2Foscarhumbertogomez.com%2Findex.php%3Frest_route%3D%252Fwp%252Fv2%252Fposts%252F27890\")'><ss style=\"display:block;border-radius:999px;\" class=\"heateorSssSharingSvg heateorSssGoogleGmailSvg\"><\/ss><\/i><\/li><li class=\"heateorSssSharingRound\"><i style=\"width:35px;height:35px;border-radius:999px;\" title=\"More\" alt=\"More\" class=\"heateorSssSharing heateorSssMoreBackground\" onclick=\"heateorSssMoreSharingPopup(this, 'https:\/\/oscarhumbertogomez.com\/index.php?rest_route=%2Fwp%2Fv2%2Fposts%2F27890', '17%20DE%20DICIEMBRE%20DE%201830%3A%20MUERE%20EN%20SANTA%20MARTA%20EL%20LIBERTADOR%20DE%20COLOMBIA%20GENERAL%20SIM%C3%93N%20BOL%C3%8DVAR.%20Por%20%C3%93scar%20Humberto%20G%C3%B3mez%20G%C3%B3mez%2C%20Miembro%20Correspondiente%20de%20la%20Academia%20de%20Historia%20de%20Santander.', '' )\" ><ss style=\"display:block\" class=\"heateorSssSharingSvg heateorSssMoreSvg\"><\/ss><\/i><\/li><\/ul><div class=\"heateorSssClear\"><\/div><\/div><div class='heateorSssClear'><\/div>","protected":false},"author":2,"featured_media":0,"comment_status":"open","ping_status":"open","sticky":false,"template":"","format":"standard","meta":{"spay_email":"","footnotes":""},"categories":[],"tags":[],"class_list":["post-27890","post","type-post","status-publish","format-standard","hentry"],"jetpack_featured_media_url":"","jetpack_shortlink":"https:\/\/wp.me\/p1FYrr-7fQ","_links":{"self":[{"href":"https:\/\/oscarhumbertogomez.com\/index.php?rest_route=\/wp\/v2\/posts\/27890","targetHints":{"allow":["GET"]}}],"collection":[{"href":"https:\/\/oscarhumbertogomez.com\/index.php?rest_route=\/wp\/v2\/posts"}],"about":[{"href":"https:\/\/oscarhumbertogomez.com\/index.php?rest_route=\/wp\/v2\/types\/post"}],"author":[{"embeddable":true,"href":"https:\/\/oscarhumbertogomez.com\/index.php?rest_route=\/wp\/v2\/users\/2"}],"replies":[{"embeddable":true,"href":"https:\/\/oscarhumbertogomez.com\/index.php?rest_route=%2Fwp%2Fv2%2Fcomments&post=27890"}],"version-history":[{"count":5,"href":"https:\/\/oscarhumbertogomez.com\/index.php?rest_route=\/wp\/v2\/posts\/27890\/revisions"}],"predecessor-version":[{"id":28750,"href":"https:\/\/oscarhumbertogomez.com\/index.php?rest_route=\/wp\/v2\/posts\/27890\/revisions\/28750"}],"wp:attachment":[{"href":"https:\/\/oscarhumbertogomez.com\/index.php?rest_route=%2Fwp%2Fv2%2Fmedia&parent=27890"}],"wp:term":[{"taxonomy":"category","embeddable":true,"href":"https:\/\/oscarhumbertogomez.com\/index.php?rest_route=%2Fwp%2Fv2%2Fcategories&post=27890"},{"taxonomy":"post_tag","embeddable":true,"href":"https:\/\/oscarhumbertogomez.com\/index.php?rest_route=%2Fwp%2Fv2%2Ftags&post=27890"}],"curies":[{"name":"wp","href":"https:\/\/api.w.org\/{rel}","templated":true}]}}