{"id":27907,"date":"2018-12-19T09:25:57","date_gmt":"2018-12-19T14:25:57","guid":{"rendered":"http:\/\/www.oscarhumbertogomez.com\/?p=27907"},"modified":"2018-12-19T16:11:35","modified_gmt":"2018-12-19T21:11:35","slug":"los-siete-pecados-capitales-que-comete-el-estado-como-tal","status":"publish","type":"post","link":"https:\/\/oscarhumbertogomez.com\/?p=27907","title":{"rendered":"AL GRANO \/\/ An\u00e1lisis sui g\u00e9neris del acontecer nacional \/\/ LOS SIETE PECADOS CAPITALES QUE COMETE EL ESTADO COMO TAL. Por: General (R) Adolfo Clavijo."},"content":{"rendered":"<p><a href=\"https:\/\/lapiedrafilosofal.com\/wp-content\/uploads\/2018\/11\/Adolfo-Clavijo-01.png\"><img loading=\"lazy\" decoding=\"async\" class=\"alignnone size-full wp-image-27397\" src=\"https:\/\/lapiedrafilosofal.com\/wp-content\/uploads\/2018\/11\/Adolfo-Clavijo-01.png\" alt=\"\" width=\"717\" height=\"886\" srcset=\"https:\/\/oscarhumbertogomez.com\/wp-content\/uploads\/2018\/11\/Adolfo-Clavijo-01.png 717w, https:\/\/oscarhumbertogomez.com\/wp-content\/uploads\/2018\/11\/Adolfo-Clavijo-01-243x300.png 243w\" sizes=\"auto, (max-width: 717px) 100vw, 717px\" \/><\/a><\/p>\n<p>Los siguientes son los pecados capitales que comete frecuentemente el Estado Colombiano debido al manejo que les dan los poderes p\u00fablicos a los diversos proyectos y procesos que deber\u00edan conducir al desarrollo de la naci\u00f3n y a la seguridad y soberan\u00eda del pa\u00eds.<\/p>\n<p><strong>Deficiencia.<\/strong> Ninguno de los proyectos y objetivos que se emprenden en los niveles ejecutivo, legislativo y judicial culminan satisfactoriamente. Despu\u00e9s de los esfuerzos inanes que se hacen, el problema que pretenden arreglar sigue igual. La imperfecci\u00f3n o las fallas son el resultado de errores profesionales, t\u00e9cnicos y de la injerencia de intereses ama\u00f1ados.<\/p>\n<p><strong>Desaciertos.<\/strong> Estos se materializan en las pifias que sobresalen en procesos gubernamentales que por lo general no arreglan nada de las necesidades del pa\u00eds. Adem\u00e1s, los desaciertos son palpables en las imperfecciones de las leyes, en los actos legislativos y en las reformas constitucionales que raras veces logran su cometido. Igualmente, los desaciertos se hacen evidentes en muchas decisiones judiciales que no corresponden a la realidad de los hechos que se juzgan y se penalizan o que no se penalizan.<\/p>\n<p><strong>Descoordinaci\u00f3n.<\/strong> Muchos aspectos que tienen que ver con los tres poderes del Estado no son coordinados entre ellos e incluso algunos proyectos no reciben la coordinaci\u00f3n debida dentro de la misma rama estatal.<\/p>\n<p><strong>Desgre\u00f1o. <\/strong>Actitud que muestran los organismos y estamentos estatales para solucionar los problemas nacionales en todos los \u00f3rdenes de la vida de los colombianos.<\/p>\n<p><strong>Desidia.<\/strong> Con frecuencia, muchos aspectos son tratados con indolencia, indiferencia y desgano en el Poder del Estado al que le corresponde investigar, estudiar y resolver.<\/p>\n<p><strong>Despreocupaci\u00f3n.<\/strong> En los tres poderes es evidente la falta de inter\u00e9s por solucionar adecuada y oportunamente los problemas propios de su misi\u00f3n constitucional y por lograr resultados que beneficien al pa\u00eds en lo que maneja la respectiva rama.<\/p>\n<p><strong>Despelote.<\/strong> Falencia que se observa en los resultados f\u00fatiles de las gestiones gubernativas; se aprecia, adem\u00e1s, en el relajo con que se adelantan las sesiones legislativas; y, se resalta en los fallos y en las sentencias de los procesos judiciales.<\/p>\n<p><em><span style=\"color: #000080;\"><strong>Nota:<\/strong><\/span> Pr\u00f3ximamente se divulgar\u00e1n los pecados capitales que cometen los grupos y movimientos pol\u00edticos<\/em>.<\/p>\n<p>_________<\/p>\n<p><strong>ADOLFO CLAVIJO.<\/strong> Militar, ingeniero civil, escritor y docente universitario. Ex Rector de la Universidad Militar Nueva Granada, de Bogot\u00e1.<\/p>\n","protected":false},"excerpt":{"rendered":"<p>Los siguientes son los pecados capitales que comete frecuentemente el Estado Colombiano debido al manejo que les dan los poderes p\u00fablicos a los diversos proyectos y procesos que deber\u00edan conducir al desarrollo de la naci\u00f3n y a la seguridad y &hellip; <a href=\"https:\/\/oscarhumbertogomez.com\/?p=27907\">Sigue leyendo <span class=\"meta-nav\">&rarr;<\/span><\/a><\/p>\n<div class='heateorSssClear'><\/div><div  class='heateor_sss_sharing_container heateor_sss_horizontal_sharing' heateor-sss-data-href='https:\/\/oscarhumbertogomez.com\/?p=27907'><div class='heateor_sss_sharing_title' style=\"font-weight:bold\" >\u00a1Gracias por compartirla!<\/div><ul class=\"heateor_sss_sharing_ul\"><li class=\"heateorSssSharingRound\"><i style=\"width:35px;height:35px;border-radius:999px;\" alt=\"Facebook\" Title=\"Facebook\" class=\"heateorSssSharing heateorSssFacebookBackground\" onclick='heateorSssPopup(\"https:\/\/www.facebook.com\/sharer\/sharer.php?u=https%3A%2F%2Foscarhumbertogomez.com%2Findex.php%3Frest_route%3D%252Fwp%252Fv2%252Fposts%252F27907\")'><ss style=\"display:block;border-radius:999px;\" class=\"heateorSssSharingSvg heateorSssFacebookSvg\"><\/ss><\/i><\/li><li class=\"heateorSssSharingRound\"><i style=\"width:35px;height:35px;border-radius:999px;\" alt=\"Twitter\" Title=\"Twitter\" class=\"heateorSssSharing heateorSssTwitterBackground\" onclick='heateorSssPopup(\"http:\/\/twitter.com\/intent\/tweet?text=AL%20GRANO%20%2F%2F%20An%C3%A1lisis%20sui%20g%C3%A9neris%20del%20acontecer%20nacional%20%2F%2F%20LOS%20SIETE%20PECADOS%20CAPITALES%20QUE%20COMETE%20EL%20ESTADO%20COMO%20TAL.%20Por%3A%20General%20%28R%29%20Adolfo%20Clavijo.&url=https%3A%2F%2Foscarhumbertogomez.com%2Findex.php%3Frest_route%3D%252Fwp%252Fv2%252Fposts%252F27907\")'><ss style=\"display:block;border-radius:999px;\" class=\"heateorSssSharingSvg heateorSssTwitterSvg\"><\/ss><\/i><\/li><li class=\"heateorSssSharingRound\"><i style=\"width:35px;height:35px;border-radius:999px;\" alt=\"Whatsapp\" Title=\"Whatsapp\" class=\"heateorSssSharing heateorSssWhatsappBackground\" onclick='heateorSssPopup(\"https:\/\/web.whatsapp.com\/send?text=AL%20GRANO%20%2F%2F%20An%C3%A1lisis%20sui%20g%C3%A9neris%20del%20acontecer%20nacional%20%2F%2F%20LOS%20SIETE%20PECADOS%20CAPITALES%20QUE%20COMETE%20EL%20ESTADO%20COMO%20TAL.%20Por%3A%20General%20%28R%29%20Adolfo%20Clavijo. https%3A%2F%2Foscarhumbertogomez.com%2Findex.php%3Frest_route%3D%252Fwp%252Fv2%252Fposts%252F27907\")'><ss style=\"display:block\" class=\"heateorSssSharingSvg heateorSssWhatsappSvg\"><\/ss><\/i><\/li><li class=\"heateorSssSharingRound\"><i style=\"width:35px;height:35px;border-radius:999px;\" alt=\"Pinterest\" Title=\"Pinterest\" class=\"heateorSssSharing heateorSssPinterestBackground\" onclick=\"javascript:void( (function() {var e=document.createElement('script' );e.setAttribute('type','text\/javascript' );e.setAttribute('charset','UTF-8' );e.setAttribute('src','\/\/assets.pinterest.com\/js\/pinmarklet.js?r='+Math.random()*99999999);document.body.appendChild(e)})());\"><ss style=\"display:block;border-radius:999px;\" class=\"heateorSssSharingSvg heateorSssPinterestSvg\"><\/ss><\/i><\/li><li class=\"heateorSssSharingRound\"><i style=\"width:35px;height:35px;border-radius:999px;\" alt=\"Google Gmail\" Title=\"Google Gmail\" class=\"heateorSssSharing heateorSssGoogleGmailBackground\" onclick='heateorSssPopup(\"https:\/\/mail.google.com\/mail\/?ui=2&view=cm&fs=1&tf=1&su=AL%20GRANO%20%2F%2F%20An%C3%A1lisis%20sui%20g%C3%A9neris%20del%20acontecer%20nacional%20%2F%2F%20LOS%20SIETE%20PECADOS%20CAPITALES%20QUE%20COMETE%20EL%20ESTADO%20COMO%20TAL.%20Por%3A%20General%20%28R%29%20Adolfo%20Clavijo.&body=Link:https%3A%2F%2Foscarhumbertogomez.com%2Findex.php%3Frest_route%3D%252Fwp%252Fv2%252Fposts%252F27907\")'><ss style=\"display:block;border-radius:999px;\" class=\"heateorSssSharingSvg heateorSssGoogleGmailSvg\"><\/ss><\/i><\/li><li class=\"heateorSssSharingRound\"><i style=\"width:35px;height:35px;border-radius:999px;\" title=\"More\" alt=\"More\" class=\"heateorSssSharing heateorSssMoreBackground\" onclick=\"heateorSssMoreSharingPopup(this, 'https:\/\/oscarhumbertogomez.com\/index.php?rest_route=%2Fwp%2Fv2%2Fposts%2F27907', 'AL%20GRANO%20%2F%2F%20An%C3%A1lisis%20sui%20g%C3%A9neris%20del%20acontecer%20nacional%20%2F%2F%20LOS%20SIETE%20PECADOS%20CAPITALES%20QUE%20COMETE%20EL%20ESTADO%20COMO%20TAL.%20Por%3A%20General%20%28R%29%20Adolfo%20Clavijo.', '' )\" ><ss style=\"display:block\" class=\"heateorSssSharingSvg heateorSssMoreSvg\"><\/ss><\/i><\/li><\/ul><div class=\"heateorSssClear\"><\/div><\/div><div class='heateorSssClear'><\/div>","protected":false},"author":2,"featured_media":0,"comment_status":"open","ping_status":"open","sticky":false,"template":"","format":"standard","meta":{"spay_email":"","footnotes":""},"categories":[],"tags":[],"class_list":["post-27907","post","type-post","status-publish","format-standard","hentry"],"jetpack_featured_media_url":"","jetpack_shortlink":"https:\/\/wp.me\/p1FYrr-7g7","_links":{"self":[{"href":"https:\/\/oscarhumbertogomez.com\/index.php?rest_route=\/wp\/v2\/posts\/27907","targetHints":{"allow":["GET"]}}],"collection":[{"href":"https:\/\/oscarhumbertogomez.com\/index.php?rest_route=\/wp\/v2\/posts"}],"about":[{"href":"https:\/\/oscarhumbertogomez.com\/index.php?rest_route=\/wp\/v2\/types\/post"}],"author":[{"embeddable":true,"href":"https:\/\/oscarhumbertogomez.com\/index.php?rest_route=\/wp\/v2\/users\/2"}],"replies":[{"embeddable":true,"href":"https:\/\/oscarhumbertogomez.com\/index.php?rest_route=%2Fwp%2Fv2%2Fcomments&post=27907"}],"version-history":[{"count":4,"href":"https:\/\/oscarhumbertogomez.com\/index.php?rest_route=\/wp\/v2\/posts\/27907\/revisions"}],"predecessor-version":[{"id":27915,"href":"https:\/\/oscarhumbertogomez.com\/index.php?rest_route=\/wp\/v2\/posts\/27907\/revisions\/27915"}],"wp:attachment":[{"href":"https:\/\/oscarhumbertogomez.com\/index.php?rest_route=%2Fwp%2Fv2%2Fmedia&parent=27907"}],"wp:term":[{"taxonomy":"category","embeddable":true,"href":"https:\/\/oscarhumbertogomez.com\/index.php?rest_route=%2Fwp%2Fv2%2Fcategories&post=27907"},{"taxonomy":"post_tag","embeddable":true,"href":"https:\/\/oscarhumbertogomez.com\/index.php?rest_route=%2Fwp%2Fv2%2Ftags&post=27907"}],"curies":[{"name":"wp","href":"https:\/\/api.w.org\/{rel}","templated":true}]}}