{"id":27944,"date":"2018-12-21T10:53:06","date_gmt":"2018-12-21T15:53:06","guid":{"rendered":"http:\/\/www.oscarhumbertogomez.com\/?p=27944"},"modified":"2024-05-12T22:22:00","modified_gmt":"2024-05-13T03:22:00","slug":"humberto-martinez-salcedo-el-maestro-salustiano-remembranzas-de-un-santandereano-capitulo-sexto-y-epilogo-por-oscar-humberto-gomez-gomez-miembro-de-la-academia-de-historia-de-santander-y-miembr","status":"publish","type":"post","link":"https:\/\/oscarhumbertogomez.com\/?p=27944","title":{"rendered":"HUMBERTO MART\u00cdNEZ SALCEDO, EL MAESTRO SALUSTIANO: REMEMBRANZAS DE UN SANTANDEREANO. [Cap\u00edtulo Sexto y ep\u00edlogo]. Por \u00d3scar Humberto G\u00f3mez G\u00f3mez, Miembro de la Academia de Historia de Santander y Miembro del Colegio Nacional de Periodistas."},"content":{"rendered":"<p><a href=\"https:\/\/lapiedrafilosofal.com\/wp-content\/uploads\/2018\/12\/IMG-5596.jpg\"><img loading=\"lazy\" decoding=\"async\" class=\"alignnone size-full wp-image-27946\" src=\"https:\/\/lapiedrafilosofal.com\/wp-content\/uploads\/2018\/12\/IMG-5596.jpg\" alt=\"\" width=\"884\" height=\"1334\" srcset=\"https:\/\/oscarhumbertogomez.com\/wp-content\/uploads\/2018\/12\/IMG-5596.jpg 884w, https:\/\/oscarhumbertogomez.com\/wp-content\/uploads\/2018\/12\/IMG-5596-199x300.jpg 199w, https:\/\/oscarhumbertogomez.com\/wp-content\/uploads\/2018\/12\/IMG-5596-768x1159.jpg 768w, https:\/\/oscarhumbertogomez.com\/wp-content\/uploads\/2018\/12\/IMG-5596-679x1024.jpg 679w\" sizes=\"auto, (max-width: 884px) 100vw, 884px\" \/><\/a><\/p>\n<p>&nbsp;<\/p>\n<p>El viernes 31 de octubre de 1997, en un acto especial, el alcalde de Bucaramanga Carlos Arturo Ib\u00e1\u00f1ez Mu\u00f1oz desvel\u00f3 el busto de &#8220;El maestro Salustiano&#8221;, el personaje creado y protagonizado por Humberto Mart\u00ednez Salcedo. La obra hab\u00eda sido esculpida por el artista Melquisedec Tinjac\u00e1 Quiti\u00e1n. El monumento a la memoria del simp\u00e1tico, cr\u00edtico y agudo personaje hab\u00eda sido instalado en la esquina noreste de la carrera 26 (Paseo Espa\u00f1a) con la calle 36, exactamente frente a la que fuera la puerta de entrada a la desaparecida Compa\u00f1\u00eda Colombiana de Tabaco.<\/p>\n<p>Lo primero que se advert\u00eda, sin embargo, era que el busto no representaba, en realidad, al maestro Salustiano, sino al propio Humberto Mart\u00ednez Salcedo. Es m\u00e1s: la placa no mencionaba al personaje, sino a su creador e int\u00e9rprete (ver fotograf\u00eda).<\/p>\n<p>De todos modos, m\u00e1s all\u00e1 de estas glosas, hoy, cuando ya han transcurrido m\u00e1s de veinte a\u00f1os desde aquella fecha, debemos reconocer que fue una actitud plausible la de la Alcald\u00eda de Bucaramanga, y concretamente la del alcalde de entonces, esa de querer perpetuar el recuerdo de este talentoso bumangu\u00e9s, santandereano y colombiano, que no solo nos hizo pasar buenos momentos frente al televisor o junto al radio, sino que contribuy\u00f3, a trav\u00e9s del humor, a inculcarle a nuestra gente el amor por su terru\u00f1o, su m\u00fasica aut\u00f3ctona, sus costumbres sencillas y su identidad.<\/p>\n<p>Muy pronto, lamentablemente, los bumangueses se olvidaron de aquel monumento y hoy por hoy pasan \u2014los que pasan\u2014 sin siquiera percatarse de qui\u00e9n est\u00e1 ah\u00ed representado.<\/p>\n<p>Pero, peor que eso, es el estado de olvido y abandono en que se encuentra el busto de Humberto Mart\u00ednez Salcedo y el hecho lamentable de que, aparte de estar ah\u00ed, en esa esquina, jam\u00e1s la administraci\u00f3n municipal de Bucaramanga, ni su concejo municipal, ni el Instituto Municipal de Cultura, ni la Emisora Cultural Luis Carlos Gal\u00e1n Sarmiento, ni el canal TRO, ni Vanguardia Liberal, ni El Frente, ni nadie, absolutamente nadie, se ha preocupado por programar alg\u00fan acto especial alrededor de aquel monumento para conmemorar su nacimiento o su deceso.<\/p>\n<p>&nbsp;<\/p>\n<p><a href=\"https:\/\/lapiedrafilosofal.com\/wp-content\/uploads\/2018\/12\/CARLOS-IBANEZ.jpg\"><img loading=\"lazy\" decoding=\"async\" class=\"alignnone size-full wp-image-27952\" src=\"https:\/\/lapiedrafilosofal.com\/wp-content\/uploads\/2018\/12\/CARLOS-IBANEZ.jpg\" alt=\"\" width=\"960\" height=\"641\" srcset=\"https:\/\/oscarhumbertogomez.com\/wp-content\/uploads\/2018\/12\/CARLOS-IBANEZ.jpg 960w, https:\/\/oscarhumbertogomez.com\/wp-content\/uploads\/2018\/12\/CARLOS-IBANEZ-300x200.jpg 300w, https:\/\/oscarhumbertogomez.com\/wp-content\/uploads\/2018\/12\/CARLOS-IBANEZ-768x513.jpg 768w\" sizes=\"auto, (max-width: 960px) 100vw, 960px\" \/><\/a><\/p>\n<p>&nbsp;<\/p>\n<p>Circul\u00f3 alguna vez la versi\u00f3n de que Humberto Mart\u00ednez Salcedo hab\u00eda sido en la universidad compa\u00f1ero de estudios de Alfonso L\u00f3pez Michelsen, solo que este se hab\u00eda dedicado a la pol\u00edtica y aquel, a la vida art\u00edstica. Se dec\u00eda, entonces, que en el mosaico de grado estaba el retrato de ambos.<\/p>\n<p>Empero, dentro de las indagaciones hechas para esta serie, se verific\u00f3 la inexactitud de esa versi\u00f3n, entre otras cosas porque mientras Humberto Mart\u00ednez Salcedo curs\u00f3 sus estudios superiores en la Universidad Nacional de Colombia, el dirigente liberal los curs\u00f3 en la Universidad del Rosario.<\/p>\n<p>Ni siquiera fueron compa\u00f1eros durante el bachillerato, porque Humberto Mart\u00ednez Salcedo lo curs\u00f3 en el Colegio San Bartolom\u00e9, de Bogot\u00e1, y L\u00f3pez Michelsen no fue bartolino.<\/p>\n<p>&nbsp;<\/p>\n<p>Humberto Mart\u00ednez Salcedo inici\u00f3 su carrera como hombre de radio en la emisora desde la cual don \u00c1lvaro Casta\u00f1o Castillo, esposo de do\u00f1a Gloria Valencia de Casta\u00f1o, se decidi\u00f3 a luchar porque la m\u00fasica cl\u00e1sica no fuera borrada del mapa en Colombia: la HJCK, la radiodifusora &#8220;para la inmensa minor\u00eda&#8221;, que despu\u00e9s de largos a\u00f1os de permanencia en el aire \u2014y viviendo del aire\u2014 termin\u00f3 en Internet porque ya era imposible seguirla sosteniendo en el dial.<\/p>\n<p>En la HJCK el talentoso santandereano no solo encontr\u00f3 el apoyo de los esposos Casta\u00f1o Valencia \u2014quienes tambi\u00e9n ser\u00edan pioneros de la lucha por el medio ambiente cuando fundaron el programa televisivo Naturalia\u2014, sino a quien habr\u00eda de ser su esposa: la secretaria de don \u00c1lvaro Casta\u00f1o Castillo. Los locutores de la naciente radiodifusora cultural colombiana eran ambos, el entonces estudiante de la Facultad de Derecho de la Universidad Nacional de Colombia y la joven que se convertir\u00eda en la primera dama de la televisi\u00f3n colombiana durante largos a\u00f1os.<\/p>\n<p>&nbsp;<\/p>\n<p><a href=\"https:\/\/lapiedrafilosofal.com\/wp-content\/uploads\/2018\/12\/Gloria-Valencia-de-Castano.jpg\"><img decoding=\"async\" class=\"alignnone size-full wp-image-27971\" src=\"https:\/\/lapiedrafilosofal.com\/wp-content\/uploads\/2018\/12\/Gloria-Valencia-de-Castano.jpg\" alt=\"\" width=\"750\" srcset=\"https:\/\/oscarhumbertogomez.com\/wp-content\/uploads\/2018\/12\/Gloria-Valencia-de-Castano.jpg 320w, https:\/\/oscarhumbertogomez.com\/wp-content\/uploads\/2018\/12\/Gloria-Valencia-de-Castano-238x300.jpg 238w\" sizes=\"(max-width: 320px) 100vw, 320px\" \/><\/a><\/p>\n<p>&nbsp;<\/p>\n<p>El 19 de enero de 1986 cay\u00f3 en domingo. Humberto Mart\u00ednez Salcedo se encontraba en Iza, municipio del departamento de Boyac\u00e1, al frente de los trabajos de filmaci\u00f3n del programa <em>Colombia y su folclor<\/em>, de la programadora Alejandro Mun\u00e9var Televisi\u00f3n. Dicen que lo encontraron acostado en su cama como si con sus ojos sin vida estuviese todav\u00eda leyendo el libro que sosten\u00eda en sus manos, las manos que ya no volver\u00edan a teclear su vieja m\u00e1quina de escribir para producir los mejores libretos que se hayan escrito jam\u00e1s para la hoy decadente televisi\u00f3n colombiana. As\u00ed, con la misma sencillez con que hab\u00eda vivido, se fue el doctor Humberto Mart\u00ednez Salcedo, y con \u00e9l se fue el maestro Salustiano Tapias, y con ambos se fue una \u00e9poca entera de grata recordaci\u00f3n, la \u00e9poca dorada de la radio y de la televisi\u00f3n pensante de un pa\u00eds donde tanta falta hacen los pensadores.<\/p>\n<p>&nbsp;<\/p>\n<p><a href=\"https:\/\/lapiedrafilosofal.com\/wp-content\/uploads\/2018\/12\/CON-OLGA-SARASTY.jpg\"><img decoding=\"async\" class=\"alignnone size-full wp-image-27954\" src=\"https:\/\/lapiedrafilosofal.com\/wp-content\/uploads\/2018\/12\/CON-OLGA-SARASTY.jpg\" alt=\"\" width=\"750\" srcset=\"https:\/\/oscarhumbertogomez.com\/wp-content\/uploads\/2018\/12\/CON-OLGA-SARASTY.jpg 312w, https:\/\/oscarhumbertogomez.com\/wp-content\/uploads\/2018\/12\/CON-OLGA-SARASTY-300x284.jpg 300w\" sizes=\"(max-width: 312px) 100vw, 312px\" \/><\/a><\/p>\n<p>&nbsp;<\/p>\n<p><a href=\"https:\/\/lapiedrafilosofal.com\/wp-content\/uploads\/2018\/12\/COMO-EL-MAESTRO-TAVERITA.jpg\"><img decoding=\"async\" class=\"alignnone size-full wp-image-27955\" src=\"https:\/\/lapiedrafilosofal.com\/wp-content\/uploads\/2018\/12\/COMO-EL-MAESTRO-TAVERITA.jpg\" alt=\"\" width=\"750\" srcset=\"https:\/\/oscarhumbertogomez.com\/wp-content\/uploads\/2018\/12\/COMO-EL-MAESTRO-TAVERITA.jpg 215w, https:\/\/oscarhumbertogomez.com\/wp-content\/uploads\/2018\/12\/COMO-EL-MAESTRO-TAVERITA-202x300.jpg 202w\" sizes=\"(max-width: 215px) 100vw, 215px\" \/><\/a><\/p>\n<p>&nbsp;<\/p>\n<p><a href=\"https:\/\/lapiedrafilosofal.com\/wp-content\/uploads\/2018\/12\/humbertomartinezsalcedo.jpg\"><img decoding=\"async\" class=\"alignnone size-full wp-image-27956\" src=\"https:\/\/lapiedrafilosofal.com\/wp-content\/uploads\/2018\/12\/humbertomartinezsalcedo.jpg\" alt=\"\" width=\"750\" srcset=\"https:\/\/oscarhumbertogomez.com\/wp-content\/uploads\/2018\/12\/humbertomartinezsalcedo.jpg 276w, https:\/\/oscarhumbertogomez.com\/wp-content\/uploads\/2018\/12\/humbertomartinezsalcedo-208x300.jpg 208w\" sizes=\"(max-width: 276px) 100vw, 276px\" \/><\/a><\/p>\n<p>&nbsp;<\/p>\n<p><a href=\"https:\/\/lapiedrafilosofal.com\/wp-content\/uploads\/2018\/12\/humbertomartinezsalcedo-1.jpg\"><img decoding=\"async\" class=\"alignnone size-full wp-image-27957\" src=\"https:\/\/lapiedrafilosofal.com\/wp-content\/uploads\/2018\/12\/humbertomartinezsalcedo-1.jpg\" alt=\"\" width=\"750\" srcset=\"https:\/\/oscarhumbertogomez.com\/wp-content\/uploads\/2018\/12\/humbertomartinezsalcedo-1.jpg 246w, https:\/\/oscarhumbertogomez.com\/wp-content\/uploads\/2018\/12\/humbertomartinezsalcedo-1-202x300.jpg 202w\" sizes=\"(max-width: 246px) 100vw, 246px\" \/><\/a><\/p>\n<p>&nbsp;<\/p>\n<p><a href=\"https:\/\/lapiedrafilosofal.com\/wp-content\/uploads\/2018\/12\/LOS-RUANETAS-.jpg\"><img loading=\"lazy\" decoding=\"async\" class=\"alignnone size-full wp-image-27958\" src=\"https:\/\/lapiedrafilosofal.com\/wp-content\/uploads\/2018\/12\/LOS-RUANETAS-.jpg\" alt=\"\" width=\"1580\" height=\"1600\" srcset=\"https:\/\/oscarhumbertogomez.com\/wp-content\/uploads\/2018\/12\/LOS-RUANETAS-.jpg 1580w, https:\/\/oscarhumbertogomez.com\/wp-content\/uploads\/2018\/12\/LOS-RUANETAS--296x300.jpg 296w, https:\/\/oscarhumbertogomez.com\/wp-content\/uploads\/2018\/12\/LOS-RUANETAS--768x778.jpg 768w, https:\/\/oscarhumbertogomez.com\/wp-content\/uploads\/2018\/12\/LOS-RUANETAS--1011x1024.jpg 1011w\" sizes=\"auto, (max-width: 1580px) 100vw, 1580px\" \/><\/a><\/p>\n<p>&nbsp;<\/p>\n<p><a href=\"https:\/\/lapiedrafilosofal.com\/wp-content\/uploads\/2018\/12\/Alvaro-Castano-Castillo-joven.png\"><img loading=\"lazy\" decoding=\"async\" class=\"alignnone size-full wp-image-27981\" src=\"https:\/\/lapiedrafilosofal.com\/wp-content\/uploads\/2018\/12\/Alvaro-Castano-Castillo-joven.png\" alt=\"\" width=\"1075\" height=\"906\" srcset=\"https:\/\/oscarhumbertogomez.com\/wp-content\/uploads\/2018\/12\/Alvaro-Castano-Castillo-joven.png 1075w, https:\/\/oscarhumbertogomez.com\/wp-content\/uploads\/2018\/12\/Alvaro-Castano-Castillo-joven-300x253.png 300w, https:\/\/oscarhumbertogomez.com\/wp-content\/uploads\/2018\/12\/Alvaro-Castano-Castillo-joven-768x647.png 768w, https:\/\/oscarhumbertogomez.com\/wp-content\/uploads\/2018\/12\/Alvaro-Castano-Castillo-joven-1024x863.png 1024w\" sizes=\"auto, (max-width: 1075px) 100vw, 1075px\" \/><\/a><\/p>\n<p>&nbsp;<\/p>\n<p><a href=\"https:\/\/lapiedrafilosofal.com\/wp-content\/uploads\/2018\/12\/alvaro-.jpg\"><img loading=\"lazy\" decoding=\"async\" class=\"alignnone size-full wp-image-27977\" src=\"https:\/\/lapiedrafilosofal.com\/wp-content\/uploads\/2018\/12\/alvaro-.jpg\" alt=\"\" width=\"800\" height=\"600\" srcset=\"https:\/\/oscarhumbertogomez.com\/wp-content\/uploads\/2018\/12\/alvaro-.jpg 800w, https:\/\/oscarhumbertogomez.com\/wp-content\/uploads\/2018\/12\/alvaro--300x225.jpg 300w, https:\/\/oscarhumbertogomez.com\/wp-content\/uploads\/2018\/12\/alvaro--768x576.jpg 768w\" sizes=\"auto, (max-width: 800px) 100vw, 800px\" \/><\/a><\/p>\n<p>&nbsp;<\/p>\n<p><a href=\"https:\/\/lapiedrafilosofal.com\/wp-content\/uploads\/2018\/12\/gloria_valencia_de_castano.jpg\"><img loading=\"lazy\" decoding=\"async\" class=\"alignnone size-full wp-image-27960\" src=\"https:\/\/lapiedrafilosofal.com\/wp-content\/uploads\/2018\/12\/gloria_valencia_de_castano.jpg\" alt=\"\" width=\"770\" height=\"430\" srcset=\"https:\/\/oscarhumbertogomez.com\/wp-content\/uploads\/2018\/12\/gloria_valencia_de_castano.jpg 770w, https:\/\/oscarhumbertogomez.com\/wp-content\/uploads\/2018\/12\/gloria_valencia_de_castano-300x168.jpg 300w, https:\/\/oscarhumbertogomez.com\/wp-content\/uploads\/2018\/12\/gloria_valencia_de_castano-768x429.jpg 768w\" sizes=\"auto, (max-width: 770px) 100vw, 770px\" \/><\/a><\/p>\n<p>&nbsp;<\/p>\n<p><a href=\"https:\/\/lapiedrafilosofal.com\/wp-content\/uploads\/2018\/12\/alvaro-castano-Y-GABO.jpeg\"><img decoding=\"async\" class=\"alignnone size-full wp-image-27978\" src=\"https:\/\/lapiedrafilosofal.com\/wp-content\/uploads\/2018\/12\/alvaro-castano-Y-GABO.jpeg\" alt=\"\" width=\"750\"><\/a><\/p>\n<p>&nbsp;<\/p>\n<p><a href=\"https:\/\/lapiedrafilosofal.com\/wp-content\/uploads\/2018\/12\/ALVARO-Y-BORGES.jpg\"><img loading=\"lazy\" decoding=\"async\" class=\"alignnone size-full wp-image-27979\" src=\"https:\/\/lapiedrafilosofal.com\/wp-content\/uploads\/2018\/12\/ALVARO-Y-BORGES.jpg\" alt=\"\" width=\"800\" height=\"600\" srcset=\"https:\/\/oscarhumbertogomez.com\/wp-content\/uploads\/2018\/12\/ALVARO-Y-BORGES.jpg 800w, https:\/\/oscarhumbertogomez.com\/wp-content\/uploads\/2018\/12\/ALVARO-Y-BORGES-300x225.jpg 300w, https:\/\/oscarhumbertogomez.com\/wp-content\/uploads\/2018\/12\/ALVARO-Y-BORGES-768x576.jpg 768w\" sizes=\"auto, (max-width: 800px) 100vw, 800px\" \/><\/a><\/p>\n<p>&nbsp;<\/p>\n<p><a href=\"https:\/\/lapiedrafilosofal.com\/wp-content\/uploads\/2018\/12\/GLORIA.jpg\"><img loading=\"lazy\" decoding=\"async\" class=\"alignnone size-full wp-image-27959\" src=\"https:\/\/lapiedrafilosofal.com\/wp-content\/uploads\/2018\/12\/GLORIA.jpg\" alt=\"\" width=\"560\" height=\"373\" srcset=\"https:\/\/oscarhumbertogomez.com\/wp-content\/uploads\/2018\/12\/GLORIA.jpg 560w, https:\/\/oscarhumbertogomez.com\/wp-content\/uploads\/2018\/12\/GLORIA-300x200.jpg 300w\" sizes=\"auto, (max-width: 560px) 100vw, 560px\" \/><\/a><\/p>\n<p>&nbsp;<\/p>\n<p><a href=\"https:\/\/lapiedrafilosofal.com\/wp-content\/uploads\/2018\/12\/gloria-2.jpg\"><img loading=\"lazy\" decoding=\"async\" class=\"alignnone size-full wp-image-27975\" src=\"https:\/\/lapiedrafilosofal.com\/wp-content\/uploads\/2018\/12\/gloria-2.jpg\" alt=\"\" width=\"720\" height=\"480\" srcset=\"https:\/\/oscarhumbertogomez.com\/wp-content\/uploads\/2018\/12\/gloria-2.jpg 720w, https:\/\/oscarhumbertogomez.com\/wp-content\/uploads\/2018\/12\/gloria-2-300x200.jpg 300w\" sizes=\"auto, (max-width: 720px) 100vw, 720px\" \/><\/a><\/p>\n<p>&nbsp;<\/p>\n<p><a href=\"https:\/\/lapiedrafilosofal.com\/wp-content\/uploads\/2018\/11\/PEDRO-NEL-.jpg\"><img loading=\"lazy\" decoding=\"async\" class=\"alignnone size-full wp-image-27536\" src=\"https:\/\/lapiedrafilosofal.com\/wp-content\/uploads\/2018\/11\/PEDRO-NEL-.jpg\" alt=\"\" width=\"720\" height=\"960\" srcset=\"https:\/\/oscarhumbertogomez.com\/wp-content\/uploads\/2018\/11\/PEDRO-NEL-.jpg 720w, https:\/\/oscarhumbertogomez.com\/wp-content\/uploads\/2018\/11\/PEDRO-NEL--225x300.jpg 225w\" sizes=\"auto, (max-width: 720px) 100vw, 720px\" \/><\/a><\/p>\n<p>&nbsp;<\/p>\n<p><a href=\"https:\/\/lapiedrafilosofal.com\/wp-content\/uploads\/2018\/12\/EL-PENSADOR-RODIN-PARIS.jpg\"><img loading=\"lazy\" decoding=\"async\" class=\"alignnone size-full wp-image-27717\" src=\"https:\/\/lapiedrafilosofal.com\/wp-content\/uploads\/2018\/12\/EL-PENSADOR-RODIN-PARIS.jpg\" alt=\"\" width=\"1024\" height=\"1365\" srcset=\"https:\/\/oscarhumbertogomez.com\/wp-content\/uploads\/2018\/12\/EL-PENSADOR-RODIN-PARIS.jpg 1024w, https:\/\/oscarhumbertogomez.com\/wp-content\/uploads\/2018\/12\/EL-PENSADOR-RODIN-PARIS-225x300.jpg 225w, https:\/\/oscarhumbertogomez.com\/wp-content\/uploads\/2018\/12\/EL-PENSADOR-RODIN-PARIS-768x1024.jpg 768w\" sizes=\"auto, (max-width: 1024px) 100vw, 1024px\" \/><\/a><\/p>\n<p>&nbsp;<\/p>\n<p><a href=\"https:\/\/lapiedrafilosofal.com\/wp-content\/uploads\/2018\/12\/SALUSTIANO-QUIJOTE.jpg\"><img decoding=\"async\" class=\"alignnone size-full wp-image-27682\" src=\"https:\/\/lapiedrafilosofal.com\/wp-content\/uploads\/2018\/12\/SALUSTIANO-QUIJOTE.jpg\" alt=\"\" width=\"740\" srcset=\"https:\/\/oscarhumbertogomez.com\/wp-content\/uploads\/2018\/12\/SALUSTIANO-QUIJOTE.jpg 320w, https:\/\/oscarhumbertogomez.com\/wp-content\/uploads\/2018\/12\/SALUSTIANO-QUIJOTE-240x300.jpg 240w\" sizes=\"(max-width: 320px) 100vw, 320px\" \/><\/a><\/p>\n<p>&nbsp;<\/p>\n<p><a href=\"https:\/\/lapiedrafilosofal.com\/wp-content\/uploads\/2018\/11\/quijpote-salustiano-01.png\"><img loading=\"lazy\" decoding=\"async\" class=\"alignnone size-full wp-image-27669\" src=\"https:\/\/lapiedrafilosofal.com\/wp-content\/uploads\/2018\/11\/quijpote-salustiano-01.png\" alt=\"\" width=\"555\" height=\"768\" srcset=\"https:\/\/oscarhumbertogomez.com\/wp-content\/uploads\/2018\/11\/quijpote-salustiano-01.png 555w, https:\/\/oscarhumbertogomez.com\/wp-content\/uploads\/2018\/11\/quijpote-salustiano-01-217x300.png 217w\" sizes=\"auto, (max-width: 555px) 100vw, 555px\" \/><\/a><\/p>\n<p>&nbsp;<\/p>\n<p><span style=\"color: #000080;\"><strong>A MANERA DE EP\u00cdLOGO<\/strong><\/span><\/p>\n<p>Algunos hombres y algunas mujeres, a su paso por la tierra, dejan una impronta; es como si hubiesen venido a este mundo a cumplir una misi\u00f3n, bien de orden social, bien de car\u00e1cter cultural, o, en fin, de cualquier naturaleza. Humberto Mart\u00ednez Salcedo dej\u00f3 una huella en el coraz\u00f3n y la memoria de muchos colombianos de su \u00e9poca, algunos de los cuales \u00e9ramos muy j\u00f3venes cuando \u00e9l ya descollaba. Es m\u00e1s: en 1956, cuando el autor de estas l\u00edneas apenas ten\u00eda unos meses de haber nacido, y la&nbsp; presidencia de la Rep\u00fablica se la hab\u00edan disputado Laureano G\u00f3mez, Roberto Urdaneta Arbel\u00e1ez y Gustavo Rojas Pinilla, para quedar finalmente en las manos de este \u00faltimo mediante un golpe de Estado, y el m\u00e9dico piedecuestano Guillermo Sorzano Gonz\u00e1lez era el alcalde de Bucaramanga \u2014a prop\u00f3sito, con su nombre fue bautizado el llamado parque San P\u00edo\u2014, ya Humberto Mart\u00ednez Salcedo estaba inaugurando en Colombia la televisi\u00f3n cultural. Lo estaba haciendo en la televisora nacional, reci\u00e9n arribada al pa\u00eds en plena dictadura militar. Despu\u00e9s habr\u00edan de venir sus programas de radio, siempre tan agudos y mordaces como perseguidos: La Cantaleta, El Pereque, El Duende, La Tapa y El Corcho. En fin, las huellas que dej\u00f3 este genial escritor santandereano de chispeante talento y sencillez perturbadora fueron profundas.<\/p>\n<p>Resulta lamentable, sin embargo, que en un pa\u00eds donde todos los d\u00edas los peri\u00f3dicos, las revistas, las radiodifusoras, los noticieros de televisi\u00f3n, los dramatizados y hasta el cine se la pasan rememorando \u2014y hasta exaltando\u2014, con una persistencia que ya empieza a resultar sospechosa, a sujetos que solo parecieran haber venido aqu\u00ed, a esta tierra desventurada, a llenarla de luto, l\u00e1grimas, dolor, desolaci\u00f3n y atraso, vale decir, a individuos que nunca mostraron la m\u00e1s m\u00ednima conciencia social, pero ni siquiera el m\u00e1s m\u00ednimo respeto por la vida y la dignidad de los dem\u00e1s, se mantiene en el olvido a quienes, en cambio, como Humberto Mart\u00ednez Salcedo, parecieran haber venido a llenar los corazones atribulados de alegr\u00eda y de esperanza a trav\u00e9s del buen humor y del dif\u00edcil y ex\u00f3tico arte de pensar.<\/p>\n<p>Fue, en s\u00edntesis, Humberto Mart\u00ednez Salcedo un santandereano, como dicen en M\u00e9xico, de a de veras; un bumangu\u00e9s \u00edntegro y un artista integral; un hombre de esos que solo se dan por estos lares de tarde en tarde, como si, ante el desaliento que nos generan nuestros males, sempiternos y sin soluci\u00f3n a la vista; como si, ante tanta corrupci\u00f3n y tanto oportunismo; como si, ante tanta indiferencia oficial por esa dura brega cotidiana que deben asumir quienes tienen que trabajar y siempre trabajar en busca del pan y del futuro; como si, ante tantas cargas impositivas indolentes, destinadas \u00fanicamente a ensanchar las abultadas cuentas bancarias de los corrompidos, de los ap\u00e1tridas que solo piensan en ellos, jam\u00e1s en su pueblo; como si, ante tanto sinverg\u00fcenza, tanto embustero y tanto pat\u00e1n al frente de nuestros inciertos destinos; y, en fin, como si, ante nuestro sentimiento generalizado de impotencia frente a tanto desorden y tanta injusticia,&nbsp;el Supremo Hacedor quisiera enviarnos, de vez en cuando, al menos la posibilidad de una sonrisa, unas cuantas gotas de miel para endulzar las amarguras y un rayito de luz para alumbrarnos el sendero, oscurecido por un Estado que solo les ofrece estr\u00e9s, ansiedad, miedo y des\u00e1nimo a sus s\u00fabditos honestos.<\/p>\n<p>Alguien me llam\u00f3 la atenci\u00f3n hace poco porque, dijo, yo no hab\u00eda hecho alusi\u00f3n en esta serie al hecho de que Humberto Mart\u00ednez Salcedo es el padre del actual fiscal. En realidad, no anot\u00e9 eso en esta serie porque es un dato que me parece impertinente. Adem\u00e1s, porque&nbsp; no es que Humberto Mart\u00ednez Salcedo sea el padre del fiscal, sino que el fiscal es hijo de Humberto Mart\u00ednez Salcedo.<\/p>\n<p>\u00a1Jam\u00e1s lo olvidaremos, maestro!<\/p>\n<p><em>Mesa de las Tempestades, \u00c1rea Metropolitana de Bucaramanga, jueves 20 de diciembre de 2018.<\/em><\/p>\n<p>&nbsp;<\/p>\n<p><iframe loading=\"lazy\" width=\"560\" height=\"315\" src=\"https:\/\/www.youtube-nocookie.com\/embed\/K32PeXOmR_k?controls=0\" title=\"YouTube video player\" frameborder=\"0\" allow=\"accelerometer; autoplay; clipboard-write; encrypted-media; gyroscope; picture-in-picture\" allowfullscreen=\"\"><\/iframe><\/p>\n<p>&nbsp;<\/p>\n<p>__________<\/p>\n<p><span style=\"color: #000080;\"><strong>ILUSTRACIONES:<\/strong><\/span> <strong>(1)<\/strong> Monumento a Humberto Mart\u00ednez Salcedo en Bucaramanga. Fotograf\u00eda de Fernando Rueda Villamizar.<\/p>\n<p><strong>(2)<\/strong> Carlos Arturo Ib\u00e1\u00f1ez Mu\u00f1oz, el \u00fanico alcalde de Bucaramanga, ciudad natal del maestro Humberto Mart\u00ednez Salcedo, que le ha rendido un homenaje a su memoria.<\/p>\n<p><strong>(3) <\/strong>La joven locutora de la HJCK Gloria Valencia de Casta\u00f1o, compa\u00f1era de trabajo del tambi\u00e9n joven locutor de esa naciente radiodifusora Humberto Mart\u00ednez Salcedo. Este hac\u00eda un programa de apreciaci\u00f3n musical con el maestro Otto De Greiff.<\/p>\n<p><strong>(4)<\/strong> El maestro Humberto Mart\u00ednez Salcedo con la periodista Olga Sarasty. 1973, Revista Cromos.<\/p>\n<p><strong>&nbsp;(5)<\/strong>&nbsp;El actor Humberto Mart\u00ednez Salcedo como &#8220;el maestro Taverita&#8221;, personaje del seriado de humor &#8220;Don Chinche&#8221;, dirigido y protagonizado por el talentoso comediante y compositor colombiano maestro H\u00e9ctor Ulloa.<\/p>\n<p><strong>(6)<\/strong> P\u00f3ster del programa radial El Corcho, dirigido, presentado y conducido por Humberto Mart\u00ednez Salcedo.<\/p>\n<p><strong>(7)<\/strong> Humberto Mart\u00ednez Salcedo como &#8220;el maestro Taverita&#8221;.<\/p>\n<p><strong>(8)<\/strong> El maestro Humberto Mart\u00ednez Salcedo, con la guacharaca en alto, como integrante de la agrupaci\u00f3n Los Ruanetas.<\/p>\n<p><strong>(9)<\/strong>&nbsp;Gloria Valencia de Casta\u00f1o quien junto a su esposo, \u00c1lvaro Casta\u00f1o Castillo, desde la d\u00e9cada de los a\u00f1os 50 apoy\u00f3 al maestro Humberto Mart\u00ednez Salcedo en sus proyectos radiales y fue su compa\u00f1era de locuci\u00f3n en la emisora cultural HJCK.<\/p>\n<p><strong>(10)<\/strong>&nbsp;Los esposos Casta\u00f1o Valencia en su lugar de trabajo.<\/p>\n<p><strong>(11)<\/strong>&nbsp; La joven Gloria Valencia de Casta\u00f1o.<\/p>\n<p><strong>(12) <\/strong>\u00c1lvaro Casta\u00f1o Castillo con el maestro de las letras castellanas Gabriel Garc\u00eda M\u00e1rquez, Premio Nobel de Literatura.<\/p>\n<p><strong>(13)<\/strong> \u00c1lvaro Casta\u00f1o Castillo con el maestro de las letras castellanas Jorge Luis Borges, a quien, por razones pol\u00edticas, no le fue conferido el Premio Nobel de Literatura a pesar de ser quien fue.<\/p>\n<p><strong>(14)<\/strong>&nbsp;Gloria Valencia de Casta\u00f1o.<\/p>\n<p><strong>(15)<\/strong> La joven locutora Gloria Valencia de Casta\u00f1o en la emisora HJCK (Detalle).<\/p>\n<p><strong>(16)<\/strong> Maestro Pedro Nel Mart\u00ednez, amigo y compa\u00f1ero art\u00edstico del doctor Humberto Mart\u00ednez Salcedo hasta el \u00faltimo d\u00eda de su vida en Iza.<\/p>\n<p><strong>(17)<\/strong> <em>El pensador<\/em>. Auguste Rodin. Par\u00eds. La obra, en t\u00e9rminos sencillos, representa a quienes, como Humberto Mart\u00ednez Salcedo, piensan.<\/p>\n<p><strong>(18)<\/strong> Humberto Mart\u00ednez Salcedo como Don Quijote.<\/p>\n<p><strong>(19)<\/strong> Humberto Mart\u00ednez Salcedo como Don Quijote. Ilustraci\u00f3n de Pedro Jes\u00fas Vargas Cordero.<\/p>\n","protected":false},"excerpt":{"rendered":"<p>&nbsp; El viernes 31 de octubre de 1997, en un acto especial, el alcalde de Bucaramanga Carlos Arturo Ib\u00e1\u00f1ez Mu\u00f1oz desvel\u00f3 el busto de &#8220;El maestro Salustiano&#8221;, el personaje creado y protagonizado por Humberto Mart\u00ednez Salcedo. La obra hab\u00eda sido &hellip; <a href=\"https:\/\/oscarhumbertogomez.com\/?p=27944\">Sigue leyendo <span class=\"meta-nav\">&rarr;<\/span><\/a><\/p>\n<div class='heateorSssClear'><\/div><div  class='heateor_sss_sharing_container heateor_sss_horizontal_sharing' heateor-sss-data-href='https:\/\/oscarhumbertogomez.com\/?p=27944'><div class='heateor_sss_sharing_title' style=\"font-weight:bold\" >\u00a1Gracias por compartirla!<\/div><ul class=\"heateor_sss_sharing_ul\"><li class=\"heateorSssSharingRound\"><i style=\"width:35px;height:35px;border-radius:999px;\" alt=\"Facebook\" Title=\"Facebook\" class=\"heateorSssSharing heateorSssFacebookBackground\" onclick='heateorSssPopup(\"https:\/\/www.facebook.com\/sharer\/sharer.php?u=https%3A%2F%2Foscarhumbertogomez.com%2Findex.php%3Frest_route%3D%252Fwp%252Fv2%252Fposts%252F27944\")'><ss style=\"display:block;border-radius:999px;\" class=\"heateorSssSharingSvg heateorSssFacebookSvg\"><\/ss><\/i><\/li><li class=\"heateorSssSharingRound\"><i style=\"width:35px;height:35px;border-radius:999px;\" alt=\"Twitter\" Title=\"Twitter\" class=\"heateorSssSharing heateorSssTwitterBackground\" onclick='heateorSssPopup(\"http:\/\/twitter.com\/intent\/tweet?text=HUMBERTO%20MART%C3%8DNEZ%20SALCEDO%2C%20EL%20MAESTRO%20SALUSTIANO%3A%20REMEMBRANZAS%20DE%20UN%20SANTANDEREANO.%20%5BCap%C3%ADtulo%20Sexto%20y%20ep%C3%ADlogo%5D.%20Por%20%C3%93scar%20Humberto%20G%C3%B3mez%20G%C3%B3mez%2C%20Miembro%20de%20la%20Academia%20de%20Historia%20de%20Santander%20y%20Miembro%20del%20Colegio%20Nacional%20de%20Periodistas.&url=https%3A%2F%2Foscarhumbertogomez.com%2Findex.php%3Frest_route%3D%252Fwp%252Fv2%252Fposts%252F27944\")'><ss style=\"display:block;border-radius:999px;\" class=\"heateorSssSharingSvg heateorSssTwitterSvg\"><\/ss><\/i><\/li><li class=\"heateorSssSharingRound\"><i style=\"width:35px;height:35px;border-radius:999px;\" alt=\"Whatsapp\" Title=\"Whatsapp\" class=\"heateorSssSharing heateorSssWhatsappBackground\" onclick='heateorSssPopup(\"https:\/\/web.whatsapp.com\/send?text=HUMBERTO%20MART%C3%8DNEZ%20SALCEDO%2C%20EL%20MAESTRO%20SALUSTIANO%3A%20REMEMBRANZAS%20DE%20UN%20SANTANDEREANO.%20%5BCap%C3%ADtulo%20Sexto%20y%20ep%C3%ADlogo%5D.%20Por%20%C3%93scar%20Humberto%20G%C3%B3mez%20G%C3%B3mez%2C%20Miembro%20de%20la%20Academia%20de%20Historia%20de%20Santander%20y%20Miembro%20del%20Colegio%20Nacional%20de%20Periodistas. https%3A%2F%2Foscarhumbertogomez.com%2Findex.php%3Frest_route%3D%252Fwp%252Fv2%252Fposts%252F27944\")'><ss style=\"display:block\" class=\"heateorSssSharingSvg heateorSssWhatsappSvg\"><\/ss><\/i><\/li><li class=\"heateorSssSharingRound\"><i style=\"width:35px;height:35px;border-radius:999px;\" alt=\"Pinterest\" Title=\"Pinterest\" class=\"heateorSssSharing heateorSssPinterestBackground\" onclick=\"javascript:void( (function() {var e=document.createElement('script' );e.setAttribute('type','text\/javascript' );e.setAttribute('charset','UTF-8' );e.setAttribute('src','\/\/assets.pinterest.com\/js\/pinmarklet.js?r='+Math.random()*99999999);document.body.appendChild(e)})());\"><ss style=\"display:block;border-radius:999px;\" class=\"heateorSssSharingSvg heateorSssPinterestSvg\"><\/ss><\/i><\/li><li class=\"heateorSssSharingRound\"><i style=\"width:35px;height:35px;border-radius:999px;\" alt=\"Google Gmail\" Title=\"Google Gmail\" class=\"heateorSssSharing heateorSssGoogleGmailBackground\" onclick='heateorSssPopup(\"https:\/\/mail.google.com\/mail\/?ui=2&view=cm&fs=1&tf=1&su=HUMBERTO%20MART%C3%8DNEZ%20SALCEDO%2C%20EL%20MAESTRO%20SALUSTIANO%3A%20REMEMBRANZAS%20DE%20UN%20SANTANDEREANO.%20%5BCap%C3%ADtulo%20Sexto%20y%20ep%C3%ADlogo%5D.%20Por%20%C3%93scar%20Humberto%20G%C3%B3mez%20G%C3%B3mez%2C%20Miembro%20de%20la%20Academia%20de%20Historia%20de%20Santander%20y%20Miembro%20del%20Colegio%20Nacional%20de%20Periodistas.&body=Link:https%3A%2F%2Foscarhumbertogomez.com%2Findex.php%3Frest_route%3D%252Fwp%252Fv2%252Fposts%252F27944\")'><ss style=\"display:block;border-radius:999px;\" class=\"heateorSssSharingSvg heateorSssGoogleGmailSvg\"><\/ss><\/i><\/li><li class=\"heateorSssSharingRound\"><i style=\"width:35px;height:35px;border-radius:999px;\" title=\"More\" alt=\"More\" class=\"heateorSssSharing heateorSssMoreBackground\" onclick=\"heateorSssMoreSharingPopup(this, 'https:\/\/oscarhumbertogomez.com\/index.php?rest_route=%2Fwp%2Fv2%2Fposts%2F27944', 'HUMBERTO%20MART%C3%8DNEZ%20SALCEDO%2C%20EL%20MAESTRO%20SALUSTIANO%3A%20REMEMBRANZAS%20DE%20UN%20SANTANDEREANO.%20%5BCap%C3%ADtulo%20Sexto%20y%20ep%C3%ADlogo%5D.%20Por%20%C3%93scar%20Humberto%20G%C3%B3mez%20G%C3%B3mez%2C%20Miembro%20de%20la%20Academia%20de%20Historia%20de%20Santander%20y%20Miembro%20del%20Colegio%20Nacional%20de%20Periodistas.', '' )\" ><ss style=\"display:block\" class=\"heateorSssSharingSvg heateorSssMoreSvg\"><\/ss><\/i><\/li><\/ul><div class=\"heateorSssClear\"><\/div><\/div><div class='heateorSssClear'><\/div>","protected":false},"author":2,"featured_media":0,"comment_status":"closed","ping_status":"closed","sticky":false,"template":"","format":"standard","meta":{"spay_email":"","footnotes":""},"categories":[1],"tags":[],"class_list":["post-27944","post","type-post","status-publish","format-standard","hentry","category-blog"],"jetpack_featured_media_url":"","jetpack_shortlink":"https:\/\/wp.me\/p1FYrr-7gI","_links":{"self":[{"href":"https:\/\/oscarhumbertogomez.com\/index.php?rest_route=\/wp\/v2\/posts\/27944","targetHints":{"allow":["GET"]}}],"collection":[{"href":"https:\/\/oscarhumbertogomez.com\/index.php?rest_route=\/wp\/v2\/posts"}],"about":[{"href":"https:\/\/oscarhumbertogomez.com\/index.php?rest_route=\/wp\/v2\/types\/post"}],"author":[{"embeddable":true,"href":"https:\/\/oscarhumbertogomez.com\/index.php?rest_route=\/wp\/v2\/users\/2"}],"replies":[{"embeddable":true,"href":"https:\/\/oscarhumbertogomez.com\/index.php?rest_route=%2Fwp%2Fv2%2Fcomments&post=27944"}],"version-history":[{"count":6,"href":"https:\/\/oscarhumbertogomez.com\/index.php?rest_route=\/wp\/v2\/posts\/27944\/revisions"}],"predecessor-version":[{"id":54232,"href":"https:\/\/oscarhumbertogomez.com\/index.php?rest_route=\/wp\/v2\/posts\/27944\/revisions\/54232"}],"wp:attachment":[{"href":"https:\/\/oscarhumbertogomez.com\/index.php?rest_route=%2Fwp%2Fv2%2Fmedia&parent=27944"}],"wp:term":[{"taxonomy":"category","embeddable":true,"href":"https:\/\/oscarhumbertogomez.com\/index.php?rest_route=%2Fwp%2Fv2%2Fcategories&post=27944"},{"taxonomy":"post_tag","embeddable":true,"href":"https:\/\/oscarhumbertogomez.com\/index.php?rest_route=%2Fwp%2Fv2%2Ftags&post=27944"}],"curies":[{"name":"wp","href":"https:\/\/api.w.org\/{rel}","templated":true}]}}