{"id":28205,"date":"2018-12-29T23:43:08","date_gmt":"2018-12-30T04:43:08","guid":{"rendered":"http:\/\/www.oscarhumbertogomez.com\/?p=28205"},"modified":"2025-03-22T09:04:08","modified_gmt":"2025-03-22T14:04:08","slug":"sabe-usted-quien-fue-el-primer-ingeniero-graduado-en-colombia-por-oscar-humberto-gomez-gomez-miembro-correspondiente-de-la-academia-de-historia-de-santander","status":"publish","type":"post","link":"https:\/\/oscarhumbertogomez.com\/?p=28205","title":{"rendered":"\u00bfSABEN USTEDES QUI\u00c9N FUE EL PRIMER INGENIERO GRADUADO EN COLOMBIA? Por \u00d3scar Humberto G\u00f3mez G\u00f3mez, Miembro Correspondiente de la Academia de Historia de Santander y Miembro del Colegio Nacional de Periodistas."},"content":{"rendered":"<p><img loading=\"lazy\" decoding=\"async\" class=\"aligncenter size-full wp-image-31847\" src=\"https:\/\/lapiedrafilosofal.com\/wp-content\/uploads\/2018\/12\/Ruperto-Ferreira-Gomez.jpg\" alt=\"\" width=\"225\" height=\"274\"><\/p>\n<p>&nbsp;<\/p>\n<p><strong>\u00bfSe acuerdan de Jos\u00e9 Acevedo y G\u00f3mez, el orador santandereano que el 20 de julio de 1810 dijo aquello de &#8220;Si dej\u00e1is escapar estos momentos de efervescencia y calor&#8230;?&#8221;<\/strong><\/p>\n<p>Bueno: el primer universitario que se gradu\u00f3 como ingeniero en Colombia fue su biznieto <strong>Ruperto Ferreira G\u00f3mez<\/strong>, el alumno de Ingenier\u00eda m\u00e1s brillante de la naciente Universidad Nacional.<\/p>\n<p>&nbsp;<\/p>\n<p><img loading=\"lazy\" decoding=\"async\" class=\"aligncenter size-full wp-image-31847\" src=\"https:\/\/lapiedrafilosofal.com\/wp-content\/uploads\/2018\/12\/Ruperto-Ferreira-Gomez.jpg\" alt=\"\" width=\"225\" height=\"274\"><\/p>\n<p>&nbsp;<\/p>\n<p><strong>\u00bfSaben d\u00f3nde hab\u00eda nacido?<\/strong><\/p>\n<p>En el oc\u00e9ano Atl\u00e1ntico, a bordo de un barco ingl\u00e9s llamado Jane. Sus padres estaban de viaje; iban de Gran Breta\u00f1a a Nueva Granada, como se llamaba entonces nuestro pa\u00eds. Era el d\u00eda jueves 4 de setiembre de 1845.<\/p>\n<p>&nbsp;<\/p>\n<p><img loading=\"lazy\" decoding=\"async\" class=\"aligncenter size-full wp-image-31847\" src=\"https:\/\/lapiedrafilosofal.com\/wp-content\/uploads\/2018\/12\/Ruperto-Ferreira-Gomez.jpg\" alt=\"\" width=\"225\" height=\"274\"><\/p>\n<p>&nbsp;<\/p>\n<p><strong>\u00bfSaben qu\u00e9 d\u00eda se gradu\u00f3 y a qu\u00e9 edad?<\/strong><\/p>\n<p>El martes 29 de noviembre de 1870. Ten\u00eda 25 a\u00f1os.<\/p>\n<p>&nbsp;<\/p>\n<p><img loading=\"lazy\" decoding=\"async\" class=\"aligncenter size-full wp-image-31847\" src=\"https:\/\/lapiedrafilosofal.com\/wp-content\/uploads\/2018\/12\/Ruperto-Ferreira-Gomez.jpg\" alt=\"\" width=\"225\" height=\"274\"><\/p>\n<p>&nbsp;<\/p>\n<p><strong>\u00bfSaben qui\u00e9n le entreg\u00f3 el diploma de ingeniero?<\/strong><\/p>\n<p>Don Manuel Anc\u00edzar, rector de la Universidad en ese momento.<\/p>\n<p>(Recuerdan a don Manuel Anc\u00edzar? S\u00ed: fue el viajero que en 1850 lleg\u00f3 al Socorro y, hablando con los lugare\u00f1os, supo que en el siglo inmediatamente anterior hab\u00eda ocurrido la Insurrecci\u00f3n de los Comuneros; entonces, indag\u00f3 en los archivos y confirm\u00f3 la ocurrencia de esos hechos, por lo cual, en su obra <em>Peregrinaci\u00f3n de Alpha<\/em>&nbsp;dio a conocer aquellos sucesos hist\u00f3ricos, que, de otro modo, hubiesen quedado sumidos en el olvido).<\/p>\n<p>&nbsp;<\/p>\n<p><img loading=\"lazy\" decoding=\"async\" class=\"aligncenter size-full wp-image-31847\" src=\"https:\/\/lapiedrafilosofal.com\/wp-content\/uploads\/2018\/12\/Ruperto-Ferreira-Gomez.jpg\" alt=\"\" width=\"225\" height=\"274\"><\/p>\n<p>&nbsp;<\/p>\n<p><strong>\u00bfSaben qu\u00e9 episodio particular sucedi\u00f3 cuando estaba presentando su examen de grado?<\/strong><\/p>\n<p>La graduaci\u00f3n de Ruperto Ferreira G\u00f3mez como ingeniero estuvo marcada durante largo tiempo por el episodio ocurrido cuando se encontraba presentando su examen de grado.<\/p>\n<p>Sucedi\u00f3 que en los precisos momentos en que se hallaba resolviendo en el tablero el problema de c\u00e1lculo que le hab\u00edan puesto, iba pasando por la calle contigua un sacerdote llevando la Sagrada Hostia, acompa\u00f1ado, como se estilaba en aquel entonces, del ta\u00f1ido de una campanilla.<\/p>\n<p>El aspirante a ingeniero interrumpi\u00f3 el ejercicio, puso a un lado la tiza y el borrador, sac\u00f3 del bolsillo su pa\u00f1uelo, lo coloc\u00f3 en el piso y se arrodill\u00f3 cerrando los ojos y juntando las manos.<\/p>\n<p>Nadie m\u00e1s hizo lo mismo. Al contrario de la actitud fervorosa del joven, reinaba en aquella \u00e9poca una gran hostilidad contra la religi\u00f3n. Sin embargo, hubo absoluto silencio y total respeto hacia \u00e9l.<\/p>\n<p>Solo cuando el ta\u00f1ido de la campanilla se alej\u00f3, Ruperto se levant\u00f3, volvi\u00f3 a tomar en sus manos la tiza y el borrador, y reanud\u00f3 el ejercicio que hab\u00eda interrumpido. (SU\u00c1REZ, Marco Fidel. <em>Sue\u00f1os de Luciano Pulgar<\/em>. Tomo VIII. Bogot\u00e1. 1954, p.p. 264 -265).<\/p>\n<p>&nbsp;<\/p>\n<p><img loading=\"lazy\" decoding=\"async\" class=\"aligncenter size-full wp-image-31847\" src=\"https:\/\/lapiedrafilosofal.com\/wp-content\/uploads\/2018\/12\/Ruperto-Ferreira-Gomez.jpg\" alt=\"\" width=\"225\" height=\"274\"><\/p>\n<p>&nbsp;<\/p>\n<p><strong>\u00bfSaben cu\u00e1ntos a\u00f1os dur\u00f3 Ruperto cursando la carrera?<\/strong><\/p>\n<p>Dos a\u00f1os.<\/p>\n<p>Duraba cinco.<\/p>\n<p>&nbsp;<\/p>\n<p><img loading=\"lazy\" decoding=\"async\" class=\"aligncenter size-full wp-image-31847\" src=\"https:\/\/lapiedrafilosofal.com\/wp-content\/uploads\/2018\/12\/Ruperto-Ferreira-Gomez.jpg\" alt=\"\" width=\"225\" height=\"274\"><\/p>\n<p>&nbsp;<\/p>\n<p><strong>Y \u00bfsaben d\u00f3nde muri\u00f3?<\/strong><\/p>\n<p>En la misma Universidad Nacional donde se hab\u00eda graduado de ingeniero y a la cual se hab\u00eda vinculado como profesor; muri\u00f3 cuando dictaba una clase de Geometr\u00eda. Era el d\u00eda jueves 14 de marzo de 1912.<\/p>\n<p>&nbsp;<\/p>\n<p><img loading=\"lazy\" decoding=\"async\" class=\"aligncenter size-full wp-image-31847\" src=\"https:\/\/lapiedrafilosofal.com\/wp-content\/uploads\/2018\/12\/Ruperto-Ferreira-Gomez.jpg\" alt=\"\" width=\"225\" height=\"274\"><\/p>\n<p>&nbsp;<\/p>\n<p><strong>\u00bfY saben qu\u00e9 se vino a descubrir sobre \u00e9l despu\u00e9s de su muerte?<\/strong><\/p>\n<p>Que, adem\u00e1s de ser un sobresaliente ingeniero y un excepcional matem\u00e1tico, hab\u00eda sido toda su vida, en secreto, un excelente pintor.<\/p>\n<p>Sus obras, principalmente referidas a la naturaleza, se exhiben en el Museo de Antioquia.<\/p>\n<p>&nbsp;<\/p>\n","protected":false},"excerpt":{"rendered":"<p>&nbsp; \u00bfSe acuerdan de Jos\u00e9 Acevedo y G\u00f3mez, el orador santandereano que el 20 de julio de 1810 dijo aquello de &#8220;Si dej\u00e1is escapar estos momentos de efervescencia y calor&#8230;?&#8221; Bueno: el primer universitario que se gradu\u00f3 como ingeniero en &hellip; <a href=\"https:\/\/oscarhumbertogomez.com\/?p=28205\">Sigue leyendo <span class=\"meta-nav\">&rarr;<\/span><\/a><\/p>\n<div class='heateorSssClear'><\/div><div  class='heateor_sss_sharing_container heateor_sss_horizontal_sharing' heateor-sss-data-href='https:\/\/oscarhumbertogomez.com\/?p=28205'><div class='heateor_sss_sharing_title' style=\"font-weight:bold\" >\u00a1Gracias por compartirla!<\/div><ul class=\"heateor_sss_sharing_ul\"><li class=\"heateorSssSharingRound\"><i style=\"width:35px;height:35px;border-radius:999px;\" alt=\"Facebook\" Title=\"Facebook\" class=\"heateorSssSharing heateorSssFacebookBackground\" onclick='heateorSssPopup(\"https:\/\/www.facebook.com\/sharer\/sharer.php?u=https%3A%2F%2Foscarhumbertogomez.com%2Findex.php%3Frest_route%3D%252Fwp%252Fv2%252Fposts%252F28205\")'><ss style=\"display:block;border-radius:999px;\" class=\"heateorSssSharingSvg heateorSssFacebookSvg\"><\/ss><\/i><\/li><li class=\"heateorSssSharingRound\"><i style=\"width:35px;height:35px;border-radius:999px;\" alt=\"Twitter\" Title=\"Twitter\" class=\"heateorSssSharing heateorSssTwitterBackground\" onclick='heateorSssPopup(\"http:\/\/twitter.com\/intent\/tweet?text=%C2%BFSABEN%20USTEDES%20QUI%C3%89N%20FUE%20EL%20PRIMER%20INGENIERO%20GRADUADO%20EN%20COLOMBIA%3F%20Por%20%C3%93scar%20Humberto%20G%C3%B3mez%20G%C3%B3mez%2C%20Miembro%20Correspondiente%20de%20la%20Academia%20de%20Historia%20de%20Santander%20y%20Miembro%20del%20Colegio%20Nacional%20de%20Periodistas.&url=https%3A%2F%2Foscarhumbertogomez.com%2Findex.php%3Frest_route%3D%252Fwp%252Fv2%252Fposts%252F28205\")'><ss style=\"display:block;border-radius:999px;\" class=\"heateorSssSharingSvg heateorSssTwitterSvg\"><\/ss><\/i><\/li><li class=\"heateorSssSharingRound\"><i style=\"width:35px;height:35px;border-radius:999px;\" alt=\"Whatsapp\" Title=\"Whatsapp\" class=\"heateorSssSharing heateorSssWhatsappBackground\" onclick='heateorSssPopup(\"https:\/\/web.whatsapp.com\/send?text=%C2%BFSABEN%20USTEDES%20QUI%C3%89N%20FUE%20EL%20PRIMER%20INGENIERO%20GRADUADO%20EN%20COLOMBIA%3F%20Por%20%C3%93scar%20Humberto%20G%C3%B3mez%20G%C3%B3mez%2C%20Miembro%20Correspondiente%20de%20la%20Academia%20de%20Historia%20de%20Santander%20y%20Miembro%20del%20Colegio%20Nacional%20de%20Periodistas. https%3A%2F%2Foscarhumbertogomez.com%2Findex.php%3Frest_route%3D%252Fwp%252Fv2%252Fposts%252F28205\")'><ss style=\"display:block\" class=\"heateorSssSharingSvg heateorSssWhatsappSvg\"><\/ss><\/i><\/li><li class=\"heateorSssSharingRound\"><i style=\"width:35px;height:35px;border-radius:999px;\" alt=\"Pinterest\" Title=\"Pinterest\" class=\"heateorSssSharing heateorSssPinterestBackground\" onclick=\"javascript:void( (function() {var e=document.createElement('script' );e.setAttribute('type','text\/javascript' );e.setAttribute('charset','UTF-8' );e.setAttribute('src','\/\/assets.pinterest.com\/js\/pinmarklet.js?r='+Math.random()*99999999);document.body.appendChild(e)})());\"><ss style=\"display:block;border-radius:999px;\" class=\"heateorSssSharingSvg heateorSssPinterestSvg\"><\/ss><\/i><\/li><li class=\"heateorSssSharingRound\"><i style=\"width:35px;height:35px;border-radius:999px;\" alt=\"Google Gmail\" Title=\"Google Gmail\" class=\"heateorSssSharing heateorSssGoogleGmailBackground\" onclick='heateorSssPopup(\"https:\/\/mail.google.com\/mail\/?ui=2&view=cm&fs=1&tf=1&su=%C2%BFSABEN%20USTEDES%20QUI%C3%89N%20FUE%20EL%20PRIMER%20INGENIERO%20GRADUADO%20EN%20COLOMBIA%3F%20Por%20%C3%93scar%20Humberto%20G%C3%B3mez%20G%C3%B3mez%2C%20Miembro%20Correspondiente%20de%20la%20Academia%20de%20Historia%20de%20Santander%20y%20Miembro%20del%20Colegio%20Nacional%20de%20Periodistas.&body=Link:https%3A%2F%2Foscarhumbertogomez.com%2Findex.php%3Frest_route%3D%252Fwp%252Fv2%252Fposts%252F28205\")'><ss style=\"display:block;border-radius:999px;\" class=\"heateorSssSharingSvg heateorSssGoogleGmailSvg\"><\/ss><\/i><\/li><li class=\"heateorSssSharingRound\"><i style=\"width:35px;height:35px;border-radius:999px;\" title=\"More\" alt=\"More\" class=\"heateorSssSharing heateorSssMoreBackground\" onclick=\"heateorSssMoreSharingPopup(this, 'https:\/\/oscarhumbertogomez.com\/index.php?rest_route=%2Fwp%2Fv2%2Fposts%2F28205', '%C2%BFSABEN%20USTEDES%20QUI%C3%89N%20FUE%20EL%20PRIMER%20INGENIERO%20GRADUADO%20EN%20COLOMBIA%3F%20Por%20%C3%93scar%20Humberto%20G%C3%B3mez%20G%C3%B3mez%2C%20Miembro%20Correspondiente%20de%20la%20Academia%20de%20Historia%20de%20Santander%20y%20Miembro%20del%20Colegio%20Nacional%20de%20Periodistas.', '' )\" ><ss style=\"display:block\" class=\"heateorSssSharingSvg heateorSssMoreSvg\"><\/ss><\/i><\/li><\/ul><div class=\"heateorSssClear\"><\/div><\/div><div class='heateorSssClear'><\/div>","protected":false},"author":2,"featured_media":0,"comment_status":"open","ping_status":"open","sticky":false,"template":"","format":"standard","meta":{"spay_email":"","footnotes":""},"categories":[65],"tags":[],"class_list":["post-28205","post","type-post","status-publish","format-standard","hentry","category-ingenieria"],"jetpack_featured_media_url":"","jetpack_shortlink":"https:\/\/wp.me\/p1FYrr-7kV","_links":{"self":[{"href":"https:\/\/oscarhumbertogomez.com\/index.php?rest_route=\/wp\/v2\/posts\/28205","targetHints":{"allow":["GET"]}}],"collection":[{"href":"https:\/\/oscarhumbertogomez.com\/index.php?rest_route=\/wp\/v2\/posts"}],"about":[{"href":"https:\/\/oscarhumbertogomez.com\/index.php?rest_route=\/wp\/v2\/types\/post"}],"author":[{"embeddable":true,"href":"https:\/\/oscarhumbertogomez.com\/index.php?rest_route=\/wp\/v2\/users\/2"}],"replies":[{"embeddable":true,"href":"https:\/\/oscarhumbertogomez.com\/index.php?rest_route=%2Fwp%2Fv2%2Fcomments&post=28205"}],"version-history":[{"count":5,"href":"https:\/\/oscarhumbertogomez.com\/index.php?rest_route=\/wp\/v2\/posts\/28205\/revisions"}],"predecessor-version":[{"id":52673,"href":"https:\/\/oscarhumbertogomez.com\/index.php?rest_route=\/wp\/v2\/posts\/28205\/revisions\/52673"}],"wp:attachment":[{"href":"https:\/\/oscarhumbertogomez.com\/index.php?rest_route=%2Fwp%2Fv2%2Fmedia&parent=28205"}],"wp:term":[{"taxonomy":"category","embeddable":true,"href":"https:\/\/oscarhumbertogomez.com\/index.php?rest_route=%2Fwp%2Fv2%2Fcategories&post=28205"},{"taxonomy":"post_tag","embeddable":true,"href":"https:\/\/oscarhumbertogomez.com\/index.php?rest_route=%2Fwp%2Fv2%2Ftags&post=28205"}],"curies":[{"name":"wp","href":"https:\/\/api.w.org\/{rel}","templated":true}]}}