{"id":28373,"date":"2018-11-29T21:00:00","date_gmt":"2018-11-30T02:00:00","guid":{"rendered":"http:\/\/www.oscarhumbertogomez.com\/?p=28373"},"modified":"2026-03-07T13:02:18","modified_gmt":"2026-03-07T18:02:18","slug":"john-claro-por-oscar-humberto-gomez-gomez","status":"publish","type":"post","link":"https:\/\/oscarhumbertogomez.com\/?p=28373","title":{"rendered":"JOHN CLARO. Por \u00d3scar Humberto G\u00f3mez G\u00f3mez"},"content":{"rendered":"<p><a href=\"https:\/\/lapiedrafilosofal.com\/wp-content\/uploads\/2018\/11\/JOHN-.jpg\"><img loading=\"lazy\" decoding=\"async\" class=\"alignnone size-full wp-image-27627\" src=\"https:\/\/lapiedrafilosofal.com\/wp-content\/uploads\/2018\/11\/JOHN-.jpg\" alt=\"\" width=\"335\" height=\"500\" srcset=\"https:\/\/oscarhumbertogomez.com\/wp-content\/uploads\/2018\/11\/JOHN-.jpg 335w, https:\/\/oscarhumbertogomez.com\/wp-content\/uploads\/2018\/11\/JOHN--201x300.jpg 201w\" sizes=\"auto, (max-width: 335px) 100vw, 335px\" \/><\/a><\/p>\n<p>&nbsp;<\/p>\n<p>A John Claro lo he visto encanecer gan\u00e1ndose la vida con una guitarra de palo.<\/p>\n<p>O, bueno, para hablar con m\u00e1s elegancia, a John Claro lo he visto encanecer gan\u00e1ndose la vida con una guitarra de madera.<\/p>\n<p>O, en fin, para decirlo de manera m\u00e1s t\u00e9cnica, a John Claro lo he visto encanecer gan\u00e1ndose la vida con una guitarra ac\u00fastica.<\/p>\n<p>&nbsp;<\/p>\n<p>Yo no sab\u00eda de su existencia hasta que un d\u00eda cualquiera William Blackburn, a la saz\u00f3n estudiante de Ingenier\u00eda de Petr\u00f3leos de la UIS y baterista de una banda de rock llamada &#8220;Sector 16&#8221;, lleg\u00f3 a nuestro apartamento con un CD, una sonrisa a flor de labios y la respiraci\u00f3n un tanto agitada por la emoci\u00f3n.<\/p>\n<p>&#8220;Estos &#8216;manes&#8217; acaban de sacar un disco &#8216;bacano'&#8221;, me dijo mientras me entregaba el compacto todav\u00eda sin abrir. En la car\u00e1tula dec\u00eda: &#8220;Por primera vez en Colombia&#8230; M\u00fasica para el pie izquierdo&#8221;.<\/p>\n<p>Me lo prest\u00f3, lo escuch\u00e9 y me pareci\u00f3 novedoso. Eran temas interpretados en vivo, en un concierto, y en \u00e9l se entremezclaban los apuntes de humor pol\u00edtico, las letras picantes de las canciones, las risas y los aplausos del p\u00fablico, el viol\u00edn de Andr\u00e9s P\u00e1ez Gabriunas (el otro integrante de aquel nuevo y curioso dueto), la guitarra de John Claro, y ese toque m\u00e1gico especial que inevitablemente emerge de un disco. Me llam\u00f3 particularmente la atenci\u00f3n un relato del cuento de Caperucita Roja, pero diciendo las palabras al rev\u00e9s. Por lo dem\u00e1s, en los dos m\u00fasicos se percib\u00eda un talento evidente en la ejecuci\u00f3n de los instrumentos.<\/p>\n<p>&nbsp;<\/p>\n<p>Tiempo despu\u00e9s, conoc\u00ed personalmente a John Claro en el estudio de grabaci\u00f3n de Mario Serrano. Ya para entonces yo me hab\u00eda asomado al hasta entonces ignoto mundo de la producci\u00f3n disquera, que a m\u00ed siempre me hab\u00eda parecido lejano e inalcanzable.<\/p>\n<p>&nbsp;<\/p>\n<p>Lo recuerdo tiempo despu\u00e9s, entre las im\u00e1genes difusas y confusas que de manera ocasional y desordenada me llegan a la memoria cuando repaso mi vida, prepar\u00e1ndose en el vest\u00edbulo del Auditorio Luis A. Calvo, de la UIS, para ingresar a uno de los escasos conciertos que alcanc\u00e9 a dar con mi propio proyecto art\u00edstico.<\/p>\n<p>&nbsp;<\/p>\n<p>Un d\u00eda, precisamente en el estudio de Mario, resultamos hablando del inminente Tratado de Libre Comercio, es decir, del TLC que se avecinaba. John nos pronostic\u00f3, entre risas, que eso en lo que iba a terminar iba a ser en que nosotros los colombianos acabar\u00edamos comprando los mismos productos que envi\u00e1bamos a los Estados Unidos, pero ahora con marquillas norteamericanas.<\/p>\n<p>&nbsp;<\/p>\n<p>M\u00e1s tarde, y a partir de esa jocosa ocurrencia de John, y de otros antecedentes hist\u00f3ricos que conoc\u00eda, escrib\u00ed la canci\u00f3n &#8220;El TLC&#8221;, que ir\u00eda a formar parte del cuarto volumen de la serie discogr\u00e1fica creada a partir de &#8220;El campesino embejucao&#8221;.<\/p>\n<p>&nbsp;<\/p>\n<p>John Claro entremezcla la m\u00fasica con el humor y as\u00ed lo hizo &#8220;M\u00fasica para el pie izquierdo&#8221; en su segundo trabajo discogr\u00e1fico cuando incluyeron dos CDs, pero uno result\u00f3 siendo virgen y la gente demoraba en darse cuenta de la broma. Algunos que no la entendieron se presentaron a las tiendas a devolver la compra y a exigir cambio aduciendo que uno de los dos CDs no sonaba.<\/p>\n<p>&nbsp;<\/p>\n<p>John Jairo Claro Ar\u00e9valo, que es su nombre completo, no naci\u00f3 en Bucaramanga, sino en la hermana ciudad de Oca\u00f1a, pero est\u00e1 tan estrechamente ligado a la capital de Santander, que incluso es el compositor de su himno.<\/p>\n<p>&nbsp;<\/p>\n<p>\u00bfSab\u00edan ustedes que el compositor del Himno de Bucaramanga se llama John Claro?<\/p>\n<p>&nbsp;<\/p>\n<p>Gracias a que una de mis hijas ingres\u00f3 a esa agrupaci\u00f3n coral, supe que el compa\u00f1ero de John en &#8220;M\u00fasica para el pie izquierdo&#8221;, Andr\u00e9s P\u00e1ez Gabriunas, era el director del coro de la Universidad Pontificia Bolivariana (UPB).<\/p>\n<p>Despu\u00e9s supe que John estaba dirigiendo la tuna de la UIS.<\/p>\n<p>&nbsp;<\/p>\n<p>Me sorprendi\u00f3 cuando lanz\u00f3 su candidatura al Concejo Municipal de Bucaramanga y m\u00e1s me sorprendi\u00f3 cuando supe que hab\u00eda salido elegido.<\/p>\n<p>&nbsp;<\/p>\n<p>Y es que me resultaba bien curioso que en un pa\u00eds donde los candidatos a cualquier cosa se gastan sumas astron\u00f3micas para alcanzar una curul y solo ganan despu\u00e9s de prometer esta vida y la otra, de repartir mercados, y tejas, y bultos de cemento, y trago, y billetes en efectivo, o de anunciarle a la pobrer\u00eda irredenta casas sin cuota inicial, o incluso regaladas, un artista del que uno sab\u00eda que apenas contaba con la riqueza de su guitarra y de su talento hubiera podido llegar a ser concejal a punta de hablar de cosas que hoy en d\u00eda no le importan a nadie, como lo es la cultura.<\/p>\n<p>&nbsp;<\/p>\n<p>Cuando por segunda vez volvi\u00f3 a presentar su candidatura pens\u00e9 que en esta ocasi\u00f3n ya no lo reelegir\u00edan.<\/p>\n<p>Y lo pens\u00e9, no porque creyese que no lo merec\u00eda, sino porque sab\u00eda que en esta sociedad, en la que la pol\u00edtica se mueve a punta de lagartos y manzanillos, el elegido que en el cargo que obtuvo no haya demostrado que ten\u00eda c\u00f3mo dar puestos, o contratos, o d\u00e1divas, es r\u00e1pidamente abandonado por toda la militancia y a nadie se le ocurre volver a votar por \u00e9l.<\/p>\n<p>&nbsp;<\/p>\n<p>Pero no: para mi desconcierto, a John Claro lo reeligieron.<\/p>\n<p>En otras palabras, lo eligieron concejal, y lo reeligieron concejal los que, como \u00e9l, viven del arte, o sea del aire; los que, como \u00e9l, todav\u00eda creen en la cultura, en la m\u00fasica, en la l\u00edrica, en la poes\u00eda, en la pintura, en la escultura, en la alfarer\u00eda, en la caricatura, en fin, en todas esas cosas que los adinerados y los poderosos \u2014salvo muy escasas excepciones\u2014 desprecian con desd\u00e9n como cosillas de poca monta, como tonter\u00edas de inter\u00e9s tan solo para muertos de hambre, para ilusos, para majaderos que no entienden que a este mundo a lo que se vino fue a amasar fortuna y a tener poder para as\u00ed darse el lujo de pasar impunemente por encima de los dem\u00e1s.<\/p>\n<p>&nbsp;<\/p>\n<p><a href=\"https:\/\/lapiedrafilosofal.com\/wp-content\/uploads\/2018\/11\/JOHN-2.jpg\"><img loading=\"lazy\" decoding=\"async\" class=\"alignnone size-large wp-image-27629\" src=\"https:\/\/lapiedrafilosofal.com\/wp-content\/uploads\/2018\/11\/JOHN-2-1024x576.jpg\" alt=\"\" width=\"640\" height=\"360\" srcset=\"https:\/\/oscarhumbertogomez.com\/wp-content\/uploads\/2018\/11\/JOHN-2-1024x576.jpg 1024w, https:\/\/oscarhumbertogomez.com\/wp-content\/uploads\/2018\/11\/JOHN-2-300x169.jpg 300w, https:\/\/oscarhumbertogomez.com\/wp-content\/uploads\/2018\/11\/JOHN-2-768x432.jpg 768w, https:\/\/oscarhumbertogomez.com\/wp-content\/uploads\/2018\/11\/JOHN-2.jpg 1280w\" sizes=\"auto, (max-width: 640px) 100vw, 640px\" \/><\/a><\/p>\n<p>&nbsp;<\/p>\n<p>John Claro no pertenec\u00eda \u2014como dijeron algunos despistados\u2014 a la &#8220;coalici\u00f3n mayoritaria&#8221; de concejales que, desde el principio, se enfrentaron con el alcalde. Al contrario: John Claro form\u00f3 parte, desde el comienzo de esa alcald\u00eda, de la &#8220;coalici\u00f3n minoritaria&#8221; de concejales que apoyaban al locuaz alcalde en sus proyectos y en su pregonada lucha contra la corrupci\u00f3n. Hab\u00eda votado a favor de la inmensa mayor\u00eda de los proyectos de acuerdo presentados por el alcalde al concejo, pero, l\u00f3gicamente, dado que es un ser pensante y no un esclavo, ni un siervo, ni un borrego de nadie, estaba en el derecho de no hacerlo si as\u00ed lo consideraba conveniente.<\/p>\n<p>Y es que las oscuras \u00e9pocas del l\u00e1tigo se acabaron hace mucho tiempo, as\u00ed algunos no se hayan dado cuenta. O as\u00ed otros a\u00f1oren esas \u00e9pocas y, en el fondo, deseen que regresen.<\/p>\n<p>&nbsp;<\/p>\n<p>Un d\u00eda triste, ante una c\u00e1mara gracias a la cual yo lo vi haci\u00e9ndolo, un alcalde energ\u00fameno, un hombre econ\u00f3micamente poderoso y que ahora es tambi\u00e9n pol\u00edticamente poderoso, le ha dado a John una bofetada en p\u00fablico y le ha gritado en la cara que su mam\u00e1 era una ramera (pues no otra cosa significa la expresi\u00f3n que todos o\u00edmos que le espet\u00f3 a gritos, esto es, la de &#8220;hijo de puta&#8221;).<\/p>\n<p>En otras palabras, dentro del despacho del alcalde de Bucaramanga, el propio alcalde de Bucaramanga lo ofendi\u00f3 gravemente en su honor.<\/p>\n<p>&nbsp;<\/p>\n<p>No vale la pena ahondar en un episodio del que uno no atina a precisar de qu\u00e9 tuvo m\u00e1s: si de vulgar o de injusto.<\/p>\n<p>En cuanto a que John sea un &#8220;hijo de puta&#8221;, ya quisieran muchos tener una madre como la de \u00e9l. De hecho, su decencia y caballerosidad refleja la formaci\u00f3n que recibi\u00f3 en el hogar. Los comentarios, pues, sobran.<\/p>\n<p>&nbsp;<\/p>\n<p><a href=\"https:\/\/lapiedrafilosofal.com\/wp-content\/uploads\/2018\/11\/JOHN-3.jpg\"><img loading=\"lazy\" decoding=\"async\" class=\"alignnone size-large wp-image-27636\" src=\"https:\/\/lapiedrafilosofal.com\/wp-content\/uploads\/2018\/11\/JOHN-3-1024x576.jpg\" alt=\"\" width=\"640\" height=\"360\" srcset=\"https:\/\/oscarhumbertogomez.com\/wp-content\/uploads\/2018\/11\/JOHN-3-1024x576.jpg 1024w, https:\/\/oscarhumbertogomez.com\/wp-content\/uploads\/2018\/11\/JOHN-3-300x169.jpg 300w, https:\/\/oscarhumbertogomez.com\/wp-content\/uploads\/2018\/11\/JOHN-3-768x432.jpg 768w, https:\/\/oscarhumbertogomez.com\/wp-content\/uploads\/2018\/11\/JOHN-3.jpg 1280w\" sizes=\"auto, (max-width: 640px) 100vw, 640px\" \/><\/a><\/p>\n<p>&nbsp;<\/p>\n<p>Yo lo hubiera desconocido si a la sorpresiva agresi\u00f3n hubiese reaccionado con violencia. De \u00e9l, como artista que es, no esperaba otra cosa sino que hiciera lo que hizo: no emplear palabras soeces, ni ejercer la violencia f\u00edsica, a pesar de los altos niveles de estr\u00e9s que obviamente ten\u00eda que estar afrontando en esos momentos desgraciados. John no es boxeador callejero, ni se le conoce por su habilidad para el manejo del pu\u00f1al, o por la sangre fr\u00eda con que desenfunda el rev\u00f3lver. John es un artista y como artista que es debe comportarse siempre tal cual se comport\u00f3 en aquel triste, lamentable y bochornoso episodio. Un episodio que jam\u00e1s ha debido ocurrir y que si socialmente se acepta es porque somos una sociedad de valores en franca y evidente decadencia.<\/p>\n<p>&nbsp;<\/p>\n<p>Con respecto a la posici\u00f3n del concejal John Claro de no comprometer su voto en ning\u00fan sentido y esperar a conocer previamente la verdad, porque &#8220;la verdad no tiene color pol\u00edtico&#8221;, la comparto totalmente: en una democracia, cada hombre tiene derecho a su libertad de expresi\u00f3n y, dentro de esta, a votar como su conciencia se lo dicte, y para orientar a su conciencia debe ilustrar su conocimiento sobre aquello acerca de lo cual va a votar. En cualquier debate, un hombre honesto no tiene por qu\u00e9 comprometer anticipadamente su voto: debe escuchar primero los argumentos de una y otra parte, y votar por quien lo haya convencido. Y un buen criterio a seguir para arribar a ese convencimiento debe ser siempre el de la verdad. Peca contra la democracia aquel que vota obedeciendo, de manera primaria, ciega e irreflexiva, a lo que simplemente le dicta su pertenencia a determinado partido o bancada. Peca contra la democracia aquel que vota obedeciendo tan solo al odio que profesa contra quien ha expuesto sus puntos de vista y esos puntos de vista discrepan de los propios. Y peca contra la democracia el que vota a favor de alguien tan solo porque anda detr\u00e1s de las prebendas con que ese alguien est\u00e1 en capacidad de comprar conciencias y doblegar voluntades.<\/p>\n<p>&nbsp;<\/p>\n<p>John no hab\u00eda ido al despacho del alcalde en busca de que este le diera puestos, ni contratos, ni prebendas, como se ech\u00f3 a circular irresponsablemente, re-victimizando a la v\u00edctima, tal y como suele ocurrir en esta sociedad embrutecida hasta la sinraz\u00f3n por la ignorancia y el sectarismo.<\/p>\n<p>Desde aquel episodio de violencia, sin embargo, cualquier desinformado no tiene empacho alguno en decir a los cuatro vientos, al calor de una cerveza, que John es un concejal corrupto a quien el alcalde le dio una bofetada porque le fue a pedir una coima.<\/p>\n<p>El agresor, que sabe perfectamente que eso no es cierto, a\u00fan no lo ha aclarado p\u00fablicamente.<\/p>\n<p>&nbsp;<\/p>\n<p>Como te lo dije por tel\u00e9fono, John, cuentas con mi solidaridad en este dif\u00edcil trance por el que est\u00e1s atravesando.<\/p>\n<p>Y hablando de lo m\u00e1s importante, \u00bfqu\u00e9 pas\u00f3 con la m\u00fasica?<\/p>\n<p>_______<\/p>\n<p>&nbsp;<\/p>\n<p>(<span style=\"color: #000080;\"><strong>FOTOGRAF\u00cdAS:<\/strong><\/span> <strong>(1)<\/strong> John Claro.<\/p>\n<p><strong>(2)<\/strong> Dueto &#8220;M\u00fasica para el pie izquierdo&#8221;, integrado por Andr\u00e9s P\u00e1ez Gabriunas y John Claro.<\/p>\n<p><strong>(3)<\/strong> John Claro.<\/p>\n<p><strong>(4)<\/strong> John Claro.<\/p>\n<p>&nbsp;<\/p>\n","protected":false},"excerpt":{"rendered":"<p>&nbsp; A John Claro lo he visto encanecer gan\u00e1ndose la vida con una guitarra de palo. O, bueno, para hablar con m\u00e1s elegancia, a John Claro lo he visto encanecer gan\u00e1ndose la vida con una guitarra de madera. O, en &hellip; <a href=\"https:\/\/oscarhumbertogomez.com\/?p=28373\">Sigue leyendo <span class=\"meta-nav\">&rarr;<\/span><\/a><\/p>\n<div class='heateorSssClear'><\/div><div  class='heateor_sss_sharing_container heateor_sss_horizontal_sharing' heateor-sss-data-href='https:\/\/oscarhumbertogomez.com\/?p=28373'><div class='heateor_sss_sharing_title' style=\"font-weight:bold\" >\u00a1Gracias por compartirla!<\/div><ul class=\"heateor_sss_sharing_ul\"><li class=\"heateorSssSharingRound\"><i style=\"width:35px;height:35px;border-radius:999px;\" alt=\"Facebook\" Title=\"Facebook\" class=\"heateorSssSharing heateorSssFacebookBackground\" onclick='heateorSssPopup(\"https:\/\/www.facebook.com\/sharer\/sharer.php?u=https%3A%2F%2Foscarhumbertogomez.com%2Findex.php%3Frest_route%3D%252Fwp%252Fv2%252Fposts%252F28373\")'><ss style=\"display:block;border-radius:999px;\" class=\"heateorSssSharingSvg heateorSssFacebookSvg\"><\/ss><\/i><\/li><li class=\"heateorSssSharingRound\"><i style=\"width:35px;height:35px;border-radius:999px;\" alt=\"Twitter\" Title=\"Twitter\" class=\"heateorSssSharing heateorSssTwitterBackground\" onclick='heateorSssPopup(\"http:\/\/twitter.com\/intent\/tweet?text=JOHN%20CLARO.%20Por%20%C3%93scar%20Humberto%20G%C3%B3mez%20G%C3%B3mez&url=https%3A%2F%2Foscarhumbertogomez.com%2Findex.php%3Frest_route%3D%252Fwp%252Fv2%252Fposts%252F28373\")'><ss style=\"display:block;border-radius:999px;\" class=\"heateorSssSharingSvg heateorSssTwitterSvg\"><\/ss><\/i><\/li><li class=\"heateorSssSharingRound\"><i style=\"width:35px;height:35px;border-radius:999px;\" alt=\"Whatsapp\" Title=\"Whatsapp\" class=\"heateorSssSharing heateorSssWhatsappBackground\" onclick='heateorSssPopup(\"https:\/\/web.whatsapp.com\/send?text=JOHN%20CLARO.%20Por%20%C3%93scar%20Humberto%20G%C3%B3mez%20G%C3%B3mez https%3A%2F%2Foscarhumbertogomez.com%2Findex.php%3Frest_route%3D%252Fwp%252Fv2%252Fposts%252F28373\")'><ss style=\"display:block\" class=\"heateorSssSharingSvg heateorSssWhatsappSvg\"><\/ss><\/i><\/li><li class=\"heateorSssSharingRound\"><i style=\"width:35px;height:35px;border-radius:999px;\" alt=\"Pinterest\" Title=\"Pinterest\" class=\"heateorSssSharing heateorSssPinterestBackground\" onclick=\"javascript:void( (function() {var e=document.createElement('script' );e.setAttribute('type','text\/javascript' );e.setAttribute('charset','UTF-8' );e.setAttribute('src','\/\/assets.pinterest.com\/js\/pinmarklet.js?r='+Math.random()*99999999);document.body.appendChild(e)})());\"><ss style=\"display:block;border-radius:999px;\" class=\"heateorSssSharingSvg heateorSssPinterestSvg\"><\/ss><\/i><\/li><li class=\"heateorSssSharingRound\"><i style=\"width:35px;height:35px;border-radius:999px;\" alt=\"Google Gmail\" Title=\"Google Gmail\" class=\"heateorSssSharing heateorSssGoogleGmailBackground\" onclick='heateorSssPopup(\"https:\/\/mail.google.com\/mail\/?ui=2&view=cm&fs=1&tf=1&su=JOHN%20CLARO.%20Por%20%C3%93scar%20Humberto%20G%C3%B3mez%20G%C3%B3mez&body=Link:https%3A%2F%2Foscarhumbertogomez.com%2Findex.php%3Frest_route%3D%252Fwp%252Fv2%252Fposts%252F28373\")'><ss style=\"display:block;border-radius:999px;\" class=\"heateorSssSharingSvg heateorSssGoogleGmailSvg\"><\/ss><\/i><\/li><li class=\"heateorSssSharingRound\"><i style=\"width:35px;height:35px;border-radius:999px;\" title=\"More\" alt=\"More\" class=\"heateorSssSharing heateorSssMoreBackground\" onclick=\"heateorSssMoreSharingPopup(this, 'https:\/\/oscarhumbertogomez.com\/index.php?rest_route=%2Fwp%2Fv2%2Fposts%2F28373', 'JOHN%20CLARO.%20Por%20%C3%93scar%20Humberto%20G%C3%B3mez%20G%C3%B3mez', '' )\" ><ss style=\"display:block\" class=\"heateorSssSharingSvg heateorSssMoreSvg\"><\/ss><\/i><\/li><\/ul><div class=\"heateorSssClear\"><\/div><\/div><div class='heateorSssClear'><\/div>","protected":false},"author":2,"featured_media":0,"comment_status":"closed","ping_status":"closed","sticky":false,"template":"","format":"standard","meta":{"spay_email":"","footnotes":""},"categories":[1],"tags":[],"class_list":["post-28373","post","type-post","status-publish","format-standard","hentry","category-blog"],"jetpack_featured_media_url":"","jetpack_shortlink":"https:\/\/wp.me\/p1FYrr-7nD","_links":{"self":[{"href":"https:\/\/oscarhumbertogomez.com\/index.php?rest_route=\/wp\/v2\/posts\/28373","targetHints":{"allow":["GET"]}}],"collection":[{"href":"https:\/\/oscarhumbertogomez.com\/index.php?rest_route=\/wp\/v2\/posts"}],"about":[{"href":"https:\/\/oscarhumbertogomez.com\/index.php?rest_route=\/wp\/v2\/types\/post"}],"author":[{"embeddable":true,"href":"https:\/\/oscarhumbertogomez.com\/index.php?rest_route=\/wp\/v2\/users\/2"}],"replies":[{"embeddable":true,"href":"https:\/\/oscarhumbertogomez.com\/index.php?rest_route=%2Fwp%2Fv2%2Fcomments&post=28373"}],"version-history":[{"count":5,"href":"https:\/\/oscarhumbertogomez.com\/index.php?rest_route=\/wp\/v2\/posts\/28373\/revisions"}],"predecessor-version":[{"id":55619,"href":"https:\/\/oscarhumbertogomez.com\/index.php?rest_route=\/wp\/v2\/posts\/28373\/revisions\/55619"}],"wp:attachment":[{"href":"https:\/\/oscarhumbertogomez.com\/index.php?rest_route=%2Fwp%2Fv2%2Fmedia&parent=28373"}],"wp:term":[{"taxonomy":"category","embeddable":true,"href":"https:\/\/oscarhumbertogomez.com\/index.php?rest_route=%2Fwp%2Fv2%2Fcategories&post=28373"},{"taxonomy":"post_tag","embeddable":true,"href":"https:\/\/oscarhumbertogomez.com\/index.php?rest_route=%2Fwp%2Fv2%2Ftags&post=28373"}],"curies":[{"name":"wp","href":"https:\/\/api.w.org\/{rel}","templated":true}]}}