{"id":28685,"date":"2019-03-16T15:23:43","date_gmt":"2019-03-16T20:23:43","guid":{"rendered":"http:\/\/www.oscarhumbertogomez.com\/?p=28685"},"modified":"2024-11-05T20:22:05","modified_gmt":"2024-11-06T01:22:05","slug":"las-ruinas-de-mi-escuela-memoriascapitulo-i-por-oscar-humberto-gomez-gomez-miembro-correspondiente-de-la-academia-de-historia-de-santander","status":"publish","type":"post","link":"https:\/\/oscarhumbertogomez.com\/?p=28685","title":{"rendered":"LAS RUINAS DE MI ESCUELA [Memorias][Cap\u00edtulo I]. Por \u00d3scar Humberto G\u00f3mez G\u00f3mez"},"content":{"rendered":"<p><span style=\"color: #800000;\"><em>A Miguelito Ardila<\/em><\/span><\/p>\n<p>&nbsp;<\/p>\n<p><a href=\"https:\/\/lapiedrafilosofal.com\/wp-content\/uploads\/2019\/03\/LA-CAMACHO-CARREN\u0303O.jpg\"><img loading=\"lazy\" decoding=\"async\" class=\"alignnone size-full wp-image-28686\" src=\"https:\/\/lapiedrafilosofal.com\/wp-content\/uploads\/2019\/03\/LA-CAMACHO-CARREN\u0303O.jpg\" alt=\"\" width=\"716\" height=\"477\" srcset=\"https:\/\/oscarhumbertogomez.com\/wp-content\/uploads\/2019\/03\/LA-CAMACHO-CARREN\u0303O.jpg 716w, https:\/\/oscarhumbertogomez.com\/wp-content\/uploads\/2019\/03\/LA-CAMACHO-CARREN\u0303O-300x200.jpg 300w\" sizes=\"auto, (max-width: 716px) 100vw, 716px\" \/><\/a><\/p>\n<p>&nbsp;<\/p>\n<p>Han tumbado la vieja edificaci\u00f3n donde en los a\u00f1os 1965 y 1966 funcionaba la Concentraci\u00f3n Escolar de Varones Jos\u00e9 Camacho Carre\u00f1o que en aquel entonces dirig\u00eda el profesor N\u00e9stor Gabriel Solano C. (jam\u00e1s supe de qu\u00e9 apellido era esta letra la inicial) y en la cual curs\u00e9 mi cuarto y quinto de primaria.<\/p>\n<p>La han demolido justamente cuando por estos d\u00edas, y desde el a\u00f1o pasado, la he venido evocando, con esa nostalgia que inevitablemente traen consigo los a\u00f1os, mientras avanzo en la preparaci\u00f3n de mis memorias y me solazo con los recuerdos acerca del ciclista Severo Hern\u00e1ndez.<\/p>\n<p>He visto sus escombros en el piso y no he podido menos que trasladarme en la memoria, a lo largo de los lustros y de las d\u00e9cadas, hasta aquellos lejanos d\u00edas en que un ni\u00f1o de uniforme blanco atravesaba a pie desde su casa y descendiendo por la calle 36, las grandes distancias que lo separaban de ella, y que llegaba a ella primero que nada para reunirse en uno de sus anchurosos patios con sus dos m\u00e1s cercanos compa\u00f1eros e integrar otra vez el tr\u00edo de estudiantes pobres que se re\u00eda a carcajadas por cualquier tonter\u00eda, que se contaba los mismos chistes tontos, y se narraba las mismas haza\u00f1as de mentiras, y se compart\u00eda los mismos sue\u00f1os quim\u00e9ricos y las mismas esperanzas imposibles, sin pensar en nada diferente, sin angustiarse por la escasez de pan en sus mesas, ni por la precariedad de sus atuendos, ni por las distancias que tendr\u00edan que desandar a la salida, ni por no contar en sus bolsillos con monedas para comprar las pelotas de millo con melado a los chicos de la cooperativa, porque viv\u00edan en una \u00e9poca hermosa en la que ser pobre no era ninguna deshonra, sino m\u00e1s bien un precioso reto que nos ofrec\u00eda la vida para demostrarnos a nosotros mismos que \u00e9ramos capaces de salir adelante a pesar de las adversidades.<\/p>\n<p>Se llamaban Jos\u00e9 Hilario Mart\u00ednez y Ubaldo Vel\u00e1squez.<\/p>\n<p>&nbsp;<\/p>\n<p><a href=\"https:\/\/lapiedrafilosofal.com\/wp-content\/uploads\/2019\/03\/LA-CAMACHO-CARREN\u0303O.jpg\"><img loading=\"lazy\" decoding=\"async\" class=\"alignnone size-full wp-image-28686\" src=\"https:\/\/lapiedrafilosofal.com\/wp-content\/uploads\/2019\/03\/LA-CAMACHO-CARREN\u0303O.jpg\" alt=\"\" width=\"716\" height=\"477\" srcset=\"https:\/\/oscarhumbertogomez.com\/wp-content\/uploads\/2019\/03\/LA-CAMACHO-CARREN\u0303O.jpg 716w, https:\/\/oscarhumbertogomez.com\/wp-content\/uploads\/2019\/03\/LA-CAMACHO-CARREN\u0303O-300x200.jpg 300w\" sizes=\"auto, (max-width: 716px) 100vw, 716px\" \/><\/a><\/p>\n<p>&nbsp;<\/p>\n<p>El primero de ellos, Jos\u00e9 Hilario, resid\u00eda en alguna casa del norte, cuando el norte no quedaba m\u00e1s all\u00e1 de los barrios San Rafael o Chapinero, dos de los m\u00e1s modestos de la ciudad y hasta donde se llegaba caminando a lo largo de la carrera 15, la avenida del Libertador, y otro barrio, el barrio Arenales, era un lugar ex\u00f3tico del que uno sab\u00eda tan solo que exist\u00eda mucho m\u00e1s all\u00e1 del norte y que para llegar a \u00e9l hab\u00eda que viajar como pasajero de un bus urbano de color amarillo rojizo y por una larga carretera, la misma que iba hacia el mar, ignoto, remoto e inalcanzable, barrio al que, por el nombre y por esa relaci\u00f3n, imagin\u00e1bamos cubierto de arena; barrio del que m\u00e1s tarde vendr\u00edamos a saber que, a ra\u00edz de la visita del presidente de los Estados Unidos a Bogot\u00e1, los vecinos le hab\u00edan pedido al concejo municipal que le cambiara el nombre y lo bautizara &#8220;barrio Presidente Kennedy&#8221;, como en efecto ocurrir\u00eda, as\u00ed con el paso del tiempo perdiera lo de &#8220;Presidente&#8221; y solamente quedara llam\u00e1ndose &#8220;barrio Kennedy&#8221;.<\/p>\n<p>Ubaldo, en cambio, no viv\u00eda hacia ese lado. De hecho, la \u00faltima imagen que me qued\u00f3 de aquel ni\u00f1o de incisivos largos, cabello negro, liso e ind\u00f3mito y ojos oscuros y vivaces fue cuando se subi\u00f3 por \u00faltima vez al bus de &#8220;El Reposo&#8221; que baj\u00f3 por la nueva avenida 36, gir\u00f3 en U a un lado del templo de San Laureano, lo recogi\u00f3 \u2014\u00e9l se le subi\u00f3 de un salto\u2014, y empez\u00f3 a subir por la joven avenida hacia el oriente hasta perderse de mi vista \u2014el bus y \u00e9l\u2014 para siempre.<\/p>\n<p>&nbsp;<\/p>\n<p><a href=\"https:\/\/lapiedrafilosofal.com\/wp-content\/uploads\/2019\/03\/LA-CAMACHO-CARREN\u0303O.jpg\"><img loading=\"lazy\" decoding=\"async\" class=\"alignnone size-full wp-image-28686\" src=\"https:\/\/lapiedrafilosofal.com\/wp-content\/uploads\/2019\/03\/LA-CAMACHO-CARREN\u0303O.jpg\" alt=\"\" width=\"716\" height=\"477\" srcset=\"https:\/\/oscarhumbertogomez.com\/wp-content\/uploads\/2019\/03\/LA-CAMACHO-CARREN\u0303O.jpg 716w, https:\/\/oscarhumbertogomez.com\/wp-content\/uploads\/2019\/03\/LA-CAMACHO-CARREN\u0303O-300x200.jpg 300w\" sizes=\"auto, (max-width: 716px) 100vw, 716px\" \/><\/a><\/p>\n<p>&nbsp;<\/p>\n<p>A la vista de las ruinas de mi escuela, he evocado, por supuesto, el resto de vivencias de aquellos dos a\u00f1os inolvidables. Se me agolpan los recuerdos y todos parecieran salir al tiempo, atropelladamente, como si cada uno quisiera ganarse un puesto privilegiado en el desordenado maremagno de mis nostalgias: las tardes en que se suspend\u00edan las clases porque Tongorito y Repisita hab\u00edan llegado a distraernos con sus chistes repetidos, pero siempre agradables; la ma\u00f1ana en que nos reunieron en el patio principal para decirnos que pod\u00edamos irnos a recibir la caravana de la Vuelta a Colombia en Bicicleta porque el corredor que ven\u00eda de puntero era uno de aqu\u00ed, de Santander, llamado \u2014eso entendieron mis o\u00eddos\u2014 &#8220;Acevedo Hern\u00e1ndez&#8221;; la ma\u00f1ana en que tambi\u00e9n nos soltaron antes para que pudi\u00e9ramos ir a escuchar en el radio el tiempo suplementario del partido entre Inglaterra y Alemania por la Copa Mundo que se estaba celebrando en Londres ya que Alemania acababa de empatar antes de que acabara el tiempo reglamentario; las clases de educaci\u00f3n f\u00edsica en las argollas donde nos sub\u00edamos como si fu\u00e9ramos acr\u00f3batas de circo y desde las cuales pod\u00edamos observar el interior de la contigua estaci\u00f3n del Cuerpo de Bomberos; las visitas de la inspectora escolar de la segunda zona do\u00f1a In\u00e9s Tirado de Palomino, cuya estatura me ense\u00f1\u00f3 que no siempre el que manda es el m\u00e1s alto; la imborrable partida de ajedrez con fichas en vivo y nuestro director de curso, el profesor Jerez, jugando con las blancas, sentado detr\u00e1s de nosotros, su equipo \u2014o su ej\u00e9rcito, mejor\u2014 vestido con un traje oriental colorido y brillante, de turbante, t\u00fanica y capa, partida en la que yo no era rey, ni reina, ni alfil, ni torre, ni caballo, sino tan solo uno m\u00e1s de los peones y, por cierto, aparte de sostener en la mano derecha una daga de cart\u00f3n brillante, no hice absolutamente nada y acaso a eso se haya debido que las negras nos hubiesen derrotado en la forma tan catastr\u00f3fica como lo hicieron y nos hubiese tocado, luego de o\u00edr por los parlantes la sonora voz del &#8220;jaque mate&#8221;, y en se\u00f1al de rendici\u00f3n, abandonar el campo de escaques retrocediendo sin dejar de hacerles la venia a los triunfadores. Y, claro, por supuesto, el concurso de canto, aquel inolvidable concurso de canto del que, muchos a\u00f1os m\u00e1s tarde, el psic\u00f3logo Juan Jos\u00e9 Ca\u00f1as Serrano le habr\u00eda de decir a su hija, la catedr\u00e1tica universitaria Katya Fernanda Ca\u00f1as S\u00e1nchez, sentados ambos en las escaleras de mi casa, que hab\u00eda sido &#8220;una lecci\u00f3n de vida&#8221;.<\/p>\n<p>Lo narro a continuaci\u00f3n, aunque ya lo narr\u00e9 para mis amigos en mi novela clandestina &#8220;Tierra de cigarras&#8221;, porque la nostalgia tiene el inconveniente de que las mismas cosas se repiten, una y otra vez, aun a riesgo de fatigar al auditorio.<\/p>\n<p>&nbsp;<\/p>\n<p><a href=\"https:\/\/lapiedrafilosofal.com\/wp-content\/uploads\/2019\/03\/LA-CAMACHO-CARREN\u0303O.jpg\"><img loading=\"lazy\" decoding=\"async\" class=\"alignnone size-full wp-image-28686\" src=\"https:\/\/lapiedrafilosofal.com\/wp-content\/uploads\/2019\/03\/LA-CAMACHO-CARREN\u0303O.jpg\" alt=\"\" width=\"716\" height=\"477\" srcset=\"https:\/\/oscarhumbertogomez.com\/wp-content\/uploads\/2019\/03\/LA-CAMACHO-CARREN\u0303O.jpg 716w, https:\/\/oscarhumbertogomez.com\/wp-content\/uploads\/2019\/03\/LA-CAMACHO-CARREN\u0303O-300x200.jpg 300w\" sizes=\"auto, (max-width: 716px) 100vw, 716px\" \/><\/a><\/p>\n<p>&nbsp;<\/p>\n<p><em>(CONTINUAR\u00c1)<\/em><\/p>\n<p>&nbsp;<\/p>\n","protected":false},"excerpt":{"rendered":"<p>A Miguelito Ardila &nbsp; &nbsp; Han tumbado la vieja edificaci\u00f3n donde en los a\u00f1os 1965 y 1966 funcionaba la Concentraci\u00f3n Escolar de Varones Jos\u00e9 Camacho Carre\u00f1o que en aquel entonces dirig\u00eda el profesor N\u00e9stor Gabriel Solano C. (jam\u00e1s supe de &hellip; <a href=\"https:\/\/oscarhumbertogomez.com\/?p=28685\">Sigue leyendo <span class=\"meta-nav\">&rarr;<\/span><\/a><\/p>\n<div class='heateorSssClear'><\/div><div  class='heateor_sss_sharing_container heateor_sss_horizontal_sharing' heateor-sss-data-href='https:\/\/oscarhumbertogomez.com\/?p=28685'><div class='heateor_sss_sharing_title' style=\"font-weight:bold\" >\u00a1Gracias por compartirla!<\/div><ul class=\"heateor_sss_sharing_ul\"><li class=\"heateorSssSharingRound\"><i style=\"width:35px;height:35px;border-radius:999px;\" alt=\"Facebook\" Title=\"Facebook\" class=\"heateorSssSharing heateorSssFacebookBackground\" onclick='heateorSssPopup(\"https:\/\/www.facebook.com\/sharer\/sharer.php?u=https%3A%2F%2Foscarhumbertogomez.com%2Findex.php%3Frest_route%3D%252Fwp%252Fv2%252Fposts%252F28685\")'><ss style=\"display:block;border-radius:999px;\" class=\"heateorSssSharingSvg heateorSssFacebookSvg\"><\/ss><\/i><\/li><li class=\"heateorSssSharingRound\"><i style=\"width:35px;height:35px;border-radius:999px;\" alt=\"Twitter\" Title=\"Twitter\" class=\"heateorSssSharing heateorSssTwitterBackground\" onclick='heateorSssPopup(\"http:\/\/twitter.com\/intent\/tweet?text=LAS%20RUINAS%20DE%20MI%20ESCUELA%20%5BMemorias%5D%5BCap%C3%ADtulo%20I%5D.%20Por%20%C3%93scar%20Humberto%20G%C3%B3mez%20G%C3%B3mez&url=https%3A%2F%2Foscarhumbertogomez.com%2Findex.php%3Frest_route%3D%252Fwp%252Fv2%252Fposts%252F28685\")'><ss style=\"display:block;border-radius:999px;\" class=\"heateorSssSharingSvg heateorSssTwitterSvg\"><\/ss><\/i><\/li><li class=\"heateorSssSharingRound\"><i style=\"width:35px;height:35px;border-radius:999px;\" alt=\"Whatsapp\" Title=\"Whatsapp\" class=\"heateorSssSharing heateorSssWhatsappBackground\" onclick='heateorSssPopup(\"https:\/\/web.whatsapp.com\/send?text=LAS%20RUINAS%20DE%20MI%20ESCUELA%20%5BMemorias%5D%5BCap%C3%ADtulo%20I%5D.%20Por%20%C3%93scar%20Humberto%20G%C3%B3mez%20G%C3%B3mez https%3A%2F%2Foscarhumbertogomez.com%2Findex.php%3Frest_route%3D%252Fwp%252Fv2%252Fposts%252F28685\")'><ss style=\"display:block\" class=\"heateorSssSharingSvg heateorSssWhatsappSvg\"><\/ss><\/i><\/li><li class=\"heateorSssSharingRound\"><i style=\"width:35px;height:35px;border-radius:999px;\" alt=\"Pinterest\" Title=\"Pinterest\" class=\"heateorSssSharing heateorSssPinterestBackground\" onclick=\"javascript:void( (function() {var e=document.createElement('script' );e.setAttribute('type','text\/javascript' );e.setAttribute('charset','UTF-8' );e.setAttribute('src','\/\/assets.pinterest.com\/js\/pinmarklet.js?r='+Math.random()*99999999);document.body.appendChild(e)})());\"><ss style=\"display:block;border-radius:999px;\" class=\"heateorSssSharingSvg heateorSssPinterestSvg\"><\/ss><\/i><\/li><li class=\"heateorSssSharingRound\"><i style=\"width:35px;height:35px;border-radius:999px;\" alt=\"Google Gmail\" Title=\"Google Gmail\" class=\"heateorSssSharing heateorSssGoogleGmailBackground\" onclick='heateorSssPopup(\"https:\/\/mail.google.com\/mail\/?ui=2&view=cm&fs=1&tf=1&su=LAS%20RUINAS%20DE%20MI%20ESCUELA%20%5BMemorias%5D%5BCap%C3%ADtulo%20I%5D.%20Por%20%C3%93scar%20Humberto%20G%C3%B3mez%20G%C3%B3mez&body=Link:https%3A%2F%2Foscarhumbertogomez.com%2Findex.php%3Frest_route%3D%252Fwp%252Fv2%252Fposts%252F28685\")'><ss style=\"display:block;border-radius:999px;\" class=\"heateorSssSharingSvg heateorSssGoogleGmailSvg\"><\/ss><\/i><\/li><li class=\"heateorSssSharingRound\"><i style=\"width:35px;height:35px;border-radius:999px;\" title=\"More\" alt=\"More\" class=\"heateorSssSharing heateorSssMoreBackground\" onclick=\"heateorSssMoreSharingPopup(this, 'https:\/\/oscarhumbertogomez.com\/index.php?rest_route=%2Fwp%2Fv2%2Fposts%2F28685', 'LAS%20RUINAS%20DE%20MI%20ESCUELA%20%5BMemorias%5D%5BCap%C3%ADtulo%20I%5D.%20Por%20%C3%93scar%20Humberto%20G%C3%B3mez%20G%C3%B3mez', '' )\" ><ss style=\"display:block\" class=\"heateorSssSharingSvg heateorSssMoreSvg\"><\/ss><\/i><\/li><\/ul><div class=\"heateorSssClear\"><\/div><\/div><div class='heateorSssClear'><\/div>","protected":false},"author":2,"featured_media":0,"comment_status":"closed","ping_status":"closed","sticky":false,"template":"","format":"standard","meta":{"spay_email":"","footnotes":""},"categories":[1],"tags":[],"class_list":["post-28685","post","type-post","status-publish","format-standard","hentry","category-blog"],"jetpack_featured_media_url":"","jetpack_shortlink":"https:\/\/wp.me\/p1FYrr-7sF","_links":{"self":[{"href":"https:\/\/oscarhumbertogomez.com\/index.php?rest_route=\/wp\/v2\/posts\/28685","targetHints":{"allow":["GET"]}}],"collection":[{"href":"https:\/\/oscarhumbertogomez.com\/index.php?rest_route=\/wp\/v2\/posts"}],"about":[{"href":"https:\/\/oscarhumbertogomez.com\/index.php?rest_route=\/wp\/v2\/types\/post"}],"author":[{"embeddable":true,"href":"https:\/\/oscarhumbertogomez.com\/index.php?rest_route=\/wp\/v2\/users\/2"}],"replies":[{"embeddable":true,"href":"https:\/\/oscarhumbertogomez.com\/index.php?rest_route=%2Fwp%2Fv2%2Fcomments&post=28685"}],"version-history":[{"count":5,"href":"https:\/\/oscarhumbertogomez.com\/index.php?rest_route=\/wp\/v2\/posts\/28685\/revisions"}],"predecessor-version":[{"id":48827,"href":"https:\/\/oscarhumbertogomez.com\/index.php?rest_route=\/wp\/v2\/posts\/28685\/revisions\/48827"}],"wp:attachment":[{"href":"https:\/\/oscarhumbertogomez.com\/index.php?rest_route=%2Fwp%2Fv2%2Fmedia&parent=28685"}],"wp:term":[{"taxonomy":"category","embeddable":true,"href":"https:\/\/oscarhumbertogomez.com\/index.php?rest_route=%2Fwp%2Fv2%2Fcategories&post=28685"},{"taxonomy":"post_tag","embeddable":true,"href":"https:\/\/oscarhumbertogomez.com\/index.php?rest_route=%2Fwp%2Fv2%2Ftags&post=28685"}],"curies":[{"name":"wp","href":"https:\/\/api.w.org\/{rel}","templated":true}]}}