{"id":29085,"date":"2019-03-18T10:15:00","date_gmt":"2019-03-18T15:15:00","guid":{"rendered":"http:\/\/www.oscarhumbertogomez.com\/?p=29085"},"modified":"2025-02-16T07:48:29","modified_gmt":"2025-02-16T12:48:29","slug":"las-ruinas-de-mi-escuela-memoriascapitulo-iii-por-oscar-humberto-gomez-gomez-miembro-correspondiente-de-la-academia-de-historia-de-santander","status":"publish","type":"post","link":"https:\/\/oscarhumbertogomez.com\/?p=29085","title":{"rendered":"LAS RUINAS DE MI ESCUELA [Memorias][Cap\u00edtulo III]. Por \u00d3scar Humberto G\u00f3mez G\u00f3mez"},"content":{"rendered":"<p><span style=\"color: #800000;\"><em>A Miguelito Ardila<\/em><\/span><\/p>\n<p>&nbsp;<\/p>\n<p><a href=\"https:\/\/lapiedrafilosofal.com\/wp-content\/uploads\/2019\/03\/LA-CAMACHO-CARREN\u0303O.jpg\"><img loading=\"lazy\" decoding=\"async\" class=\"alignnone size-full wp-image-28686\" src=\"https:\/\/lapiedrafilosofal.com\/wp-content\/uploads\/2019\/03\/LA-CAMACHO-CARREN\u0303O.jpg\" alt=\"\" width=\"716\" height=\"477\" srcset=\"https:\/\/oscarhumbertogomez.com\/wp-content\/uploads\/2019\/03\/LA-CAMACHO-CARREN\u0303O.jpg 716w, https:\/\/oscarhumbertogomez.com\/wp-content\/uploads\/2019\/03\/LA-CAMACHO-CARREN\u0303O-300x200.jpg 300w\" sizes=\"auto, (max-width: 716px) 100vw, 716px\" \/><\/a><\/p>\n<p>&nbsp;<\/p>\n<p>En los a\u00f1os 60, el pasodoble identificaba a Espa\u00f1a en Colombia tanto como el toreo.<\/p>\n<p>A la par con la figura fulgurante de Manuel Ben\u00edtez el Cordob\u00e9s o de Sebasti\u00e1n Palomo Linares saliendo de los ruedos en hombros mientras levantaban en sus manos las orejas de los toros burlados por sus muletas y traspasados por sus espadas, la banda El Empastre, agrupaci\u00f3n que popularizar\u00eda en Am\u00e9rica temas como \u201cEspa\u00f1a ca\u00f1\u00ed\u201d, sonaba por doquier en los tocadiscos y las radiolas, y Memo Morales era el cantante de la orquesta Billo\u00b4s Caracas Boys que, con su particular voz, hac\u00eda los par\u00e9ntesis musicales de m\u00fasica espa\u00f1ola en medio de las piezas tropicales que interpretaba ese otro artista de quilates que era su paisano Cheo Garc\u00eda. Par\u00e9ntesis que apenas principiaban a inundar los patios de las casas o los salones de los clubes en las fiestas nocturnas, produc\u00edan el m\u00e1gico efecto de hacer vibrar las fibras de la espa\u00f1olidad dentro de un p\u00fablico que, aunque nativo de este continente, conservaba intactos sus lazos culturales con la que, m\u00e1s all\u00e1 de las luchas independentistas, segu\u00eda siendo considerada nuestra Madre Patria.<\/p>\n<p>&nbsp;<\/p>\n<p><a href=\"https:\/\/lapiedrafilosofal.com\/wp-content\/uploads\/2019\/03\/LA-CAMACHO-CARREN\u0303O.jpg\"><img loading=\"lazy\" decoding=\"async\" class=\"alignnone size-full wp-image-28686\" src=\"https:\/\/lapiedrafilosofal.com\/wp-content\/uploads\/2019\/03\/LA-CAMACHO-CARREN\u0303O.jpg\" alt=\"\" width=\"716\" height=\"477\" srcset=\"https:\/\/oscarhumbertogomez.com\/wp-content\/uploads\/2019\/03\/LA-CAMACHO-CARREN\u0303O.jpg 716w, https:\/\/oscarhumbertogomez.com\/wp-content\/uploads\/2019\/03\/LA-CAMACHO-CARREN\u0303O-300x200.jpg 300w\" sizes=\"auto, (max-width: 716px) 100vw, 716px\" \/><\/a><\/p>\n<p>&nbsp;<\/p>\n<p>En ese contexto cultural se ubicaba el cantante principal de una orquesta espa\u00f1ola llamada \u201cLos Churumbeles de Espa\u00f1a\u201d, el marroqu\u00ed Juan Legido, quien, con su particular voz y su donoso estilo, hab\u00eda dado a conocer en la Am\u00e9rica hispana pasodobles de profundo calado popular dentro de Espa\u00f1a tales como \u201cDoce cascabeles\u201d, \u201cLa zarzamora\u201d, \u201cSi vas a Calatayud\u201d, \u201cEl beso\u201d, \u201cEl ni\u00f1o de las monjas\u201d o \u201cLa campanera\u201d.<\/p>\n<p>Este \u00faltimo pasodoble adem\u00e1s hab\u00eda cobrado una especial significaci\u00f3n en los hogares porque lo hab\u00eda grabado un muchachito andaluz de voz seg\u00fan algunos de oro y seg\u00fan otros chillona, y a quien en todo caso ya hab\u00edan elevado a la categor\u00eda de actor de cine, y por ello los ni\u00f1os de entonces que so\u00f1aban quiz\u00e1s con llegar a ser tan famosos como \u00e9l o que al menos aspiraban a gustarle a la ni\u00f1a bonita de la cuadra lo cantaban a todo pulm\u00f3n en las regaderas de sus casas, en una \u00e9poca irrepetible en la que estas todav\u00eda permit\u00edan visualizar el azul del cielo y la luminosidad del sol mientras que el cuerpo se pon\u00eda en contacto con la frescura del agua y el alma en armon\u00eda plena y gratificante con la riqueza sin igual del aire libre.<\/p>\n<p>Aquel cantor se llamaba Joselito.<\/p>\n<p>&nbsp;<\/p>\n<p><a href=\"https:\/\/lapiedrafilosofal.com\/wp-content\/uploads\/2019\/03\/LA-CAMACHO-CARREN\u0303O.jpg\"><img loading=\"lazy\" decoding=\"async\" class=\"alignnone size-full wp-image-28686\" src=\"https:\/\/lapiedrafilosofal.com\/wp-content\/uploads\/2019\/03\/LA-CAMACHO-CARREN\u0303O.jpg\" alt=\"\" width=\"716\" height=\"477\" srcset=\"https:\/\/oscarhumbertogomez.com\/wp-content\/uploads\/2019\/03\/LA-CAMACHO-CARREN\u0303O.jpg 716w, https:\/\/oscarhumbertogomez.com\/wp-content\/uploads\/2019\/03\/LA-CAMACHO-CARREN\u0303O-300x200.jpg 300w\" sizes=\"auto, (max-width: 716px) 100vw, 716px\" \/><\/a><\/p>\n<p>&nbsp;<\/p>\n<p>Hoy, a la vista de la esquina transformada, de los adobes derrotados y de las voces idas por siempre, vuelvo a vivir las vivencias de aquel lejano viernes cultural en el que a\u00fan era un ni\u00f1o y todav\u00eda no me perturbaban el alma los sinsabores de la injusticia o las amarguras del desencanto, pues el porvenir no era m\u00e1s que caminos por recorrer y horizontes por alcanzar a punta de bracear en las aguas turbulentas de las adversidades con el optimismo de que todo al final ser\u00eda posible.<\/p>\n<p>Cristancho ya est\u00e1 de pie frente al micr\u00f3fono. Es un micr\u00f3fono grande, vertical, con hendiduras o incisiones a lo largo de su generosa superficie, pesado en apariencia y m\u00e1s pesado todav\u00eda en la realidad, que se empotra sobre un tubo vertical tambi\u00e9n pesado que va a dar a una base circular igualmente pesada. Y es que en el mundo de la amplificaci\u00f3n todo es pesado en aquellos a\u00f1os, quiz\u00e1s porque se teme que la potencia de los decibeles pueda ser capaz de derribar los andamiajes si estos son enclenques.<\/p>\n<p>El de la Camacho Carre\u00f1o de 1966 es un micr\u00f3fono a lo mejor nuevo para aquella \u00e9poca. Hoy, sin embargo, lo recuerdo como herrumbroso y proyectando una conmovedora imagen de pesadumbre.<\/p>\n<p>&nbsp;<\/p>\n<p><a href=\"https:\/\/lapiedrafilosofal.com\/wp-content\/uploads\/2019\/03\/LA-CAMACHO-CARREN\u0303O.jpg\"><img loading=\"lazy\" decoding=\"async\" class=\"alignnone size-full wp-image-28686\" src=\"https:\/\/lapiedrafilosofal.com\/wp-content\/uploads\/2019\/03\/LA-CAMACHO-CARREN\u0303O.jpg\" alt=\"\" width=\"716\" height=\"477\" srcset=\"https:\/\/oscarhumbertogomez.com\/wp-content\/uploads\/2019\/03\/LA-CAMACHO-CARREN\u0303O.jpg 716w, https:\/\/oscarhumbertogomez.com\/wp-content\/uploads\/2019\/03\/LA-CAMACHO-CARREN\u0303O-300x200.jpg 300w\" sizes=\"auto, (max-width: 716px) 100vw, 716px\" \/><\/a><\/p>\n<p>&nbsp;<\/p>\n<p>La escuela ha invitado a las familias a presenciar la gran final del concurso. Lo ha hecho con un mensaje escrito por el propio alumno en uno de sus cuadernos de tareas y las familias han respondido m\u00e1s de la cuenta llev\u00e1ndose consigo a t\u00edos, t\u00edas, primos, primas, sobrinos, sobrinas, cu\u00f1ados, cu\u00f1adas, suegros, suegras, y hasta a padrinos de bautizo, es decir, a los compadres y a las comadres que habr\u00e1n de compartir la fiesta con sus ahijados, los mismos ahijados que suelen pedirles la bendici\u00f3n a cambio de obtener el beneficio inmediato de cinco, diez o quince centavos \u201cpara los dulces\u201d.<\/p>\n<p>Fuera de ese p\u00fablico, al que engruesa el profesorado y el alumnado por supuesto, la escuela ha sido invadida por otro que no ha recibido invitaci\u00f3n de ninguna clase, ni pertenece a los estamentos acad\u00e9micos del plantel. Es un p\u00fablico conformado por aquellos a los que no les importa meterse a los bailes ajenos y a quienes Los Corraleros de Majagual, con la voz de Tony Z\u00fa\u00f1iga, habr\u00e1n de referirse poco tiempo despu\u00e9s cuando en un popular tema tropical titulado &#8220;La t\u00f3mbola&#8221; canten aquello de que \u201cNo me fuites (sic) a invitar \/ yo me doy por invitado\u201d. Es el p\u00fablico fr\u00e1gil y omnipresente de los colados.<\/p>\n<p>&nbsp;<\/p>\n<p><a href=\"https:\/\/lapiedrafilosofal.com\/wp-content\/uploads\/2019\/03\/LA-CAMACHO-CARREN\u0303O.jpg\"><img loading=\"lazy\" decoding=\"async\" class=\"alignnone size-full wp-image-28686\" src=\"https:\/\/lapiedrafilosofal.com\/wp-content\/uploads\/2019\/03\/LA-CAMACHO-CARREN\u0303O.jpg\" alt=\"\" width=\"716\" height=\"477\" srcset=\"https:\/\/oscarhumbertogomez.com\/wp-content\/uploads\/2019\/03\/LA-CAMACHO-CARREN\u0303O.jpg 716w, https:\/\/oscarhumbertogomez.com\/wp-content\/uploads\/2019\/03\/LA-CAMACHO-CARREN\u0303O-300x200.jpg 300w\" sizes=\"auto, (max-width: 716px) 100vw, 716px\" \/><\/a><\/p>\n<p>&nbsp;<\/p>\n<p>Los colados son muchachos que, contrario a lo que habr\u00eda de suceder m\u00e1s tarde, no se cuelan a sabotear las fiestas, ni a generar violencia, ni a observar mal comportamiento, sino tan solo a tomar parte en el festejo, casi siempre procurando pasar inadvertidos. Es un p\u00fablico humilde, pero decente, al que nadie saca jam\u00e1s del baile y que en no pocas ocasiones termina llam\u00e1ndole la atenci\u00f3n a alguno de los invitados o a alguna de las invitadas dando inicio a una amistad al vaiv\u00e9n de una charla imprevista en la que participa con timidez o de alguna pieza bailable al son de la cual se atreve a danzar tratando de que nadie se fije en \u00e9l y pueda volver a sentarse sin contratiempos. En el caso de un certamen escolar, ser\u00e1 un p\u00fablico que se aglutine para observar y o\u00edr, para aplaudir y vitorear, o para simplemente unirse a los que compartan o disientan cuando los aplausos expresen el fallo extraoficial que inevitablemente habr\u00e1 de proferir la concurrencia.<\/p>\n<p>&nbsp;<\/p>\n<p><a href=\"https:\/\/lapiedrafilosofal.com\/wp-content\/uploads\/2019\/03\/LA-CAMACHO-CARREN\u0303O.jpg\"><img loading=\"lazy\" decoding=\"async\" class=\"alignnone size-full wp-image-28686\" src=\"https:\/\/lapiedrafilosofal.com\/wp-content\/uploads\/2019\/03\/LA-CAMACHO-CARREN\u0303O.jpg\" alt=\"\" width=\"716\" height=\"477\" srcset=\"https:\/\/oscarhumbertogomez.com\/wp-content\/uploads\/2019\/03\/LA-CAMACHO-CARREN\u0303O.jpg 716w, https:\/\/oscarhumbertogomez.com\/wp-content\/uploads\/2019\/03\/LA-CAMACHO-CARREN\u0303O-300x200.jpg 300w\" sizes=\"auto, (max-width: 716px) 100vw, 716px\" \/><\/a><\/p>\n<p>&nbsp;<\/p>\n<p>Cote se ha aproximado a Cristancho y le ha preguntado qu\u00e9 va a cantar. El muchacho, que dentro de su atuendo viste con una chompa y una cachucha, le responde que cantar\u00e1 \u201cLa campanera\u201d. Cote se retira y el primer participante de la final, descubri\u00e9ndose la cabeza y empu\u00f1ando la cachucha en su mano derecha, empieza: \u201cPor qu\u00e9 ha pintao tus ojeras \/ la flor del lirio real&#8230;\u201d. Entonces, su privilegiado timbre de voz emerge en toda la plenitud de su belleza.<\/p>\n<p>Pero no es cierto que el pasodoble termine como lo termina el joven estudiante, esto es, con un largo y vibrante sostenido (&#8220;\u00a1CAM&#8230;PANERAAAAAAA!&#8221;), previo al cual ha hecho un juego con la voz similar al que hacen los cantaores de flamenco. Ni Juan Legido lo hace, ni lo hace Joselito \u2014aunque pareciera inicialmente que lo va a hacer\u2014, ni habr\u00e1 de hacerlo ninguno de los int\u00e9rpretes que grabar\u00e1n esa canci\u00f3n. Empero, a Cristancho el improvisado lucimiento le resulta fruct\u00edfero dentro del segmento de alma popular congregado en aquel sitio y apenas culmina su impecable presentaci\u00f3n con el consabido grito de \u201c\u00a1\u00a1\u00a1 ol\u00e9 !!!\u201d, que por cierto tampoco grita nadie en las versiones discogr\u00e1ficas, se desgrana sobre la escuela no una mera lluvia, sino toda una tempestad, y no precisamente de agua, sino de aplausos y de gritos que parecieran poner en peligro su estructura. El p\u00fablico refuerza su espont\u00e1neo pronunciamiento tamboreando fren\u00e9ticamente sobre las tapas de las bancas y de los pupitres, y aquella concentraci\u00f3n escolar pareciera haberse convertido en el escenario de un levantamiento popular que va a derribar la escuela y hasta la democracia. Los muros y las vigas parecieran trepidar al son de aquel coro bochinchero que pronto se ha armado y que repite cada vez m\u00e1s fuerte el apellido del cantor a manera de perentoria exigencia para que le den el primer premio: &#8220;\u00a1CRIS-TAN-CHO!&#8221;, &#8220;\u00a1CRIS-TAN-CHO!&#8221;&#8221;\u00a1CRIS-TAN-CHO!&#8221; &#8220;\u00a1CRIS-TAN-CHO!&#8221; &#8220;\u00a1CRIS-TAN-CHO!&#8221; &#8220;\u00a1CRIS-TAN-CHO!&#8221;.<\/p>\n<p>&nbsp;<\/p>\n<p><a href=\"https:\/\/lapiedrafilosofal.com\/wp-content\/uploads\/2019\/03\/LA-CAMACHO-CARREN\u0303O.jpg\"><img loading=\"lazy\" decoding=\"async\" class=\"alignnone size-full wp-image-28686\" src=\"https:\/\/lapiedrafilosofal.com\/wp-content\/uploads\/2019\/03\/LA-CAMACHO-CARREN\u0303O.jpg\" alt=\"\" width=\"716\" height=\"477\" srcset=\"https:\/\/oscarhumbertogomez.com\/wp-content\/uploads\/2019\/03\/LA-CAMACHO-CARREN\u0303O.jpg 716w, https:\/\/oscarhumbertogomez.com\/wp-content\/uploads\/2019\/03\/LA-CAMACHO-CARREN\u0303O-300x200.jpg 300w\" sizes=\"auto, (max-width: 716px) 100vw, 716px\" \/><\/a><\/p>\n<p>&nbsp;<\/p>\n<p>En medio de aquel tumulto incontrolable, Cote se aproxima de nuevo al micr\u00f3fono para anunciar al segundo participante. Se ve obligado, sin embargo, a permanecer de pie frente al armatoste met\u00e1lico a la espera de que la muchedumbre se calle.<\/p>\n<p>Cuando todav\u00eda no han desaparecido del todo los \u00faltimos murmullos, y a\u00fan retumba uno que otro grito destemplado, Cote anuncia que seguir\u00e1 a continuaci\u00f3n la intervenci\u00f3n de Gamboa.<\/p>\n<p>Ante la inobjetable calidad del concursante de la chompa y la cachucha \u2014y, ya en el remate, tambi\u00e9n de los brazos abiertos y la anchurosa sonrisa de satisfacci\u00f3n\u2014, y apabullados por la evidencia de que el griter\u00edo ensordecedor que por fin ha amainado tiene toda la raz\u00f3n en su exigente pedido, con Jos\u00e9 Hilario y Ubaldo alcanzamos a cruzarnos una mirada de resignaci\u00f3n, pero que alcanzo a descifrar tambi\u00e9n como un dif\u00edcil, pero conveniente llamado a la calma.<\/p>\n<p>Ellos, en efecto, me dicen \u2014sin necesidad de hablar\u2014 que mientras la presentaci\u00f3n de Gamboa no se cumpla, yo debo conservar la esperanza y prepararme a luchar porque me otorguen al menos el billete de un peso anunciado como premio para el concursante que se ubique de segundo.<\/p>\n<p>&nbsp;<\/p>\n<p><a href=\"https:\/\/lapiedrafilosofal.com\/wp-content\/uploads\/2019\/03\/LA-CAMACHO-CARREN\u0303O.jpg\"><img loading=\"lazy\" decoding=\"async\" class=\"alignnone size-full wp-image-28686\" src=\"https:\/\/lapiedrafilosofal.com\/wp-content\/uploads\/2019\/03\/LA-CAMACHO-CARREN\u0303O.jpg\" alt=\"\" width=\"716\" height=\"477\" srcset=\"https:\/\/oscarhumbertogomez.com\/wp-content\/uploads\/2019\/03\/LA-CAMACHO-CARREN\u0303O.jpg 716w, https:\/\/oscarhumbertogomez.com\/wp-content\/uploads\/2019\/03\/LA-CAMACHO-CARREN\u0303O-300x200.jpg 300w\" sizes=\"auto, (max-width: 716px) 100vw, 716px\" \/><\/a><\/p>\n<p>&nbsp;<\/p>\n<p>(CONTINUAR\u00c1)<\/p>\n<p>&nbsp;<\/p>\n<p><iframe loading=\"lazy\" width=\"560\" height=\"315\" src=\"https:\/\/www.youtube.com\/embed\/XqxygahWzJQ?si=M77Z46_sEkumSuq-&amp;start=7\" title=\"YouTube video player\" frameborder=\"0\" allow=\"accelerometer; autoplay; clipboard-write; encrypted-media; gyroscope; picture-in-picture; web-share\" referrerpolicy=\"strict-origin-when-cross-origin\" allowfullscreen=\"\"><\/iframe><\/p>\n<p>&nbsp;<\/p>\n","protected":false},"excerpt":{"rendered":"<p>A Miguelito Ardila &nbsp; &nbsp; En los a\u00f1os 60, el pasodoble identificaba a Espa\u00f1a en Colombia tanto como el toreo. A la par con la figura fulgurante de Manuel Ben\u00edtez el Cordob\u00e9s o de Sebasti\u00e1n Palomo Linares saliendo de los &hellip; <a href=\"https:\/\/oscarhumbertogomez.com\/?p=29085\">Sigue leyendo <span class=\"meta-nav\">&rarr;<\/span><\/a><\/p>\n<div class='heateorSssClear'><\/div><div  class='heateor_sss_sharing_container heateor_sss_horizontal_sharing' heateor-sss-data-href='https:\/\/oscarhumbertogomez.com\/?p=29085'><div class='heateor_sss_sharing_title' style=\"font-weight:bold\" >\u00a1Gracias por compartirla!<\/div><ul class=\"heateor_sss_sharing_ul\"><li class=\"heateorSssSharingRound\"><i style=\"width:35px;height:35px;border-radius:999px;\" alt=\"Facebook\" Title=\"Facebook\" class=\"heateorSssSharing heateorSssFacebookBackground\" onclick='heateorSssPopup(\"https:\/\/www.facebook.com\/sharer\/sharer.php?u=https%3A%2F%2Foscarhumbertogomez.com%2Findex.php%3Frest_route%3D%252Fwp%252Fv2%252Fposts%252F29085\")'><ss style=\"display:block;border-radius:999px;\" class=\"heateorSssSharingSvg heateorSssFacebookSvg\"><\/ss><\/i><\/li><li class=\"heateorSssSharingRound\"><i style=\"width:35px;height:35px;border-radius:999px;\" alt=\"Twitter\" Title=\"Twitter\" class=\"heateorSssSharing heateorSssTwitterBackground\" onclick='heateorSssPopup(\"http:\/\/twitter.com\/intent\/tweet?text=LAS%20RUINAS%20DE%20MI%20ESCUELA%20%5BMemorias%5D%5BCap%C3%ADtulo%20III%5D.%20Por%20%C3%93scar%20Humberto%20G%C3%B3mez%20G%C3%B3mez&url=https%3A%2F%2Foscarhumbertogomez.com%2Findex.php%3Frest_route%3D%252Fwp%252Fv2%252Fposts%252F29085\")'><ss style=\"display:block;border-radius:999px;\" class=\"heateorSssSharingSvg heateorSssTwitterSvg\"><\/ss><\/i><\/li><li class=\"heateorSssSharingRound\"><i style=\"width:35px;height:35px;border-radius:999px;\" alt=\"Whatsapp\" Title=\"Whatsapp\" class=\"heateorSssSharing heateorSssWhatsappBackground\" onclick='heateorSssPopup(\"https:\/\/web.whatsapp.com\/send?text=LAS%20RUINAS%20DE%20MI%20ESCUELA%20%5BMemorias%5D%5BCap%C3%ADtulo%20III%5D.%20Por%20%C3%93scar%20Humberto%20G%C3%B3mez%20G%C3%B3mez https%3A%2F%2Foscarhumbertogomez.com%2Findex.php%3Frest_route%3D%252Fwp%252Fv2%252Fposts%252F29085\")'><ss style=\"display:block\" class=\"heateorSssSharingSvg heateorSssWhatsappSvg\"><\/ss><\/i><\/li><li class=\"heateorSssSharingRound\"><i style=\"width:35px;height:35px;border-radius:999px;\" alt=\"Pinterest\" Title=\"Pinterest\" class=\"heateorSssSharing heateorSssPinterestBackground\" onclick=\"javascript:void( (function() {var e=document.createElement('script' );e.setAttribute('type','text\/javascript' );e.setAttribute('charset','UTF-8' );e.setAttribute('src','\/\/assets.pinterest.com\/js\/pinmarklet.js?r='+Math.random()*99999999);document.body.appendChild(e)})());\"><ss style=\"display:block;border-radius:999px;\" class=\"heateorSssSharingSvg heateorSssPinterestSvg\"><\/ss><\/i><\/li><li class=\"heateorSssSharingRound\"><i style=\"width:35px;height:35px;border-radius:999px;\" alt=\"Google Gmail\" Title=\"Google Gmail\" class=\"heateorSssSharing heateorSssGoogleGmailBackground\" onclick='heateorSssPopup(\"https:\/\/mail.google.com\/mail\/?ui=2&view=cm&fs=1&tf=1&su=LAS%20RUINAS%20DE%20MI%20ESCUELA%20%5BMemorias%5D%5BCap%C3%ADtulo%20III%5D.%20Por%20%C3%93scar%20Humberto%20G%C3%B3mez%20G%C3%B3mez&body=Link:https%3A%2F%2Foscarhumbertogomez.com%2Findex.php%3Frest_route%3D%252Fwp%252Fv2%252Fposts%252F29085\")'><ss style=\"display:block;border-radius:999px;\" class=\"heateorSssSharingSvg heateorSssGoogleGmailSvg\"><\/ss><\/i><\/li><li class=\"heateorSssSharingRound\"><i style=\"width:35px;height:35px;border-radius:999px;\" title=\"More\" alt=\"More\" class=\"heateorSssSharing heateorSssMoreBackground\" onclick=\"heateorSssMoreSharingPopup(this, 'https:\/\/oscarhumbertogomez.com\/index.php?rest_route=%2Fwp%2Fv2%2Fposts%2F29085', 'LAS%20RUINAS%20DE%20MI%20ESCUELA%20%5BMemorias%5D%5BCap%C3%ADtulo%20III%5D.%20Por%20%C3%93scar%20Humberto%20G%C3%B3mez%20G%C3%B3mez', '' )\" ><ss style=\"display:block\" class=\"heateorSssSharingSvg heateorSssMoreSvg\"><\/ss><\/i><\/li><\/ul><div class=\"heateorSssClear\"><\/div><\/div><div class='heateorSssClear'><\/div>","protected":false},"author":2,"featured_media":0,"comment_status":"closed","ping_status":"closed","sticky":false,"template":"","format":"standard","meta":{"spay_email":"","footnotes":""},"categories":[1],"tags":[],"class_list":["post-29085","post","type-post","status-publish","format-standard","hentry","category-blog"],"jetpack_featured_media_url":"","jetpack_shortlink":"https:\/\/wp.me\/p1FYrr-7z7","_links":{"self":[{"href":"https:\/\/oscarhumbertogomez.com\/index.php?rest_route=\/wp\/v2\/posts\/29085","targetHints":{"allow":["GET"]}}],"collection":[{"href":"https:\/\/oscarhumbertogomez.com\/index.php?rest_route=\/wp\/v2\/posts"}],"about":[{"href":"https:\/\/oscarhumbertogomez.com\/index.php?rest_route=\/wp\/v2\/types\/post"}],"author":[{"embeddable":true,"href":"https:\/\/oscarhumbertogomez.com\/index.php?rest_route=\/wp\/v2\/users\/2"}],"replies":[{"embeddable":true,"href":"https:\/\/oscarhumbertogomez.com\/index.php?rest_route=%2Fwp%2Fv2%2Fcomments&post=29085"}],"version-history":[{"count":5,"href":"https:\/\/oscarhumbertogomez.com\/index.php?rest_route=\/wp\/v2\/posts\/29085\/revisions"}],"predecessor-version":[{"id":49403,"href":"https:\/\/oscarhumbertogomez.com\/index.php?rest_route=\/wp\/v2\/posts\/29085\/revisions\/49403"}],"wp:attachment":[{"href":"https:\/\/oscarhumbertogomez.com\/index.php?rest_route=%2Fwp%2Fv2%2Fmedia&parent=29085"}],"wp:term":[{"taxonomy":"category","embeddable":true,"href":"https:\/\/oscarhumbertogomez.com\/index.php?rest_route=%2Fwp%2Fv2%2Fcategories&post=29085"},{"taxonomy":"post_tag","embeddable":true,"href":"https:\/\/oscarhumbertogomez.com\/index.php?rest_route=%2Fwp%2Fv2%2Ftags&post=29085"}],"curies":[{"name":"wp","href":"https:\/\/api.w.org\/{rel}","templated":true}]}}