{"id":29209,"date":"2019-07-08T17:32:43","date_gmt":"2019-07-08T22:32:43","guid":{"rendered":"http:\/\/www.oscarhumbertogomez.com\/?p=29209"},"modified":"2025-04-04T16:06:35","modified_gmt":"2025-04-04T21:06:35","slug":"la-marquesa-de-yolombo-estara-manana-martes-en-la-casa-de-bolivar-por-oscar-humberto-gomez-gomez","status":"publish","type":"post","link":"https:\/\/oscarhumbertogomez.com\/?p=29209","title":{"rendered":"LA MARQUESA DE YOLOMB\u00d3 ESTAR\u00c1 MA\u00d1ANA MARTES EN LA CASA DE BOL\u00cdVAR.  Por \u00d3scar Humberto G\u00f3mez G\u00f3mez."},"content":{"rendered":"<p><a href=\"http:\/\/www.oscarhumbertogomez.com\/?attachment_id=29211\" rel=\"attachment wp-att-29211\"><img loading=\"lazy\" decoding=\"async\" class=\"aligncenter size-full wp-image-29211\" src=\"https:\/\/lapiedrafilosofal.com\/wp-content\/uploads\/2019\/07\/amparo.jpg\" alt=\"\" width=\"346\" height=\"400\" srcset=\"https:\/\/oscarhumbertogomez.com\/wp-content\/uploads\/2019\/07\/amparo.jpg 346w, https:\/\/oscarhumbertogomez.com\/wp-content\/uploads\/2019\/07\/amparo-260x300.jpg 260w\" sizes=\"auto, (max-width: 346px) 100vw, 346px\" \/><\/a><\/p>\n<p><\/p>\n<p>S\u00ed: B\u00e1rbara Caballero y Alzate, la Marquesa de Yolomb\u00f3, el personaje que Tom\u00e1s Carrasquilla trajo al mundo fascinante de la literatura, luego de que deambulara por los de la historia y la leyenda, reaparece.<\/p>\n<p><\/p>\n<p><img loading=\"lazy\" decoding=\"async\" class=\"aligncenter size-full wp-image-29213\" src=\"https:\/\/lapiedrafilosofal.com\/wp-content\/uploads\/2019\/07\/TOMAS-CARRASQUILLA.jpg\" alt=\"\" width=\"800\" height=\"669\" srcset=\"https:\/\/oscarhumbertogomez.com\/wp-content\/uploads\/2019\/07\/TOMAS-CARRASQUILLA.jpg 800w, https:\/\/oscarhumbertogomez.com\/wp-content\/uploads\/2019\/07\/TOMAS-CARRASQUILLA-300x251.jpg 300w, https:\/\/oscarhumbertogomez.com\/wp-content\/uploads\/2019\/07\/TOMAS-CARRASQUILLA-768x642.jpg 768w\" sizes=\"auto, (max-width: 800px) 100vw, 800px\" \/><\/p>\n<p><\/p>\n<p>Reaparece, con toda la plenitud de su garra antioque\u00f1a, colombiana y latinoamericana. Esa garra que la llev\u00f3 a ser el personaje femenino que fue, en una \u00e9poca dura y dif\u00edcil en que la mujer de elevada posici\u00f3n social solamente ten\u00eda la opci\u00f3n de ver transcurrir su vida a la espera de que llegara su marido \u2014entreteni\u00e9ndose mientras tanto con la aguja de tejer como pretexto para disimular el ocio\u2014 o de verla transcurrir tras los muros inexpugnables de un convento.<\/p>\n<p>Reaparece ma\u00f1ana <strong>martes 9 de julio de 2019<\/strong> a las <strong>4:30 de la tarde<\/strong> en el sal\u00f3n principal de la <strong>Casa de Bol\u00edvar<\/strong>, sede de la <strong>Academia de Historia de Santander<\/strong>, por cierto una de las pocas entidades que se resisten a ver desaparecer los \u00faltimos vestigios de nuestra cultura y del amor por el conocimiento de lo que ayer fuimos, cuando este pa\u00eds apenas se asomaba, cargado de esperanzas y de perplejidades, en el concierto de las naciones libres de la tierra.<\/p>\n<p><\/p>\n<p><img loading=\"lazy\" decoding=\"async\" class=\"aligncenter size-large wp-image-29216\" src=\"https:\/\/lapiedrafilosofal.com\/wp-content\/uploads\/2019\/07\/CASA-DE-BOLIVAR-SALON-PRINCIPAL-1024x713.jpg\" alt=\"\" width=\"640\" height=\"446\" srcset=\"https:\/\/oscarhumbertogomez.com\/wp-content\/uploads\/2019\/07\/CASA-DE-BOLIVAR-SALON-PRINCIPAL-1024x713.jpg 1024w, https:\/\/oscarhumbertogomez.com\/wp-content\/uploads\/2019\/07\/CASA-DE-BOLIVAR-SALON-PRINCIPAL-300x209.jpg 300w, https:\/\/oscarhumbertogomez.com\/wp-content\/uploads\/2019\/07\/CASA-DE-BOLIVAR-SALON-PRINCIPAL-768x535.jpg 768w, https:\/\/oscarhumbertogomez.com\/wp-content\/uploads\/2019\/07\/CASA-DE-BOLIVAR-SALON-PRINCIPAL.jpg 2000w\" sizes=\"auto, (max-width: 640px) 100vw, 640px\" \/><\/p>\n<p><\/p>\n<p>Reaparece, en la tertulia que, bajo la direcci\u00f3n del distinguido acad\u00e9mico y profesor universitario doctor Rafael Saavedra Hern\u00e1ndez, dar\u00e1 inicio a una nueva y feliz idea aprobada en el seno de la augusta corporaci\u00f3n presidida apenas ayer por hombres como Edmundo Gavassa Villamizar \u2014periodista e historiador de amplia trayectoria\u2014 o Armando Mart\u00ednez Garnica, doctor en Historia \u2014decano y uno de los m\u00e1s respetados investigadores del pa\u00eds en estas materias\u2014, y hoy en d\u00eda por el doctor Miguel Jos\u00e9 Pinilla Guti\u00e9rrez, destacado ingeniero e historiador santandereano, hijo ilustre de Gir\u00f3n: la nueva y feliz idea de programar una tertulia literaria mensual en la Casa de Bol\u00edvar que ser\u00e1 orientada por quien ya lleva largo tiempo haciendo lo propio en el Centro Colombo Americano, por dem\u00e1s con una gran aceptaci\u00f3n por parte de la Bucaramanga culta, que con su cada vez m\u00e1s nutrida asistencia le ha valorado la exquisitez intelectual de la que hace gala y su alto sentido de compromiso con el conocimiento de la literatura y el fomento del invaluable h\u00e1bito de leer. Una exquisitez y un compromiso que, como bumangueses, santandereanos y colombianos, nos enaltecen y nos honran, pues contribuyen a desdibujar la mala imagen que, infortunadamente, algunos medios suelen vender de nosotros como un pueblo tosco, violento y vulgar.<\/p>\n<p><\/p>\n<p><img loading=\"lazy\" decoding=\"async\" class=\"aligncenter size-full wp-image-29218\" src=\"https:\/\/lapiedrafilosofal.com\/wp-content\/uploads\/2019\/07\/RAFAEL-.jpg\" alt=\"\" width=\"797\" height=\"532\" srcset=\"https:\/\/oscarhumbertogomez.com\/wp-content\/uploads\/2019\/07\/RAFAEL-.jpg 797w, https:\/\/oscarhumbertogomez.com\/wp-content\/uploads\/2019\/07\/RAFAEL--300x200.jpg 300w, https:\/\/oscarhumbertogomez.com\/wp-content\/uploads\/2019\/07\/RAFAEL--768x513.jpg 768w\" sizes=\"auto, (max-width: 797px) 100vw, 797px\" \/><\/p>\n<p><\/p>\n<p>Tendremos de nuevo, por supuesto, otra vez un pretexto: el pretexto perfecto para interrumpir el desgaste cotidiano, acaso la rebusca diaria del pan, quiz\u00e1s la lectura y la audici\u00f3n insoportables de las mismas noticias de siempre, y, m\u00e1s bien, dedicarle el atardecer de un d\u00eda cualquiera a la gratificante actividad de volver a encontrarnos alrededor de la cultura con personas a las que apreciamos y a escuchar hablar de literatura, de historia, de leyendas, de mitos y de costumbres, que de ello est\u00e1 lleno por doquier el memorable libro que nos leg\u00f3 la pluma magistral de Tom\u00e1s Carrasquilla.<\/p>\n<p>Pero, adem\u00e1s, ser\u00e1 una nueva oportunidad para refrescar viejos ideales de respeto hacia los derechos culturales de la mujer, ideales que tuvieron en la figura sobresaliente de la Marquesa de Yolomb\u00f3 a uno de sus m\u00e1s preciados exponentes, al no haberse la protagonista de esta historia resignado a pasar la existencia disfrutando de una vida muelle a cambio de nada, y haber optado mejor por aprender a leer y a escribir, y a trav\u00e9s de la lectura \u2014y de la escucha\u2014 por adquirir cultura, preciosas riquezas inmateriales que a la saz\u00f3n se hallaban reservadas a los varones.<\/p>\n<p>Y viejos ideales de respeto hacia la dignidad de quien labora, hay que agregar, pues B\u00e1rbara Caballero se vincula con decisi\u00f3n al trabajo minero y le imprime a este una particular dignidad como quiera que, pese a ser hija del due\u00f1o de la mina, y amo y se\u00f1or de la comarca, opta por ganarse ella misma los frutos de sus labores mineras y gracias a ellos, y al tratamiento humanitario dispensado a sus subalternos, obtiene el reconocimiento, la gratitud y el respeto de los m\u00e1s humildes, sin perder \u2014eso s\u00ed\u2014 su perspectiva de creyente y de realista.<\/p>\n<p><\/p>\n<p><img loading=\"lazy\" decoding=\"async\" class=\"aligncenter size-full wp-image-29220\" src=\"https:\/\/lapiedrafilosofal.com\/wp-content\/uploads\/2019\/07\/casa.jpg\" alt=\"\" width=\"800\" height=\"532\" srcset=\"https:\/\/oscarhumbertogomez.com\/wp-content\/uploads\/2019\/07\/casa.jpg 800w, https:\/\/oscarhumbertogomez.com\/wp-content\/uploads\/2019\/07\/casa-300x200.jpg 300w, https:\/\/oscarhumbertogomez.com\/wp-content\/uploads\/2019\/07\/casa-768x511.jpg 768w\" sizes=\"auto, (max-width: 800px) 100vw, 800px\" \/><\/p>\n<p><\/p>\n<p>Yo siempre he dicho que en estas tierras santandereanas, y espec\u00edficamente en la otrora noble y se\u00f1orial tierra gironesa, tambi\u00e9n tuvimos una mujer que, por aquellas mismas calendas coloniales, aprendi\u00f3 a leer y a escribir, adquiri\u00f3 cultura y hacienda, y elev\u00f3 su voz frente a costumbres tan arraigadas como perversas cual lo era la de que el padre le se\u00f1alara a su hija con qui\u00e9n ten\u00eda que casarse, pero que infortunadamente no hubo aqu\u00ed un Tom\u00e1s Carrasquilla que rese\u00f1ara su vida con la galanura de la pluma y la elevara, como a B\u00e1rbara Caballero, al mundo m\u00e1gico de las letras literarias. Empero, como dicen las abuelas, eso es harina de otro costal.<\/p>\n<p>La Marquesa de Yolomb\u00f3 nos espera, pues, en la emblem\u00e1tica casa reci\u00e9n restaurada y que tantas memorias guarda de ese pasado hist\u00f3rico que, dicho sea de paso, por estos d\u00edas Colombia est\u00e1 conmemorando.<\/p>\n<p>Felicitaciones al doctor Rafael Saavedra Hern\u00e1ndez, Miembro de N\u00famero de la Academia, por su valioso aporte al enriquecimiento cultural de Bucaramanga, de Santander y de Colombia. Esperamos poder estar all\u00e1 y beneficiarnos de sus ense\u00f1anzas.<\/p>\n<p><\/p>\n<p><em>Mesa de las Tempestades, lunes 8 de julio de 2019<\/em><\/p>\n\n\n<p><strong>FOTOGRAF\u00cdAS: (1)<\/strong> La actriz colombiana Amparo Su\u00e1rez como La Marquesa de Yolomb\u00f3 en la telenovela nacional del mismo nombre.<\/p>\n\n\n\n<p><strong>(2)<\/strong> Tom\u00e1s Carrasquilla. Revista Credencial.<\/p>\n\n\n\n<p><strong>(3)<\/strong> Sal\u00f3n principal de la Academia de Historia de Santander.<\/p>\n\n\n\n<p><strong>(4)<\/strong> El doctor en Literatura Rafael Saavedra Hern\u00e1ndez (4o. de derecha a izquierda) con otros miembros de la Academia de Historia de Santander.<\/p>\n\n\n\n<p><strong>(5)<\/strong> Casa de Bol\u00edvar.<\/p>\n\n\n<p>&nbsp;<\/p>","protected":false},"excerpt":{"rendered":"<p>S\u00ed: B\u00e1rbara Caballero y Alzate, la Marquesa de Yolomb\u00f3, el personaje que Tom\u00e1s Carrasquilla trajo al mundo fascinante de la literatura, luego de que deambulara por los de la historia y la leyenda, reaparece. Reaparece, con toda la plenitud de &hellip; <a href=\"https:\/\/oscarhumbertogomez.com\/?p=29209\">Sigue leyendo <span class=\"meta-nav\">&rarr;<\/span><\/a><\/p>\n<div class='heateorSssClear'><\/div><div  class='heateor_sss_sharing_container heateor_sss_horizontal_sharing' heateor-sss-data-href='https:\/\/oscarhumbertogomez.com\/?p=29209'><div class='heateor_sss_sharing_title' style=\"font-weight:bold\" >\u00a1Gracias por compartirla!<\/div><ul class=\"heateor_sss_sharing_ul\"><li class=\"heateorSssSharingRound\"><i style=\"width:35px;height:35px;border-radius:999px;\" alt=\"Facebook\" Title=\"Facebook\" class=\"heateorSssSharing heateorSssFacebookBackground\" onclick='heateorSssPopup(\"https:\/\/www.facebook.com\/sharer\/sharer.php?u=https%3A%2F%2Foscarhumbertogomez.com%2Findex.php%3Frest_route%3D%252Fwp%252Fv2%252Fposts%252F29209\")'><ss style=\"display:block;border-radius:999px;\" class=\"heateorSssSharingSvg heateorSssFacebookSvg\"><\/ss><\/i><\/li><li class=\"heateorSssSharingRound\"><i style=\"width:35px;height:35px;border-radius:999px;\" alt=\"Twitter\" Title=\"Twitter\" class=\"heateorSssSharing heateorSssTwitterBackground\" onclick='heateorSssPopup(\"http:\/\/twitter.com\/intent\/tweet?text=LA%20MARQUESA%20DE%20YOLOMB%C3%93%20ESTAR%C3%81%20MA%C3%91ANA%20MARTES%20EN%20LA%20CASA%20DE%20BOL%C3%8DVAR.%20%20Por%20%C3%93scar%20Humberto%20G%C3%B3mez%20G%C3%B3mez.&url=https%3A%2F%2Foscarhumbertogomez.com%2Findex.php%3Frest_route%3D%252Fwp%252Fv2%252Fposts%252F29209\")'><ss style=\"display:block;border-radius:999px;\" class=\"heateorSssSharingSvg heateorSssTwitterSvg\"><\/ss><\/i><\/li><li class=\"heateorSssSharingRound\"><i style=\"width:35px;height:35px;border-radius:999px;\" alt=\"Whatsapp\" Title=\"Whatsapp\" class=\"heateorSssSharing heateorSssWhatsappBackground\" onclick='heateorSssPopup(\"https:\/\/web.whatsapp.com\/send?text=LA%20MARQUESA%20DE%20YOLOMB%C3%93%20ESTAR%C3%81%20MA%C3%91ANA%20MARTES%20EN%20LA%20CASA%20DE%20BOL%C3%8DVAR.%20%20Por%20%C3%93scar%20Humberto%20G%C3%B3mez%20G%C3%B3mez. https%3A%2F%2Foscarhumbertogomez.com%2Findex.php%3Frest_route%3D%252Fwp%252Fv2%252Fposts%252F29209\")'><ss style=\"display:block\" class=\"heateorSssSharingSvg heateorSssWhatsappSvg\"><\/ss><\/i><\/li><li class=\"heateorSssSharingRound\"><i style=\"width:35px;height:35px;border-radius:999px;\" alt=\"Pinterest\" Title=\"Pinterest\" class=\"heateorSssSharing heateorSssPinterestBackground\" onclick=\"javascript:void( (function() {var e=document.createElement('script' );e.setAttribute('type','text\/javascript' );e.setAttribute('charset','UTF-8' );e.setAttribute('src','\/\/assets.pinterest.com\/js\/pinmarklet.js?r='+Math.random()*99999999);document.body.appendChild(e)})());\"><ss style=\"display:block;border-radius:999px;\" class=\"heateorSssSharingSvg heateorSssPinterestSvg\"><\/ss><\/i><\/li><li class=\"heateorSssSharingRound\"><i style=\"width:35px;height:35px;border-radius:999px;\" alt=\"Google Gmail\" Title=\"Google Gmail\" class=\"heateorSssSharing heateorSssGoogleGmailBackground\" onclick='heateorSssPopup(\"https:\/\/mail.google.com\/mail\/?ui=2&view=cm&fs=1&tf=1&su=LA%20MARQUESA%20DE%20YOLOMB%C3%93%20ESTAR%C3%81%20MA%C3%91ANA%20MARTES%20EN%20LA%20CASA%20DE%20BOL%C3%8DVAR.%20%20Por%20%C3%93scar%20Humberto%20G%C3%B3mez%20G%C3%B3mez.&body=Link:https%3A%2F%2Foscarhumbertogomez.com%2Findex.php%3Frest_route%3D%252Fwp%252Fv2%252Fposts%252F29209\")'><ss style=\"display:block;border-radius:999px;\" class=\"heateorSssSharingSvg heateorSssGoogleGmailSvg\"><\/ss><\/i><\/li><li class=\"heateorSssSharingRound\"><i style=\"width:35px;height:35px;border-radius:999px;\" title=\"More\" alt=\"More\" class=\"heateorSssSharing heateorSssMoreBackground\" onclick=\"heateorSssMoreSharingPopup(this, 'https:\/\/oscarhumbertogomez.com\/index.php?rest_route=%2Fwp%2Fv2%2Fposts%2F29209', 'LA%20MARQUESA%20DE%20YOLOMB%C3%93%20ESTAR%C3%81%20MA%C3%91ANA%20MARTES%20EN%20LA%20CASA%20DE%20BOL%C3%8DVAR.%20%20Por%20%C3%93scar%20Humberto%20G%C3%B3mez%20G%C3%B3mez.', '' )\" ><ss style=\"display:block\" class=\"heateorSssSharingSvg heateorSssMoreSvg\"><\/ss><\/i><\/li><\/ul><div class=\"heateorSssClear\"><\/div><\/div><div class='heateorSssClear'><\/div>","protected":false},"author":2,"featured_media":0,"comment_status":"closed","ping_status":"closed","sticky":false,"template":"","format":"standard","meta":{"spay_email":"","footnotes":""},"categories":[1],"tags":[],"class_list":["post-29209","post","type-post","status-publish","format-standard","hentry","category-blog"],"jetpack_featured_media_url":"","jetpack_shortlink":"https:\/\/wp.me\/p1FYrr-7B7","_links":{"self":[{"href":"https:\/\/oscarhumbertogomez.com\/index.php?rest_route=\/wp\/v2\/posts\/29209","targetHints":{"allow":["GET"]}}],"collection":[{"href":"https:\/\/oscarhumbertogomez.com\/index.php?rest_route=\/wp\/v2\/posts"}],"about":[{"href":"https:\/\/oscarhumbertogomez.com\/index.php?rest_route=\/wp\/v2\/types\/post"}],"author":[{"embeddable":true,"href":"https:\/\/oscarhumbertogomez.com\/index.php?rest_route=\/wp\/v2\/users\/2"}],"replies":[{"embeddable":true,"href":"https:\/\/oscarhumbertogomez.com\/index.php?rest_route=%2Fwp%2Fv2%2Fcomments&post=29209"}],"version-history":[{"count":5,"href":"https:\/\/oscarhumbertogomez.com\/index.php?rest_route=\/wp\/v2\/posts\/29209\/revisions"}],"predecessor-version":[{"id":53557,"href":"https:\/\/oscarhumbertogomez.com\/index.php?rest_route=\/wp\/v2\/posts\/29209\/revisions\/53557"}],"wp:attachment":[{"href":"https:\/\/oscarhumbertogomez.com\/index.php?rest_route=%2Fwp%2Fv2%2Fmedia&parent=29209"}],"wp:term":[{"taxonomy":"category","embeddable":true,"href":"https:\/\/oscarhumbertogomez.com\/index.php?rest_route=%2Fwp%2Fv2%2Fcategories&post=29209"},{"taxonomy":"post_tag","embeddable":true,"href":"https:\/\/oscarhumbertogomez.com\/index.php?rest_route=%2Fwp%2Fv2%2Ftags&post=29209"}],"curies":[{"name":"wp","href":"https:\/\/api.w.org\/{rel}","templated":true}]}}