{"id":29326,"date":"2019-07-15T14:20:01","date_gmt":"2019-07-15T19:20:01","guid":{"rendered":"http:\/\/www.oscarhumbertogomez.com\/?p=29326"},"modified":"2019-07-17T23:28:50","modified_gmt":"2019-07-18T04:28:50","slug":"santander-en-la-red-se-une-a-la-celebracion-del-bicentenario","status":"publish","type":"post","link":"https:\/\/oscarhumbertogomez.com\/?p=29326","title":{"rendered":"Santander en la Red se une a la celebraci\u00f3n del Bicentenario"},"content":{"rendered":"\n<figure class=\"wp-block-image\"><img loading=\"lazy\" decoding=\"async\" width=\"1024\" height=\"744\" src=\"https:\/\/lapiedrafilosofal.com\/wp-content\/uploads\/2019\/07\/BOLIVAR-Y-SANTANDER-EN-LOS-LLANOS-JESUS-MARIA-ZAMORA-MUSEO-NACIONAL-1024x744.jpg\" alt=\"\" class=\"wp-image-29329\" srcset=\"https:\/\/oscarhumbertogomez.com\/wp-content\/uploads\/2019\/07\/BOLIVAR-Y-SANTANDER-EN-LOS-LLANOS-JESUS-MARIA-ZAMORA-MUSEO-NACIONAL.jpg 1024w, https:\/\/oscarhumbertogomez.com\/wp-content\/uploads\/2019\/07\/BOLIVAR-Y-SANTANDER-EN-LOS-LLANOS-JESUS-MARIA-ZAMORA-MUSEO-NACIONAL-300x218.jpg 300w, https:\/\/oscarhumbertogomez.com\/wp-content\/uploads\/2019\/07\/BOLIVAR-Y-SANTANDER-EN-LOS-LLANOS-JESUS-MARIA-ZAMORA-MUSEO-NACIONAL-768x558.jpg 768w\" sizes=\"auto, (max-width: 1024px) 100vw, 1024px\" \/><\/figure>\n\n\n\n<p>Apreciados amigos:<\/p>\n\n\n\n<p><em>Santander en la Red<\/em>, portal dirigido por un Miembro Correspondiente de la Academia de Historia de Santander, mal podr\u00eda ser indiferente a la celebraci\u00f3n del Bicentenario.<\/p>\n\n\n\n<p>Por ello, a partir de hoy y hasta mediados del mes entrante, agosto de 2019, dedicaremos preferentemente nuestras entradas al <strong>important\u00edsimo y trascendental<\/strong> tema del Bicentenario de la Independencia Nacional de Colombia.<\/p>\n\n\n\n<p>Y es que el tema del Bicentenario de nuestra Independencia Nacional es un tema <strong>important\u00edsimo y trascendental<\/strong>, porque, m\u00e1s all\u00e1 de nuestras coincidencias o diferencias, somos colombianos; porque este es nuestro pa\u00eds; este es el <strong>\u00fanico<\/strong> pa\u00eds que tenemos; este es el <strong>\u00fanico<\/strong> pa\u00eds que es verdaderamente nuestro, pues en cualquier otro pa\u00eds del mundo siempre seremos extranjeros.<\/p>\n\n\n\n<p>M\u00e1s all\u00e1 de nuestras deficiencias evidentes como naci\u00f3n, m\u00e1s all\u00e1 de los defectos que evidentemente tuvieron nuestros patriotas, m\u00e1s all\u00e1 de que quienes los sucedieron hayan sido dignos de ellos o no lo hayan sido, m\u00e1s all\u00e1 de las turbulencias desgraciadas que han rasgado el tejido nacional y ensangrentado nuestro suelo con la sangre de nuestros propios compatriotas, m\u00e1s all\u00e1 de todo lo que nos aleja de ser el pa\u00eds grande, respetado, libre y justo del que hablaran nuestros poetas y que so\u00f1aron nuestros pr\u00f3ceres y los an\u00f3nimos m\u00e1rtires de aquella guerra terrible, el nacimiento de nuestra naci\u00f3n, de la naci\u00f3n de nuestros padres y de nuestros hijos, no puede ser un asunto que nos sea ajeno o que nos pueda parecer cosa de poca monta.<\/p>\n\n\n\n<p>La cotidiana \u2014y entendible\u2014 rebusca del pan, el desaliento que nos embarga cuando leemos y o\u00edmos las malas noticias originadas en esta tierra, el desencanto que nos aflige cuando vemos que aqu\u00ed los peores son muchas veces los que mejor est\u00e1n mientras que los mejores mendigan trabajo, pan o sombra, en fin, nada, absolutamente nada que nos resulte decepcionante o adverso, nos puede habilitar para enviar al olvido o mantener en \u00e9l a quienes sacrificaron sus vidas, sus haciendas, su tranquilidad y todo lo que eran y ten\u00edan, por lograr que una nueva naci\u00f3n americana surgiera en este suelo. <\/p>\n\n\n\n<p>En la exaltaci\u00f3n a la que daremos inicio, nuestro portal no distinguir\u00e1 entre patriotas &#8220;buenos&#8221; o patriotas &#8220;malos&#8221;, ni entre bolivarianos y santanderistas, ni entrar\u00e1 en la inveterada discusi\u00f3n sobre qui\u00e9n fue mejor que qui\u00e9n. Adem\u00e1s, las entradas que alcancemos a publicar exaltar\u00e1n por igual al pr\u00f3cer famoso y al  patriota ignoto, al que sea de nuestra simpat\u00eda y al que no lo sea, pues hoy todos merecen nuestra admiraci\u00f3n, nuestra consideraci\u00f3n y nuestro respeto. <\/p>\n\n\n\n<p>Agradecemos de antemano el tiempo que ustedes le dedicar\u00e1n a leer las entradas y, por supuesto, a quienes se molestar\u00e1n en escribirnos alguna l\u00ednea o a hacernos alg\u00fan aporte.<\/p>\n\n\n\n<p>Un abrazo.<\/p>\n\n\n\n<p><em>Santander en la Red<\/em><\/p>\n\n\n\n<p>__________<\/p>\n\n\n\n<p><strong>ILUSTRACI\u00d3N<\/strong>: <em>Bol\u00edvar y Santander en los llanos<\/em>. Jes\u00fas Mar\u00eda Zamora. \u00d3leo sobre lienzo. Museo Nacional. Bogot\u00e1. <\/p>\n\n\n\n<p><\/p>\n\n\n\n<p><\/p>\n","protected":false},"excerpt":{"rendered":"<p>Apreciados amigos: Santander en la Red, portal dirigido por un Miembro Correspondiente de la Academia de Historia de Santander, mal podr\u00eda ser indiferente a la celebraci\u00f3n del Bicentenario. Por ello, a partir de hoy y hasta mediados del mes entrante, &hellip; <a href=\"https:\/\/oscarhumbertogomez.com\/?p=29326\">Sigue leyendo <span class=\"meta-nav\">&rarr;<\/span><\/a><\/p>\n<div class='heateorSssClear'><\/div><div  class='heateor_sss_sharing_container heateor_sss_horizontal_sharing' heateor-sss-data-href='https:\/\/oscarhumbertogomez.com\/?p=29326'><div class='heateor_sss_sharing_title' style=\"font-weight:bold\" >\u00a1Gracias por compartirla!<\/div><ul class=\"heateor_sss_sharing_ul\"><li class=\"heateorSssSharingRound\"><i style=\"width:35px;height:35px;border-radius:999px;\" alt=\"Facebook\" Title=\"Facebook\" class=\"heateorSssSharing heateorSssFacebookBackground\" onclick='heateorSssPopup(\"https:\/\/www.facebook.com\/sharer\/sharer.php?u=https%3A%2F%2Foscarhumbertogomez.com%2Findex.php%3Frest_route%3D%252Fwp%252Fv2%252Fposts%252F29326\")'><ss style=\"display:block;border-radius:999px;\" class=\"heateorSssSharingSvg heateorSssFacebookSvg\"><\/ss><\/i><\/li><li class=\"heateorSssSharingRound\"><i style=\"width:35px;height:35px;border-radius:999px;\" alt=\"Twitter\" Title=\"Twitter\" class=\"heateorSssSharing heateorSssTwitterBackground\" onclick='heateorSssPopup(\"http:\/\/twitter.com\/intent\/tweet?text=Santander%20en%20la%20Red%20se%20une%20a%20la%20celebraci%C3%B3n%20del%20Bicentenario&url=https%3A%2F%2Foscarhumbertogomez.com%2Findex.php%3Frest_route%3D%252Fwp%252Fv2%252Fposts%252F29326\")'><ss style=\"display:block;border-radius:999px;\" class=\"heateorSssSharingSvg heateorSssTwitterSvg\"><\/ss><\/i><\/li><li class=\"heateorSssSharingRound\"><i style=\"width:35px;height:35px;border-radius:999px;\" alt=\"Whatsapp\" Title=\"Whatsapp\" class=\"heateorSssSharing heateorSssWhatsappBackground\" onclick='heateorSssPopup(\"https:\/\/web.whatsapp.com\/send?text=Santander%20en%20la%20Red%20se%20une%20a%20la%20celebraci%C3%B3n%20del%20Bicentenario https%3A%2F%2Foscarhumbertogomez.com%2Findex.php%3Frest_route%3D%252Fwp%252Fv2%252Fposts%252F29326\")'><ss style=\"display:block\" class=\"heateorSssSharingSvg heateorSssWhatsappSvg\"><\/ss><\/i><\/li><li class=\"heateorSssSharingRound\"><i style=\"width:35px;height:35px;border-radius:999px;\" alt=\"Pinterest\" Title=\"Pinterest\" class=\"heateorSssSharing heateorSssPinterestBackground\" onclick=\"javascript:void( (function() {var e=document.createElement('script' );e.setAttribute('type','text\/javascript' );e.setAttribute('charset','UTF-8' );e.setAttribute('src','\/\/assets.pinterest.com\/js\/pinmarklet.js?r='+Math.random()*99999999);document.body.appendChild(e)})());\"><ss style=\"display:block;border-radius:999px;\" class=\"heateorSssSharingSvg heateorSssPinterestSvg\"><\/ss><\/i><\/li><li class=\"heateorSssSharingRound\"><i style=\"width:35px;height:35px;border-radius:999px;\" alt=\"Google Gmail\" Title=\"Google Gmail\" class=\"heateorSssSharing heateorSssGoogleGmailBackground\" onclick='heateorSssPopup(\"https:\/\/mail.google.com\/mail\/?ui=2&view=cm&fs=1&tf=1&su=Santander%20en%20la%20Red%20se%20une%20a%20la%20celebraci%C3%B3n%20del%20Bicentenario&body=Link:https%3A%2F%2Foscarhumbertogomez.com%2Findex.php%3Frest_route%3D%252Fwp%252Fv2%252Fposts%252F29326\")'><ss style=\"display:block;border-radius:999px;\" class=\"heateorSssSharingSvg heateorSssGoogleGmailSvg\"><\/ss><\/i><\/li><li class=\"heateorSssSharingRound\"><i style=\"width:35px;height:35px;border-radius:999px;\" title=\"More\" alt=\"More\" class=\"heateorSssSharing heateorSssMoreBackground\" onclick=\"heateorSssMoreSharingPopup(this, 'https:\/\/oscarhumbertogomez.com\/index.php?rest_route=%2Fwp%2Fv2%2Fposts%2F29326', 'Santander%20en%20la%20Red%20se%20une%20a%20la%20celebraci%C3%B3n%20del%20Bicentenario', '' )\" ><ss style=\"display:block\" class=\"heateorSssSharingSvg heateorSssMoreSvg\"><\/ss><\/i><\/li><\/ul><div class=\"heateorSssClear\"><\/div><\/div><div class='heateorSssClear'><\/div>","protected":false},"author":2,"featured_media":0,"comment_status":"open","ping_status":"open","sticky":false,"template":"","format":"standard","meta":{"spay_email":"","footnotes":""},"categories":[],"tags":[],"class_list":["post-29326","post","type-post","status-publish","format-standard","hentry"],"jetpack_featured_media_url":"","jetpack_shortlink":"https:\/\/wp.me\/p1FYrr-7D0","_links":{"self":[{"href":"https:\/\/oscarhumbertogomez.com\/index.php?rest_route=\/wp\/v2\/posts\/29326","targetHints":{"allow":["GET"]}}],"collection":[{"href":"https:\/\/oscarhumbertogomez.com\/index.php?rest_route=\/wp\/v2\/posts"}],"about":[{"href":"https:\/\/oscarhumbertogomez.com\/index.php?rest_route=\/wp\/v2\/types\/post"}],"author":[{"embeddable":true,"href":"https:\/\/oscarhumbertogomez.com\/index.php?rest_route=\/wp\/v2\/users\/2"}],"replies":[{"embeddable":true,"href":"https:\/\/oscarhumbertogomez.com\/index.php?rest_route=%2Fwp%2Fv2%2Fcomments&post=29326"}],"version-history":[{"count":4,"href":"https:\/\/oscarhumbertogomez.com\/index.php?rest_route=\/wp\/v2\/posts\/29326\/revisions"}],"predecessor-version":[{"id":29335,"href":"https:\/\/oscarhumbertogomez.com\/index.php?rest_route=\/wp\/v2\/posts\/29326\/revisions\/29335"}],"wp:attachment":[{"href":"https:\/\/oscarhumbertogomez.com\/index.php?rest_route=%2Fwp%2Fv2%2Fmedia&parent=29326"}],"wp:term":[{"taxonomy":"category","embeddable":true,"href":"https:\/\/oscarhumbertogomez.com\/index.php?rest_route=%2Fwp%2Fv2%2Fcategories&post=29326"},{"taxonomy":"post_tag","embeddable":true,"href":"https:\/\/oscarhumbertogomez.com\/index.php?rest_route=%2Fwp%2Fv2%2Ftags&post=29326"}],"curies":[{"name":"wp","href":"https:\/\/api.w.org\/{rel}","templated":true}]}}