{"id":29338,"date":"2019-07-18T12:08:32","date_gmt":"2019-07-18T17:08:32","guid":{"rendered":"http:\/\/www.oscarhumbertogomez.com\/?p=29338"},"modified":"2026-03-08T19:18:45","modified_gmt":"2026-03-09T00:18:45","slug":"el-almirante-padilla-por-oscar-humberto-gomez-gomez-miembro-correspondiente-de-la-academia-de-historia-de-santander","status":"publish","type":"post","link":"https:\/\/oscarhumbertogomez.com\/?p=29338","title":{"rendered":"EL ALMIRANTE PADILLA. Por \u00d3scar Humberto G\u00f3mez G\u00f3mez, Miembro Correspondiente de la Academia de Historia de Santander"},"content":{"rendered":"\n<div class=\"wp-block-image\"><figure class=\"aligncenter\"><img decoding=\"async\" src=\"https:\/\/lapiedrafilosofal.com\/wp-content\/uploads\/2019\/07\/AlmirantePadilla.png\" alt=\"\" class=\"wp-image-29340\"\/><\/figure><\/div>\n\n\n<p>&nbsp;<\/p>\n\n\n<p>La primera embarcaci\u00f3n en la que naveg\u00f3 el fundador de la Armada Nacional de Colombia fue  seguramente una r\u00fastica y modesta barca de madera.<\/p>\n\n\n\n<p>Y lo fue, porque su ni\u00f1ez transcurri\u00f3 entre el mar y esas barcas.<\/p>\n\n\n<p>&nbsp;<\/p>\n\n\n<div class=\"wp-block-image\"><figure class=\"aligncenter\"><img decoding=\"async\" src=\"https:\/\/www.oscarhumbertogomez.com\/wp-content\/uploads\/2019\/07\/AlmirantePadilla.png\" alt=\"\" class=\"wp-image-29340\"\/><\/figure><\/div>\n\n\n<p>&nbsp;<\/p>\n\n\n<p>Cerca del casco urbano de la ciudad de Riohacha, en efecto, hab\u00eda un caser\u00edo humilde que se llamaba Camarones. En ese caser\u00edo viv\u00eda un constructor de barcas de nombre Andr\u00e9s Padilla. <\/p>\n\n\n\n<p>Entre los hijos que este sencillo artesano tuvo, habr\u00eda de sobresalir uno que, con el paso del tiempo, se convertir\u00eda en el marino m\u00e1s grande de este pa\u00eds. Se llamaba Jos\u00e9. <\/p>\n\n\n<p>&nbsp;<\/p>\n\n\n<div class=\"wp-block-image\"><figure class=\"aligncenter\"><img decoding=\"async\" src=\"https:\/\/www.oscarhumbertogomez.com\/wp-content\/uploads\/2019\/07\/AlmirantePadilla.png\" alt=\"\" class=\"wp-image-29340\"\/><\/figure><\/div>\n\n\n<p>&nbsp;<\/p>\n\n\n<p>Jos\u00e9 Padilla habr\u00eda de dedicar toda su vida al mar y pasar\u00eda de ser apenas un grumete a convertirse en contralmirante y a ser, nada m\u00e1s ni nada menos, que el fundador de la Armada Nacional de Colombia. <\/p>\n\n\n<p>&nbsp;<\/p>\n\n\n<div class=\"wp-block-image\"><figure class=\"aligncenter\"><img decoding=\"async\" src=\"https:\/\/www.oscarhumbertogomez.com\/wp-content\/uploads\/2019\/07\/AlmirantePadilla.png\" alt=\"\" class=\"wp-image-29340\"\/><\/figure><\/div>\n\n\n<p>&nbsp;<\/p>\n\n\n<p>Sus condiciones de excelente marino y estratega militar le permitir\u00e1n llegar a ser co-libertador de Santa Marta, co-libertador de Riohacha, co-libertador de Cartagena, co-libertador de Maracaibo y, en una palabra, el co-libertador del mar.<\/p>\n\n\n<p>&nbsp;<\/p>\n\n\n<div class=\"wp-block-image\"><figure class=\"aligncenter\"><img decoding=\"async\" src=\"https:\/\/www.oscarhumbertogomez.com\/wp-content\/uploads\/2019\/07\/AlmirantePadilla.png\" alt=\"\" class=\"wp-image-29340\"\/><\/figure><\/div>\n\n\n<p>&nbsp;<\/p>\n\n\n<p>Y es que suele olvidarse, en este pa\u00eds desmemoriado \u2014y adem\u00e1s ingrato\u2014, que la Guerra de Independencia no solo se libr\u00f3 en tierra, sino que tambi\u00e9n se llev\u00f3 a cabo en el agua. <\/p>\n\n\n\n<p>Y suele olvidarse tambi\u00e9n que la guerra en el agua, en la que perdieron la vida numerosos colombianos que se enfrentaban a la poderosa marina espa\u00f1ola, la comand\u00f3 este guajiro insigne a quien el propio Sim\u00f3n Bol\u00edvar llegar\u00eda a llamar &#8220;el Nelson colombiano&#8221;, obviamente haciendo un parang\u00f3n elogioso entre nuestro marino y el c\u00e9lebre marino ingl\u00e9s. <\/p>\n\n\n<p>&nbsp;<\/p>\n\n\n<div class=\"wp-block-image\"><figure class=\"aligncenter\"><img decoding=\"async\" src=\"https:\/\/www.oscarhumbertogomez.com\/wp-content\/uploads\/2019\/07\/AlmirantePadilla.png\" alt=\"\" class=\"wp-image-29340\"\/><\/figure><\/div>\n\n\n<p>&nbsp;<\/p>\n\n\n<p>Y suele olvidarse adem\u00e1s que despu\u00e9s del 7 de agosto de 1819, es decir, despu\u00e9s de la Batalla de Boyac\u00e1, que este a\u00f1o estamos conmemorando de manera muy especial pues se cumplen los doscientos a\u00f1os de haberse llevado a cabo, la Guerra de Independencia tuvo que continuar, pues no todo el pa\u00eds qued\u00f3 libertado con aquella memorable batalla.<\/p>\n\n\n<p>&nbsp;<\/p>\n\n\n<div class=\"wp-block-image\"><figure class=\"aligncenter\"><img decoding=\"async\" src=\"https:\/\/www.oscarhumbertogomez.com\/wp-content\/uploads\/2019\/07\/AlmirantePadilla.png\" alt=\"\" class=\"wp-image-29340\"\/><\/figure><\/div>\n\n\n<p>&nbsp;<\/p>\n\n\n<p>As\u00ed, por ejemplo, la liberaci\u00f3n de Cartagena solo se da en 1821 y la liberaci\u00f3n de Maracaibo solamente acontece en 1823 .<\/p>\n\n\n<p>&nbsp;<\/p>\n\n\n<div class=\"wp-block-image\"><figure class=\"aligncenter\"><img decoding=\"async\" src=\"https:\/\/www.oscarhumbertogomez.com\/wp-content\/uploads\/2019\/07\/AlmirantePadilla.png\" alt=\"\" class=\"wp-image-29340\"\/><\/figure><\/div>\n\n\n<p>&nbsp;<\/p>\n\n\n<p>Jos\u00e9 Padilla \u2014que lleg\u00f3 a ser el general Padilla, pues no solo fue oficial de las fuerzas de agua, sino que tambi\u00e9n lo fue de las de tierra\u2014 ser\u00e1 adem\u00e1s uno de los pr\u00f3ceres de nuestra Independencia Nacional dignos representantes de la poblaci\u00f3n mulata o afro-descendiente colombiana, poblaci\u00f3n cuyo importante aporte a la Guerra de Independencia y a la construcci\u00f3n de esta naci\u00f3n ha sido ignorado, o cuando menos minimizado, desde siempre. <\/p>\n\n\n<p>&nbsp;<\/p>\n\n\n<div class=\"wp-block-image\"><figure class=\"aligncenter\"><img decoding=\"async\" src=\"https:\/\/www.oscarhumbertogomez.com\/wp-content\/uploads\/2019\/07\/AlmirantePadilla.png\" alt=\"\" class=\"wp-image-29340\"\/><\/figure><\/div>\n\n\n<p>&nbsp;<\/p>\n\n\n<p>Desgraciadamente, para verg\u00fcenza de nuestra Patria e incomodidad de los historiadores, en la g\u00e9lida, brumosa y triste ma\u00f1ana del jueves 2 de octubre de 1828 este gran patriota colombiano morir\u00e1 fusilado en la hoy Plaza de Bol\u00edvar, de Bogot\u00e1 \u2014en aquel entonces Plaza de la Rep\u00fablica, de Santa Fe\u2014  luego de ser condenado a la pena capital por su supuesta participaci\u00f3n en la conspiraci\u00f3n del 25 del mes inmediatamente anterior contra el presidente de la Gran Colombia Sim\u00f3n Bol\u00edvar.<\/p>\n\n\n<p>&nbsp;<\/p>\n\n\n<div class=\"wp-block-image\"><figure class=\"aligncenter\"><img decoding=\"async\" src=\"https:\/\/www.oscarhumbertogomez.com\/wp-content\/uploads\/2019\/07\/AlmirantePadilla.png\" alt=\"\" class=\"wp-image-29340\"\/><\/figure><\/div>\n\n\n<p>&nbsp;<\/p>\n\n\n<p>Su memoria, sin embargo, habr\u00e1 de ser reivindicada, despu\u00e9s de la disoluci\u00f3n de la Gran Colombia (1830) por la Convenci\u00f3n Granadina (1831) que habr\u00e1 de aprobar la Constituci\u00f3n de la Nueva Granada (1832).<\/p>\n\n\n<p>&nbsp;<\/p>\n\n\n<div class=\"wp-block-image\"><figure class=\"aligncenter\"><img decoding=\"async\" src=\"https:\/\/www.oscarhumbertogomez.com\/wp-content\/uploads\/2019\/07\/AlmirantePadilla.png\" alt=\"\" class=\"wp-image-29340\"\/><\/figure><\/div>\n\n\n<p>&nbsp;<\/p>\n\n\n<p>La historiograf\u00eda moderna ha replanteado la visi\u00f3n oscura que del pr\u00f3cer se propag\u00f3 a partir de su captura, de su encarcelamiento y de aquel veloz consejo de guerra al que fue sometido y, en cambio, ha concluido, a la luz de la revisi\u00f3n desapasionada del expediente, que en realidad Jos\u00e9 Padilla era inocente, que no solo no particip\u00f3 en la conspiraci\u00f3n, sino que incluso la ignoraba, y que nada tuvo que ver en los graves hechos ocurridos aquella nefasta noche. Lamentablemente, ya hab\u00eda para entonces prejuicios y antecedentes no solo pol\u00edticos y militares, sino tambi\u00e9n personales que lo hab\u00edan vuelto una figura malquerida por personas y sectores con poder, y los testimonios que claramente lo exclu\u00edan de cualquier co-autor\u00eda o complicidad en la conjura fueron ol\u00edmpicamente desechados. <\/p>\n\n\n<p>&nbsp;<\/p>\n\n\n<div class=\"wp-block-image\"><figure class=\"aligncenter\"><img decoding=\"async\" src=\"https:\/\/www.oscarhumbertogomez.com\/wp-content\/uploads\/2019\/07\/AlmirantePadilla.png\" alt=\"\" class=\"wp-image-29340\"\/><\/figure><\/div>\n\n\n<p>&nbsp;<\/p>\n\n\n<p>El departamento donde naci\u00f3 Jos\u00e9 Padilla se llama La Guajira, pero hay quienes sostienen que ha debido llamarse departamento de Padilla.<\/p>\n\n\n<p>&nbsp;<\/p>\n\n\n<div class=\"wp-block-image\"><figure class=\"aligncenter\"><img decoding=\"async\" src=\"https:\/\/www.oscarhumbertogomez.com\/wp-content\/uploads\/2019\/07\/AlmirantePadilla.png\" alt=\"\" class=\"wp-image-29340\"\/><\/figure><\/div>\n\n\n<p>&nbsp;<\/p>\n\n\n<p>Con el paso inexorable del tiempo, la expansi\u00f3n territorial de Riohacha se fue acercando hacia el caser\u00edo de Camarones. Hoy en d\u00eda, el lugar donde naci\u00f3 Jos\u00e9 Padilla est\u00e1 casi integrado a la ciudad de Riohacha. <\/p>\n\n\n<p>&nbsp;<\/p>\n\n\n<p>Tambi\u00e9n con el paso del tiempo, a este gran militar guajiro lo fueron relegando al olvido. <\/p>\n\n\n<p>&nbsp;<\/p>\n\n\n<div class=\"wp-block-image\"><figure class=\"aligncenter\"><img decoding=\"async\" src=\"https:\/\/www.oscarhumbertogomez.com\/wp-content\/uploads\/2019\/07\/AlmirantePadilla.png\" alt=\"\" class=\"wp-image-29340\"\/><\/figure><\/div>\n\n\n<p>&nbsp;<\/p>\n<p>Hay una discusi\u00f3n moderna en relaci\u00f3n con dos aspectos inherentes al general Jos\u00e9 Padilla: uno es el de su segundo nombre y otro es el de su rango militar marino.  <\/p>\n<p>Respecto al primer punto, se dice que en realidad el pr\u00f3cer solo se llamaba Jos\u00e9, no Jos\u00e9 Prudencio, como se le suele conocer incluso de manera oficial. El segundo nombre habr\u00eda sido una creaci\u00f3n literaria. <\/p>\n<p>En lo que toca con el segundo punto, se dice que Jos\u00e9 Padilla en realidad no recibi\u00f3 jam\u00e1s el grado de almirante. Este rango tambi\u00e9n habr\u00eda sido creado por la literatura. <\/p>\n<p>&nbsp;<\/p>\n\n\n<div class=\"wp-block-image\"><figure class=\"aligncenter\"><img decoding=\"async\" src=\"https:\/\/www.oscarhumbertogomez.com\/wp-content\/uploads\/2019\/07\/AlmirantePadilla.png\" alt=\"\" class=\"wp-image-29340\"\/><\/figure><\/div>\n\n\n<p>&nbsp;<\/p>\n\n\n<p>M\u00e1s all\u00e1 de esas disquisiciones, lo exaltamos hoy, en el contexto de la celebraci\u00f3n del Bicentenario de la Independencia, e invitamos al estudio desapasionado de lo que fue su vida, al reconocimiento de la valiosa contribuci\u00f3n personal que aport\u00f3 para posibilitar el nacimiento de esta naci\u00f3n y a que se desempolve su recuerdo y en la conciencia colectiva se reconozcan sin ambages sus excelsas calidades de patriota sobresaliente, de militar \u00edntegro y de h\u00e9roe nacional de Colombia, art\u00edfice tambi\u00e9n de las esperanzas y de los sue\u00f1os que emergieron en nuestro suelo patrio en la tarde del 7 de agosto de 1819, hace ya doscientos a\u00f1os.<\/p>\n\n\n\n<p><em>Mesa de las Tempestades, jueves 18 de julio de 2019.<\/em> <\/p>\n","protected":false},"excerpt":{"rendered":"<p>&nbsp; La primera embarcaci\u00f3n en la que naveg\u00f3 el fundador de la Armada Nacional de Colombia fue seguramente una r\u00fastica y modesta barca de madera. Y lo fue, porque su ni\u00f1ez transcurri\u00f3 entre el mar y esas barcas. &nbsp; &nbsp; &hellip; <a href=\"https:\/\/oscarhumbertogomez.com\/?p=29338\">Sigue leyendo <span class=\"meta-nav\">&rarr;<\/span><\/a><\/p>\n<div class='heateorSssClear'><\/div><div  class='heateor_sss_sharing_container heateor_sss_horizontal_sharing' heateor-sss-data-href='https:\/\/oscarhumbertogomez.com\/?p=29338'><div class='heateor_sss_sharing_title' style=\"font-weight:bold\" >\u00a1Gracias por compartirla!<\/div><ul class=\"heateor_sss_sharing_ul\"><li class=\"heateorSssSharingRound\"><i style=\"width:35px;height:35px;border-radius:999px;\" alt=\"Facebook\" Title=\"Facebook\" class=\"heateorSssSharing heateorSssFacebookBackground\" onclick='heateorSssPopup(\"https:\/\/www.facebook.com\/sharer\/sharer.php?u=https%3A%2F%2Foscarhumbertogomez.com%2Findex.php%3Frest_route%3D%252Fwp%252Fv2%252Fposts%252F29338\")'><ss style=\"display:block;border-radius:999px;\" class=\"heateorSssSharingSvg heateorSssFacebookSvg\"><\/ss><\/i><\/li><li class=\"heateorSssSharingRound\"><i style=\"width:35px;height:35px;border-radius:999px;\" alt=\"Twitter\" Title=\"Twitter\" class=\"heateorSssSharing heateorSssTwitterBackground\" onclick='heateorSssPopup(\"http:\/\/twitter.com\/intent\/tweet?text=EL%20ALMIRANTE%20PADILLA.%20Por%20%C3%93scar%20Humberto%20G%C3%B3mez%20G%C3%B3mez%2C%20Miembro%20Correspondiente%20de%20la%20Academia%20de%20Historia%20de%20Santander&url=https%3A%2F%2Foscarhumbertogomez.com%2Findex.php%3Frest_route%3D%252Fwp%252Fv2%252Fposts%252F29338\")'><ss style=\"display:block;border-radius:999px;\" class=\"heateorSssSharingSvg heateorSssTwitterSvg\"><\/ss><\/i><\/li><li class=\"heateorSssSharingRound\"><i style=\"width:35px;height:35px;border-radius:999px;\" alt=\"Whatsapp\" Title=\"Whatsapp\" class=\"heateorSssSharing heateorSssWhatsappBackground\" onclick='heateorSssPopup(\"https:\/\/web.whatsapp.com\/send?text=EL%20ALMIRANTE%20PADILLA.%20Por%20%C3%93scar%20Humberto%20G%C3%B3mez%20G%C3%B3mez%2C%20Miembro%20Correspondiente%20de%20la%20Academia%20de%20Historia%20de%20Santander https%3A%2F%2Foscarhumbertogomez.com%2Findex.php%3Frest_route%3D%252Fwp%252Fv2%252Fposts%252F29338\")'><ss style=\"display:block\" class=\"heateorSssSharingSvg heateorSssWhatsappSvg\"><\/ss><\/i><\/li><li class=\"heateorSssSharingRound\"><i style=\"width:35px;height:35px;border-radius:999px;\" alt=\"Pinterest\" Title=\"Pinterest\" class=\"heateorSssSharing heateorSssPinterestBackground\" onclick=\"javascript:void( (function() {var e=document.createElement('script' );e.setAttribute('type','text\/javascript' );e.setAttribute('charset','UTF-8' );e.setAttribute('src','\/\/assets.pinterest.com\/js\/pinmarklet.js?r='+Math.random()*99999999);document.body.appendChild(e)})());\"><ss style=\"display:block;border-radius:999px;\" class=\"heateorSssSharingSvg heateorSssPinterestSvg\"><\/ss><\/i><\/li><li class=\"heateorSssSharingRound\"><i style=\"width:35px;height:35px;border-radius:999px;\" alt=\"Google Gmail\" Title=\"Google Gmail\" class=\"heateorSssSharing heateorSssGoogleGmailBackground\" onclick='heateorSssPopup(\"https:\/\/mail.google.com\/mail\/?ui=2&view=cm&fs=1&tf=1&su=EL%20ALMIRANTE%20PADILLA.%20Por%20%C3%93scar%20Humberto%20G%C3%B3mez%20G%C3%B3mez%2C%20Miembro%20Correspondiente%20de%20la%20Academia%20de%20Historia%20de%20Santander&body=Link:https%3A%2F%2Foscarhumbertogomez.com%2Findex.php%3Frest_route%3D%252Fwp%252Fv2%252Fposts%252F29338\")'><ss style=\"display:block;border-radius:999px;\" class=\"heateorSssSharingSvg heateorSssGoogleGmailSvg\"><\/ss><\/i><\/li><li class=\"heateorSssSharingRound\"><i style=\"width:35px;height:35px;border-radius:999px;\" title=\"More\" alt=\"More\" class=\"heateorSssSharing heateorSssMoreBackground\" onclick=\"heateorSssMoreSharingPopup(this, 'https:\/\/oscarhumbertogomez.com\/index.php?rest_route=%2Fwp%2Fv2%2Fposts%2F29338', 'EL%20ALMIRANTE%20PADILLA.%20Por%20%C3%93scar%20Humberto%20G%C3%B3mez%20G%C3%B3mez%2C%20Miembro%20Correspondiente%20de%20la%20Academia%20de%20Historia%20de%20Santander', '' )\" ><ss style=\"display:block\" class=\"heateorSssSharingSvg heateorSssMoreSvg\"><\/ss><\/i><\/li><\/ul><div class=\"heateorSssClear\"><\/div><\/div><div class='heateorSssClear'><\/div>","protected":false},"author":2,"featured_media":0,"comment_status":"open","ping_status":"open","sticky":false,"template":"","format":"standard","meta":{"spay_email":"","footnotes":""},"categories":[1],"tags":[],"class_list":["post-29338","post","type-post","status-publish","format-standard","hentry","category-blog"],"jetpack_featured_media_url":"","jetpack_shortlink":"https:\/\/wp.me\/p1FYrr-7Dc","_links":{"self":[{"href":"https:\/\/oscarhumbertogomez.com\/index.php?rest_route=\/wp\/v2\/posts\/29338","targetHints":{"allow":["GET"]}}],"collection":[{"href":"https:\/\/oscarhumbertogomez.com\/index.php?rest_route=\/wp\/v2\/posts"}],"about":[{"href":"https:\/\/oscarhumbertogomez.com\/index.php?rest_route=\/wp\/v2\/types\/post"}],"author":[{"embeddable":true,"href":"https:\/\/oscarhumbertogomez.com\/index.php?rest_route=\/wp\/v2\/users\/2"}],"replies":[{"embeddable":true,"href":"https:\/\/oscarhumbertogomez.com\/index.php?rest_route=%2Fwp%2Fv2%2Fcomments&post=29338"}],"version-history":[{"count":5,"href":"https:\/\/oscarhumbertogomez.com\/index.php?rest_route=\/wp\/v2\/posts\/29338\/revisions"}],"predecessor-version":[{"id":55624,"href":"https:\/\/oscarhumbertogomez.com\/index.php?rest_route=\/wp\/v2\/posts\/29338\/revisions\/55624"}],"wp:attachment":[{"href":"https:\/\/oscarhumbertogomez.com\/index.php?rest_route=%2Fwp%2Fv2%2Fmedia&parent=29338"}],"wp:term":[{"taxonomy":"category","embeddable":true,"href":"https:\/\/oscarhumbertogomez.com\/index.php?rest_route=%2Fwp%2Fv2%2Fcategories&post=29338"},{"taxonomy":"post_tag","embeddable":true,"href":"https:\/\/oscarhumbertogomez.com\/index.php?rest_route=%2Fwp%2Fv2%2Ftags&post=29338"}],"curies":[{"name":"wp","href":"https:\/\/api.w.org\/{rel}","templated":true}]}}