{"id":29379,"date":"2019-07-20T11:35:34","date_gmt":"2019-07-20T16:35:34","guid":{"rendered":"http:\/\/www.oscarhumbertogomez.com\/?p=29379"},"modified":"2025-04-04T16:09:36","modified_gmt":"2025-04-04T21:09:36","slug":"el-grito-de-independencia-en-el-socorro-por-oscar-humberto-gomez-gomez-miembro-correspondiente-de-la-academia-de-historia-de-santander","status":"publish","type":"post","link":"https:\/\/oscarhumbertogomez.com\/?p=29379","title":{"rendered":"EL GRITO DE INDEPENDENCIA EN EL SOCORRO. Por \u00d3scar Humberto G\u00f3mez G\u00f3mez, Miembro Correspondiente de la Academia de Historia de Santander."},"content":{"rendered":"\n<figure class=\"wp-block-image\"><img loading=\"lazy\" decoding=\"async\" width=\"600\" height=\"450\" src=\"https:\/\/lapiedrafilosofal.com\/wp-content\/uploads\/2019\/07\/Socorro_Edit.png\" alt=\"\" class=\"wp-image-29409\" srcset=\"https:\/\/oscarhumbertogomez.com\/wp-content\/uploads\/2019\/07\/Socorro_Edit.png 600w, https:\/\/oscarhumbertogomez.com\/wp-content\/uploads\/2019\/07\/Socorro_Edit-300x225.png 300w\" sizes=\"auto, (max-width: 600px) 100vw, 600px\" \/><\/figure>\n\n\n<p>&nbsp;<\/p>\n\n\n<p>Hoy 20 de julio se conmemora el llamado Grito de Independencia.<\/p>\n\n\n\n<p>Y es que el 20 de julio de 1810 sucedieron en la capital de nuestro pa\u00eds los acontecimientos que condujeron a la redacci\u00f3n y firma de la denominada Acta de Independencia.\n\n\n<p>&nbsp;<\/p>\n\n\n<figure class=\"wp-block-image\"><img loading=\"lazy\" decoding=\"async\" width=\"600\" height=\"450\" src=\"https:\/\/lapiedrafilosofal.com\/wp-content\/uploads\/2019\/07\/Socorro_Edit.png\" alt=\"\" class=\"wp-image-29409\" srcset=\"https:\/\/oscarhumbertogomez.com\/wp-content\/uploads\/2019\/07\/Socorro_Edit.png 600w, https:\/\/oscarhumbertogomez.com\/wp-content\/uploads\/2019\/07\/Socorro_Edit-300x225.png 300w\" sizes=\"auto, (max-width: 600px) 100vw, 600px\" \/><\/figure>\n\n\n<p>&nbsp;<\/p>\n\n\n<p>Lo que casi todo el mundo ignora es que <strong>diez d\u00edas antes de lo acaecido en Santa Fe<\/strong>, esto es, <strong>el 10 de julio de 1810<\/strong>, en el Socorro, la poblaci\u00f3n que m\u00e1s tarde ser\u00eda la capital del Estado Soberano de Santander y donde antes hab\u00eda estallado la Insurrecci\u00f3n de los Comuneros, ya se hab\u00eda dado el Grito de Independencia, se hab\u00eda redactado el Acta de Independencia, se hab\u00edan designado las primeras autoridades americanas en reemplazo de las espa\u00f1olas y se le hab\u00eda notificado \u2014y por escrito\u2014 al virrey la decisi\u00f3n tomada. <\/p>\n\n\n\n<p>Se ignora, adem\u00e1s, que el detonante de aquel movimiento popular hab\u00eda sido la muerte de numerosos socorranos an\u00f3nimos que la noche anterior hab\u00edan sido acribillados por los proyectiles de las armas espa\u00f1olas. De esos santandereanos no se conocen, al menos que sepamos, ni siquiera los nombres.<\/p>\n\n\n<p>&nbsp;<\/p>\n\n\n<figure class=\"wp-block-image\"><img loading=\"lazy\" decoding=\"async\" width=\"600\" height=\"450\" src=\"https:\/\/lapiedrafilosofal.com\/wp-content\/uploads\/2019\/07\/Socorro_Edit.png\" alt=\"\" class=\"wp-image-29409\" srcset=\"https:\/\/oscarhumbertogomez.com\/wp-content\/uploads\/2019\/07\/Socorro_Edit.png 600w, https:\/\/oscarhumbertogomez.com\/wp-content\/uploads\/2019\/07\/Socorro_Edit-300x225.png 300w\" sizes=\"auto, (max-width: 600px) 100vw, 600px\" \/><\/figure>\n\n\n<p>&nbsp;<\/p>\n\n\n<p>As\u00ed las cosas, y por considerarlo un documento hist\u00f3rico de obvio inter\u00e9s, reproducimos textualmente algunos de los apartes del Acta de Independencia redactada y suscrita en territorio santandereano en 1810, anterior a la redactada y suscrita en Santaf\u00e9, hoy Bogot\u00e1:<\/p>\n\n\n<p>&nbsp;<\/p>\n\n\n<figure class=\"wp-block-image\"><img loading=\"lazy\" decoding=\"async\" width=\"600\" height=\"450\" src=\"https:\/\/lapiedrafilosofal.com\/wp-content\/uploads\/2019\/07\/Socorro_Edit.png\" alt=\"\" class=\"wp-image-29409\" srcset=\"https:\/\/oscarhumbertogomez.com\/wp-content\/uploads\/2019\/07\/Socorro_Edit.png 600w, https:\/\/oscarhumbertogomez.com\/wp-content\/uploads\/2019\/07\/Socorro_Edit-300x225.png 300w\" sizes=\"auto, (max-width: 600px) 100vw, 600px\" \/><\/figure>\n\n\n<p>&nbsp;<\/p>\n\n\n<p>&#8220;(&#8230;) Los soldados insultaron entre el d\u00eda a los vecinos que pasaban por la calle, amenaz\u00e1ndolos con que les har\u00edan fuego; pero como se les contestaba con sumisi\u00f3n, no hubo rompimiento hasta la noche del 9, en que los soldados previnieron a un paisano que pasaba por calle que volviese atr\u00e1s, y vali\u00e9ndose de la estratagema de dar la voz de fuego, con que crey\u00f3 el pueblo que la tropa iba a atacarle saliendo de los cuarteles, se avanz\u00f3 hacia aquella calle para rechazar su agresi\u00f3n, y aprovech\u00e1ndose entonces de esta oportunidad, comenzaron desde los cuarteles las descargas, sin que los jueces pudiesen impedir un choque tan desigual por la situaci\u00f3n, por las armas y por la disciplina. Cost\u00f3 mucho para reprimir el valor del pueblo, y poniendo en gran peligro la vida; pero el d\u00eda 10 por la ma\u00f1ana, cuando vio manchadas las calles con la sangre inocente de diez hombres que murieron a balazos, entr\u00f3 en tal furor que, sin embargo de que el corregidor se hallaba sitiado en el convento de capuchinos donde se le recibi\u00f3 al amanecer, que no ten\u00eda agua ni esperanza de salvarse, trataba la multitud de tomar el convento por asalto, (&#8230;); la acci\u00f3n habr\u00eda sido muy sangrienta, y para evitarlo se intim\u00f3 por los alcaldes que los sitiados se rindiesen a discreci\u00f3n, lo que ejecutaron. Los comandantes (&#8230;) con el corregidor fueron conducidos (&#8230;) a la administraci\u00f3n de aguardientes, donde se les ofreci\u00f3 que gozar\u00edan de seguridad personal. (&#8230;). La sencilla narraci\u00f3n de estos hechos manifiesta claramente que el corregidor (&#8230;) no (&#8230;) debi\u00f3 usar de la fuerza militar. Tampoco debi\u00f3 mandar hacer fuego sobre gentes desarmadas que no pod\u00edan ofenderle en el lugar superior donde se hallaba con su tropa; (&#8230;). <\/p>\n\n\n\n<p>Restituido el pueblo del Socorro a los derechos sagrados e imprescriptibles del hombre (&#8230;), ha depositado provisionalmente el gobierno en el muy ilustre Cabildo, a que se han asociado seis individuos, que lo son el doctor don Jos\u00e9 Ignacio Plata, cura de Simacota, el doctor don Pedro Ignacio Fern\u00e1ndez, don Miguel Tadeo G\u00f3mez, administrador de aguardientes, don Ignacio Carrizosa, don Javier Bonafot y don Acisclo Mart\u00edn Moreno, para que le ayuden en el desempe\u00f1o de la multitud de asuntos y negocios en que debe ocuparse para defender la patria de las medidas hostiles que tomar\u00e1 el se\u00f1or virrey de Santaf\u00e9 contra nosotros, como lo hizo contra los habitantes de la ilustre ciudad de Quito. <\/p>\n\n\n\n<p>Pero hall\u00e1ndonos unidos por estrechos v\u00ednculos de fraternidad con los ilustres cabildos de las muy nobles y leales ciudad de V\u00e9lez y villa de San Gil, y siendo comunes nuestros intereses por la respectiva situaci\u00f3n geogr\u00e1fica, determin\u00f3 en cabildo abierto que se comunique esta acta a dichos ilustres cabildos, convid\u00e1ndoles a que manden dos diputados para deliberar sobre el plan y modo de gobierno que debemos establecer, tomando desde ahora las medidas m\u00e1s activas contra la agresi\u00f3n que se espera de parte de la fuerza militar que tiene el virrey de Santaf\u00e9, en cuya lucha el pueblo del Socorro saldr\u00e1 gloriosamente mediante la justicia de su causa, el valor y uni\u00f3n de sus habitantes, que en veinticuatro horas derribaron la tiran\u00eda (&#8230;). Ya respiramos con libertad, habi\u00e9ndose restituido la confianza p\u00fablica (&#8230;). Y para manifestar a la faz del universo la justicia y legitimidad de nuestros procedimientos, se circular\u00e1 esta acta a los dem\u00e1s cabildos del Reino. Con lo cual qued\u00f3 concluida esta acta, que firmamos en la villa del Socorro, a 11 de julio de 1810.<\/p>\n\n\n<p>Jos\u00e9 Lorenzo Plata &#8211; Juan Francisco Ardila &#8211; Marcelo Jos\u00e9 Ram\u00edrez y Gonz\u00e1lez &#8211; Ignacio Magno &#8211; Joaqu\u00edn Vargas &#8211; Isidoro Jos\u00e9 Est\u00e9vez &#8211; Jos\u00e9 Ignacio Plata &#8211; Pedro Ignacio Fern\u00e1ndez &#8211; Miguel Tadeo G\u00f3mez &#8211; Ignacio Carrizosa &#8211; Acisclo Jos\u00e9 Mart\u00edn Moreno &#8211; Francisco Javier Bonafot&#8221;.<\/p>\n<p><!-- \/wp:post-content --><\/p>\n<p>(PROCLAMACI\u00d3N DE LA INDEPENDENCIA DEL SOCORRO. 10 DE JULIO DE 1810. Reportaje de la Historia de Colombia. 158 documentos y relatos de testigos presenciales sobre hechos ocurridos en 5 siglos. Selecci\u00f3n y presentaci\u00f3n de textos: Jorge Orlando Melo. Asistente de investigaci\u00f3n: Alonso Valencia Llano. Planeta Editorial. Bogot\u00e1. 1989, p.p. 306 &#8211; 307).<\/p>\n<p><\/p>\n<p>&nbsp;<\/p>\n<p><!-- wp:image {\"id\":29409} --><\/p>\n<figure class=\"wp-block-image\"><img loading=\"lazy\" decoding=\"async\" width=\"600\" height=\"450\" class=\"wp-image-29409\" src=\"https:\/\/lapiedrafilosofal.com\/wp-content\/uploads\/2019\/07\/Socorro_Edit.png\" alt=\"\" srcset=\"https:\/\/oscarhumbertogomez.com\/wp-content\/uploads\/2019\/07\/Socorro_Edit.png 600w, https:\/\/oscarhumbertogomez.com\/wp-content\/uploads\/2019\/07\/Socorro_Edit-300x225.png 300w\" sizes=\"auto, (max-width: 600px) 100vw, 600px\" \/><\/figure>\n<p><!-- \/wp:image --><\/p>\n<p><\/p>\n<p><!-- wp:paragraph --><\/p>\n<p>&nbsp;<\/p>\n<p>Al igual que diez d\u00edas despu\u00e9s suceder\u00e1 en Santaf\u00e9, en el acta del Socorro se sigue reconociendo a Fernando VII, el rey de Espa\u00f1a.<\/p>\n<p>Y es que el movimiento independentista inicialmente apunt\u00f3 hacia que estas tierras no siguieran siendo gobernadas por personajes provenientes de Espa\u00f1a, sino por los mismos americanos. Ser\u00e1 m\u00e1s adelante que se producir\u00e1 la ruptura radical con el propio rey y se predicar\u00e1 el nacimiento de nuevas naciones completamente desligadas del dominio pol\u00edtico y militar espa\u00f1ol.<\/p>\n<p><!-- \/wp:paragraph --><\/p>\n<p><em>Mesa de las Tempestades, s\u00e1bado 20 de julio de 2019.<\/em><\/p>\n<p>&nbsp;<\/p>","protected":false},"excerpt":{"rendered":"<p>&nbsp; Hoy 20 de julio se conmemora el llamado Grito de Independencia. Y es que el 20 de julio de 1810 sucedieron en la capital de nuestro pa\u00eds los acontecimientos que condujeron a la redacci\u00f3n y firma de la denominada &hellip; <a href=\"https:\/\/oscarhumbertogomez.com\/?p=29379\">Sigue leyendo <span class=\"meta-nav\">&rarr;<\/span><\/a><\/p>\n<div class='heateorSssClear'><\/div><div  class='heateor_sss_sharing_container heateor_sss_horizontal_sharing' heateor-sss-data-href='https:\/\/oscarhumbertogomez.com\/?p=29379'><div class='heateor_sss_sharing_title' style=\"font-weight:bold\" >\u00a1Gracias por compartirla!<\/div><ul class=\"heateor_sss_sharing_ul\"><li class=\"heateorSssSharingRound\"><i style=\"width:35px;height:35px;border-radius:999px;\" alt=\"Facebook\" Title=\"Facebook\" class=\"heateorSssSharing heateorSssFacebookBackground\" onclick='heateorSssPopup(\"https:\/\/www.facebook.com\/sharer\/sharer.php?u=https%3A%2F%2Foscarhumbertogomez.com%2Findex.php%3Frest_route%3D%252Fwp%252Fv2%252Fposts%252F29379\")'><ss style=\"display:block;border-radius:999px;\" class=\"heateorSssSharingSvg heateorSssFacebookSvg\"><\/ss><\/i><\/li><li class=\"heateorSssSharingRound\"><i style=\"width:35px;height:35px;border-radius:999px;\" alt=\"Twitter\" Title=\"Twitter\" class=\"heateorSssSharing heateorSssTwitterBackground\" onclick='heateorSssPopup(\"http:\/\/twitter.com\/intent\/tweet?text=EL%20GRITO%20DE%20INDEPENDENCIA%20EN%20EL%20SOCORRO.%20Por%20%C3%93scar%20Humberto%20G%C3%B3mez%20G%C3%B3mez%2C%20Miembro%20Correspondiente%20de%20la%20Academia%20de%20Historia%20de%20Santander.&url=https%3A%2F%2Foscarhumbertogomez.com%2Findex.php%3Frest_route%3D%252Fwp%252Fv2%252Fposts%252F29379\")'><ss style=\"display:block;border-radius:999px;\" class=\"heateorSssSharingSvg heateorSssTwitterSvg\"><\/ss><\/i><\/li><li class=\"heateorSssSharingRound\"><i style=\"width:35px;height:35px;border-radius:999px;\" alt=\"Whatsapp\" Title=\"Whatsapp\" class=\"heateorSssSharing heateorSssWhatsappBackground\" onclick='heateorSssPopup(\"https:\/\/web.whatsapp.com\/send?text=EL%20GRITO%20DE%20INDEPENDENCIA%20EN%20EL%20SOCORRO.%20Por%20%C3%93scar%20Humberto%20G%C3%B3mez%20G%C3%B3mez%2C%20Miembro%20Correspondiente%20de%20la%20Academia%20de%20Historia%20de%20Santander. https%3A%2F%2Foscarhumbertogomez.com%2Findex.php%3Frest_route%3D%252Fwp%252Fv2%252Fposts%252F29379\")'><ss style=\"display:block\" class=\"heateorSssSharingSvg heateorSssWhatsappSvg\"><\/ss><\/i><\/li><li class=\"heateorSssSharingRound\"><i style=\"width:35px;height:35px;border-radius:999px;\" alt=\"Pinterest\" Title=\"Pinterest\" class=\"heateorSssSharing heateorSssPinterestBackground\" onclick=\"javascript:void( (function() {var e=document.createElement('script' );e.setAttribute('type','text\/javascript' );e.setAttribute('charset','UTF-8' );e.setAttribute('src','\/\/assets.pinterest.com\/js\/pinmarklet.js?r='+Math.random()*99999999);document.body.appendChild(e)})());\"><ss style=\"display:block;border-radius:999px;\" class=\"heateorSssSharingSvg heateorSssPinterestSvg\"><\/ss><\/i><\/li><li class=\"heateorSssSharingRound\"><i style=\"width:35px;height:35px;border-radius:999px;\" alt=\"Google Gmail\" Title=\"Google Gmail\" class=\"heateorSssSharing heateorSssGoogleGmailBackground\" onclick='heateorSssPopup(\"https:\/\/mail.google.com\/mail\/?ui=2&view=cm&fs=1&tf=1&su=EL%20GRITO%20DE%20INDEPENDENCIA%20EN%20EL%20SOCORRO.%20Por%20%C3%93scar%20Humberto%20G%C3%B3mez%20G%C3%B3mez%2C%20Miembro%20Correspondiente%20de%20la%20Academia%20de%20Historia%20de%20Santander.&body=Link:https%3A%2F%2Foscarhumbertogomez.com%2Findex.php%3Frest_route%3D%252Fwp%252Fv2%252Fposts%252F29379\")'><ss style=\"display:block;border-radius:999px;\" class=\"heateorSssSharingSvg heateorSssGoogleGmailSvg\"><\/ss><\/i><\/li><li class=\"heateorSssSharingRound\"><i style=\"width:35px;height:35px;border-radius:999px;\" title=\"More\" alt=\"More\" class=\"heateorSssSharing heateorSssMoreBackground\" onclick=\"heateorSssMoreSharingPopup(this, 'https:\/\/oscarhumbertogomez.com\/index.php?rest_route=%2Fwp%2Fv2%2Fposts%2F29379', 'EL%20GRITO%20DE%20INDEPENDENCIA%20EN%20EL%20SOCORRO.%20Por%20%C3%93scar%20Humberto%20G%C3%B3mez%20G%C3%B3mez%2C%20Miembro%20Correspondiente%20de%20la%20Academia%20de%20Historia%20de%20Santander.', '' )\" ><ss style=\"display:block\" class=\"heateorSssSharingSvg heateorSssMoreSvg\"><\/ss><\/i><\/li><\/ul><div class=\"heateorSssClear\"><\/div><\/div><div class='heateorSssClear'><\/div>","protected":false},"author":2,"featured_media":0,"comment_status":"closed","ping_status":"closed","sticky":false,"template":"","format":"standard","meta":{"spay_email":"","footnotes":""},"categories":[1],"tags":[],"class_list":["post-29379","post","type-post","status-publish","format-standard","hentry","category-blog"],"jetpack_featured_media_url":"","jetpack_shortlink":"https:\/\/wp.me\/p1FYrr-7DR","_links":{"self":[{"href":"https:\/\/oscarhumbertogomez.com\/index.php?rest_route=\/wp\/v2\/posts\/29379","targetHints":{"allow":["GET"]}}],"collection":[{"href":"https:\/\/oscarhumbertogomez.com\/index.php?rest_route=\/wp\/v2\/posts"}],"about":[{"href":"https:\/\/oscarhumbertogomez.com\/index.php?rest_route=\/wp\/v2\/types\/post"}],"author":[{"embeddable":true,"href":"https:\/\/oscarhumbertogomez.com\/index.php?rest_route=\/wp\/v2\/users\/2"}],"replies":[{"embeddable":true,"href":"https:\/\/oscarhumbertogomez.com\/index.php?rest_route=%2Fwp%2Fv2%2Fcomments&post=29379"}],"version-history":[{"count":4,"href":"https:\/\/oscarhumbertogomez.com\/index.php?rest_route=\/wp\/v2\/posts\/29379\/revisions"}],"predecessor-version":[{"id":53559,"href":"https:\/\/oscarhumbertogomez.com\/index.php?rest_route=\/wp\/v2\/posts\/29379\/revisions\/53559"}],"wp:attachment":[{"href":"https:\/\/oscarhumbertogomez.com\/index.php?rest_route=%2Fwp%2Fv2%2Fmedia&parent=29379"}],"wp:term":[{"taxonomy":"category","embeddable":true,"href":"https:\/\/oscarhumbertogomez.com\/index.php?rest_route=%2Fwp%2Fv2%2Fcategories&post=29379"},{"taxonomy":"post_tag","embeddable":true,"href":"https:\/\/oscarhumbertogomez.com\/index.php?rest_route=%2Fwp%2Fv2%2Ftags&post=29379"}],"curies":[{"name":"wp","href":"https:\/\/api.w.org\/{rel}","templated":true}]}}