{"id":29517,"date":"2019-07-22T19:07:27","date_gmt":"2019-07-23T00:07:27","guid":{"rendered":"http:\/\/www.oscarhumbertogomez.com\/?p=29517"},"modified":"2025-04-04T16:10:14","modified_gmt":"2025-04-04T21:10:14","slug":"un-sofisma-seductor-por-oscar-humberto-gomez-gomez-miembro-correspondiente-de-la-academia-de-historia-de-santander","status":"publish","type":"post","link":"https:\/\/oscarhumbertogomez.com\/?p=29517","title":{"rendered":"UN SOFISMA SEDUCTOR. Por \u00d3scar Humberto G\u00f3mez G\u00f3mez, Miembro Correspondiente de la Academia de Historia de Santander"},"content":{"rendered":"<div id=\"attachment_22947\" style=\"width: 650px\" class=\"wp-caption aligncenter\"><img loading=\"lazy\" decoding=\"async\" aria-describedby=\"caption-attachment-22947\" class=\"size-large wp-image-22947\" src=\"https:\/\/oscarhumbertogomez.com\/wp-content\/uploads\/2017\/07\/20170401-170514-678x1024.jpg\" alt=\"\" width=\"640\" height=\"967\" srcset=\"https:\/\/oscarhumbertogomez.com\/wp-content\/uploads\/2017\/07\/20170401-170514-678x1024.jpg 678w, https:\/\/oscarhumbertogomez.com\/wp-content\/uploads\/2017\/07\/20170401-170514-199x300.jpg 199w, https:\/\/oscarhumbertogomez.com\/wp-content\/uploads\/2017\/07\/20170401-170514-768x1160.jpg 768w\" sizes=\"auto, (max-width: 640px) 100vw, 640px\" \/><p id=\"caption-attachment-22947\" class=\"wp-caption-text\">\u00d3SCAR HUMBERTO G\u00d3MEZ G\u00d3MEZ [Fotograf\u00eda: Fernando Rueda Villamizar].<\/p><\/div>\n<p>&nbsp;<\/p>\n\n\n<p>Se equivocan, y en materia grave, quienes creen que la rememoraci\u00f3n de los hechos hist\u00f3ricos que rodearon nuestra Independencia Nacional y el nacimiento de la Naci\u00f3n colombiana es cosa est\u00e9ril e in\u00fatil frente a la creciente evidencia de la degradaci\u00f3n moral que nos agobia.<\/p>\n\n\n\n<p>&#8220;<em>Gracias a la Independencia Nacional, ahora tenemos nuestros propios ladrones<\/em>&#8220;, se le\u00eda, por ejemplo, en el bocadillo de una caricatura publicada en un peri\u00f3dico capitalino a prop\u00f3sito de la efem\u00e9rides.<\/p>\n\n\n\n<p>Otros dicen, y con raz\u00f3n, que lo \u00fanico que nos une a los colombianos es la selecci\u00f3n de f\u00fatbol y que siendo, como somos, un pueblo completamente desunido, carece de sentido alguno ponernos en la pendejada de conocer nuestra historia y de exaltar la memoria de nuestros pr\u00f3ceres.<\/p>\n\n\n\n<p>Otros comentan, con amargura, que siempre llegan a los cargos p\u00fablicos los mismos y a hacer las mismas cosas, por lo cual ya no vale la pena creer en nadie, y que ante semejante panorama tan lamentable ponernos a hablar de Sim\u00f3n Bol\u00edvar, o de Francisco de Paula Santander, o de Antonio Nari\u00f1o, es hasta il\u00f3gico.<\/p>\n\n\n\n<p>Se ponen de presente tambi\u00e9n otras lacras que nos deprimen como el desempleo profesional \u2014y, en general, el desempleo\u2014, la crisis en la salud, la crisis en la justicia, la crisis en el sistema carcelario, la crisis en la contrataci\u00f3n administrativa, la crisis en las obras p\u00fablicas, en fin, la crisis en todo, y se pregunta de qu\u00e9 sirve ponernos a recordar pr\u00f3ceres cuando no hay pan en la mesa y s\u00ed corruptos por doquier saqueando el erario y disfrutando a sus anchas de nuestros impuestos. <\/p>\n\n\n\n<p>Se enfatiza en el abandono al que cay\u00f3 la m\u00fasica andina colombiana, otrora representativa del pa\u00eds y pr\u00e1cticamente expulsada hoy de la red radiof\u00f3nica nacional mientras que se les da ampl\u00edsima cabida a las peores expresiones musicales de que se tenga noticia en el devenir hist\u00f3rico de la m\u00fasica en el mundo. Se alega, entonces, que si ya el bambuco desapareci\u00f3 de los medios, y si el que domina por todas partes es el regueat\u00f3n, \u00bfqu\u00e9 sentido tiene tanta remembranza de cosas que sucedieron ya hace mucho tiempo, si eso en nada va a cambiar la situaci\u00f3n por la que atravesamos, en la que ya lo nuestro no le importa a nadie?<\/p>\n\n\n\n<p>Se habla, incluso, de que la bandera nacional, y el escudo nacional, y el himno nacional, ya no representan nada para nadie; que todo el mundo agita la bandera y a\u00falla el himno por ah\u00ed en los partidos de f\u00fatbol, despu\u00e9s de los cuales sale a matarse con su vecino por un resultado adverso.<\/p>\n\n\n\n<p>Todo ese panorama sombr\u00edo es cierto. Empero, lo que resulta err\u00f3neo es concluir, a partir de \u00e9l, que celebrar el Bicentenario de la Independencia Nacional y el nacimiento de esta Naci\u00f3n no sirve para nada y que solo se les ocurre semejante majader\u00eda a historiadores sin oficio. (Que, dicho sea de paso, es como decir a <em>todos<\/em> los historiadores, porque la gente cree que los historiadores no son sino unos ancianos que se re\u00fanen en una casa vieja a no hacer nada porque en sus casas no tienen nada que hacer).<\/p>\n\n\n\n<p>\u00a1Qu\u00e9 error tan garrafal el que se est\u00e1 cometiendo!<\/p>\n\n\n\n<p>Al contrario: rememorar todos los sacrificios que cost\u00f3 posibilitar que esta Naci\u00f3n naciera, rememorar toda la sangre humilde que cost\u00f3 el que esto que llamamos Colombia existiera, rememorar las esperanzas, los sue\u00f1os y las ilusiones que en el don inapreciable de la libertad pusieron nuestros antepasados, es algo que habr\u00e1 de terminar creando una nueva conciencia nacional: la conciencia de que solamente podr\u00e1n en el futuro llegar a tomar las riendas del Estado y de esta sociedad nuestros mejores hombres y nuestras mejores mujeres; la conciencia de que alg\u00fan d\u00eda ning\u00fan colombiano habr\u00e1 de levantar la mano, ni mucho menos un arma, contra otro colombiano; la conciencia de que alg\u00fan d\u00eda se erradicar\u00e1 el miedo que hoy todo el mundo experimenta por atreverse a decir lo que piensa, a escribir lo que piensa y a reclamar sus derechos; la conciencia de que alg\u00fan d\u00eda quienes estudiaron no volver\u00e1n a tener que humill\u00e1rseles a personajes opacos que, con el poder en sus manos, deciden su acceso a un trabajo digno o su hundimiento en las honduras del desempleo; en fin, la conciencia de que alg\u00fan d\u00eda, por fin, lograremos llegar a ser libres. Libres, incluso, del libertinaje, vicio que \u2014dicho sea de paso\u2014 est\u00e1 tambi\u00e9n contribuyendo a matar lo que hemos conquistado de libertad. <\/p>\n\n\n\n<p>Conocer la historia, sentirla, vivirla, y ser conscientes de qui\u00e9nes somos, de a qu\u00e9 pa\u00eds pertenecemos y de cu\u00e1nto cost\u00f3 construir este pa\u00eds \u2014el \u00fanico pa\u00eds que es nuestro, porque en cualquier otro seremos siempre extranjeros\u2014 no es algo inservible, entonces, como han terminado por hac\u00e9rnoslo creer.<\/p>\n\n\n\n<p>Y es que el patriotismo no culmina en izar la bandera, ni en cantar el himno nacional. Falta lo dem\u00e1s. Y lo dem\u00e1s es, por ejemplo, aprender a respetar al otro colombiano, es escucharlo con la consideraci\u00f3n que se merece por ser alguien de nuestro mismo pa\u00eds, es procurar contribuir a que nuestros problemas se solucionen en vez de contribuir a que se perpet\u00faen o se agraven, es no sembrar nuevos odios entre nuestros compatriotas para dividirnos cada vez m\u00e1s, es no apoyar al deshonesto, al p\u00edcaro, al sinverg\u00fcenza, y entender que solamente nos deben representar quienes demuestren ser dignos sucesores de nuestros libertadores \u2014de los famosos y de los an\u00f3nimos\u2014, de los que aparecen profusamente en los textos de Historia y de los que jam\u00e1s menciona nadie.<\/p>\n\n\n\n<p>Han pasado doscientos a\u00f1os desde 1819. Sumir en el olvido a nuestros patriotas con el pretexto de que recordarlos no sirve para nada es caer en una trampa, sagazmente instalada, que conducir\u00e1 \u2014si no rectificamos ese rumbo\u2014 a que perdamos por completo nuestra identidad y nuestro sentido de pertenencia por habernos dejado dominar del desaliento que genera el desencanto.<\/p>\n\n\n<p>&nbsp;<\/p>","protected":false},"excerpt":{"rendered":"<p>&nbsp; Se equivocan, y en materia grave, quienes creen que la rememoraci\u00f3n de los hechos hist\u00f3ricos que rodearon nuestra Independencia Nacional y el nacimiento de la Naci\u00f3n colombiana es cosa est\u00e9ril e in\u00fatil frente a la creciente evidencia de la &hellip; <a href=\"https:\/\/oscarhumbertogomez.com\/?p=29517\">Sigue leyendo <span class=\"meta-nav\">&rarr;<\/span><\/a><\/p>\n<div class='heateorSssClear'><\/div><div  class='heateor_sss_sharing_container heateor_sss_horizontal_sharing' heateor-sss-data-href='https:\/\/oscarhumbertogomez.com\/?p=29517'><div class='heateor_sss_sharing_title' style=\"font-weight:bold\" >\u00a1Gracias por compartirla!<\/div><ul class=\"heateor_sss_sharing_ul\"><li class=\"heateorSssSharingRound\"><i style=\"width:35px;height:35px;border-radius:999px;\" alt=\"Facebook\" Title=\"Facebook\" class=\"heateorSssSharing heateorSssFacebookBackground\" onclick='heateorSssPopup(\"https:\/\/www.facebook.com\/sharer\/sharer.php?u=https%3A%2F%2Foscarhumbertogomez.com%2Findex.php%3Frest_route%3D%252Fwp%252Fv2%252Fposts%252F29517\")'><ss style=\"display:block;border-radius:999px;\" class=\"heateorSssSharingSvg heateorSssFacebookSvg\"><\/ss><\/i><\/li><li class=\"heateorSssSharingRound\"><i style=\"width:35px;height:35px;border-radius:999px;\" alt=\"Twitter\" Title=\"Twitter\" class=\"heateorSssSharing heateorSssTwitterBackground\" onclick='heateorSssPopup(\"http:\/\/twitter.com\/intent\/tweet?text=UN%20SOFISMA%20SEDUCTOR.%20Por%20%C3%93scar%20Humberto%20G%C3%B3mez%20G%C3%B3mez%2C%20Miembro%20Correspondiente%20de%20la%20Academia%20de%20Historia%20de%20Santander&url=https%3A%2F%2Foscarhumbertogomez.com%2Findex.php%3Frest_route%3D%252Fwp%252Fv2%252Fposts%252F29517\")'><ss style=\"display:block;border-radius:999px;\" class=\"heateorSssSharingSvg heateorSssTwitterSvg\"><\/ss><\/i><\/li><li class=\"heateorSssSharingRound\"><i style=\"width:35px;height:35px;border-radius:999px;\" alt=\"Whatsapp\" Title=\"Whatsapp\" class=\"heateorSssSharing heateorSssWhatsappBackground\" onclick='heateorSssPopup(\"https:\/\/web.whatsapp.com\/send?text=UN%20SOFISMA%20SEDUCTOR.%20Por%20%C3%93scar%20Humberto%20G%C3%B3mez%20G%C3%B3mez%2C%20Miembro%20Correspondiente%20de%20la%20Academia%20de%20Historia%20de%20Santander https%3A%2F%2Foscarhumbertogomez.com%2Findex.php%3Frest_route%3D%252Fwp%252Fv2%252Fposts%252F29517\")'><ss style=\"display:block\" class=\"heateorSssSharingSvg heateorSssWhatsappSvg\"><\/ss><\/i><\/li><li class=\"heateorSssSharingRound\"><i style=\"width:35px;height:35px;border-radius:999px;\" alt=\"Pinterest\" Title=\"Pinterest\" class=\"heateorSssSharing heateorSssPinterestBackground\" onclick=\"javascript:void( (function() {var e=document.createElement('script' );e.setAttribute('type','text\/javascript' );e.setAttribute('charset','UTF-8' );e.setAttribute('src','\/\/assets.pinterest.com\/js\/pinmarklet.js?r='+Math.random()*99999999);document.body.appendChild(e)})());\"><ss style=\"display:block;border-radius:999px;\" class=\"heateorSssSharingSvg heateorSssPinterestSvg\"><\/ss><\/i><\/li><li class=\"heateorSssSharingRound\"><i style=\"width:35px;height:35px;border-radius:999px;\" alt=\"Google Gmail\" Title=\"Google Gmail\" class=\"heateorSssSharing heateorSssGoogleGmailBackground\" onclick='heateorSssPopup(\"https:\/\/mail.google.com\/mail\/?ui=2&view=cm&fs=1&tf=1&su=UN%20SOFISMA%20SEDUCTOR.%20Por%20%C3%93scar%20Humberto%20G%C3%B3mez%20G%C3%B3mez%2C%20Miembro%20Correspondiente%20de%20la%20Academia%20de%20Historia%20de%20Santander&body=Link:https%3A%2F%2Foscarhumbertogomez.com%2Findex.php%3Frest_route%3D%252Fwp%252Fv2%252Fposts%252F29517\")'><ss style=\"display:block;border-radius:999px;\" class=\"heateorSssSharingSvg heateorSssGoogleGmailSvg\"><\/ss><\/i><\/li><li class=\"heateorSssSharingRound\"><i style=\"width:35px;height:35px;border-radius:999px;\" title=\"More\" alt=\"More\" class=\"heateorSssSharing heateorSssMoreBackground\" onclick=\"heateorSssMoreSharingPopup(this, 'https:\/\/oscarhumbertogomez.com\/index.php?rest_route=%2Fwp%2Fv2%2Fposts%2F29517', 'UN%20SOFISMA%20SEDUCTOR.%20Por%20%C3%93scar%20Humberto%20G%C3%B3mez%20G%C3%B3mez%2C%20Miembro%20Correspondiente%20de%20la%20Academia%20de%20Historia%20de%20Santander', '' )\" ><ss style=\"display:block\" class=\"heateorSssSharingSvg heateorSssMoreSvg\"><\/ss><\/i><\/li><\/ul><div class=\"heateorSssClear\"><\/div><\/div><div class='heateorSssClear'><\/div>","protected":false},"author":2,"featured_media":0,"comment_status":"closed","ping_status":"closed","sticky":false,"template":"","format":"standard","meta":{"spay_email":"","footnotes":""},"categories":[1],"tags":[],"class_list":["post-29517","post","type-post","status-publish","format-standard","hentry","category-blog"],"jetpack_featured_media_url":"","jetpack_shortlink":"https:\/\/wp.me\/p1FYrr-7G5","_links":{"self":[{"href":"https:\/\/oscarhumbertogomez.com\/index.php?rest_route=\/wp\/v2\/posts\/29517","targetHints":{"allow":["GET"]}}],"collection":[{"href":"https:\/\/oscarhumbertogomez.com\/index.php?rest_route=\/wp\/v2\/posts"}],"about":[{"href":"https:\/\/oscarhumbertogomez.com\/index.php?rest_route=\/wp\/v2\/types\/post"}],"author":[{"embeddable":true,"href":"https:\/\/oscarhumbertogomez.com\/index.php?rest_route=\/wp\/v2\/users\/2"}],"replies":[{"embeddable":true,"href":"https:\/\/oscarhumbertogomez.com\/index.php?rest_route=%2Fwp%2Fv2%2Fcomments&post=29517"}],"version-history":[{"count":4,"href":"https:\/\/oscarhumbertogomez.com\/index.php?rest_route=\/wp\/v2\/posts\/29517\/revisions"}],"predecessor-version":[{"id":53560,"href":"https:\/\/oscarhumbertogomez.com\/index.php?rest_route=\/wp\/v2\/posts\/29517\/revisions\/53560"}],"wp:attachment":[{"href":"https:\/\/oscarhumbertogomez.com\/index.php?rest_route=%2Fwp%2Fv2%2Fmedia&parent=29517"}],"wp:term":[{"taxonomy":"category","embeddable":true,"href":"https:\/\/oscarhumbertogomez.com\/index.php?rest_route=%2Fwp%2Fv2%2Fcategories&post=29517"},{"taxonomy":"post_tag","embeddable":true,"href":"https:\/\/oscarhumbertogomez.com\/index.php?rest_route=%2Fwp%2Fv2%2Ftags&post=29517"}],"curies":[{"name":"wp","href":"https:\/\/api.w.org\/{rel}","templated":true}]}}