{"id":29742,"date":"2019-07-30T22:00:05","date_gmt":"2019-07-31T03:00:05","guid":{"rendered":"http:\/\/www.oscarhumbertogomez.com\/?p=29742"},"modified":"2019-08-04T23:04:42","modified_gmt":"2019-08-05T04:04:42","slug":"oscar-humberto-gomez-gomez-nuevo-miembro-de-numero-de-la-academia-de-historia-de-santander-ocupara-el-sillon-rr-que-honro-monsenor-jose-antonio-arenas-prada","status":"publish","type":"post","link":"https:\/\/oscarhumbertogomez.com\/?p=29742","title":{"rendered":"\u00d3SCAR HUMBERTO G\u00d3MEZ G\u00d3MEZ, NUEVO MIEMBRO DE N\u00daMERO DE LA ACADEMIA DE HISTORIA DE SANTANDER. Ocupar\u00e1 el sill\u00f3n I, que honr\u00f3 el Doctor Roberto Serpa Fl\u00f3rez. Inicialmente, se hab\u00eda dicho que reemplazar\u00eda a Monse\u00f1or Jos\u00e9 Antonio Arenas Prada en el sill\u00f3n RR."},"content":{"rendered":"<p><img loading=\"lazy\" decoding=\"async\" class=\"size-large wp-image-22947\" src=\"https:\/\/lapiedrafilosofal.com\/wp-content\/uploads\/2017\/07\/20170401-170514-678x1024.jpg\" alt=\"\" width=\"640\" height=\"967\" srcset=\"https:\/\/oscarhumbertogomez.com\/wp-content\/uploads\/2017\/07\/20170401-170514-678x1024.jpg 678w, https:\/\/oscarhumbertogomez.com\/wp-content\/uploads\/2017\/07\/20170401-170514-199x300.jpg 199w, https:\/\/oscarhumbertogomez.com\/wp-content\/uploads\/2017\/07\/20170401-170514-768x1160.jpg 768w\" sizes=\"auto, (max-width: 640px) 100vw, 640px\" \/><\/p>\n<p>\u00d3SCAR HUMBERTO G\u00d3MEZ G\u00d3MEZ [Fotograf\u00eda: Fernando Rueda Villamizar].<\/p>\n<p>&nbsp;<\/p>\n<p>La Academia de Historia de Santander, filial de la Academia Colombiana de Historia, que preside el ingeniero e historiador giron\u00e9s Miguel Jos\u00e9 Pinilla Guti\u00e9rrez, ex Rector de la Universidad Industrial de Santander (UIS), aprob\u00f3, por unanimidad, el ascenso del director de este portal, \u00d3scar Humberto G\u00f3mez G\u00f3mez, actual Miembro Correspondiente de la Instituci\u00f3n, a la categor\u00eda superior de Miembro de N\u00famero.<\/p>\n<p>&nbsp;<\/p>\n<p>&#8220;Su calidad humana, profesional e intelectual fueron las consideraciones de su merecido ascenso&#8221;, dice en uno de sus apartes la comunicaci\u00f3n por medio de la cual se le informa al ascendido la decisi\u00f3n adoptada.<\/p>\n<p>&nbsp;<\/p>\n<p>El nuevo Miembro de N\u00famero ocupar\u00e1 el sill\u00f3n I, que honr\u00f3 el ilustre m\u00e9dico y tratadista Dr. Roberto Serpa Fl\u00f3rez, decano de la Facultad de Medicina de la Universidad Industrial de Santander. Inicialmente, la Academia hab\u00eda comunicado que le hab\u00eda sido asignado el sill\u00f3n RR en reemplazo de Monse\u00f1or Jos\u00e9 Antonio Arenas Prada.<\/p>\n<p>&nbsp;<\/p>\n<p>&nbsp;<\/p>\n<p><strong>SESI\u00d3N SOLEMNE SER\u00c1 EL JUEVES 22 DE AGOSTO<\/strong><\/p>\n<p>&nbsp;<\/p>\n<p>La ceremonia de ascenso se llevar\u00e1 a cabo el pr\u00f3ximo jueves 22 de agosto de 2019 en el Sal\u00f3n Principal de la Casa de Bol\u00edvar, sede de la Presidencia de la Rep\u00fablica de la Gran Colombia en 1828 y actualmente sede de la Academia de Historia de Santander.<\/p>\n<p>&nbsp;<\/p>\n<p>El acto se iniciar\u00e1 a las 6:30 de la tarde.<\/p>\n<p>&nbsp;<\/p>\n<p><img loading=\"lazy\" decoding=\"async\" class=\"aligncenter size-full wp-image-19573\" src=\"https:\/\/lapiedrafilosofal.com\/wp-content\/uploads\/2016\/05\/CasaBolivar13.jpg\" alt=\"\" width=\"800\" height=\"532\" srcset=\"https:\/\/oscarhumbertogomez.com\/wp-content\/uploads\/2016\/05\/CasaBolivar13.jpg 800w, https:\/\/oscarhumbertogomez.com\/wp-content\/uploads\/2016\/05\/CasaBolivar13-300x200.jpg 300w, https:\/\/oscarhumbertogomez.com\/wp-content\/uploads\/2016\/05\/CasaBolivar13-768x511.jpg 768w\" sizes=\"auto, (max-width: 800px) 100vw, 800px\" \/><\/p>\n<p>&nbsp;<\/p>\n<p><img loading=\"lazy\" decoding=\"async\" class=\"aligncenter size-large wp-image-29216\" src=\"https:\/\/lapiedrafilosofal.com\/wp-content\/uploads\/2019\/07\/CASA-DE-BOLIVAR-SALON-PRINCIPAL-1024x713.jpg\" alt=\"\" width=\"640\" height=\"446\" srcset=\"https:\/\/oscarhumbertogomez.com\/wp-content\/uploads\/2019\/07\/CASA-DE-BOLIVAR-SALON-PRINCIPAL-1024x713.jpg 1024w, https:\/\/oscarhumbertogomez.com\/wp-content\/uploads\/2019\/07\/CASA-DE-BOLIVAR-SALON-PRINCIPAL-300x209.jpg 300w, https:\/\/oscarhumbertogomez.com\/wp-content\/uploads\/2019\/07\/CASA-DE-BOLIVAR-SALON-PRINCIPAL-768x535.jpg 768w, https:\/\/oscarhumbertogomez.com\/wp-content\/uploads\/2019\/07\/CASA-DE-BOLIVAR-SALON-PRINCIPAL.jpg 2000w\" sizes=\"auto, (max-width: 640px) 100vw, 640px\" \/><\/p>\n<p>&nbsp;<\/p>\n<p><strong>REGISTRO FOTOGR\u00c1FICO<\/strong><\/p>\n<p>&nbsp;<\/p>\n<p>El registro fotogr\u00e1fico del evento estar\u00e1 a cargo del fot\u00f3grafo santandereano Fernando Rueda Villamizar.<\/p>\n<p>&nbsp;<\/p>\n<p>Rueda Villamizar fue quien capt\u00f3 con su c\u00e1mara las im\u00e1genes de la Bucaramanga de los albores del siglo XXI que ilustrar\u00e1n la segunda edici\u00f3n del libro &#8220;Historia de Bucaramanga&#8221;, con el cual el ahora Miembro de N\u00famero ingres\u00f3 a la Academia de Historia de Santander como Miembro Correspondiente.<\/p>\n<p>&nbsp;<\/p>\n<div id=\"attachment_1462\" style=\"width: 650px\" class=\"wp-caption aligncenter\"><img loading=\"lazy\" decoding=\"async\" aria-describedby=\"caption-attachment-1462\" class=\"size-large wp-image-1462\" src=\"https:\/\/lapiedrafilosofal.com\/wp-content\/uploads\/2011\/09\/CAR\u00c1TULA-DE-HISTORIA-DE-BUCARAMANGA.-ACADEMIA-DE-HISTORIA-DE-SANTANDER.-CASA-DE-BOL\u00cdVAR.-BIBLIOTECA.-844x1024.jpg\" alt=\"CAR\u00c1TULA DE &quot;HISTORIA DE BUCARAMANGA&quot;. ACADEMIA DE HISTORIA DE SANTANDER. CASA DE BOL\u00cdVAR. BIBLIOTECA.\" width=\"640\" height=\"776\" srcset=\"https:\/\/oscarhumbertogomez.com\/wp-content\/uploads\/2011\/09\/CAR\u00c1TULA-DE-HISTORIA-DE-BUCARAMANGA.-ACADEMIA-DE-HISTORIA-DE-SANTANDER.-CASA-DE-BOL\u00cdVAR.-BIBLIOTECA.-844x1024.jpg 844w, https:\/\/oscarhumbertogomez.com\/wp-content\/uploads\/2011\/09\/CAR\u00c1TULA-DE-HISTORIA-DE-BUCARAMANGA.-ACADEMIA-DE-HISTORIA-DE-SANTANDER.-CASA-DE-BOL\u00cdVAR.-BIBLIOTECA.-247x300.jpg 247w, https:\/\/oscarhumbertogomez.com\/wp-content\/uploads\/2011\/09\/CAR\u00c1TULA-DE-HISTORIA-DE-BUCARAMANGA.-ACADEMIA-DE-HISTORIA-DE-SANTANDER.-CASA-DE-BOL\u00cdVAR.-BIBLIOTECA..jpg 1095w\" sizes=\"auto, (max-width: 640px) 100vw, 640px\" \/><p id=\"caption-attachment-1462\" class=\"wp-caption-text\">CAR\u00c1TULA DE &#8220;HISTORIA DE BUCARAMANGA&#8221;. ACADEMIA DE HISTORIA DE SANTANDER. CASA DE BOL\u00cdVAR. BIBLIOTECA.<\/p><\/div>\n<p>&nbsp;<\/p>\n","protected":false},"excerpt":{"rendered":"<p>\u00d3SCAR HUMBERTO G\u00d3MEZ G\u00d3MEZ [Fotograf\u00eda: Fernando Rueda Villamizar]. &nbsp; La Academia de Historia de Santander, filial de la Academia Colombiana de Historia, que preside el ingeniero e historiador giron\u00e9s Miguel Jos\u00e9 Pinilla Guti\u00e9rrez, ex Rector de la Universidad Industrial de &hellip; <a href=\"https:\/\/oscarhumbertogomez.com\/?p=29742\">Sigue leyendo <span class=\"meta-nav\">&rarr;<\/span><\/a><\/p>\n<div class='heateorSssClear'><\/div><div  class='heateor_sss_sharing_container heateor_sss_horizontal_sharing' heateor-sss-data-href='https:\/\/oscarhumbertogomez.com\/?p=29742'><div class='heateor_sss_sharing_title' style=\"font-weight:bold\" >\u00a1Gracias por compartirla!<\/div><ul class=\"heateor_sss_sharing_ul\"><li class=\"heateorSssSharingRound\"><i style=\"width:35px;height:35px;border-radius:999px;\" alt=\"Facebook\" Title=\"Facebook\" class=\"heateorSssSharing heateorSssFacebookBackground\" onclick='heateorSssPopup(\"https:\/\/www.facebook.com\/sharer\/sharer.php?u=https%3A%2F%2Foscarhumbertogomez.com%2Findex.php%3Frest_route%3D%252Fwp%252Fv2%252Fposts%252F29742\")'><ss style=\"display:block;border-radius:999px;\" class=\"heateorSssSharingSvg heateorSssFacebookSvg\"><\/ss><\/i><\/li><li class=\"heateorSssSharingRound\"><i style=\"width:35px;height:35px;border-radius:999px;\" alt=\"Twitter\" Title=\"Twitter\" class=\"heateorSssSharing heateorSssTwitterBackground\" onclick='heateorSssPopup(\"http:\/\/twitter.com\/intent\/tweet?text=%C3%93SCAR%20HUMBERTO%20G%C3%93MEZ%20G%C3%93MEZ%2C%20NUEVO%20MIEMBRO%20DE%20N%C3%9AMERO%20DE%20LA%20ACADEMIA%20DE%20HISTORIA%20DE%20SANTANDER.%20Ocupar%C3%A1%20el%20sill%C3%B3n%20I%2C%20que%20honr%C3%B3%20el%20Doctor%20Roberto%20Serpa%20Fl%C3%B3rez.%20Inicialmente%2C%20se%20hab%C3%ADa%20dicho%20que%20reemplazar%C3%ADa%20a%20Monse%C3%B1or%20Jos%C3%A9%20Antonio%20Arenas%20Prada%20en%20el%20sill%C3%B3n%20RR.&url=https%3A%2F%2Foscarhumbertogomez.com%2Findex.php%3Frest_route%3D%252Fwp%252Fv2%252Fposts%252F29742\")'><ss style=\"display:block;border-radius:999px;\" class=\"heateorSssSharingSvg heateorSssTwitterSvg\"><\/ss><\/i><\/li><li class=\"heateorSssSharingRound\"><i style=\"width:35px;height:35px;border-radius:999px;\" alt=\"Whatsapp\" Title=\"Whatsapp\" class=\"heateorSssSharing heateorSssWhatsappBackground\" onclick='heateorSssPopup(\"https:\/\/web.whatsapp.com\/send?text=%C3%93SCAR%20HUMBERTO%20G%C3%93MEZ%20G%C3%93MEZ%2C%20NUEVO%20MIEMBRO%20DE%20N%C3%9AMERO%20DE%20LA%20ACADEMIA%20DE%20HISTORIA%20DE%20SANTANDER.%20Ocupar%C3%A1%20el%20sill%C3%B3n%20I%2C%20que%20honr%C3%B3%20el%20Doctor%20Roberto%20Serpa%20Fl%C3%B3rez.%20Inicialmente%2C%20se%20hab%C3%ADa%20dicho%20que%20reemplazar%C3%ADa%20a%20Monse%C3%B1or%20Jos%C3%A9%20Antonio%20Arenas%20Prada%20en%20el%20sill%C3%B3n%20RR. https%3A%2F%2Foscarhumbertogomez.com%2Findex.php%3Frest_route%3D%252Fwp%252Fv2%252Fposts%252F29742\")'><ss style=\"display:block\" class=\"heateorSssSharingSvg heateorSssWhatsappSvg\"><\/ss><\/i><\/li><li class=\"heateorSssSharingRound\"><i style=\"width:35px;height:35px;border-radius:999px;\" alt=\"Pinterest\" Title=\"Pinterest\" class=\"heateorSssSharing heateorSssPinterestBackground\" onclick=\"javascript:void( (function() {var e=document.createElement('script' );e.setAttribute('type','text\/javascript' );e.setAttribute('charset','UTF-8' );e.setAttribute('src','\/\/assets.pinterest.com\/js\/pinmarklet.js?r='+Math.random()*99999999);document.body.appendChild(e)})());\"><ss style=\"display:block;border-radius:999px;\" class=\"heateorSssSharingSvg heateorSssPinterestSvg\"><\/ss><\/i><\/li><li class=\"heateorSssSharingRound\"><i style=\"width:35px;height:35px;border-radius:999px;\" alt=\"Google Gmail\" Title=\"Google Gmail\" class=\"heateorSssSharing heateorSssGoogleGmailBackground\" onclick='heateorSssPopup(\"https:\/\/mail.google.com\/mail\/?ui=2&view=cm&fs=1&tf=1&su=%C3%93SCAR%20HUMBERTO%20G%C3%93MEZ%20G%C3%93MEZ%2C%20NUEVO%20MIEMBRO%20DE%20N%C3%9AMERO%20DE%20LA%20ACADEMIA%20DE%20HISTORIA%20DE%20SANTANDER.%20Ocupar%C3%A1%20el%20sill%C3%B3n%20I%2C%20que%20honr%C3%B3%20el%20Doctor%20Roberto%20Serpa%20Fl%C3%B3rez.%20Inicialmente%2C%20se%20hab%C3%ADa%20dicho%20que%20reemplazar%C3%ADa%20a%20Monse%C3%B1or%20Jos%C3%A9%20Antonio%20Arenas%20Prada%20en%20el%20sill%C3%B3n%20RR.&body=Link:https%3A%2F%2Foscarhumbertogomez.com%2Findex.php%3Frest_route%3D%252Fwp%252Fv2%252Fposts%252F29742\")'><ss style=\"display:block;border-radius:999px;\" class=\"heateorSssSharingSvg heateorSssGoogleGmailSvg\"><\/ss><\/i><\/li><li class=\"heateorSssSharingRound\"><i style=\"width:35px;height:35px;border-radius:999px;\" title=\"More\" alt=\"More\" class=\"heateorSssSharing heateorSssMoreBackground\" onclick=\"heateorSssMoreSharingPopup(this, 'https:\/\/oscarhumbertogomez.com\/index.php?rest_route=%2Fwp%2Fv2%2Fposts%2F29742', '%C3%93SCAR%20HUMBERTO%20G%C3%93MEZ%20G%C3%93MEZ%2C%20NUEVO%20MIEMBRO%20DE%20N%C3%9AMERO%20DE%20LA%20ACADEMIA%20DE%20HISTORIA%20DE%20SANTANDER.%20Ocupar%C3%A1%20el%20sill%C3%B3n%20I%2C%20que%20honr%C3%B3%20el%20Doctor%20Roberto%20Serpa%20Fl%C3%B3rez.%20Inicialmente%2C%20se%20hab%C3%ADa%20dicho%20que%20reemplazar%C3%ADa%20a%20Monse%C3%B1or%20Jos%C3%A9%20Antonio%20Arenas%20Prada%20en%20el%20sill%C3%B3n%20RR.', '' )\" ><ss style=\"display:block\" class=\"heateorSssSharingSvg heateorSssMoreSvg\"><\/ss><\/i><\/li><\/ul><div class=\"heateorSssClear\"><\/div><\/div><div class='heateorSssClear'><\/div>","protected":false},"author":2,"featured_media":0,"comment_status":"open","ping_status":"open","sticky":false,"template":"","format":"standard","meta":{"spay_email":"","footnotes":""},"categories":[],"tags":[],"class_list":["post-29742","post","type-post","status-publish","format-standard","hentry"],"jetpack_featured_media_url":"","jetpack_shortlink":"https:\/\/wp.me\/p1FYrr-7JI","_links":{"self":[{"href":"https:\/\/oscarhumbertogomez.com\/index.php?rest_route=\/wp\/v2\/posts\/29742","targetHints":{"allow":["GET"]}}],"collection":[{"href":"https:\/\/oscarhumbertogomez.com\/index.php?rest_route=\/wp\/v2\/posts"}],"about":[{"href":"https:\/\/oscarhumbertogomez.com\/index.php?rest_route=\/wp\/v2\/types\/post"}],"author":[{"embeddable":true,"href":"https:\/\/oscarhumbertogomez.com\/index.php?rest_route=\/wp\/v2\/users\/2"}],"replies":[{"embeddable":true,"href":"https:\/\/oscarhumbertogomez.com\/index.php?rest_route=%2Fwp%2Fv2%2Fcomments&post=29742"}],"version-history":[{"count":5,"href":"https:\/\/oscarhumbertogomez.com\/index.php?rest_route=\/wp\/v2\/posts\/29742\/revisions"}],"predecessor-version":[{"id":29898,"href":"https:\/\/oscarhumbertogomez.com\/index.php?rest_route=\/wp\/v2\/posts\/29742\/revisions\/29898"}],"wp:attachment":[{"href":"https:\/\/oscarhumbertogomez.com\/index.php?rest_route=%2Fwp%2Fv2%2Fmedia&parent=29742"}],"wp:term":[{"taxonomy":"category","embeddable":true,"href":"https:\/\/oscarhumbertogomez.com\/index.php?rest_route=%2Fwp%2Fv2%2Fcategories&post=29742"},{"taxonomy":"post_tag","embeddable":true,"href":"https:\/\/oscarhumbertogomez.com\/index.php?rest_route=%2Fwp%2Fv2%2Ftags&post=29742"}],"curies":[{"name":"wp","href":"https:\/\/api.w.org\/{rel}","templated":true}]}}