{"id":29810,"date":"2019-08-01T13:18:33","date_gmt":"2019-08-01T18:18:33","guid":{"rendered":"http:\/\/www.oscarhumbertogomez.com\/?p=29810"},"modified":"2025-03-08T22:04:41","modified_gmt":"2025-03-09T03:04:41","slug":"mary-rey-de-quintero-poetisa-santandereana-sera-recordada-hoy-en-la-academia-de-historia-de-santander","status":"publish","type":"post","link":"https:\/\/oscarhumbertogomez.com\/?p=29810","title":{"rendered":"MARY REY DE QUINTERO, POETISA SANTANDEREANA, SER\u00c1 RECORDADA HOY EN LA ACADEMIA DE HISTORIA DE SANTANDER. Por \u00d3scar Humberto G\u00f3mez G\u00f3mez"},"content":{"rendered":"<p><img loading=\"lazy\" decoding=\"async\" class=\"aligncenter size-full wp-image-29220\" src=\"https:\/\/lapiedrafilosofal.com\/wp-content\/uploads\/2019\/07\/casa.jpg\" alt=\"\" width=\"800\" height=\"532\" srcset=\"https:\/\/oscarhumbertogomez.com\/wp-content\/uploads\/2019\/07\/casa.jpg 800w, https:\/\/oscarhumbertogomez.com\/wp-content\/uploads\/2019\/07\/casa-300x200.jpg 300w, https:\/\/oscarhumbertogomez.com\/wp-content\/uploads\/2019\/07\/casa-768x511.jpg 768w\" sizes=\"auto, (max-width: 800px) 100vw, 800px\" \/><\/p>\n<p>&nbsp;<\/p>\n<p>Esta noche, en la Casa de Bol\u00edvar, a partir de las 6:30 de la tarde, y con la intervenci\u00f3n de do\u00f1a Rosa Victoria Mej\u00eda de G\u00f3mez, Miembro Correspondiente de la Academia de Historia de Santander, se dar\u00e1 inicio al acto cultural con el que se ha querido honrar la memoria de una de las pocas mujeres santandereanas que, en el seno de una sociedad profundamente machista y mojigata, se atrevi\u00f3 a escribir y a publicar poes\u00eda er\u00f3tica, la delicada poetisa santandereana Mary (o Mery, seg\u00fan algunos) Rey de Quintero.<\/p>\n<p>&nbsp;<\/p>\n<p><em>Santander en la Red<\/em> se une a esta recordaci\u00f3n y con tal fin trae hoy los enlaces de las dos entradas pertenecientes a la serie &#8220;POES\u00cdA SANTANDEREANA&#8221; que publicamos por hace varios a\u00f1os en este mismo portal y en las cuales insertamos versos de la poetisa a la que hoy se rememora en la Casa de Bol\u00edvar.<\/p>\n<p>&nbsp;<\/p>\n<blockquote class=\"wp-embedded-content\" data-secret=\"PXH9onIyGw\"><p><a href=\"https:\/\/oscarhumbertogomez.com\/?p=8777\">POES\u00cdA SANTANDEREANA (III). Por \u00d3scar Humberto G\u00f3mez G\u00f3mez<\/a><\/p><\/blockquote>\n<p><iframe loading=\"lazy\" class=\"wp-embedded-content\" sandbox=\"allow-scripts\" security=\"restricted\" style=\"position: absolute; visibility: hidden;\" title=\"\u00abPOES\u00cdA SANTANDEREANA (III). Por \u00d3scar Humberto G\u00f3mez G\u00f3mez\u00bb \u2014 \u00d3scar Humberto G\u00f3mez G\u00f3mez\" src=\"https:\/\/oscarhumbertogomez.com\/?p=8777&#038;embed=true#?secret=YllRDdMY3Q#?secret=PXH9onIyGw\" data-secret=\"PXH9onIyGw\" width=\"600\" height=\"338\" frameborder=\"0\" marginwidth=\"0\" marginheight=\"0\" scrolling=\"no\"><\/iframe><\/p>\n<p>&nbsp;<\/p>\n<blockquote class=\"wp-embedded-content\" data-secret=\"S11sii5X1c\"><p><a href=\"https:\/\/oscarhumbertogomez.com\/?p=10201\">POES\u00cdA SANTANDEREANA (VII). Por \u00d3scar Humberto G\u00f3mez G\u00f3mez<\/a><\/p><\/blockquote>\n<p><iframe loading=\"lazy\" class=\"wp-embedded-content\" sandbox=\"allow-scripts\" security=\"restricted\" style=\"position: absolute; visibility: hidden;\" title=\"\u00abPOES\u00cdA SANTANDEREANA (VII). Por \u00d3scar Humberto G\u00f3mez G\u00f3mez\u00bb \u2014 \u00d3scar Humberto G\u00f3mez G\u00f3mez\" src=\"https:\/\/oscarhumbertogomez.com\/?p=10201&#038;embed=true#?secret=uIEPldw5GH#?secret=S11sii5X1c\" data-secret=\"S11sii5X1c\" width=\"600\" height=\"338\" frameborder=\"0\" marginwidth=\"0\" marginheight=\"0\" scrolling=\"no\"><\/iframe><\/p>\n<p>&nbsp;<\/p>\n<p><img loading=\"lazy\" decoding=\"async\" class=\"aligncenter size-full wp-image-29220\" src=\"https:\/\/lapiedrafilosofal.com\/wp-content\/uploads\/2019\/07\/casa.jpg\" alt=\"\" width=\"800\" height=\"532\" srcset=\"https:\/\/oscarhumbertogomez.com\/wp-content\/uploads\/2019\/07\/casa.jpg 800w, https:\/\/oscarhumbertogomez.com\/wp-content\/uploads\/2019\/07\/casa-300x200.jpg 300w, https:\/\/oscarhumbertogomez.com\/wp-content\/uploads\/2019\/07\/casa-768x511.jpg 768w\" sizes=\"auto, (max-width: 800px) 100vw, 800px\" \/><\/p>\n<p>&nbsp;<\/p>\n<p>La Casa de Bol\u00edvar, sede de la Presidencia de la Rep\u00fablica de la Gran Colombia en el a\u00f1o 1828, desde donde despach\u00f3 los asuntos de Venezuela, Nueva Granada y Quito, hoy Venezuela, Colombia y Ecuador, el Libertador Sim\u00f3n Bol\u00edvar, y hoy sede de la Academia de Historia de Santander, que preside don Miguel Jos\u00e9 Pinilla Guti\u00e9rrez, se ha ido convirtiendo en un verdadero santuario de la cultura santandereana.<\/p>\n<p>&nbsp;<\/p>\n<p><img loading=\"lazy\" decoding=\"async\" class=\"aligncenter size-full wp-image-29220\" src=\"https:\/\/lapiedrafilosofal.com\/wp-content\/uploads\/2019\/07\/casa.jpg\" alt=\"\" width=\"800\" height=\"532\" srcset=\"https:\/\/oscarhumbertogomez.com\/wp-content\/uploads\/2019\/07\/casa.jpg 800w, https:\/\/oscarhumbertogomez.com\/wp-content\/uploads\/2019\/07\/casa-300x200.jpg 300w, https:\/\/oscarhumbertogomez.com\/wp-content\/uploads\/2019\/07\/casa-768x511.jpg 768w\" sizes=\"auto, (max-width: 800px) 100vw, 800px\" \/><\/p>\n<p>&nbsp;<\/p>\n<p>La reuni\u00f3n de esta noche ser\u00e1, como siempre, un pretexto para volver a darnos un abrazo de amistad y pasar un rato de esparcimiento alrededor de las letras.<\/p>\n<p>&nbsp;<\/p>\n<p><img loading=\"lazy\" decoding=\"async\" class=\"aligncenter size-full wp-image-29220\" src=\"https:\/\/lapiedrafilosofal.com\/wp-content\/uploads\/2019\/07\/casa.jpg\" alt=\"\" width=\"800\" height=\"532\" srcset=\"https:\/\/oscarhumbertogomez.com\/wp-content\/uploads\/2019\/07\/casa.jpg 800w, https:\/\/oscarhumbertogomez.com\/wp-content\/uploads\/2019\/07\/casa-300x200.jpg 300w, https:\/\/oscarhumbertogomez.com\/wp-content\/uploads\/2019\/07\/casa-768x511.jpg 768w\" sizes=\"auto, (max-width: 800px) 100vw, 800px\" \/><\/p>\n<p>&nbsp;<\/p>\n<p>Por supuesto, se espera contar con la presencia no solo de los se\u00f1ores acad\u00e9micos de esa augusta instituci\u00f3n, sino de todas las personas que, a pesar de las m\u00e1s inmensas dificultades, se niegan a dejarse envilecer el alma en la cotidiana rebusca del pan, \u00fanica meta a la que quieren reducirnos por la fuerza los que nunca entendieron que, como dice el Evangelio, no solo de pan vive el hombre.<\/p>\n<p>&nbsp;<\/p>\n","protected":false},"excerpt":{"rendered":"<p>&nbsp; Esta noche, en la Casa de Bol\u00edvar, a partir de las 6:30 de la tarde, y con la intervenci\u00f3n de do\u00f1a Rosa Victoria Mej\u00eda de G\u00f3mez, Miembro Correspondiente de la Academia de Historia de Santander, se dar\u00e1 inicio al &hellip; <a href=\"https:\/\/oscarhumbertogomez.com\/?p=29810\">Sigue leyendo <span class=\"meta-nav\">&rarr;<\/span><\/a><\/p>\n<div class='heateorSssClear'><\/div><div  class='heateor_sss_sharing_container heateor_sss_horizontal_sharing' heateor-sss-data-href='https:\/\/oscarhumbertogomez.com\/?p=29810'><div class='heateor_sss_sharing_title' style=\"font-weight:bold\" >\u00a1Gracias por compartirla!<\/div><ul class=\"heateor_sss_sharing_ul\"><li class=\"heateorSssSharingRound\"><i style=\"width:35px;height:35px;border-radius:999px;\" alt=\"Facebook\" Title=\"Facebook\" class=\"heateorSssSharing heateorSssFacebookBackground\" onclick='heateorSssPopup(\"https:\/\/www.facebook.com\/sharer\/sharer.php?u=https%3A%2F%2Foscarhumbertogomez.com%2Findex.php%3Frest_route%3D%252Fwp%252Fv2%252Fposts%252F29810\")'><ss style=\"display:block;border-radius:999px;\" class=\"heateorSssSharingSvg heateorSssFacebookSvg\"><\/ss><\/i><\/li><li class=\"heateorSssSharingRound\"><i style=\"width:35px;height:35px;border-radius:999px;\" alt=\"Twitter\" Title=\"Twitter\" class=\"heateorSssSharing heateorSssTwitterBackground\" onclick='heateorSssPopup(\"http:\/\/twitter.com\/intent\/tweet?text=MARY%20REY%20DE%20QUINTERO%2C%20POETISA%20SANTANDEREANA%2C%20SER%C3%81%20RECORDADA%20HOY%20EN%20LA%20ACADEMIA%20DE%20HISTORIA%20DE%20SANTANDER.%20Por%20%C3%93scar%20Humberto%20G%C3%B3mez%20G%C3%B3mez&url=https%3A%2F%2Foscarhumbertogomez.com%2Findex.php%3Frest_route%3D%252Fwp%252Fv2%252Fposts%252F29810\")'><ss style=\"display:block;border-radius:999px;\" class=\"heateorSssSharingSvg heateorSssTwitterSvg\"><\/ss><\/i><\/li><li class=\"heateorSssSharingRound\"><i style=\"width:35px;height:35px;border-radius:999px;\" alt=\"Whatsapp\" Title=\"Whatsapp\" class=\"heateorSssSharing heateorSssWhatsappBackground\" onclick='heateorSssPopup(\"https:\/\/web.whatsapp.com\/send?text=MARY%20REY%20DE%20QUINTERO%2C%20POETISA%20SANTANDEREANA%2C%20SER%C3%81%20RECORDADA%20HOY%20EN%20LA%20ACADEMIA%20DE%20HISTORIA%20DE%20SANTANDER.%20Por%20%C3%93scar%20Humberto%20G%C3%B3mez%20G%C3%B3mez https%3A%2F%2Foscarhumbertogomez.com%2Findex.php%3Frest_route%3D%252Fwp%252Fv2%252Fposts%252F29810\")'><ss style=\"display:block\" class=\"heateorSssSharingSvg heateorSssWhatsappSvg\"><\/ss><\/i><\/li><li class=\"heateorSssSharingRound\"><i style=\"width:35px;height:35px;border-radius:999px;\" alt=\"Pinterest\" Title=\"Pinterest\" class=\"heateorSssSharing heateorSssPinterestBackground\" onclick=\"javascript:void( (function() {var e=document.createElement('script' );e.setAttribute('type','text\/javascript' );e.setAttribute('charset','UTF-8' );e.setAttribute('src','\/\/assets.pinterest.com\/js\/pinmarklet.js?r='+Math.random()*99999999);document.body.appendChild(e)})());\"><ss style=\"display:block;border-radius:999px;\" class=\"heateorSssSharingSvg heateorSssPinterestSvg\"><\/ss><\/i><\/li><li class=\"heateorSssSharingRound\"><i style=\"width:35px;height:35px;border-radius:999px;\" alt=\"Google Gmail\" Title=\"Google Gmail\" class=\"heateorSssSharing heateorSssGoogleGmailBackground\" onclick='heateorSssPopup(\"https:\/\/mail.google.com\/mail\/?ui=2&view=cm&fs=1&tf=1&su=MARY%20REY%20DE%20QUINTERO%2C%20POETISA%20SANTANDEREANA%2C%20SER%C3%81%20RECORDADA%20HOY%20EN%20LA%20ACADEMIA%20DE%20HISTORIA%20DE%20SANTANDER.%20Por%20%C3%93scar%20Humberto%20G%C3%B3mez%20G%C3%B3mez&body=Link:https%3A%2F%2Foscarhumbertogomez.com%2Findex.php%3Frest_route%3D%252Fwp%252Fv2%252Fposts%252F29810\")'><ss style=\"display:block;border-radius:999px;\" class=\"heateorSssSharingSvg heateorSssGoogleGmailSvg\"><\/ss><\/i><\/li><li class=\"heateorSssSharingRound\"><i style=\"width:35px;height:35px;border-radius:999px;\" title=\"More\" alt=\"More\" class=\"heateorSssSharing heateorSssMoreBackground\" onclick=\"heateorSssMoreSharingPopup(this, 'https:\/\/oscarhumbertogomez.com\/index.php?rest_route=%2Fwp%2Fv2%2Fposts%2F29810', 'MARY%20REY%20DE%20QUINTERO%2C%20POETISA%20SANTANDEREANA%2C%20SER%C3%81%20RECORDADA%20HOY%20EN%20LA%20ACADEMIA%20DE%20HISTORIA%20DE%20SANTANDER.%20Por%20%C3%93scar%20Humberto%20G%C3%B3mez%20G%C3%B3mez', '' )\" ><ss style=\"display:block\" class=\"heateorSssSharingSvg heateorSssMoreSvg\"><\/ss><\/i><\/li><\/ul><div class=\"heateorSssClear\"><\/div><\/div><div class='heateorSssClear'><\/div>","protected":false},"author":2,"featured_media":0,"comment_status":"closed","ping_status":"closed","sticky":false,"template":"","format":"standard","meta":{"spay_email":"","footnotes":""},"categories":[7],"tags":[],"class_list":["post-29810","post","type-post","status-publish","format-standard","hentry","category-poesia"],"jetpack_featured_media_url":"","jetpack_shortlink":"https:\/\/wp.me\/p1FYrr-7KO","_links":{"self":[{"href":"https:\/\/oscarhumbertogomez.com\/index.php?rest_route=\/wp\/v2\/posts\/29810","targetHints":{"allow":["GET"]}}],"collection":[{"href":"https:\/\/oscarhumbertogomez.com\/index.php?rest_route=\/wp\/v2\/posts"}],"about":[{"href":"https:\/\/oscarhumbertogomez.com\/index.php?rest_route=\/wp\/v2\/types\/post"}],"author":[{"embeddable":true,"href":"https:\/\/oscarhumbertogomez.com\/index.php?rest_route=\/wp\/v2\/users\/2"}],"replies":[{"embeddable":true,"href":"https:\/\/oscarhumbertogomez.com\/index.php?rest_route=%2Fwp%2Fv2%2Fcomments&post=29810"}],"version-history":[{"count":4,"href":"https:\/\/oscarhumbertogomez.com\/index.php?rest_route=\/wp\/v2\/posts\/29810\/revisions"}],"predecessor-version":[{"id":52078,"href":"https:\/\/oscarhumbertogomez.com\/index.php?rest_route=\/wp\/v2\/posts\/29810\/revisions\/52078"}],"wp:attachment":[{"href":"https:\/\/oscarhumbertogomez.com\/index.php?rest_route=%2Fwp%2Fv2%2Fmedia&parent=29810"}],"wp:term":[{"taxonomy":"category","embeddable":true,"href":"https:\/\/oscarhumbertogomez.com\/index.php?rest_route=%2Fwp%2Fv2%2Fcategories&post=29810"},{"taxonomy":"post_tag","embeddable":true,"href":"https:\/\/oscarhumbertogomez.com\/index.php?rest_route=%2Fwp%2Fv2%2Ftags&post=29810"}],"curies":[{"name":"wp","href":"https:\/\/api.w.org\/{rel}","templated":true}]}}