{"id":29969,"date":"2019-03-20T09:30:00","date_gmt":"2019-03-20T14:30:00","guid":{"rendered":"http:\/\/www.oscarhumbertogomez.com\/?p=29969"},"modified":"2025-02-16T08:56:08","modified_gmt":"2025-02-16T13:56:08","slug":"29969","status":"publish","type":"post","link":"https:\/\/oscarhumbertogomez.com\/?p=29969","title":{"rendered":"LAS RUINAS DE MI ESCUELA [Memorias] [Cap\u00edtulo VI final]. Por \u00d3scar Humberto G\u00f3mez G\u00f3mez"},"content":{"rendered":"<p><span style=\"color: #800000;\"><em>A Miguelito Ardila<\/em><\/span><\/p>\n<p>&nbsp;<\/p>\n<p><a href=\"https:\/\/lapiedrafilosofal.com\/wp-content\/uploads\/2019\/03\/LA-CAMACHO-CARREN\u0303O.jpg\"><img loading=\"lazy\" decoding=\"async\" class=\"alignnone size-full wp-image-28686\" src=\"https:\/\/lapiedrafilosofal.com\/wp-content\/uploads\/2019\/03\/LA-CAMACHO-CARREN\u0303O.jpg\" alt=\"\" width=\"716\" height=\"477\" srcset=\"https:\/\/oscarhumbertogomez.com\/wp-content\/uploads\/2019\/03\/LA-CAMACHO-CARREN\u0303O.jpg 716w, https:\/\/oscarhumbertogomez.com\/wp-content\/uploads\/2019\/03\/LA-CAMACHO-CARREN\u0303O-300x200.jpg 300w\" sizes=\"auto, (max-width: 716px) 100vw, 716px\" \/><\/a><\/p>\n<p>&nbsp;<\/p>\n<p>A los muchachos de la cooperativa los envidi\u00e1bamos.<\/p>\n<p>Sin fundamento, por supuesto.<\/p>\n<p>Solo que esta carencia de fundamento la vinimos a comprender mucho m\u00e1s tarde, cuando los a\u00f1os nos hicieron madurar en todo, incluso en conocimientos.<\/p>\n<p>Habr\u00eda de ser, en efecto, a\u00f1os m\u00e1s tarde, al promediar la d\u00e9cada siguiente, la de los rom\u00e1nticos a\u00f1os 70, la de Los Terr\u00edcolas y Los Pasteles Verdes, la de Los Galos y Los \u00c1ngeles Negros, la de Silva y Villalba, Nelson Enr\u00edquez y Pastor L\u00f3pez, la de mi paso por la Empresa Licorera de Santander y la de mis primeros noviazgos, la de mi an\u00f3nima incursi\u00f3n en el periodismo y en el rasgueo de la guitarra, la de mis noches de serenata y mis estudios de derecho, fue al promediar esa d\u00e9cada, digo, cuando en el glorioso Colegio Santander un profesor de barba espesa, robusto, de regular estatura, cabello rojizo y grandes anteojos verdes nos ense\u00f1ar\u00eda qu\u00e9 era eso del cooperativismo y, entonces, yo escuchar\u00eda hablar, por primera vez, de personajes como un tal Robert Owen, un tal Felipe Buchez y un tal Charles Fourier. De este \u00faltimo, por cierto, sabr\u00eda que se hab\u00eda ideado los falansterios, una especie de comunidad de personas que viv\u00edan juntas y lo compart\u00edan todo, experimento que no tard\u00f3 mucho en venirse abajo. Fracaso por dem\u00e1s previsible, porque desde que yo \u2014como dir\u00eda el padre Gaspar Astete\u2014 tengo uso de raz\u00f3n, he venido escuchando a todo el mundo hablar de compartirlo todo, cuando en la pr\u00e1ctica lo \u00fanico que los seres humanos comparten es la envidia.<\/p>\n<p>&nbsp;<\/p>\n<p><a href=\"https:\/\/lapiedrafilosofal.com\/wp-content\/uploads\/2019\/03\/LA-CAMACHO-CARREN\u0303O.jpg\"><img loading=\"lazy\" decoding=\"async\" class=\"alignnone size-full wp-image-28686\" src=\"https:\/\/lapiedrafilosofal.com\/wp-content\/uploads\/2019\/03\/LA-CAMACHO-CARREN\u0303O.jpg\" alt=\"\" width=\"716\" height=\"477\" srcset=\"https:\/\/oscarhumbertogomez.com\/wp-content\/uploads\/2019\/03\/LA-CAMACHO-CARREN\u0303O.jpg 716w, https:\/\/oscarhumbertogomez.com\/wp-content\/uploads\/2019\/03\/LA-CAMACHO-CARREN\u0303O-300x200.jpg 300w\" sizes=\"auto, (max-width: 716px) 100vw, 716px\" \/><\/a><\/p>\n<p>&nbsp;<\/p>\n<p>As\u00ed que nosotros envidi\u00e1bamos a los compa\u00f1eros de la cooperativa. Y los envidi\u00e1bamos, por su cercana proximidad a las melcochas y a los man\u00edes, a las empanadas y a los bu\u00f1uelos, a las pelotas de millo revestidas de melado y a los pasteles con forma de sombrerito, y a los cucuruchos de habas fritas, y, por supuesto, a las gaseosas, esa invenci\u00f3n maravillosa con la que unos pocos industriales se llenaron los bolsillos de dinero y nuestro pueblo se llen\u00f3 las arterias de glucosa y, por ese camino, su salud se la llen\u00f3, de paso, con las sombr\u00edas perspectivas de la diabetes.<\/p>\n<p>Por supuesto, jam\u00e1s vi aquellas bandejas de la cooperativa escolar repletas de naranjas o de mangos, ni de bananos o de mandarinas, ni de tajadas de pi\u00f1a o de papaya, mucho menos de manzanas o de duraznos, aunque seguramente si ello hubiese sucedido, la cooperativa hubiera tenido que cerrar sus puertas \u2014o, m\u00e1s exactamente, sus andanzas por el patio\u2014 mucho antes de la sesi\u00f3n de clausura del a\u00f1o escolar.<\/p>\n<p>&nbsp;<\/p>\n<p><a href=\"https:\/\/lapiedrafilosofal.com\/wp-content\/uploads\/2019\/03\/LA-CAMACHO-CARREN\u0303O.jpg\"><img loading=\"lazy\" decoding=\"async\" class=\"alignnone size-full wp-image-28686\" src=\"https:\/\/lapiedrafilosofal.com\/wp-content\/uploads\/2019\/03\/LA-CAMACHO-CARREN\u0303O.jpg\" alt=\"\" width=\"716\" height=\"477\" srcset=\"https:\/\/oscarhumbertogomez.com\/wp-content\/uploads\/2019\/03\/LA-CAMACHO-CARREN\u0303O.jpg 716w, https:\/\/oscarhumbertogomez.com\/wp-content\/uploads\/2019\/03\/LA-CAMACHO-CARREN\u0303O-300x200.jpg 300w\" sizes=\"auto, (max-width: 716px) 100vw, 716px\" \/><\/a><\/p>\n<p>&nbsp;<\/p>\n<p>En todo caso, en aquella \u00e9poca \u2014en la que nuestra \u00fanica relaci\u00f3n con los temas de la Medicina y de la salud eran, por un lado, las clases de Higiene, en las que el compa\u00f1ero Murcia se quedaba dormido, y, por la otra, la vecina enfermer\u00eda escolar, a donde mis compa\u00f1eros acud\u00edan en busca de soluci\u00f3n a sus quebrantos, cuando realmente a donde deb\u00edan acudir era a la mesa del comedor de sus casas, si la pobreza se lo hubiese permitido\u2014, en aquella \u00e9poca, digo, nuestro sue\u00f1o por excelencia no era todav\u00eda el de poder llegar lejos en la vida, sino, por el momento, el de poder tomarse una exquisita gaseosa con un apetitoso complemento \u2014casi siempre de harina blanca\u2014 a la hora del recreo.<\/p>\n<p>Por eso, la perspectiva de ganar aquel concurso y recibir consiguientemente los dos pesos del premio anunciado para el primer puesto era motivo m\u00e1s que suficiente para encomendarnos a Santa Rita de Casia, patrona de las causas dif\u00edciles, o de las causas imposibles, o &#8211; como habr\u00eda de le\u00e9rselo muchos a\u00f1os m\u00e1s tarde a una columnista de prensa &#8211; de las causas peliagudas.<\/p>\n<p>&nbsp;<\/p>\n<p><a href=\"https:\/\/lapiedrafilosofal.com\/wp-content\/uploads\/2019\/03\/LA-CAMACHO-CARREN\u0303O.jpg\"><img loading=\"lazy\" decoding=\"async\" class=\"alignnone size-full wp-image-28686\" src=\"https:\/\/lapiedrafilosofal.com\/wp-content\/uploads\/2019\/03\/LA-CAMACHO-CARREN\u0303O.jpg\" alt=\"\" width=\"716\" height=\"477\" srcset=\"https:\/\/oscarhumbertogomez.com\/wp-content\/uploads\/2019\/03\/LA-CAMACHO-CARREN\u0303O.jpg 716w, https:\/\/oscarhumbertogomez.com\/wp-content\/uploads\/2019\/03\/LA-CAMACHO-CARREN\u0303O-300x200.jpg 300w\" sizes=\"auto, (max-width: 716px) 100vw, 716px\" \/><\/a><\/p>\n<p>&nbsp;<\/p>\n<p>Sin embargo, consciente como era de que, en una escuela cat\u00f3lica como la m\u00eda \u2014porque en aquel entonces los establecimientos educativos no cat\u00f3licos eran inimaginables y los profesores no cat\u00f3licos eran una especie de personajes ex\u00f3ticos que bien pod\u00edan ser objeto de exhibici\u00f3n en una feria\u2014, resultaba apenas previsible que tambi\u00e9n Cristancho y Gamboa, y las familias de ambos, especialmente sus mam\u00e1s, se hab\u00edan ya encomendado con anterioridad a la misma santa para que inclinara a su favor la decisi\u00f3n del solitario jurado, como era consciente de ello, digo, me pareci\u00f3 que eso era perder el tiempo porque resultaba obvio que la m\u00edstica patrona de los desesperados no iba a poder decidirse a favor de ninguno de los tres concursantes y que por ello habr\u00eda, m\u00e1s bien, de abstenerse, tal y como sol\u00eda hacerlo, y habr\u00eda de seguirlo haciendo, el desilusionado pueblo colombiano los domingos de elecciones.<\/p>\n<p>Por ello, el bambuco <em>Los cucaracheros<\/em> lo cant\u00e9 con el \u00fanico apoyo de mis palmas entusiastas y sonoras, de las palmas con entusiasmo poco sonoro de Jos\u00e9 Hilario y Ubaldo, de las palmas con mal disimulado entusiasmo y casi imperceptible sonoridad del rector, y de las palmas sin un \u00e1pice de entusiasmo ni de sonoridad alguna del p\u00fablico.<\/p>\n<p>&nbsp;<\/p>\n<p><a href=\"https:\/\/lapiedrafilosofal.com\/wp-content\/uploads\/2019\/03\/LA-CAMACHO-CARREN\u0303O.jpg\"><img loading=\"lazy\" decoding=\"async\" class=\"alignnone size-full wp-image-28686\" src=\"https:\/\/lapiedrafilosofal.com\/wp-content\/uploads\/2019\/03\/LA-CAMACHO-CARREN\u0303O.jpg\" alt=\"\" width=\"716\" height=\"477\" srcset=\"https:\/\/oscarhumbertogomez.com\/wp-content\/uploads\/2019\/03\/LA-CAMACHO-CARREN\u0303O.jpg 716w, https:\/\/oscarhumbertogomez.com\/wp-content\/uploads\/2019\/03\/LA-CAMACHO-CARREN\u0303O-300x200.jpg 300w\" sizes=\"auto, (max-width: 716px) 100vw, 716px\" \/><\/a><\/p>\n<p>&nbsp;<\/p>\n<p>Como era previsible, termin\u00e9 la canci\u00f3n sin ning\u00fan remate espectacular \u2014como s\u00ed lo hab\u00edan hecho mis brillantes antecesores\u2014 y, entonces, se desgran\u00f3 sobre la escuela una especie de llovizna de aplausos, es decir, tan solo algo as\u00ed como una brizna (una gar\u00faa, dir\u00edan los argentinos), d\u00e9bilmente fortalecida con los \u00fanicos gritos destemplados que se oyeron, los de mis dos amigos, prontamente silenciados \u2014dicho sea de paso\u2014 por un chubasco de &#8220;sshhhss&#8221; provenientes de entre la agitada concurrencia. Y fue cuando, casi enseguida, reapareci\u00f3 la griter\u00eda, y volvieron a irrumpir los coros desgarrados que exig\u00edan los dos pesos para alguno de los dos primeros finalistas. As\u00ed que la Concentraci\u00f3n Escolar de Varones Jos\u00e9 Camacho Carre\u00f1o fue literalmente invadida hasta los ba\u00f1os por el bullicio:  &#8220;\u00a1\u00a1\u00a1 CRIS &#8211; BOA&#8221; !!! \u00a1\u00a1\u00a1GAM &#8211; CANCHO !!! \u00a1\u00a1\u00a1GAM &#8211; CANCHO !!! \u00a1\u00a1\u00a1 CRIS &#8211; BOA&#8221; !!! \u00a1\u00a1\u00a1 CRIS &#8211; BOA&#8221; !!! \u00a1\u00a1\u00a1GAM &#8211; CANCHO !!! !!!\u00a1\u00a1\u00a1GAM &#8211; CANCHO !!! \u00a1\u00a1\u00a1 CRIS &#8211; BOA&#8221; !!!&#8221;.<\/p>\n<p>Esta vez, sin embargo, no entend\u00ed por qu\u00e9 \u2014y jam\u00e1s tuve el tino de pregunt\u00e1rselo a ninguno de ellos\u2014, not\u00e9 que mis dos compa\u00f1eros cercanos sonre\u00edan.<\/p>\n<p>&nbsp;<\/p>\n<p><a href=\"https:\/\/lapiedrafilosofal.com\/wp-content\/uploads\/2019\/03\/LA-CAMACHO-CARREN\u0303O.jpg\"><img loading=\"lazy\" decoding=\"async\" class=\"alignnone size-full wp-image-28686\" src=\"https:\/\/lapiedrafilosofal.com\/wp-content\/uploads\/2019\/03\/LA-CAMACHO-CARREN\u0303O.jpg\" alt=\"\" width=\"716\" height=\"477\" srcset=\"https:\/\/oscarhumbertogomez.com\/wp-content\/uploads\/2019\/03\/LA-CAMACHO-CARREN\u0303O.jpg 716w, https:\/\/oscarhumbertogomez.com\/wp-content\/uploads\/2019\/03\/LA-CAMACHO-CARREN\u0303O-300x200.jpg 300w\" sizes=\"auto, (max-width: 716px) 100vw, 716px\" \/><\/a><\/p>\n<p>&nbsp;<\/p>\n<p>Cote, con su seriedad de suma o adici\u00f3n de quebrados heterog\u00e9neos, se dirigi\u00f3 hacia la mesa del jurado a recoger su veredicto. Empero, no s\u00e9 si porque Santa Rita de Casia decidi\u00f3 intervenir de oficio o qu\u00e9, pero, y seguramente para su sorpresa, y desde luego para la m\u00eda, el rector no le ten\u00eda papelito alguno por entregarle, sino que \u00e9l mismo, desde su mesa, poni\u00e9ndose de pie y sin molestarse en ir hasta el micr\u00f3fono, empez\u00f3 a hablar y a decir lo que dijo.<\/p>\n<p>Y lo que dijo \u2014mientras Cote llevaba a cabo una veloz tra\u00edda del micr\u00f3fono desde el tubo hasta la mesa para comenzar a amplificarle r\u00e1pidamente la voz a trav\u00e9s de los parlantes\u2014 fue, en primer lugar, que el tercer puesto era para Gamboa.<\/p>\n<p>\u00a1\u00a1\u00a1 La gente no pod\u00eda creerlo !!!<\/p>\n<p>Pero sin darle tiempo a nadie para principiar la protesta, dijo enseguida que el segundo puesto era para Cristancho.<\/p>\n<p>\u00a1\u00a1\u00a1 No pod\u00eda ser ! \u00a1 La gente estaba at\u00f3nita !!!<\/p>\n<p>Y, como en el corrido mexicano que en aquellos a\u00f1os sonaba sin cesar en las rocolas y minutos antes de que comenzara en los teatros del Circuito Uni\u00f3n la proyecci\u00f3n de la pel\u00edcula, o sea, sin darle tiempo a ning\u00fan Juan Charrasqueado de montar en el caballo, esto es, sin darle oportunidad al p\u00fablico de organizar el movimiento revolucionario de protesta que ya se gestaba, N\u00e9stor Gabriel Solano C. comenz\u00f3 a decir a continuaci\u00f3n que la canci\u00f3n que m\u00e1s le hab\u00eda gustado, que la canci\u00f3n &#8220;que el profesor de canto deber\u00eda ense\u00f1arles a todos los alumnos&#8221;, que la canci\u00f3n &#8220;que deber\u00edan los padres de familia inculcarles a sus hijos para que se la aprendieran de memoria y la cantaran en sus hogares&#8221;, que la canci\u00f3n &#8220;que realmente hace vibrar las fibras del coraz\u00f3n de la patria&#8221;, y, en fin, un largo, patri\u00f3tico y emotivo etc\u00e9tera, era (\u00a1\u00a1\u00a1 Santa Rita de Casia bendita !!!) &#8220;esa canci\u00f3n&#8221;, s\u00ed, &#8220;esa canci\u00f3n&#8221;, &#8220;la canci\u00f3n t\u00edpica de la capital de nuestro pa\u00eds&#8221;, la canci\u00f3n que habla &#8220;del cerro de Monserrate y de toda la hermosura de la ciudad que fund\u00f3 don Gonzalo Jim\u00e9nez de Quesada y que le sirvi\u00f3 de cuna a don Antonio Nari\u00f1o&#8221;, &#8220;la canci\u00f3n <em>Los Cucaracheros<\/em>&#8220;, &#8220;un bambuco, un precioso bambuco&#8221;, &#8220;ese aire musical que s\u00ed es nuestro, que s\u00ed es colombiano&#8221;, &#8220;ese aire al que le dedic\u00f3 nuestro gran poeta don Rafael Pombo una hermosa poes\u00eda&#8221;, &#8220;el ritmo de nuestras bre\u00f1as, de nuestras monta\u00f1as, de nuestros campesinos, de nuestra tierra, de nuestra raza comunera&#8221;, y que por todo eso &#8220;el ganador&#8221; era &#8220;ese alumno que lo cant\u00f3 con tanta alegr\u00eda&#8221; (por fortuna nada dijo de la voz), &#8220;\u00a1\u00a1\u00a1\u00a1\u00a1 el alumno G\u00f3mez !!!!!&#8221;.<\/p>\n<p>&nbsp;<\/p>\n<p><a href=\"https:\/\/lapiedrafilosofal.com\/wp-content\/uploads\/2019\/03\/LA-CAMACHO-CARREN\u0303O.jpg\"><img loading=\"lazy\" decoding=\"async\" class=\"alignnone size-full wp-image-28686\" src=\"https:\/\/lapiedrafilosofal.com\/wp-content\/uploads\/2019\/03\/LA-CAMACHO-CARREN\u0303O.jpg\" alt=\"\" width=\"716\" height=\"477\" srcset=\"https:\/\/oscarhumbertogomez.com\/wp-content\/uploads\/2019\/03\/LA-CAMACHO-CARREN\u0303O.jpg 716w, https:\/\/oscarhumbertogomez.com\/wp-content\/uploads\/2019\/03\/LA-CAMACHO-CARREN\u0303O-300x200.jpg 300w\" sizes=\"auto, (max-width: 716px) 100vw, 716px\" \/><\/a><\/p>\n<p>&nbsp;<\/p>\n<p>Ha pasado m\u00e1s de medio siglo desde aquel d\u00eda, pero las im\u00e1genes y los sonidos son tan actuales como lo es el sonido producido por las teclas medio borrosas de mi computador, con las que estoy escribiendo: Cote \u2014m\u00e1s serio que una reducci\u00f3n de quebrados, una descomposici\u00f3n en factores primos y un complemento aritm\u00e9tico entremezclados\u2014 acerc\u00e1ndose al tubo del micr\u00f3fono con este en una mano, mientras agita los codiciados premios con la otra; el bullicio endemoniado de unos rechiflando, de otros gritando &#8220;\u00a1\u00a1\u00a1 Noooooo !!!&#8221;, de otros insistiendo tozudamente en que el primer puesto debi\u00f3 ser para Cristancho y de otros recabando en que debieron d\u00e1rselo a Gamboa; Jos\u00e9 Hilario y Ubaldo sonrientes y corriendo hacia m\u00ed para felicitarme; el rector impert\u00e9rrito, chup\u00e1ndose su caramelo invisible; los profesores golpe\u00e1ndose suavemente la palma de una de sus manos con la regla mientras esbozan un gesto de desconcertada sonrisa o de sonriente desconcierto; Cote entreg\u00e1ndome dos billetes de color azul con la imagen de Sim\u00f3n Bol\u00edvar y de Francisco de Paula Santander (no me di cuenta en qu\u00e9 momento les entreg\u00f3 sus premios a Cristancho y a Gamboa); los muchachos de la cooperativa reiniciando su provocadora caminata; algunos padres de familia retir\u00e1ndose mientras fruncen el ce\u00f1o; todas las madres de familia haciendo lo mismo; la campana sonando no s\u00e9 por qu\u00e9; Cote conversando con el rector tampoco s\u00e9 sobre qu\u00e9; y luego, la memorable escena del asalto a las bandejas de la cooperativa, con la complicidad de Ubaldo y de Jos\u00e9 Hilario, que no dejan de re\u00edrse.<\/p>\n<p>&nbsp;<\/p>\n<p><a href=\"https:\/\/lapiedrafilosofal.com\/wp-content\/uploads\/2019\/03\/LA-CAMACHO-CARREN\u0303O.jpg\"><img loading=\"lazy\" decoding=\"async\" class=\"alignnone size-full wp-image-28686\" src=\"https:\/\/lapiedrafilosofal.com\/wp-content\/uploads\/2019\/03\/LA-CAMACHO-CARREN\u0303O.jpg\" alt=\"\" width=\"716\" height=\"477\" srcset=\"https:\/\/oscarhumbertogomez.com\/wp-content\/uploads\/2019\/03\/LA-CAMACHO-CARREN\u0303O.jpg 716w, https:\/\/oscarhumbertogomez.com\/wp-content\/uploads\/2019\/03\/LA-CAMACHO-CARREN\u0303O-300x200.jpg 300w\" sizes=\"auto, (max-width: 716px) 100vw, 716px\" \/><\/a><\/p>\n<p>&nbsp;<\/p>\n<p>Ha pasado m\u00e1s de medio siglo, s\u00ed, pero no he olvidado que el ganador no era yo, que yo jam\u00e1s cant\u00e9 mejor que ellos, que Cristancho y que Gamboa siempre fueron mejores que yo, que cualquiera de los dos debi\u00f3 ser el ganador y el otro, el segundo. Por eso hoy, a la distancia de los a\u00f1os, cuando escribo estas l\u00edneas en esta tarde gris y lluviosa de agosto de 2019, mirando el paisaje monta\u00f1ero m\u00e1s all\u00e1 del cristal de la ventana de mi estudio, y observando el cielo encapotado, y sintiendo el fr\u00edo de la tarde, y con la plena convicci\u00f3n, tan nost\u00e1lgica como dichosa, de que hace m\u00e1s de medio siglo, un viernes cualquiera, yo era tan feliz con tan poco, era tan feliz con tan solo una melcocha en la boca, con tan solo dos pesos en los bolsillos, con tan solo dos amigos cercanos en la escuela, me pregunto si, al fin y al cabo, la felicidad, en \u00faltimas, no es sino el poder ser feliz en un momento cualquiera de la vida, m\u00e1s all\u00e1 de amasar fortuna o de aglutinar amigos virtuales por montones. Y, entonces, siento que esa nostalgia me alcanza, y que me alcanza la gratitud, para desearles, desde el fondo de mi coraz\u00f3n, a mis dos compa\u00f1eros ganadores indiscutibles de ese d\u00eda, lo mismo que les deseo a esos otros dos que me apoyaron hasta el final de aquel modesto concurso: que lluevan sobre todos ellos y sus familias las bendiciones.<\/p>\n<p>Y, por supuesto, que ojal\u00e1 Gamboa y Cristancho hayan seguido cantando tan lindo como cantaban.<\/p>\n<p>&nbsp;<\/p>\n<p><a href=\"https:\/\/lapiedrafilosofal.com\/wp-content\/uploads\/2019\/03\/LA-CAMACHO-CARREN\u0303O.jpg\"><img loading=\"lazy\" decoding=\"async\" class=\"alignnone size-full wp-image-28686\" src=\"https:\/\/lapiedrafilosofal.com\/wp-content\/uploads\/2019\/03\/LA-CAMACHO-CARREN\u0303O.jpg\" alt=\"\" width=\"716\" height=\"477\" srcset=\"https:\/\/oscarhumbertogomez.com\/wp-content\/uploads\/2019\/03\/LA-CAMACHO-CARREN\u0303O.jpg 716w, https:\/\/oscarhumbertogomez.com\/wp-content\/uploads\/2019\/03\/LA-CAMACHO-CARREN\u0303O-300x200.jpg 300w\" sizes=\"auto, (max-width: 716px) 100vw, 716px\" \/><\/a><\/p>\n<p>&nbsp;<\/p>\n<p>\u00a1\u00a1\u00a1\u00a1\u00a1\u00a1 Hasta siempre, Concentraci\u00f3n Escolar de Varones Jos\u00e9 Camacho Carre\u00f1o, la mejor escuela del mundo !!!!!!<\/p>\n<p>&nbsp;<\/p>\n<p><iframe loading=\"lazy\" width=\"560\" height=\"315\" src=\"https:\/\/www.youtube-nocookie.com\/embed\/ZwAi4dQHqys?controls=0\" frameborder=\"0\" allow=\"accelerometer; autoplay; clipboard-write; encrypted-media; gyroscope; picture-in-picture\" allowfullscreen=\"\"><\/iframe><\/p>\n<p>&nbsp;<\/p>\n","protected":false},"excerpt":{"rendered":"<p>A Miguelito Ardila &nbsp; &nbsp; A los muchachos de la cooperativa los envidi\u00e1bamos. Sin fundamento, por supuesto. Solo que esta carencia de fundamento la vinimos a comprender mucho m\u00e1s tarde, cuando los a\u00f1os nos hicieron madurar en todo, incluso en &hellip; <a href=\"https:\/\/oscarhumbertogomez.com\/?p=29969\">Sigue leyendo <span class=\"meta-nav\">&rarr;<\/span><\/a><\/p>\n<div class='heateorSssClear'><\/div><div  class='heateor_sss_sharing_container heateor_sss_horizontal_sharing' heateor-sss-data-href='https:\/\/oscarhumbertogomez.com\/?p=29969'><div class='heateor_sss_sharing_title' style=\"font-weight:bold\" >\u00a1Gracias por compartirla!<\/div><ul class=\"heateor_sss_sharing_ul\"><li class=\"heateorSssSharingRound\"><i style=\"width:35px;height:35px;border-radius:999px;\" alt=\"Facebook\" Title=\"Facebook\" class=\"heateorSssSharing heateorSssFacebookBackground\" onclick='heateorSssPopup(\"https:\/\/www.facebook.com\/sharer\/sharer.php?u=https%3A%2F%2Foscarhumbertogomez.com%2Findex.php%3Frest_route%3D%252Fwp%252Fv2%252Fposts%252F29969\")'><ss style=\"display:block;border-radius:999px;\" class=\"heateorSssSharingSvg heateorSssFacebookSvg\"><\/ss><\/i><\/li><li class=\"heateorSssSharingRound\"><i style=\"width:35px;height:35px;border-radius:999px;\" alt=\"Twitter\" Title=\"Twitter\" class=\"heateorSssSharing heateorSssTwitterBackground\" onclick='heateorSssPopup(\"http:\/\/twitter.com\/intent\/tweet?text=LAS%20RUINAS%20DE%20MI%20ESCUELA%20%5BMemorias%5D%20%5BCap%C3%ADtulo%20VI%20final%5D.%20Por%20%C3%93scar%20Humberto%20G%C3%B3mez%20G%C3%B3mez&url=https%3A%2F%2Foscarhumbertogomez.com%2Findex.php%3Frest_route%3D%252Fwp%252Fv2%252Fposts%252F29969\")'><ss style=\"display:block;border-radius:999px;\" class=\"heateorSssSharingSvg heateorSssTwitterSvg\"><\/ss><\/i><\/li><li class=\"heateorSssSharingRound\"><i style=\"width:35px;height:35px;border-radius:999px;\" alt=\"Whatsapp\" Title=\"Whatsapp\" class=\"heateorSssSharing heateorSssWhatsappBackground\" onclick='heateorSssPopup(\"https:\/\/web.whatsapp.com\/send?text=LAS%20RUINAS%20DE%20MI%20ESCUELA%20%5BMemorias%5D%20%5BCap%C3%ADtulo%20VI%20final%5D.%20Por%20%C3%93scar%20Humberto%20G%C3%B3mez%20G%C3%B3mez https%3A%2F%2Foscarhumbertogomez.com%2Findex.php%3Frest_route%3D%252Fwp%252Fv2%252Fposts%252F29969\")'><ss style=\"display:block\" class=\"heateorSssSharingSvg heateorSssWhatsappSvg\"><\/ss><\/i><\/li><li class=\"heateorSssSharingRound\"><i style=\"width:35px;height:35px;border-radius:999px;\" alt=\"Pinterest\" Title=\"Pinterest\" class=\"heateorSssSharing heateorSssPinterestBackground\" onclick=\"javascript:void( (function() {var e=document.createElement('script' );e.setAttribute('type','text\/javascript' );e.setAttribute('charset','UTF-8' );e.setAttribute('src','\/\/assets.pinterest.com\/js\/pinmarklet.js?r='+Math.random()*99999999);document.body.appendChild(e)})());\"><ss style=\"display:block;border-radius:999px;\" class=\"heateorSssSharingSvg heateorSssPinterestSvg\"><\/ss><\/i><\/li><li class=\"heateorSssSharingRound\"><i style=\"width:35px;height:35px;border-radius:999px;\" alt=\"Google Gmail\" Title=\"Google Gmail\" class=\"heateorSssSharing heateorSssGoogleGmailBackground\" onclick='heateorSssPopup(\"https:\/\/mail.google.com\/mail\/?ui=2&view=cm&fs=1&tf=1&su=LAS%20RUINAS%20DE%20MI%20ESCUELA%20%5BMemorias%5D%20%5BCap%C3%ADtulo%20VI%20final%5D.%20Por%20%C3%93scar%20Humberto%20G%C3%B3mez%20G%C3%B3mez&body=Link:https%3A%2F%2Foscarhumbertogomez.com%2Findex.php%3Frest_route%3D%252Fwp%252Fv2%252Fposts%252F29969\")'><ss style=\"display:block;border-radius:999px;\" class=\"heateorSssSharingSvg heateorSssGoogleGmailSvg\"><\/ss><\/i><\/li><li class=\"heateorSssSharingRound\"><i style=\"width:35px;height:35px;border-radius:999px;\" title=\"More\" alt=\"More\" class=\"heateorSssSharing heateorSssMoreBackground\" onclick=\"heateorSssMoreSharingPopup(this, 'https:\/\/oscarhumbertogomez.com\/index.php?rest_route=%2Fwp%2Fv2%2Fposts%2F29969', 'LAS%20RUINAS%20DE%20MI%20ESCUELA%20%5BMemorias%5D%20%5BCap%C3%ADtulo%20VI%20final%5D.%20Por%20%C3%93scar%20Humberto%20G%C3%B3mez%20G%C3%B3mez', '' )\" ><ss style=\"display:block\" class=\"heateorSssSharingSvg heateorSssMoreSvg\"><\/ss><\/i><\/li><\/ul><div class=\"heateorSssClear\"><\/div><\/div><div class='heateorSssClear'><\/div>","protected":false},"author":2,"featured_media":0,"comment_status":"closed","ping_status":"closed","sticky":false,"template":"","format":"standard","meta":{"spay_email":"","footnotes":""},"categories":[1],"tags":[],"class_list":["post-29969","post","type-post","status-publish","format-standard","hentry","category-blog"],"jetpack_featured_media_url":"","jetpack_shortlink":"https:\/\/wp.me\/s1FYrr-29969","_links":{"self":[{"href":"https:\/\/oscarhumbertogomez.com\/index.php?rest_route=\/wp\/v2\/posts\/29969","targetHints":{"allow":["GET"]}}],"collection":[{"href":"https:\/\/oscarhumbertogomez.com\/index.php?rest_route=\/wp\/v2\/posts"}],"about":[{"href":"https:\/\/oscarhumbertogomez.com\/index.php?rest_route=\/wp\/v2\/types\/post"}],"author":[{"embeddable":true,"href":"https:\/\/oscarhumbertogomez.com\/index.php?rest_route=\/wp\/v2\/users\/2"}],"replies":[{"embeddable":true,"href":"https:\/\/oscarhumbertogomez.com\/index.php?rest_route=%2Fwp%2Fv2%2Fcomments&post=29969"}],"version-history":[{"count":5,"href":"https:\/\/oscarhumbertogomez.com\/index.php?rest_route=\/wp\/v2\/posts\/29969\/revisions"}],"predecessor-version":[{"id":44695,"href":"https:\/\/oscarhumbertogomez.com\/index.php?rest_route=\/wp\/v2\/posts\/29969\/revisions\/44695"}],"wp:attachment":[{"href":"https:\/\/oscarhumbertogomez.com\/index.php?rest_route=%2Fwp%2Fv2%2Fmedia&parent=29969"}],"wp:term":[{"taxonomy":"category","embeddable":true,"href":"https:\/\/oscarhumbertogomez.com\/index.php?rest_route=%2Fwp%2Fv2%2Fcategories&post=29969"},{"taxonomy":"post_tag","embeddable":true,"href":"https:\/\/oscarhumbertogomez.com\/index.php?rest_route=%2Fwp%2Fv2%2Ftags&post=29969"}],"curies":[{"name":"wp","href":"https:\/\/api.w.org\/{rel}","templated":true}]}}